{"id":9919,"date":"2015-01-21T20:38:26","date_gmt":"2015-01-21T20:38:26","guid":{"rendered":"http:\/\/copealcoi.es\/new\/?p=9919"},"modified":"2015-01-21T20:38:26","modified_gmt":"2015-01-21T20:38:26","slug":"la-firma-del-convenio-para-el-traslado-de-los-juzgados-mas-cerca","status":"publish","type":"post","link":"https:\/\/www.copealcoy.es\/es\/la-firma-del-convenio-para-el-traslado-de-los-juzgados-mas-cerca\/","title":{"rendered":"La firma del convenio para el traslado de los Juzgados m\u00e1s cerca"},"content":{"rendered":"<p style=\"text-align: justify;\">La Conseller\u00eda de Justicia conf\u00eda en que en breve se lleve a cabo la firma del convenio con el Ayuntamiento de Alcoy para efectuar el traslado de los juzgados al edificio de la Verge Mar\u00eda. El alcalde de Alcoy, Antonio Franc\u00e9s, explic\u00f3 la pasada semana en La Ma\u00f1ana\u00a0de Cope, que la documentaci\u00f3n ya est\u00e1\u00a0remitida al Gobierno Auton\u00f3mico y tramitada &#8220;es cuesti\u00f3n de d\u00edas e incluso en esta pen\u00faltima semana de enero podr\u00eda materializarse&#8221;, afirma el primer edil. De hecho Franc\u00e9s conf\u00eda en que antes de que acabe enero y a muy tardar a principios de febrero empiece el proceso para el tan esperado traslado.<\/p>\n<p style=\"text-align: justify;\">Recordar que tanto el Consistorio como la Generalitat llegaron a un acuerdo por el cual Justicia pagar\u00e1 anualmente un alquiler de 30.000 euros por un periodo de dos a\u00f1os que se puede prorrogar durante dos m\u00e1s. En ese periodo de tiempo el objetivo que se persigue es que se negocie para alcanzar una soluci\u00f3n que permita usar definitivamente las instalaciones de la Placeta de la Mare de D\u00e9u que en su d\u00eda rehabilit\u00f3 el Ayuntamiento.<\/p>\n","protected":false},"excerpt":{"rendered":"<p>La Conseller\u00eda de Justicia conf\u00eda en que en breve se lleve a cabo la firma del convenio con el Ayuntamiento&#8230;<\/p>\n","protected":false},"author":1,"featured_media":9152,"comment_status":"open","ping_status":"open","sticky":false,"template":"","format":"standard","meta":{"footnotes":""},"categories":[97,75,125],"tags":[1494,229,561,590,245],"class_list":["post-9919","post","type-post","status-publish","format-standard","has-post-thumbnail","hentry","category-alcoy","category-noticias","category-portada","tag-alcoy","tag-ayuntamiento","tag-conselleria","tag-convenio","tag-juzgados"],"yoast_head":"<!-- This site is optimized with the Yoast SEO plugin v27.3 - https:\/\/yoast.com\/product\/yoast-seo-wordpress\/ -->\n<title>La firma del convenio para el traslado de los Juzgados m\u00e1s cerca - COPE Alcoy<\/title>\n<meta name=\"robots\" content=\"index, follow, max-snippet:-1, max-image-preview:large, max-video-preview:-1\" \/>\n<link rel=\"canonical\" href=\"https:\/\/www.copealcoy.es\/es\/la-firma-del-convenio-para-el-traslado-de-los-juzgados-mas-cerca\/\" \/>\n<meta property=\"og:locale\" content=\"es_ES\" \/>\n<meta property=\"og:type\" content=\"article\" \/>\n<meta property=\"og:title\" content=\"La firma del convenio para el traslado de los Juzgados m\u00e1s cerca - COPE Alcoy\" \/>\n<meta property=\"og:description\" content=\"La Conseller\u00eda de Justicia conf\u00eda en que en breve se lleve a cabo la firma del convenio con el Ayuntamiento...\" \/>\n<meta property=\"og:url\" content=\"https:\/\/www.copealcoy.es\/es\/la-firma-del-convenio-para-el-traslado-de-los-juzgados-mas-cerca\/\" \/>\n<meta property=\"og:site_name\" content=\"COPE Alcoy\" \/>\n<meta property=\"article:published_time\" content=\"2015-01-21T20:38:26+00:00\" \/>\n<meta property=\"og:image\" content=\"https:\/\/www.copealcoy.es\/wp-content\/uploads\/2014\/12\/image109.jpg\" \/>\n\t<meta property=\"og:image:width\" content=\"300\" \/>\n\t<meta property=\"og:image:height\" content=\"230\" \/>\n\t<meta property=\"og:image:type\" content=\"image\/jpeg\" \/>\n<meta name=\"author\" content=\"Cope Alcoy\" \/>\n<meta name=\"twitter:label1\" content=\"Escrito por\" \/>\n\t<meta name=\"twitter:data1\" content=\"Cope Alcoy\" \/>\n\t<meta name=\"twitter:label2\" content=\"Tiempo de lectura\" \/>\n\t<meta name=\"twitter:data2\" content=\"1 minuto\" \/>\n<script type=\"application\/ld+json\" class=\"yoast-schema-graph\">{\"@context\":\"https:\\\/\\\/schema.org\",\"@graph\":[{\"@type\":\"Article\",\"@id\":\"https:\\\/\\\/www.copealcoy.es\\\/es\\\/la-firma-del-convenio-para-el-traslado-de-los-juzgados-mas-cerca\\\/#article\",\"isPartOf\":{\"@id\":\"https:\\\/\\\/www.copealcoy.es\\\/es\\\/la-firma-del-convenio-para-el-traslado-de-los-juzgados-mas-cerca\\\/\"},\"author\":{\"name\":\"Cope Alcoy\",\"@id\":\"https:\\\/\\\/www.copealcoy.es\\\/es\\\/#\\\/schema\\\/person\\\/e777c87fa024e57d40170af9df39882c\"},\"headline\":\"La firma del convenio para el traslado de los Juzgados m\u00e1s cerca\",\"datePublished\":\"2015-01-21T20:38:26+00:00\",\"mainEntityOfPage\":{\"@id\":\"https:\\\/\\\/www.copealcoy.es\\\/es\\\/la-firma-del-convenio-para-el-traslado-de-los-juzgados-mas-cerca\\\/\"},\"wordCount\":211,\"commentCount\":0,\"image\":{\"@id\":\"https:\\\/\\\/www.copealcoy.es\\\/es\\\/la-firma-del-convenio-para-el-traslado-de-los-juzgados-mas-cerca\\\/#primaryimage\"},\"thumbnailUrl\":\"https:\\\/\\\/www.copealcoy.es\\\/wp-content\\\/uploads\\\/2014\\\/12\\\/image109.jpg\",\"keywords\":[\"Alcoy\",\"Ayuntamiento\",\"Conseller\u00eda\",\"Convenio\",\"Juzgados\"],\"articleSection\":[\"Alcoy\",\"Noticias\",\"Portada\"],\"inLanguage\":\"es\"},{\"@type\":\"WebPage\",\"@id\":\"https:\\\/\\\/www.copealcoy.es\\\/es\\\/la-firma-del-convenio-para-el-traslado-de-los-juzgados-mas-cerca\\\/\",\"url\":\"https:\\\/\\\/www.copealcoy.es\\\/es\\\/la-firma-del-convenio-para-el-traslado-de-los-juzgados-mas-cerca\\\/\",\"name\":\"La firma del convenio para el traslado de los Juzgados m\u00e1s cerca - COPE Alcoy\",\"isPartOf\":{\"@id\":\"https:\\\/\\\/www.copealcoy.es\\\/es\\\/#website\"},\"primaryImageOfPage\":{\"@id\":\"https:\\\/\\\/www.copealcoy.es\\\/es\\\/la-firma-del-convenio-para-el-traslado-de-los-juzgados-mas-cerca\\\/#primaryimage\"},\"image\":{\"@id\":\"https:\\\/\\\/www.copealcoy.es\\\/es\\\/la-firma-del-convenio-para-el-traslado-de-los-juzgados-mas-cerca\\\/#primaryimage\"},\"thumbnailUrl\":\"https:\\\/\\\/www.copealcoy.es\\\/wp-content\\\/uploads\\\/2014\\\/12\\\/image109.jpg\",\"datePublished\":\"2015-01-21T20:38:26+00:00\",\"author\":{\"@id\":\"https:\\\/\\\/www.copealcoy.es\\\/es\\\/#\\\/schema\\\/person\\\/e777c87fa024e57d40170af9df39882c\"},\"breadcrumb\":{\"@id\":\"https:\\\/\\\/www.copealcoy.es\\\/es\\\/la-firma-del-convenio-para-el-traslado-de-los-juzgados-mas-cerca\\\/#breadcrumb\"},\"inLanguage\":\"es\",\"potentialAction\":[{\"@type\":\"ReadAction\",\"target\":[\"https:\\\/\\\/www.copealcoy.es\\\/es\\\/la-firma-del-convenio-para-el-traslado-de-los-juzgados-mas-cerca\\\/\"]}]},{\"@type\":\"ImageObject\",\"inLanguage\":\"es\",\"@id\":\"https:\\\/\\\/www.copealcoy.es\\\/es\\\/la-firma-del-convenio-para-el-traslado-de-los-juzgados-mas-cerca\\\/#primaryimage\",\"url\":\"https:\\\/\\\/www.copealcoy.es\\\/wp-content\\\/uploads\\\/2014\\\/12\\\/image109.jpg\",\"contentUrl\":\"https:\\\/\\\/www.copealcoy.es\\\/wp-content\\\/uploads\\\/2014\\\/12\\\/image109.jpg\",\"width\":300,\"height\":230,\"caption\":\"Palacio de Justicia de la Verge Mar\u00eda\"},{\"@type\":\"BreadcrumbList\",\"@id\":\"https:\\\/\\\/www.copealcoy.es\\\/es\\\/la-firma-del-convenio-para-el-traslado-de-los-juzgados-mas-cerca\\\/#breadcrumb\",\"itemListElement\":[{\"@type\":\"ListItem\",\"position\":1,\"name\":\"Portada\",\"item\":\"https:\\\/\\\/www.copealcoy.es\\\/es\\\/\"},{\"@type\":\"ListItem\",\"position\":2,\"name\":\"La firma del convenio para el traslado de los Juzgados m\u00e1s cerca\"}]},{\"@type\":\"WebSite\",\"@id\":\"https:\\\/\\\/www.copealcoy.es\\\/es\\\/#website\",\"url\":\"https:\\\/\\\/www.copealcoy.es\\\/es\\\/\",\"name\":\"COPE Alcoy\",\"description\":\"Emisora COPE de radio local con emisi\u00f3n online. Pont de Sant Jordi 8-10 03803 Alcoy\",\"potentialAction\":[{\"@type\":\"SearchAction\",\"target\":{\"@type\":\"EntryPoint\",\"urlTemplate\":\"https:\\\/\\\/www.copealcoy.es\\\/es\\\/?s={search_term_string}\"},\"query-input\":{\"@type\":\"PropertyValueSpecification\",\"valueRequired\":true,\"valueName\":\"search_term_string\"}}],\"inLanguage\":\"es\"},{\"@type\":\"Person\",\"@id\":\"https:\\\/\\\/www.copealcoy.es\\\/es\\\/#\\\/schema\\\/person\\\/e777c87fa024e57d40170af9df39882c\",\"name\":\"Cope Alcoy\",\"image\":{\"@type\":\"ImageObject\",\"inLanguage\":\"es\",\"@id\":\"https:\\\/\\\/secure.gravatar.com\\\/avatar\\\/bb65d0283347e303893ba14f0692005417c1e0e690a325a4c5d8bb2b3943ee14?s=96&d=mm&r=g\",\"url\":\"https:\\\/\\\/secure.gravatar.com\\\/avatar\\\/bb65d0283347e303893ba14f0692005417c1e0e690a325a4c5d8bb2b3943ee14?s=96&d=mm&r=g\",\"contentUrl\":\"https:\\\/\\\/secure.gravatar.com\\\/avatar\\\/bb65d0283347e303893ba14f0692005417c1e0e690a325a4c5d8bb2b3943ee14?s=96&d=mm&r=g\",\"caption\":\"Cope Alcoy\"}}]}<\/script>\n<!-- \/ Yoast SEO plugin. -->","yoast_head_json":{"title":"La firma del convenio para el traslado de los Juzgados m\u00e1s cerca - COPE Alcoy","robots":{"index":"index","follow":"follow","max-snippet":"max-snippet:-1","max-image-preview":"max-image-preview:large","max-video-preview":"max-video-preview:-1"},"canonical":"https:\/\/www.copealcoy.es\/es\/la-firma-del-convenio-para-el-traslado-de-los-juzgados-mas-cerca\/","og_locale":"es_ES","og_type":"article","og_title":"La firma del convenio para el traslado de los Juzgados m\u00e1s cerca - COPE Alcoy","og_description":"La Conseller\u00eda de Justicia conf\u00eda en que en breve se lleve a cabo la firma del convenio con el Ayuntamiento...","og_url":"https:\/\/www.copealcoy.es\/es\/la-firma-del-convenio-para-el-traslado-de-los-juzgados-mas-cerca\/","og_site_name":"COPE Alcoy","article_published_time":"2015-01-21T20:38:26+00:00","og_image":[{"width":300,"height":230,"url":"https:\/\/www.copealcoy.es\/wp-content\/uploads\/2014\/12\/image109.jpg","type":"image\/jpeg"}],"author":"Cope Alcoy","twitter_misc":{"Escrito por":"Cope Alcoy","Tiempo de lectura":"1 minuto"},"schema":{"@context":"https:\/\/schema.org","@graph":[{"@type":"Article","@id":"https:\/\/www.copealcoy.es\/es\/la-firma-del-convenio-para-el-traslado-de-los-juzgados-mas-cerca\/#article","isPartOf":{"@id":"https:\/\/www.copealcoy.es\/es\/la-firma-del-convenio-para-el-traslado-de-los-juzgados-mas-cerca\/"},"author":{"name":"Cope Alcoy","@id":"https:\/\/www.copealcoy.es\/es\/#\/schema\/person\/e777c87fa024e57d40170af9df39882c"},"headline":"La firma del convenio para el traslado de los Juzgados m\u00e1s cerca","datePublished":"2015-01-21T20:38:26+00:00","mainEntityOfPage":{"@id":"https:\/\/www.copealcoy.es\/es\/la-firma-del-convenio-para-el-traslado-de-los-juzgados-mas-cerca\/"},"wordCount":211,"commentCount":0,"image":{"@id":"https:\/\/www.copealcoy.es\/es\/la-firma-del-convenio-para-el-traslado-de-los-juzgados-mas-cerca\/#primaryimage"},"thumbnailUrl":"https:\/\/www.copealcoy.es\/wp-content\/uploads\/2014\/12\/image109.jpg","keywords":["Alcoy","Ayuntamiento","Conseller\u00eda","Convenio","Juzgados"],"articleSection":["Alcoy","Noticias","Portada"],"inLanguage":"es"},{"@type":"WebPage","@id":"https:\/\/www.copealcoy.es\/es\/la-firma-del-convenio-para-el-traslado-de-los-juzgados-mas-cerca\/","url":"https:\/\/www.copealcoy.es\/es\/la-firma-del-convenio-para-el-traslado-de-los-juzgados-mas-cerca\/","name":"La firma del convenio para el traslado de los Juzgados m\u00e1s cerca - COPE Alcoy","isPartOf":{"@id":"https:\/\/www.copealcoy.es\/es\/#website"},"primaryImageOfPage":{"@id":"https:\/\/www.copealcoy.es\/es\/la-firma-del-convenio-para-el-traslado-de-los-juzgados-mas-cerca\/#primaryimage"},"image":{"@id":"https:\/\/www.copealcoy.es\/es\/la-firma-del-convenio-para-el-traslado-de-los-juzgados-mas-cerca\/#primaryimage"},"thumbnailUrl":"https:\/\/www.copealcoy.es\/wp-content\/uploads\/2014\/12\/image109.jpg","datePublished":"2015-01-21T20:38:26+00:00","author":{"@id":"https:\/\/www.copealcoy.es\/es\/#\/schema\/person\/e777c87fa024e57d40170af9df39882c"},"breadcrumb":{"@id":"https:\/\/www.copealcoy.es\/es\/la-firma-del-convenio-para-el-traslado-de-los-juzgados-mas-cerca\/#breadcrumb"},"inLanguage":"es","potentialAction":[{"@type":"ReadAction","target":["https:\/\/www.copealcoy.es\/es\/la-firma-del-convenio-para-el-traslado-de-los-juzgados-mas-cerca\/"]}]},{"@type":"ImageObject","inLanguage":"es","@id":"https:\/\/www.copealcoy.es\/es\/la-firma-del-convenio-para-el-traslado-de-los-juzgados-mas-cerca\/#primaryimage","url":"https:\/\/www.copealcoy.es\/wp-content\/uploads\/2014\/12\/image109.jpg","contentUrl":"https:\/\/www.copealcoy.es\/wp-content\/uploads\/2014\/12\/image109.jpg","width":300,"height":230,"caption":"Palacio de Justicia de la Verge Mar\u00eda"},{"@type":"BreadcrumbList","@id":"https:\/\/www.copealcoy.es\/es\/la-firma-del-convenio-para-el-traslado-de-los-juzgados-mas-cerca\/#breadcrumb","itemListElement":[{"@type":"ListItem","position":1,"name":"Portada","item":"https:\/\/www.copealcoy.es\/es\/"},{"@type":"ListItem","position":2,"name":"La firma del convenio para el traslado de los Juzgados m\u00e1s cerca"}]},{"@type":"WebSite","@id":"https:\/\/www.copealcoy.es\/es\/#website","url":"https:\/\/www.copealcoy.es\/es\/","name":"COPE Alcoy","description":"Emisora COPE de radio local con emisi\u00f3n online. Pont de Sant Jordi 8-10 03803 Alcoy","potentialAction":[{"@type":"SearchAction","target":{"@type":"EntryPoint","urlTemplate":"https:\/\/www.copealcoy.es\/es\/?s={search_term_string}"},"query-input":{"@type":"PropertyValueSpecification","valueRequired":true,"valueName":"search_term_string"}}],"inLanguage":"es"},{"@type":"Person","@id":"https:\/\/www.copealcoy.es\/es\/#\/schema\/person\/e777c87fa024e57d40170af9df39882c","name":"Cope Alcoy","image":{"@type":"ImageObject","inLanguage":"es","@id":"https:\/\/secure.gravatar.com\/avatar\/bb65d0283347e303893ba14f0692005417c1e0e690a325a4c5d8bb2b3943ee14?s=96&d=mm&r=g","url":"https:\/\/secure.gravatar.com\/avatar\/bb65d0283347e303893ba14f0692005417c1e0e690a325a4c5d8bb2b3943ee14?s=96&d=mm&r=g","contentUrl":"https:\/\/secure.gravatar.com\/avatar\/bb65d0283347e303893ba14f0692005417c1e0e690a325a4c5d8bb2b3943ee14?s=96&d=mm&r=g","caption":"Cope Alcoy"}}]}},"_links":{"self":[{"href":"https:\/\/www.copealcoy.es\/es\/wp-json\/wp\/v2\/posts\/9919","targetHints":{"allow":["GET"]}}],"collection":[{"href":"https:\/\/www.copealcoy.es\/es\/wp-json\/wp\/v2\/posts"}],"about":[{"href":"https:\/\/www.copealcoy.es\/es\/wp-json\/wp\/v2\/types\/post"}],"author":[{"embeddable":true,"href":"https:\/\/www.copealcoy.es\/es\/wp-json\/wp\/v2\/users\/1"}],"replies":[{"embeddable":true,"href":"https:\/\/www.copealcoy.es\/es\/wp-json\/wp\/v2\/comments?post=9919"}],"version-history":[{"count":0,"href":"https:\/\/www.copealcoy.es\/es\/wp-json\/wp\/v2\/posts\/9919\/revisions"}],"wp:featuredmedia":[{"embeddable":true,"href":"https:\/\/www.copealcoy.es\/es\/wp-json\/wp\/v2\/media\/9152"}],"wp:attachment":[{"href":"https:\/\/www.copealcoy.es\/es\/wp-json\/wp\/v2\/media?parent=9919"}],"wp:term":[{"taxonomy":"category","embeddable":true,"href":"https:\/\/www.copealcoy.es\/es\/wp-json\/wp\/v2\/categories?post=9919"},{"taxonomy":"post_tag","embeddable":true,"href":"https:\/\/www.copealcoy.es\/es\/wp-json\/wp\/v2\/tags?post=9919"}],"curies":[{"name":"wp","href":"https:\/\/api.w.org\/{rel}","templated":true}]}}