{"id":9820,"date":"2015-01-19T12:14:26","date_gmt":"2015-01-19T12:14:26","guid":{"rendered":"http:\/\/copealcoi.es\/new\/?p=9820"},"modified":"2015-01-19T12:14:26","modified_gmt":"2015-01-19T12:14:26","slug":"visita-de-la-nieve-a-la-comarca","status":"publish","type":"post","link":"https:\/\/www.copealcoy.es\/es\/visita-de-la-nieve-a-la-comarca\/","title":{"rendered":"Visita de la nieve a la Comarca"},"content":{"rendered":"<p style=\"text-align: justify;\">La nieve ha llegado a las cimas m\u00e1s altas de Alcoy y la comarca en este lunes 19 de enero. Desde primera hora de la ma\u00f1ana las bajas temperaturas y la lluvia han sido las protagonistas en el casco urbano de la ciudad mientras que en la monta\u00f1a han empezado a caer los copos cubriendo de un fino manto blanco \u00e1reas como el Santuario de la Font Roja o el Menejador. La cota de nieve se ha situado entre los 800 y los 1.000 metros de altura y la primera nevada del 2015 no ha provocado problemas en la circulaci\u00f3n. Tan solo los voluntarios de Protecci\u00f3n Civil han informado en su cuenta de Twitter que hay que circulaci\u00f3n con precauci\u00f3n por la carretera que conduce hasta la misma explanada del Santuario del Carrascal. En la comarca la nieve no se ha visto en los municipios m\u00e1s altos pero si en picos como el del Montcabrer, la Serra de Aitana o la zona m\u00e1s elevada del Pic Negre o Les Monteses en Cocentaina.<\/p>\n<p style=\"text-align: justify;\">La previsi\u00f3n del tiempo, seg\u00fan la Agencia Estatal de Meteorolog\u00eda, se\u00f1ala que las m\u00e1ximas ser\u00e1n bajas durante todo el d\u00eda en Alcoy y apunta a que de cara a la tarde ir\u00e1 subiendo la cota de nieve.<\/p>\n","protected":false},"excerpt":{"rendered":"<p>La nieve ha llegado a las cimas m\u00e1s altas de Alcoy y la comarca en este lunes 19 de enero&#8230;.<\/p>\n","protected":false},"author":1,"featured_media":9821,"comment_status":"open","ping_status":"open","sticky":false,"template":"","format":"standard","meta":{"footnotes":""},"categories":[97,75,125],"tags":[1494,573,572,574],"class_list":["post-9820","post","type-post","status-publish","format-standard","has-post-thumbnail","hentry","category-alcoy","category-noticias","category-portada","tag-alcoy","tag-frio","tag-nieve","tag-temporal"],"yoast_head":"<!-- This site is optimized with the Yoast SEO plugin v27.3 - https:\/\/yoast.com\/product\/yoast-seo-wordpress\/ -->\n<title>Visita de la nieve a la Comarca - COPE Alcoy<\/title>\n<meta name=\"robots\" content=\"index, follow, max-snippet:-1, max-image-preview:large, max-video-preview:-1\" \/>\n<link rel=\"canonical\" href=\"https:\/\/www.copealcoy.es\/es\/visita-de-la-nieve-a-la-comarca\/\" \/>\n<meta property=\"og:locale\" content=\"es_ES\" \/>\n<meta property=\"og:type\" content=\"article\" \/>\n<meta property=\"og:title\" content=\"Visita de la nieve a la Comarca - COPE Alcoy\" \/>\n<meta property=\"og:description\" content=\"La nieve ha llegado a las cimas m\u00e1s altas de Alcoy y la comarca en este lunes 19 de enero....\" \/>\n<meta property=\"og:url\" content=\"https:\/\/www.copealcoy.es\/es\/visita-de-la-nieve-a-la-comarca\/\" \/>\n<meta property=\"og:site_name\" content=\"COPE Alcoy\" \/>\n<meta property=\"article:published_time\" content=\"2015-01-19T12:14:26+00:00\" \/>\n<meta property=\"og:image\" content=\"https:\/\/www.copealcoy.es\/wp-content\/uploads\/2015\/01\/10904555_1536935639916947_3538994422019379792_o_20150119111533.jpg\" \/>\n\t<meta property=\"og:image:width\" content=\"1120\" \/>\n\t<meta property=\"og:image:height\" content=\"672\" \/>\n\t<meta property=\"og:image:type\" content=\"image\/jpeg\" \/>\n<meta name=\"author\" content=\"Cope Alcoy\" \/>\n<meta name=\"twitter:label1\" content=\"Escrito por\" \/>\n\t<meta name=\"twitter:data1\" content=\"Cope Alcoy\" \/>\n\t<meta name=\"twitter:label2\" content=\"Tiempo de lectura\" \/>\n\t<meta name=\"twitter:data2\" content=\"1 minuto\" \/>\n<script type=\"application\/ld+json\" class=\"yoast-schema-graph\">{\"@context\":\"https:\\\/\\\/schema.org\",\"@graph\":[{\"@type\":\"Article\",\"@id\":\"https:\\\/\\\/www.copealcoy.es\\\/es\\\/visita-de-la-nieve-a-la-comarca\\\/#article\",\"isPartOf\":{\"@id\":\"https:\\\/\\\/www.copealcoy.es\\\/es\\\/visita-de-la-nieve-a-la-comarca\\\/\"},\"author\":{\"name\":\"Cope Alcoy\",\"@id\":\"https:\\\/\\\/www.copealcoy.es\\\/es\\\/#\\\/schema\\\/person\\\/e777c87fa024e57d40170af9df39882c\"},\"headline\":\"Visita de la nieve a la Comarca\",\"datePublished\":\"2015-01-19T12:14:26+00:00\",\"mainEntityOfPage\":{\"@id\":\"https:\\\/\\\/www.copealcoy.es\\\/es\\\/visita-de-la-nieve-a-la-comarca\\\/\"},\"wordCount\":228,\"commentCount\":0,\"image\":{\"@id\":\"https:\\\/\\\/www.copealcoy.es\\\/es\\\/visita-de-la-nieve-a-la-comarca\\\/#primaryimage\"},\"thumbnailUrl\":\"https:\\\/\\\/www.copealcoy.es\\\/wp-content\\\/uploads\\\/2015\\\/01\\\/10904555_1536935639916947_3538994422019379792_o_20150119111533.jpg\",\"keywords\":[\"Alcoy\",\"Fr\u00edo\",\"Nieve\",\"Temporal\"],\"articleSection\":[\"Alcoy\",\"Noticias\",\"Portada\"],\"inLanguage\":\"es\"},{\"@type\":\"WebPage\",\"@id\":\"https:\\\/\\\/www.copealcoy.es\\\/es\\\/visita-de-la-nieve-a-la-comarca\\\/\",\"url\":\"https:\\\/\\\/www.copealcoy.es\\\/es\\\/visita-de-la-nieve-a-la-comarca\\\/\",\"name\":\"Visita de la nieve a la Comarca - COPE Alcoy\",\"isPartOf\":{\"@id\":\"https:\\\/\\\/www.copealcoy.es\\\/es\\\/#website\"},\"primaryImageOfPage\":{\"@id\":\"https:\\\/\\\/www.copealcoy.es\\\/es\\\/visita-de-la-nieve-a-la-comarca\\\/#primaryimage\"},\"image\":{\"@id\":\"https:\\\/\\\/www.copealcoy.es\\\/es\\\/visita-de-la-nieve-a-la-comarca\\\/#primaryimage\"},\"thumbnailUrl\":\"https:\\\/\\\/www.copealcoy.es\\\/wp-content\\\/uploads\\\/2015\\\/01\\\/10904555_1536935639916947_3538994422019379792_o_20150119111533.jpg\",\"datePublished\":\"2015-01-19T12:14:26+00:00\",\"author\":{\"@id\":\"https:\\\/\\\/www.copealcoy.es\\\/es\\\/#\\\/schema\\\/person\\\/e777c87fa024e57d40170af9df39882c\"},\"breadcrumb\":{\"@id\":\"https:\\\/\\\/www.copealcoy.es\\\/es\\\/visita-de-la-nieve-a-la-comarca\\\/#breadcrumb\"},\"inLanguage\":\"es\",\"potentialAction\":[{\"@type\":\"ReadAction\",\"target\":[\"https:\\\/\\\/www.copealcoy.es\\\/es\\\/visita-de-la-nieve-a-la-comarca\\\/\"]}]},{\"@type\":\"ImageObject\",\"inLanguage\":\"es\",\"@id\":\"https:\\\/\\\/www.copealcoy.es\\\/es\\\/visita-de-la-nieve-a-la-comarca\\\/#primaryimage\",\"url\":\"https:\\\/\\\/www.copealcoy.es\\\/wp-content\\\/uploads\\\/2015\\\/01\\\/10904555_1536935639916947_3538994422019379792_o_20150119111533.jpg\",\"contentUrl\":\"https:\\\/\\\/www.copealcoy.es\\\/wp-content\\\/uploads\\\/2015\\\/01\\\/10904555_1536935639916947_3538994422019379792_o_20150119111533.jpg\",\"width\":1120,\"height\":672,\"caption\":\"E \\\/ Foto: Jordi Acosta\"},{\"@type\":\"BreadcrumbList\",\"@id\":\"https:\\\/\\\/www.copealcoy.es\\\/es\\\/visita-de-la-nieve-a-la-comarca\\\/#breadcrumb\",\"itemListElement\":[{\"@type\":\"ListItem\",\"position\":1,\"name\":\"Portada\",\"item\":\"https:\\\/\\\/www.copealcoy.es\\\/es\\\/\"},{\"@type\":\"ListItem\",\"position\":2,\"name\":\"Visita de la nieve a la Comarca\"}]},{\"@type\":\"WebSite\",\"@id\":\"https:\\\/\\\/www.copealcoy.es\\\/es\\\/#website\",\"url\":\"https:\\\/\\\/www.copealcoy.es\\\/es\\\/\",\"name\":\"COPE Alcoy\",\"description\":\"Emisora COPE de radio local con emisi\u00f3n online. Pont de Sant Jordi 8-10 03803 Alcoy\",\"potentialAction\":[{\"@type\":\"SearchAction\",\"target\":{\"@type\":\"EntryPoint\",\"urlTemplate\":\"https:\\\/\\\/www.copealcoy.es\\\/es\\\/?s={search_term_string}\"},\"query-input\":{\"@type\":\"PropertyValueSpecification\",\"valueRequired\":true,\"valueName\":\"search_term_string\"}}],\"inLanguage\":\"es\"},{\"@type\":\"Person\",\"@id\":\"https:\\\/\\\/www.copealcoy.es\\\/es\\\/#\\\/schema\\\/person\\\/e777c87fa024e57d40170af9df39882c\",\"name\":\"Cope Alcoy\",\"image\":{\"@type\":\"ImageObject\",\"inLanguage\":\"es\",\"@id\":\"https:\\\/\\\/secure.gravatar.com\\\/avatar\\\/bb65d0283347e303893ba14f0692005417c1e0e690a325a4c5d8bb2b3943ee14?s=96&d=mm&r=g\",\"url\":\"https:\\\/\\\/secure.gravatar.com\\\/avatar\\\/bb65d0283347e303893ba14f0692005417c1e0e690a325a4c5d8bb2b3943ee14?s=96&d=mm&r=g\",\"contentUrl\":\"https:\\\/\\\/secure.gravatar.com\\\/avatar\\\/bb65d0283347e303893ba14f0692005417c1e0e690a325a4c5d8bb2b3943ee14?s=96&d=mm&r=g\",\"caption\":\"Cope Alcoy\"}}]}<\/script>\n<!-- \/ Yoast SEO plugin. -->","yoast_head_json":{"title":"Visita de la nieve a la Comarca - COPE Alcoy","robots":{"index":"index","follow":"follow","max-snippet":"max-snippet:-1","max-image-preview":"max-image-preview:large","max-video-preview":"max-video-preview:-1"},"canonical":"https:\/\/www.copealcoy.es\/es\/visita-de-la-nieve-a-la-comarca\/","og_locale":"es_ES","og_type":"article","og_title":"Visita de la nieve a la Comarca - COPE Alcoy","og_description":"La nieve ha llegado a las cimas m\u00e1s altas de Alcoy y la comarca en este lunes 19 de enero....","og_url":"https:\/\/www.copealcoy.es\/es\/visita-de-la-nieve-a-la-comarca\/","og_site_name":"COPE Alcoy","article_published_time":"2015-01-19T12:14:26+00:00","og_image":[{"width":1120,"height":672,"url":"https:\/\/www.copealcoy.es\/wp-content\/uploads\/2015\/01\/10904555_1536935639916947_3538994422019379792_o_20150119111533.jpg","type":"image\/jpeg"}],"author":"Cope Alcoy","twitter_misc":{"Escrito por":"Cope Alcoy","Tiempo de lectura":"1 minuto"},"schema":{"@context":"https:\/\/schema.org","@graph":[{"@type":"Article","@id":"https:\/\/www.copealcoy.es\/es\/visita-de-la-nieve-a-la-comarca\/#article","isPartOf":{"@id":"https:\/\/www.copealcoy.es\/es\/visita-de-la-nieve-a-la-comarca\/"},"author":{"name":"Cope Alcoy","@id":"https:\/\/www.copealcoy.es\/es\/#\/schema\/person\/e777c87fa024e57d40170af9df39882c"},"headline":"Visita de la nieve a la Comarca","datePublished":"2015-01-19T12:14:26+00:00","mainEntityOfPage":{"@id":"https:\/\/www.copealcoy.es\/es\/visita-de-la-nieve-a-la-comarca\/"},"wordCount":228,"commentCount":0,"image":{"@id":"https:\/\/www.copealcoy.es\/es\/visita-de-la-nieve-a-la-comarca\/#primaryimage"},"thumbnailUrl":"https:\/\/www.copealcoy.es\/wp-content\/uploads\/2015\/01\/10904555_1536935639916947_3538994422019379792_o_20150119111533.jpg","keywords":["Alcoy","Fr\u00edo","Nieve","Temporal"],"articleSection":["Alcoy","Noticias","Portada"],"inLanguage":"es"},{"@type":"WebPage","@id":"https:\/\/www.copealcoy.es\/es\/visita-de-la-nieve-a-la-comarca\/","url":"https:\/\/www.copealcoy.es\/es\/visita-de-la-nieve-a-la-comarca\/","name":"Visita de la nieve a la Comarca - COPE Alcoy","isPartOf":{"@id":"https:\/\/www.copealcoy.es\/es\/#website"},"primaryImageOfPage":{"@id":"https:\/\/www.copealcoy.es\/es\/visita-de-la-nieve-a-la-comarca\/#primaryimage"},"image":{"@id":"https:\/\/www.copealcoy.es\/es\/visita-de-la-nieve-a-la-comarca\/#primaryimage"},"thumbnailUrl":"https:\/\/www.copealcoy.es\/wp-content\/uploads\/2015\/01\/10904555_1536935639916947_3538994422019379792_o_20150119111533.jpg","datePublished":"2015-01-19T12:14:26+00:00","author":{"@id":"https:\/\/www.copealcoy.es\/es\/#\/schema\/person\/e777c87fa024e57d40170af9df39882c"},"breadcrumb":{"@id":"https:\/\/www.copealcoy.es\/es\/visita-de-la-nieve-a-la-comarca\/#breadcrumb"},"inLanguage":"es","potentialAction":[{"@type":"ReadAction","target":["https:\/\/www.copealcoy.es\/es\/visita-de-la-nieve-a-la-comarca\/"]}]},{"@type":"ImageObject","inLanguage":"es","@id":"https:\/\/www.copealcoy.es\/es\/visita-de-la-nieve-a-la-comarca\/#primaryimage","url":"https:\/\/www.copealcoy.es\/wp-content\/uploads\/2015\/01\/10904555_1536935639916947_3538994422019379792_o_20150119111533.jpg","contentUrl":"https:\/\/www.copealcoy.es\/wp-content\/uploads\/2015\/01\/10904555_1536935639916947_3538994422019379792_o_20150119111533.jpg","width":1120,"height":672,"caption":"E \/ Foto: Jordi Acosta"},{"@type":"BreadcrumbList","@id":"https:\/\/www.copealcoy.es\/es\/visita-de-la-nieve-a-la-comarca\/#breadcrumb","itemListElement":[{"@type":"ListItem","position":1,"name":"Portada","item":"https:\/\/www.copealcoy.es\/es\/"},{"@type":"ListItem","position":2,"name":"Visita de la nieve a la Comarca"}]},{"@type":"WebSite","@id":"https:\/\/www.copealcoy.es\/es\/#website","url":"https:\/\/www.copealcoy.es\/es\/","name":"COPE Alcoy","description":"Emisora COPE de radio local con emisi\u00f3n online. Pont de Sant Jordi 8-10 03803 Alcoy","potentialAction":[{"@type":"SearchAction","target":{"@type":"EntryPoint","urlTemplate":"https:\/\/www.copealcoy.es\/es\/?s={search_term_string}"},"query-input":{"@type":"PropertyValueSpecification","valueRequired":true,"valueName":"search_term_string"}}],"inLanguage":"es"},{"@type":"Person","@id":"https:\/\/www.copealcoy.es\/es\/#\/schema\/person\/e777c87fa024e57d40170af9df39882c","name":"Cope Alcoy","image":{"@type":"ImageObject","inLanguage":"es","@id":"https:\/\/secure.gravatar.com\/avatar\/bb65d0283347e303893ba14f0692005417c1e0e690a325a4c5d8bb2b3943ee14?s=96&d=mm&r=g","url":"https:\/\/secure.gravatar.com\/avatar\/bb65d0283347e303893ba14f0692005417c1e0e690a325a4c5d8bb2b3943ee14?s=96&d=mm&r=g","contentUrl":"https:\/\/secure.gravatar.com\/avatar\/bb65d0283347e303893ba14f0692005417c1e0e690a325a4c5d8bb2b3943ee14?s=96&d=mm&r=g","caption":"Cope Alcoy"}}]}},"_links":{"self":[{"href":"https:\/\/www.copealcoy.es\/es\/wp-json\/wp\/v2\/posts\/9820","targetHints":{"allow":["GET"]}}],"collection":[{"href":"https:\/\/www.copealcoy.es\/es\/wp-json\/wp\/v2\/posts"}],"about":[{"href":"https:\/\/www.copealcoy.es\/es\/wp-json\/wp\/v2\/types\/post"}],"author":[{"embeddable":true,"href":"https:\/\/www.copealcoy.es\/es\/wp-json\/wp\/v2\/users\/1"}],"replies":[{"embeddable":true,"href":"https:\/\/www.copealcoy.es\/es\/wp-json\/wp\/v2\/comments?post=9820"}],"version-history":[{"count":0,"href":"https:\/\/www.copealcoy.es\/es\/wp-json\/wp\/v2\/posts\/9820\/revisions"}],"wp:featuredmedia":[{"embeddable":true,"href":"https:\/\/www.copealcoy.es\/es\/wp-json\/wp\/v2\/media\/9821"}],"wp:attachment":[{"href":"https:\/\/www.copealcoy.es\/es\/wp-json\/wp\/v2\/media?parent=9820"}],"wp:term":[{"taxonomy":"category","embeddable":true,"href":"https:\/\/www.copealcoy.es\/es\/wp-json\/wp\/v2\/categories?post=9820"},{"taxonomy":"post_tag","embeddable":true,"href":"https:\/\/www.copealcoy.es\/es\/wp-json\/wp\/v2\/tags?post=9820"}],"curies":[{"name":"wp","href":"https:\/\/api.w.org\/{rel}","templated":true}]}}