{"id":9762,"date":"2015-01-17T08:58:19","date_gmt":"2015-01-17T08:58:19","guid":{"rendered":"http:\/\/copealcoi.es\/new\/?p=9762"},"modified":"2015-01-17T15:30:06","modified_gmt":"2015-01-17T15:30:06","slug":"una-silueta-de-campana-para-sant-antoni","status":"publish","type":"post","link":"https:\/\/www.copealcoy.es\/es\/una-silueta-de-campana-para-sant-antoni\/","title":{"rendered":"Silueta de campana para la ermita de Sant Antoni"},"content":{"rendered":"<p style=\"text-align: justify;\">El Ayuntamiento de Alcoy ha realizado trabajos de mantenimiento en la Ermita de Sant Antoni despu\u00e9s de que hace dos a\u00f1os sufriera actos vand\u00e1licos que afectaron al tejado, las canalizaciones y la campana. En lo que se refiere a esta \u00faltima hay que destacar que fue sustra\u00edda y hasta el momento no se ha encontrado. El bronze databa del a\u00f1o 1909 y probablemente fue fundido en Alcoy.<\/p>\n<p style=\"text-align: justify;\">Ante esta situaci\u00f3n el Consistorio, propietario de la Ermita, ha decidido colocar una l\u00e1mina con la silueta de la campana para evitar que se pierda la est\u00e9toca del edificio religioso. El edil de Cultura, Paco Agull\u00f3, ha destacado que la medida es provisional &#8220;se ha pensando en colocar una campana pero ante la proliferaci\u00f3n de robos en nuestro t\u00e9rmino municipal hemos decidido instalar la chapa y no se descarta en un futuro que la espada\u00f1a vuelva a albergar una nueva campana&#8221; \u00a0explica.<\/p>\n<p style=\"text-align: justify;\">Recordar por \u00faltimo que este domingo se celebrar\u00e1 la romer\u00eda en honor a Sant Antoni que partir\u00e1 a las 9:30h desde el Polideportivo Municipal. El Ayuntamiento habilitar\u00e1 cinco grandes hogueras y se repartir\u00e1n 70 quilos de salmuera y 3.000 botellas de agua. Cuando la comitiva llegue al ermitorio se celebrar\u00e1 una misa.<\/p>\n","protected":false},"excerpt":{"rendered":"<p>El Ayuntamiento de Alcoy ha realizado trabajos de mantenimiento en la Ermita de Sant Antoni despu\u00e9s de que hace dos&#8230;<\/p>\n","protected":false},"author":1,"featured_media":9763,"comment_status":"open","ping_status":"open","sticky":false,"template":"","format":"standard","meta":{"footnotes":""},"categories":[97,78,75,1],"tags":[1494,199,414,565,566,542,413],"class_list":["post-9762","post","type-post","status-publish","format-standard","has-post-thumbnail","hentry","category-alcoy","category-fiestaycultura","category-noticias","category-sin-categorizar","tag-alcoy","tag-campana","tag-cultura","tag-fiestas","tag-romeria","tag-sant-antoni","tag-tradicion"],"yoast_head":"<!-- This site is optimized with the Yoast SEO plugin v27.3 - https:\/\/yoast.com\/product\/yoast-seo-wordpress\/ -->\n<title>Silueta de campana para la ermita de Sant Antoni - COPE Alcoy<\/title>\n<meta name=\"robots\" content=\"index, follow, max-snippet:-1, max-image-preview:large, max-video-preview:-1\" \/>\n<link rel=\"canonical\" href=\"https:\/\/www.copealcoy.es\/es\/una-silueta-de-campana-para-sant-antoni\/\" \/>\n<meta property=\"og:locale\" content=\"es_ES\" \/>\n<meta property=\"og:type\" content=\"article\" \/>\n<meta property=\"og:title\" content=\"Silueta de campana para la ermita de Sant Antoni - COPE Alcoy\" \/>\n<meta property=\"og:description\" content=\"El Ayuntamiento de Alcoy ha realizado trabajos de mantenimiento en la Ermita de Sant Antoni despu\u00e9s de que hace dos...\" \/>\n<meta property=\"og:url\" content=\"https:\/\/www.copealcoy.es\/es\/una-silueta-de-campana-para-sant-antoni\/\" \/>\n<meta property=\"og:site_name\" content=\"COPE Alcoy\" \/>\n<meta property=\"article:published_time\" content=\"2015-01-17T08:58:19+00:00\" \/>\n<meta property=\"article:modified_time\" content=\"2015-01-17T15:30:06+00:00\" \/>\n<meta property=\"og:image\" content=\"https:\/\/www.copealcoy.es\/wp-content\/uploads\/2015\/01\/image71.jpg\" \/>\n\t<meta property=\"og:image:width\" content=\"2560\" \/>\n\t<meta property=\"og:image:height\" content=\"1920\" \/>\n\t<meta property=\"og:image:type\" content=\"image\/jpeg\" \/>\n<meta name=\"author\" content=\"Cope Alcoy\" \/>\n<meta name=\"twitter:label1\" content=\"Escrito por\" \/>\n\t<meta name=\"twitter:data1\" content=\"Cope Alcoy\" \/>\n\t<meta name=\"twitter:label2\" content=\"Tiempo de lectura\" \/>\n\t<meta name=\"twitter:data2\" content=\"1 minuto\" \/>\n<script type=\"application\/ld+json\" class=\"yoast-schema-graph\">{\"@context\":\"https:\\\/\\\/schema.org\",\"@graph\":[{\"@type\":\"Article\",\"@id\":\"https:\\\/\\\/www.copealcoy.es\\\/es\\\/una-silueta-de-campana-para-sant-antoni\\\/#article\",\"isPartOf\":{\"@id\":\"https:\\\/\\\/www.copealcoy.es\\\/es\\\/una-silueta-de-campana-para-sant-antoni\\\/\"},\"author\":{\"name\":\"Cope Alcoy\",\"@id\":\"https:\\\/\\\/www.copealcoy.es\\\/es\\\/#\\\/schema\\\/person\\\/e777c87fa024e57d40170af9df39882c\"},\"headline\":\"Silueta de campana para la ermita de Sant Antoni\",\"datePublished\":\"2015-01-17T08:58:19+00:00\",\"dateModified\":\"2015-01-17T15:30:06+00:00\",\"mainEntityOfPage\":{\"@id\":\"https:\\\/\\\/www.copealcoy.es\\\/es\\\/una-silueta-de-campana-para-sant-antoni\\\/\"},\"wordCount\":220,\"commentCount\":0,\"image\":{\"@id\":\"https:\\\/\\\/www.copealcoy.es\\\/es\\\/una-silueta-de-campana-para-sant-antoni\\\/#primaryimage\"},\"thumbnailUrl\":\"https:\\\/\\\/www.copealcoy.es\\\/wp-content\\\/uploads\\\/2015\\\/01\\\/image71.jpg\",\"keywords\":[\"Alcoy\",\"Campa\u00f1a\",\"Cultura\",\"Fiestas\",\"Romer\u00eda\",\"Sant Antoni\",\"Tradici\u00f3n\"],\"articleSection\":[\"Alcoy\",\"Fiesta y Cultura\",\"Noticias\",\"Sin categorizar\"],\"inLanguage\":\"es\"},{\"@type\":\"WebPage\",\"@id\":\"https:\\\/\\\/www.copealcoy.es\\\/es\\\/una-silueta-de-campana-para-sant-antoni\\\/\",\"url\":\"https:\\\/\\\/www.copealcoy.es\\\/es\\\/una-silueta-de-campana-para-sant-antoni\\\/\",\"name\":\"Silueta de campana para la ermita de Sant Antoni - COPE Alcoy\",\"isPartOf\":{\"@id\":\"https:\\\/\\\/www.copealcoy.es\\\/es\\\/#website\"},\"primaryImageOfPage\":{\"@id\":\"https:\\\/\\\/www.copealcoy.es\\\/es\\\/una-silueta-de-campana-para-sant-antoni\\\/#primaryimage\"},\"image\":{\"@id\":\"https:\\\/\\\/www.copealcoy.es\\\/es\\\/una-silueta-de-campana-para-sant-antoni\\\/#primaryimage\"},\"thumbnailUrl\":\"https:\\\/\\\/www.copealcoy.es\\\/wp-content\\\/uploads\\\/2015\\\/01\\\/image71.jpg\",\"datePublished\":\"2015-01-17T08:58:19+00:00\",\"dateModified\":\"2015-01-17T15:30:06+00:00\",\"author\":{\"@id\":\"https:\\\/\\\/www.copealcoy.es\\\/es\\\/#\\\/schema\\\/person\\\/e777c87fa024e57d40170af9df39882c\"},\"breadcrumb\":{\"@id\":\"https:\\\/\\\/www.copealcoy.es\\\/es\\\/una-silueta-de-campana-para-sant-antoni\\\/#breadcrumb\"},\"inLanguage\":\"es\",\"potentialAction\":[{\"@type\":\"ReadAction\",\"target\":[\"https:\\\/\\\/www.copealcoy.es\\\/es\\\/una-silueta-de-campana-para-sant-antoni\\\/\"]}]},{\"@type\":\"ImageObject\",\"inLanguage\":\"es\",\"@id\":\"https:\\\/\\\/www.copealcoy.es\\\/es\\\/una-silueta-de-campana-para-sant-antoni\\\/#primaryimage\",\"url\":\"https:\\\/\\\/www.copealcoy.es\\\/wp-content\\\/uploads\\\/2015\\\/01\\\/image71.jpg\",\"contentUrl\":\"https:\\\/\\\/www.copealcoy.es\\\/wp-content\\\/uploads\\\/2015\\\/01\\\/image71.jpg\",\"width\":1440,\"height\":1080,\"caption\":\"Silueta de la campana de la ermita de Sant Antoni\"},{\"@type\":\"BreadcrumbList\",\"@id\":\"https:\\\/\\\/www.copealcoy.es\\\/es\\\/una-silueta-de-campana-para-sant-antoni\\\/#breadcrumb\",\"itemListElement\":[{\"@type\":\"ListItem\",\"position\":1,\"name\":\"Portada\",\"item\":\"https:\\\/\\\/www.copealcoy.es\\\/es\\\/\"},{\"@type\":\"ListItem\",\"position\":2,\"name\":\"Silueta de campana para la ermita de Sant Antoni\"}]},{\"@type\":\"WebSite\",\"@id\":\"https:\\\/\\\/www.copealcoy.es\\\/es\\\/#website\",\"url\":\"https:\\\/\\\/www.copealcoy.es\\\/es\\\/\",\"name\":\"COPE Alcoy\",\"description\":\"Emisora COPE de radio local con emisi\u00f3n online. Pont de Sant Jordi 8-10 03803 Alcoy\",\"potentialAction\":[{\"@type\":\"SearchAction\",\"target\":{\"@type\":\"EntryPoint\",\"urlTemplate\":\"https:\\\/\\\/www.copealcoy.es\\\/es\\\/?s={search_term_string}\"},\"query-input\":{\"@type\":\"PropertyValueSpecification\",\"valueRequired\":true,\"valueName\":\"search_term_string\"}}],\"inLanguage\":\"es\"},{\"@type\":\"Person\",\"@id\":\"https:\\\/\\\/www.copealcoy.es\\\/es\\\/#\\\/schema\\\/person\\\/e777c87fa024e57d40170af9df39882c\",\"name\":\"Cope Alcoy\",\"image\":{\"@type\":\"ImageObject\",\"inLanguage\":\"es\",\"@id\":\"https:\\\/\\\/secure.gravatar.com\\\/avatar\\\/bb65d0283347e303893ba14f0692005417c1e0e690a325a4c5d8bb2b3943ee14?s=96&d=mm&r=g\",\"url\":\"https:\\\/\\\/secure.gravatar.com\\\/avatar\\\/bb65d0283347e303893ba14f0692005417c1e0e690a325a4c5d8bb2b3943ee14?s=96&d=mm&r=g\",\"contentUrl\":\"https:\\\/\\\/secure.gravatar.com\\\/avatar\\\/bb65d0283347e303893ba14f0692005417c1e0e690a325a4c5d8bb2b3943ee14?s=96&d=mm&r=g\",\"caption\":\"Cope Alcoy\"}}]}<\/script>\n<!-- \/ Yoast SEO plugin. -->","yoast_head_json":{"title":"Silueta de campana para la ermita de Sant Antoni - COPE Alcoy","robots":{"index":"index","follow":"follow","max-snippet":"max-snippet:-1","max-image-preview":"max-image-preview:large","max-video-preview":"max-video-preview:-1"},"canonical":"https:\/\/www.copealcoy.es\/es\/una-silueta-de-campana-para-sant-antoni\/","og_locale":"es_ES","og_type":"article","og_title":"Silueta de campana para la ermita de Sant Antoni - COPE Alcoy","og_description":"El Ayuntamiento de Alcoy ha realizado trabajos de mantenimiento en la Ermita de Sant Antoni despu\u00e9s de que hace dos...","og_url":"https:\/\/www.copealcoy.es\/es\/una-silueta-de-campana-para-sant-antoni\/","og_site_name":"COPE Alcoy","article_published_time":"2015-01-17T08:58:19+00:00","article_modified_time":"2015-01-17T15:30:06+00:00","og_image":[{"width":2560,"height":1920,"url":"https:\/\/www.copealcoy.es\/wp-content\/uploads\/2015\/01\/image71.jpg","type":"image\/jpeg"}],"author":"Cope Alcoy","twitter_misc":{"Escrito por":"Cope Alcoy","Tiempo de lectura":"1 minuto"},"schema":{"@context":"https:\/\/schema.org","@graph":[{"@type":"Article","@id":"https:\/\/www.copealcoy.es\/es\/una-silueta-de-campana-para-sant-antoni\/#article","isPartOf":{"@id":"https:\/\/www.copealcoy.es\/es\/una-silueta-de-campana-para-sant-antoni\/"},"author":{"name":"Cope Alcoy","@id":"https:\/\/www.copealcoy.es\/es\/#\/schema\/person\/e777c87fa024e57d40170af9df39882c"},"headline":"Silueta de campana para la ermita de Sant Antoni","datePublished":"2015-01-17T08:58:19+00:00","dateModified":"2015-01-17T15:30:06+00:00","mainEntityOfPage":{"@id":"https:\/\/www.copealcoy.es\/es\/una-silueta-de-campana-para-sant-antoni\/"},"wordCount":220,"commentCount":0,"image":{"@id":"https:\/\/www.copealcoy.es\/es\/una-silueta-de-campana-para-sant-antoni\/#primaryimage"},"thumbnailUrl":"https:\/\/www.copealcoy.es\/wp-content\/uploads\/2015\/01\/image71.jpg","keywords":["Alcoy","Campa\u00f1a","Cultura","Fiestas","Romer\u00eda","Sant Antoni","Tradici\u00f3n"],"articleSection":["Alcoy","Fiesta y Cultura","Noticias","Sin categorizar"],"inLanguage":"es"},{"@type":"WebPage","@id":"https:\/\/www.copealcoy.es\/es\/una-silueta-de-campana-para-sant-antoni\/","url":"https:\/\/www.copealcoy.es\/es\/una-silueta-de-campana-para-sant-antoni\/","name":"Silueta de campana para la ermita de Sant Antoni - COPE Alcoy","isPartOf":{"@id":"https:\/\/www.copealcoy.es\/es\/#website"},"primaryImageOfPage":{"@id":"https:\/\/www.copealcoy.es\/es\/una-silueta-de-campana-para-sant-antoni\/#primaryimage"},"image":{"@id":"https:\/\/www.copealcoy.es\/es\/una-silueta-de-campana-para-sant-antoni\/#primaryimage"},"thumbnailUrl":"https:\/\/www.copealcoy.es\/wp-content\/uploads\/2015\/01\/image71.jpg","datePublished":"2015-01-17T08:58:19+00:00","dateModified":"2015-01-17T15:30:06+00:00","author":{"@id":"https:\/\/www.copealcoy.es\/es\/#\/schema\/person\/e777c87fa024e57d40170af9df39882c"},"breadcrumb":{"@id":"https:\/\/www.copealcoy.es\/es\/una-silueta-de-campana-para-sant-antoni\/#breadcrumb"},"inLanguage":"es","potentialAction":[{"@type":"ReadAction","target":["https:\/\/www.copealcoy.es\/es\/una-silueta-de-campana-para-sant-antoni\/"]}]},{"@type":"ImageObject","inLanguage":"es","@id":"https:\/\/www.copealcoy.es\/es\/una-silueta-de-campana-para-sant-antoni\/#primaryimage","url":"https:\/\/www.copealcoy.es\/wp-content\/uploads\/2015\/01\/image71.jpg","contentUrl":"https:\/\/www.copealcoy.es\/wp-content\/uploads\/2015\/01\/image71.jpg","width":1440,"height":1080,"caption":"Silueta de la campana de la ermita de Sant Antoni"},{"@type":"BreadcrumbList","@id":"https:\/\/www.copealcoy.es\/es\/una-silueta-de-campana-para-sant-antoni\/#breadcrumb","itemListElement":[{"@type":"ListItem","position":1,"name":"Portada","item":"https:\/\/www.copealcoy.es\/es\/"},{"@type":"ListItem","position":2,"name":"Silueta de campana para la ermita de Sant Antoni"}]},{"@type":"WebSite","@id":"https:\/\/www.copealcoy.es\/es\/#website","url":"https:\/\/www.copealcoy.es\/es\/","name":"COPE Alcoy","description":"Emisora COPE de radio local con emisi\u00f3n online. Pont de Sant Jordi 8-10 03803 Alcoy","potentialAction":[{"@type":"SearchAction","target":{"@type":"EntryPoint","urlTemplate":"https:\/\/www.copealcoy.es\/es\/?s={search_term_string}"},"query-input":{"@type":"PropertyValueSpecification","valueRequired":true,"valueName":"search_term_string"}}],"inLanguage":"es"},{"@type":"Person","@id":"https:\/\/www.copealcoy.es\/es\/#\/schema\/person\/e777c87fa024e57d40170af9df39882c","name":"Cope Alcoy","image":{"@type":"ImageObject","inLanguage":"es","@id":"https:\/\/secure.gravatar.com\/avatar\/bb65d0283347e303893ba14f0692005417c1e0e690a325a4c5d8bb2b3943ee14?s=96&d=mm&r=g","url":"https:\/\/secure.gravatar.com\/avatar\/bb65d0283347e303893ba14f0692005417c1e0e690a325a4c5d8bb2b3943ee14?s=96&d=mm&r=g","contentUrl":"https:\/\/secure.gravatar.com\/avatar\/bb65d0283347e303893ba14f0692005417c1e0e690a325a4c5d8bb2b3943ee14?s=96&d=mm&r=g","caption":"Cope Alcoy"}}]}},"_links":{"self":[{"href":"https:\/\/www.copealcoy.es\/es\/wp-json\/wp\/v2\/posts\/9762","targetHints":{"allow":["GET"]}}],"collection":[{"href":"https:\/\/www.copealcoy.es\/es\/wp-json\/wp\/v2\/posts"}],"about":[{"href":"https:\/\/www.copealcoy.es\/es\/wp-json\/wp\/v2\/types\/post"}],"author":[{"embeddable":true,"href":"https:\/\/www.copealcoy.es\/es\/wp-json\/wp\/v2\/users\/1"}],"replies":[{"embeddable":true,"href":"https:\/\/www.copealcoy.es\/es\/wp-json\/wp\/v2\/comments?post=9762"}],"version-history":[{"count":0,"href":"https:\/\/www.copealcoy.es\/es\/wp-json\/wp\/v2\/posts\/9762\/revisions"}],"wp:featuredmedia":[{"embeddable":true,"href":"https:\/\/www.copealcoy.es\/es\/wp-json\/wp\/v2\/media\/9763"}],"wp:attachment":[{"href":"https:\/\/www.copealcoy.es\/es\/wp-json\/wp\/v2\/media?parent=9762"}],"wp:term":[{"taxonomy":"category","embeddable":true,"href":"https:\/\/www.copealcoy.es\/es\/wp-json\/wp\/v2\/categories?post=9762"},{"taxonomy":"post_tag","embeddable":true,"href":"https:\/\/www.copealcoy.es\/es\/wp-json\/wp\/v2\/tags?post=9762"}],"curies":[{"name":"wp","href":"https:\/\/api.w.org\/{rel}","templated":true}]}}