{"id":96676,"date":"2023-01-19T15:59:47","date_gmt":"2023-01-19T14:59:47","guid":{"rendered":"https:\/\/www.copealcoy.es\/?p=96676"},"modified":"2023-01-22T16:48:23","modified_gmt":"2023-01-22T15:48:23","slug":"alcoi-torna-a-celebrar-la-romeria-en-honor-a-sant-antoni","status":"publish","type":"post","link":"https:\/\/www.copealcoy.es\/es\/alcoi-torna-a-celebrar-la-romeria-en-honor-a-sant-antoni\/","title":{"rendered":"Alcoi torna a celebrar la romeria en honor a Sant Antoni"},"content":{"rendered":"<p style=\"text-align: justify;\">Alcoi ha viscut en aquest diumenge <strong>el dia gran dels actes que se celebren cada any per aquestes dates en honor a Sant Antoni del Porquet<\/strong>. La romeria fins a l&#8217;ermita <strong>ha sigut la protagonista de la jornada<\/strong> en un any en qu\u00e8 aquesta tradici\u00f3 <strong>s&#8217;ha pogut dur a terme amb normalitat<\/strong> perqu\u00e8 en els \u00faltims anys havia sigut impossible la seua execuci\u00f3 per les condicions meteorol\u00f2giques adverses aix\u00ed com les restriccions derivades de la pand\u00e8mia del Coronavirus.<\/p>\n<p style=\"text-align: justify;\">L&#8217;acte ha donat inici passades les nou i mitja del mat\u00ed des de l&#8217;esplanada situada enfront del Poliesportiu <strong>amb unes temperatures que fregaven pr\u00e0cticament els 0 graus<\/strong>. Els integrants del <a href=\"https:\/\/www.facebook.com\/centrexcursionistalcoi\"><strong><span style=\"color: #0000ff;\">Centre Excursionista d&#8217;Alcoi<\/span> <\/strong><\/a>han instal\u00b7lat una parada per a <strong>repartir pastes i infusions calentes<\/strong> mentre que<strong> la m\u00fasica tradicional<\/strong> ha acompanyat l&#8217;arribada del sant <strong>sobre un carro tirat per cavalls<\/strong>. Sant Antoni <strong>ha empr\u00e9s aix\u00ed l&#8217;ascens al paratge que porta el seu nom<\/strong> i una vegada en l&#8217;ermita <strong>la imatge ha sigut depositada en la forn\u00edcula que presideix l&#8217;altar major<\/strong>. Els romers, en canvi,<strong> han aprofitat per a buscar el sol i aix\u00ed poder esmorzar les viandes que s&#8217;havien portat de casa<\/strong> perqu\u00e8 enguany <strong>ja no s&#8217;ha pogut fer la cl\u00e0ssica rostida<\/strong> pel fet que la normativa mediambiental ho impedeix. L&#8217;Ajuntament <strong><span class=\"hiddenSpellError\">si<\/span>\u00a0que ha repartit aigua-sal mentre que el Grup de Dol\u00e7aines Barxell ha interpretat diferents peces de m\u00fasica tradicional<\/strong> amenitzant un fred mat\u00ed que ha destacat tamb\u00e9 per <strong>una escassa pres\u00e8ncia de participants<\/strong> en aquesta singular romeria. Tamb\u00e9 el <strong>Grup de Danses Sant Jordi<\/strong> ha efectuat diversos balls populars passades les onze del mat\u00ed.<\/p>\n<p style=\"text-align: justify;\">Aquest dia de Sant Antoni <strong>ha culminat amb una missa solemne<\/strong> dins\u00a0de l&#8217;ermita a les 12 del migdia que <strong>ha estat oficiada pel titular de les Parr\u00f2quies del Centre<\/strong>, Don Jos\u00e9 Luis Llopis. Per la romeria s&#8217;hi han deixat veure<strong> l&#8217;alcalde (Toni Franc\u00e9s)<\/strong>, amb alguns edils del Govern Municipal del PSOE, i tamb\u00e9 el Partit Popular acompanyant al seu candidat a l&#8217;alcaldia en les Eleccions Municipals del mes de maig; <strong><span class=\"hiddenSpellError\">Carlos<\/span>\u00a0Pastor<\/strong>. Tamb\u00e9 ha acudit a l&#8217;acte <strong>David\u00a0<span class=\"hiddenSpellError\">Abad<\/span><\/strong>, portaveu de VOX.<\/p>\n<div id='gallery-1' class='gallery galleryid-96676 gallery-columns-2 gallery-size-large'><figure class='gallery-item'>\n\t\t\t<div class='gallery-icon landscape'>\n\t\t\t\t<a href='https:\/\/www.copealcoy.es\/es\/alcoi-torna-a-celebrar-la-romeria-en-honor-a-sant-antoni\/unnamed-1-66\/'><img loading=\"lazy\" decoding=\"async\" width=\"980\" height=\"588\" src=\"https:\/\/www.copealcoy.es\/wp-content\/uploads\/2023\/01\/unnamed-1-1-980x588.jpg\" class=\"attachment-large size-large\" alt=\"\" aria-describedby=\"gallery-1-96684\" \/><\/a>\n\t\t\t<\/div>\n\t\t\t\t<figcaption class='wp-caption-text gallery-caption' id='gallery-1-96684'>\n\t\t\t\tRomeria Sant Antoni Alcoi 2023\n\t\t\t\t<\/figcaption><\/figure><figure class='gallery-item'>\n\t\t\t<div class='gallery-icon landscape'>\n\t\t\t\t<a href='https:\/\/www.copealcoy.es\/es\/alcoi-torna-a-celebrar-la-romeria-en-honor-a-sant-antoni\/unnamed-529\/'><img loading=\"lazy\" decoding=\"async\" width=\"980\" height=\"588\" src=\"https:\/\/www.copealcoy.es\/wp-content\/uploads\/2023\/01\/unnamed-15-980x588.jpg\" class=\"attachment-large size-large\" alt=\"\" aria-describedby=\"gallery-1-96683\" \/><\/a>\n\t\t\t<\/div>\n\t\t\t\t<figcaption class='wp-caption-text gallery-caption' id='gallery-1-96683'>\n\t\t\t\tRomeria Sant Antoni Alcoi 2023\n\t\t\t\t<\/figcaption><\/figure><figure class='gallery-item'>\n\t\t\t<div class='gallery-icon landscape'>\n\t\t\t\t<a href='https:\/\/www.copealcoy.es\/es\/alcoi-torna-a-celebrar-la-romeria-en-honor-a-sant-antoni\/326060964_3444623379153643_7041733409783527923_n\/'><img loading=\"lazy\" decoding=\"async\" width=\"980\" height=\"588\" src=\"https:\/\/www.copealcoy.es\/wp-content\/uploads\/2023\/01\/326060964_3444623379153643_7041733409783527923_n-980x588.jpg\" class=\"attachment-large size-large\" alt=\"\" aria-describedby=\"gallery-1-96682\" \/><\/a>\n\t\t\t<\/div>\n\t\t\t\t<figcaption class='wp-caption-text gallery-caption' id='gallery-1-96682'>\n\t\t\t\tRomeria Sant Antoni Alcoi 2023\n\t\t\t\t<\/figcaption><\/figure><figure class='gallery-item'>\n\t\t\t<div class='gallery-icon landscape'>\n\t\t\t\t<a href='https:\/\/www.copealcoy.es\/es\/alcoi-torna-a-celebrar-la-romeria-en-honor-a-sant-antoni\/324018329_1364527000982204_609875897663916545_n\/'><img loading=\"lazy\" decoding=\"async\" width=\"980\" height=\"588\" src=\"https:\/\/www.copealcoy.es\/wp-content\/uploads\/2023\/01\/324018329_1364527000982204_609875897663916545_n-980x588.jpg\" class=\"attachment-large size-large\" alt=\"\" aria-describedby=\"gallery-1-96681\" \/><\/a>\n\t\t\t<\/div>\n\t\t\t\t<figcaption class='wp-caption-text gallery-caption' id='gallery-1-96681'>\n\t\t\t\tRomeria Sant Antoni Alcoi 2023\n\t\t\t\t<\/figcaption><\/figure>\n\t\t<\/div>\n\n","protected":false},"excerpt":{"rendered":"<p>Alcoi ha viscut en aquest diumenge el dia gran dels actes que se celebren cada any per aquestes dates en&#8230;<\/p>\n","protected":false},"author":1,"featured_media":96677,"comment_status":"open","ping_status":"open","sticky":false,"template":"","format":"standard","meta":{"footnotes":""},"categories":[6909,97,78,75],"tags":[160,9581,566,13733,611],"class_list":["post-96676","post","type-post","status-publish","format-standard","has-post-thumbnail","hentry","category-actualidad","category-alcoy","category-fiestaycultura","category-noticias","tag-alcoi","tag-animals","tag-romeria","tag-sant-antoni-del-porquet","tag-tradicions"],"yoast_head":"<!-- This site is optimized with the Yoast SEO plugin v27.3 - https:\/\/yoast.com\/product\/yoast-seo-wordpress\/ -->\n<title>Alcoi torna a celebrar la romeria en honor a Sant Antoni - COPE Alcoy<\/title>\n<meta name=\"description\" content=\"Alcoi ha viscut en aquest diumenge el dia gran dels actes que se celebren cada any per aquestes dates en honor a Sant Antoni del Porquet\" \/>\n<meta name=\"robots\" content=\"index, follow, max-snippet:-1, max-image-preview:large, max-video-preview:-1\" \/>\n<link rel=\"canonical\" href=\"https:\/\/www.copealcoy.es\/es\/alcoi-torna-a-celebrar-la-romeria-en-honor-a-sant-antoni\/\" \/>\n<meta property=\"og:locale\" content=\"es_ES\" \/>\n<meta property=\"og:type\" content=\"article\" \/>\n<meta property=\"og:title\" content=\"Alcoi torna a celebrar la romeria en honor a Sant Antoni - COPE Alcoy\" \/>\n<meta property=\"og:description\" content=\"Alcoi ha viscut en aquest diumenge el dia gran dels actes que se celebren cada any per aquestes dates en honor a Sant Antoni del Porquet\" \/>\n<meta property=\"og:url\" content=\"https:\/\/www.copealcoy.es\/es\/alcoi-torna-a-celebrar-la-romeria-en-honor-a-sant-antoni\/\" \/>\n<meta property=\"og:site_name\" content=\"COPE Alcoy\" \/>\n<meta property=\"article:published_time\" content=\"2023-01-19T14:59:47+00:00\" \/>\n<meta property=\"article:modified_time\" content=\"2023-01-22T15:48:23+00:00\" \/>\n<meta property=\"og:image\" content=\"https:\/\/www.copealcoy.es\/wp-content\/uploads\/2023\/01\/unnamed-14-e1674401753730.jpg\" \/>\n\t<meta property=\"og:image:width\" content=\"640\" \/>\n\t<meta property=\"og:image:height\" content=\"386\" \/>\n\t<meta property=\"og:image:type\" content=\"image\/jpeg\" \/>\n<meta name=\"author\" content=\"Cope Alcoy\" \/>\n<meta name=\"twitter:label1\" content=\"Escrito por\" \/>\n\t<meta name=\"twitter:data1\" content=\"Cope Alcoy\" \/>\n\t<meta name=\"twitter:label2\" content=\"Tiempo de lectura\" \/>\n\t<meta name=\"twitter:data2\" content=\"2 minutos\" \/>\n<script type=\"application\/ld+json\" class=\"yoast-schema-graph\">{\"@context\":\"https:\\\/\\\/schema.org\",\"@graph\":[{\"@type\":\"Article\",\"@id\":\"https:\\\/\\\/www.copealcoy.es\\\/es\\\/alcoi-torna-a-celebrar-la-romeria-en-honor-a-sant-antoni\\\/#article\",\"isPartOf\":{\"@id\":\"https:\\\/\\\/www.copealcoy.es\\\/es\\\/alcoi-torna-a-celebrar-la-romeria-en-honor-a-sant-antoni\\\/\"},\"author\":{\"name\":\"Cope Alcoy\",\"@id\":\"https:\\\/\\\/www.copealcoy.es\\\/es\\\/#\\\/schema\\\/person\\\/e777c87fa024e57d40170af9df39882c\"},\"headline\":\"Alcoi torna a celebrar la romeria en honor a Sant Antoni\",\"datePublished\":\"2023-01-19T14:59:47+00:00\",\"dateModified\":\"2023-01-22T15:48:23+00:00\",\"mainEntityOfPage\":{\"@id\":\"https:\\\/\\\/www.copealcoy.es\\\/es\\\/alcoi-torna-a-celebrar-la-romeria-en-honor-a-sant-antoni\\\/\"},\"wordCount\":390,\"commentCount\":0,\"image\":{\"@id\":\"https:\\\/\\\/www.copealcoy.es\\\/es\\\/alcoi-torna-a-celebrar-la-romeria-en-honor-a-sant-antoni\\\/#primaryimage\"},\"thumbnailUrl\":\"https:\\\/\\\/www.copealcoy.es\\\/wp-content\\\/uploads\\\/2023\\\/01\\\/unnamed-14-e1674401753730.jpg\",\"keywords\":[\"Alcoi\",\"animals\",\"Romer\u00eda\",\"Sant Antoni del Porquet\",\"Tradicions\"],\"articleSection\":[\"Actualidad\",\"Alcoy\",\"Fiesta y Cultura\",\"Noticias\"],\"inLanguage\":\"es\"},{\"@type\":\"WebPage\",\"@id\":\"https:\\\/\\\/www.copealcoy.es\\\/es\\\/alcoi-torna-a-celebrar-la-romeria-en-honor-a-sant-antoni\\\/\",\"url\":\"https:\\\/\\\/www.copealcoy.es\\\/es\\\/alcoi-torna-a-celebrar-la-romeria-en-honor-a-sant-antoni\\\/\",\"name\":\"Alcoi torna a celebrar la romeria en honor a Sant Antoni - COPE Alcoy\",\"isPartOf\":{\"@id\":\"https:\\\/\\\/www.copealcoy.es\\\/es\\\/#website\"},\"primaryImageOfPage\":{\"@id\":\"https:\\\/\\\/www.copealcoy.es\\\/es\\\/alcoi-torna-a-celebrar-la-romeria-en-honor-a-sant-antoni\\\/#primaryimage\"},\"image\":{\"@id\":\"https:\\\/\\\/www.copealcoy.es\\\/es\\\/alcoi-torna-a-celebrar-la-romeria-en-honor-a-sant-antoni\\\/#primaryimage\"},\"thumbnailUrl\":\"https:\\\/\\\/www.copealcoy.es\\\/wp-content\\\/uploads\\\/2023\\\/01\\\/unnamed-14-e1674401753730.jpg\",\"datePublished\":\"2023-01-19T14:59:47+00:00\",\"dateModified\":\"2023-01-22T15:48:23+00:00\",\"author\":{\"@id\":\"https:\\\/\\\/www.copealcoy.es\\\/es\\\/#\\\/schema\\\/person\\\/e777c87fa024e57d40170af9df39882c\"},\"description\":\"Alcoi ha viscut en aquest diumenge el dia gran dels actes que se celebren cada any per aquestes dates en honor a Sant Antoni del Porquet\",\"breadcrumb\":{\"@id\":\"https:\\\/\\\/www.copealcoy.es\\\/es\\\/alcoi-torna-a-celebrar-la-romeria-en-honor-a-sant-antoni\\\/#breadcrumb\"},\"inLanguage\":\"es\",\"potentialAction\":[{\"@type\":\"ReadAction\",\"target\":[\"https:\\\/\\\/www.copealcoy.es\\\/es\\\/alcoi-torna-a-celebrar-la-romeria-en-honor-a-sant-antoni\\\/\"]}]},{\"@type\":\"ImageObject\",\"inLanguage\":\"es\",\"@id\":\"https:\\\/\\\/www.copealcoy.es\\\/es\\\/alcoi-torna-a-celebrar-la-romeria-en-honor-a-sant-antoni\\\/#primaryimage\",\"url\":\"https:\\\/\\\/www.copealcoy.es\\\/wp-content\\\/uploads\\\/2023\\\/01\\\/unnamed-14-e1674401753730.jpg\",\"contentUrl\":\"https:\\\/\\\/www.copealcoy.es\\\/wp-content\\\/uploads\\\/2023\\\/01\\\/unnamed-14-e1674401753730.jpg\",\"width\":640,\"height\":386},{\"@type\":\"BreadcrumbList\",\"@id\":\"https:\\\/\\\/www.copealcoy.es\\\/es\\\/alcoi-torna-a-celebrar-la-romeria-en-honor-a-sant-antoni\\\/#breadcrumb\",\"itemListElement\":[{\"@type\":\"ListItem\",\"position\":1,\"name\":\"Portada\",\"item\":\"https:\\\/\\\/www.copealcoy.es\\\/es\\\/\"},{\"@type\":\"ListItem\",\"position\":2,\"name\":\"Alcoi torna a celebrar la romeria en honor a Sant Antoni\"}]},{\"@type\":\"WebSite\",\"@id\":\"https:\\\/\\\/www.copealcoy.es\\\/es\\\/#website\",\"url\":\"https:\\\/\\\/www.copealcoy.es\\\/es\\\/\",\"name\":\"COPE Alcoy\",\"description\":\"Emisora COPE de radio local con emisi\u00f3n online. Pont de Sant Jordi 8-10 03803 Alcoy\",\"potentialAction\":[{\"@type\":\"SearchAction\",\"target\":{\"@type\":\"EntryPoint\",\"urlTemplate\":\"https:\\\/\\\/www.copealcoy.es\\\/es\\\/?s={search_term_string}\"},\"query-input\":{\"@type\":\"PropertyValueSpecification\",\"valueRequired\":true,\"valueName\":\"search_term_string\"}}],\"inLanguage\":\"es\"},{\"@type\":\"Person\",\"@id\":\"https:\\\/\\\/www.copealcoy.es\\\/es\\\/#\\\/schema\\\/person\\\/e777c87fa024e57d40170af9df39882c\",\"name\":\"Cope Alcoy\",\"image\":{\"@type\":\"ImageObject\",\"inLanguage\":\"es\",\"@id\":\"https:\\\/\\\/secure.gravatar.com\\\/avatar\\\/bb65d0283347e303893ba14f0692005417c1e0e690a325a4c5d8bb2b3943ee14?s=96&d=mm&r=g\",\"url\":\"https:\\\/\\\/secure.gravatar.com\\\/avatar\\\/bb65d0283347e303893ba14f0692005417c1e0e690a325a4c5d8bb2b3943ee14?s=96&d=mm&r=g\",\"contentUrl\":\"https:\\\/\\\/secure.gravatar.com\\\/avatar\\\/bb65d0283347e303893ba14f0692005417c1e0e690a325a4c5d8bb2b3943ee14?s=96&d=mm&r=g\",\"caption\":\"Cope Alcoy\"}}]}<\/script>\n<!-- \/ Yoast SEO plugin. -->","yoast_head_json":{"title":"Alcoi torna a celebrar la romeria en honor a Sant Antoni - COPE Alcoy","description":"Alcoi ha viscut en aquest diumenge el dia gran dels actes que se celebren cada any per aquestes dates en honor a Sant Antoni del Porquet","robots":{"index":"index","follow":"follow","max-snippet":"max-snippet:-1","max-image-preview":"max-image-preview:large","max-video-preview":"max-video-preview:-1"},"canonical":"https:\/\/www.copealcoy.es\/es\/alcoi-torna-a-celebrar-la-romeria-en-honor-a-sant-antoni\/","og_locale":"es_ES","og_type":"article","og_title":"Alcoi torna a celebrar la romeria en honor a Sant Antoni - COPE Alcoy","og_description":"Alcoi ha viscut en aquest diumenge el dia gran dels actes que se celebren cada any per aquestes dates en honor a Sant Antoni del Porquet","og_url":"https:\/\/www.copealcoy.es\/es\/alcoi-torna-a-celebrar-la-romeria-en-honor-a-sant-antoni\/","og_site_name":"COPE Alcoy","article_published_time":"2023-01-19T14:59:47+00:00","article_modified_time":"2023-01-22T15:48:23+00:00","og_image":[{"width":640,"height":386,"url":"https:\/\/www.copealcoy.es\/wp-content\/uploads\/2023\/01\/unnamed-14-e1674401753730.jpg","type":"image\/jpeg"}],"author":"Cope Alcoy","twitter_misc":{"Escrito por":"Cope Alcoy","Tiempo de lectura":"2 minutos"},"schema":{"@context":"https:\/\/schema.org","@graph":[{"@type":"Article","@id":"https:\/\/www.copealcoy.es\/es\/alcoi-torna-a-celebrar-la-romeria-en-honor-a-sant-antoni\/#article","isPartOf":{"@id":"https:\/\/www.copealcoy.es\/es\/alcoi-torna-a-celebrar-la-romeria-en-honor-a-sant-antoni\/"},"author":{"name":"Cope Alcoy","@id":"https:\/\/www.copealcoy.es\/es\/#\/schema\/person\/e777c87fa024e57d40170af9df39882c"},"headline":"Alcoi torna a celebrar la romeria en honor a Sant Antoni","datePublished":"2023-01-19T14:59:47+00:00","dateModified":"2023-01-22T15:48:23+00:00","mainEntityOfPage":{"@id":"https:\/\/www.copealcoy.es\/es\/alcoi-torna-a-celebrar-la-romeria-en-honor-a-sant-antoni\/"},"wordCount":390,"commentCount":0,"image":{"@id":"https:\/\/www.copealcoy.es\/es\/alcoi-torna-a-celebrar-la-romeria-en-honor-a-sant-antoni\/#primaryimage"},"thumbnailUrl":"https:\/\/www.copealcoy.es\/wp-content\/uploads\/2023\/01\/unnamed-14-e1674401753730.jpg","keywords":["Alcoi","animals","Romer\u00eda","Sant Antoni del Porquet","Tradicions"],"articleSection":["Actualidad","Alcoy","Fiesta y Cultura","Noticias"],"inLanguage":"es"},{"@type":"WebPage","@id":"https:\/\/www.copealcoy.es\/es\/alcoi-torna-a-celebrar-la-romeria-en-honor-a-sant-antoni\/","url":"https:\/\/www.copealcoy.es\/es\/alcoi-torna-a-celebrar-la-romeria-en-honor-a-sant-antoni\/","name":"Alcoi torna a celebrar la romeria en honor a Sant Antoni - COPE Alcoy","isPartOf":{"@id":"https:\/\/www.copealcoy.es\/es\/#website"},"primaryImageOfPage":{"@id":"https:\/\/www.copealcoy.es\/es\/alcoi-torna-a-celebrar-la-romeria-en-honor-a-sant-antoni\/#primaryimage"},"image":{"@id":"https:\/\/www.copealcoy.es\/es\/alcoi-torna-a-celebrar-la-romeria-en-honor-a-sant-antoni\/#primaryimage"},"thumbnailUrl":"https:\/\/www.copealcoy.es\/wp-content\/uploads\/2023\/01\/unnamed-14-e1674401753730.jpg","datePublished":"2023-01-19T14:59:47+00:00","dateModified":"2023-01-22T15:48:23+00:00","author":{"@id":"https:\/\/www.copealcoy.es\/es\/#\/schema\/person\/e777c87fa024e57d40170af9df39882c"},"description":"Alcoi ha viscut en aquest diumenge el dia gran dels actes que se celebren cada any per aquestes dates en honor a Sant Antoni del Porquet","breadcrumb":{"@id":"https:\/\/www.copealcoy.es\/es\/alcoi-torna-a-celebrar-la-romeria-en-honor-a-sant-antoni\/#breadcrumb"},"inLanguage":"es","potentialAction":[{"@type":"ReadAction","target":["https:\/\/www.copealcoy.es\/es\/alcoi-torna-a-celebrar-la-romeria-en-honor-a-sant-antoni\/"]}]},{"@type":"ImageObject","inLanguage":"es","@id":"https:\/\/www.copealcoy.es\/es\/alcoi-torna-a-celebrar-la-romeria-en-honor-a-sant-antoni\/#primaryimage","url":"https:\/\/www.copealcoy.es\/wp-content\/uploads\/2023\/01\/unnamed-14-e1674401753730.jpg","contentUrl":"https:\/\/www.copealcoy.es\/wp-content\/uploads\/2023\/01\/unnamed-14-e1674401753730.jpg","width":640,"height":386},{"@type":"BreadcrumbList","@id":"https:\/\/www.copealcoy.es\/es\/alcoi-torna-a-celebrar-la-romeria-en-honor-a-sant-antoni\/#breadcrumb","itemListElement":[{"@type":"ListItem","position":1,"name":"Portada","item":"https:\/\/www.copealcoy.es\/es\/"},{"@type":"ListItem","position":2,"name":"Alcoi torna a celebrar la romeria en honor a Sant Antoni"}]},{"@type":"WebSite","@id":"https:\/\/www.copealcoy.es\/es\/#website","url":"https:\/\/www.copealcoy.es\/es\/","name":"COPE Alcoy","description":"Emisora COPE de radio local con emisi\u00f3n online. Pont de Sant Jordi 8-10 03803 Alcoy","potentialAction":[{"@type":"SearchAction","target":{"@type":"EntryPoint","urlTemplate":"https:\/\/www.copealcoy.es\/es\/?s={search_term_string}"},"query-input":{"@type":"PropertyValueSpecification","valueRequired":true,"valueName":"search_term_string"}}],"inLanguage":"es"},{"@type":"Person","@id":"https:\/\/www.copealcoy.es\/es\/#\/schema\/person\/e777c87fa024e57d40170af9df39882c","name":"Cope Alcoy","image":{"@type":"ImageObject","inLanguage":"es","@id":"https:\/\/secure.gravatar.com\/avatar\/bb65d0283347e303893ba14f0692005417c1e0e690a325a4c5d8bb2b3943ee14?s=96&d=mm&r=g","url":"https:\/\/secure.gravatar.com\/avatar\/bb65d0283347e303893ba14f0692005417c1e0e690a325a4c5d8bb2b3943ee14?s=96&d=mm&r=g","contentUrl":"https:\/\/secure.gravatar.com\/avatar\/bb65d0283347e303893ba14f0692005417c1e0e690a325a4c5d8bb2b3943ee14?s=96&d=mm&r=g","caption":"Cope Alcoy"}}]}},"_links":{"self":[{"href":"https:\/\/www.copealcoy.es\/es\/wp-json\/wp\/v2\/posts\/96676","targetHints":{"allow":["GET"]}}],"collection":[{"href":"https:\/\/www.copealcoy.es\/es\/wp-json\/wp\/v2\/posts"}],"about":[{"href":"https:\/\/www.copealcoy.es\/es\/wp-json\/wp\/v2\/types\/post"}],"author":[{"embeddable":true,"href":"https:\/\/www.copealcoy.es\/es\/wp-json\/wp\/v2\/users\/1"}],"replies":[{"embeddable":true,"href":"https:\/\/www.copealcoy.es\/es\/wp-json\/wp\/v2\/comments?post=96676"}],"version-history":[{"count":0,"href":"https:\/\/www.copealcoy.es\/es\/wp-json\/wp\/v2\/posts\/96676\/revisions"}],"wp:featuredmedia":[{"embeddable":true,"href":"https:\/\/www.copealcoy.es\/es\/wp-json\/wp\/v2\/media\/96677"}],"wp:attachment":[{"href":"https:\/\/www.copealcoy.es\/es\/wp-json\/wp\/v2\/media?parent=96676"}],"wp:term":[{"taxonomy":"category","embeddable":true,"href":"https:\/\/www.copealcoy.es\/es\/wp-json\/wp\/v2\/categories?post=96676"},{"taxonomy":"post_tag","embeddable":true,"href":"https:\/\/www.copealcoy.es\/es\/wp-json\/wp\/v2\/tags?post=96676"}],"curies":[{"name":"wp","href":"https:\/\/api.w.org\/{rel}","templated":true}]}}