{"id":96643,"date":"2023-01-20T13:44:11","date_gmt":"2023-01-20T12:44:11","guid":{"rendered":"https:\/\/www.copealcoy.es\/?p=96643"},"modified":"2023-01-20T14:01:27","modified_gmt":"2023-01-20T13:01:27","slug":"el-parc-tecnologic-de-rodes-dalcoi-obrira-les-seues-portes-en-2024","status":"publish","type":"post","link":"https:\/\/www.copealcoy.es\/es\/el-parc-tecnologic-de-rodes-dalcoi-obrira-les-seues-portes-en-2024\/","title":{"rendered":"El parc tecnol\u00f2gic de Rodes d&#8217;Alcoi obrir\u00e0 les seues portes en 2024"},"content":{"rendered":"<p style=\"text-align: justify;\">Avancen les obres a <strong>Rodes<\/strong>. I, segons l&#8217;<strong>Ajuntament d&#8217;Alcoi<\/strong>, ho fan a un &#8216;ritme intens&#8217;. L&#8217;objectiu, que el futur <strong>parc tecnol\u00f2gic<\/strong> estiga acabat en un termini inferior a 12 mesos. La posada en marxa est\u00e0 prevista per a <strong>2024<\/strong>.<\/p>\n<p style=\"text-align: justify;\">En aquests moments, els esfor\u00e7os es centren en poder comen\u00e7ar a fer tancaments de teulada en la zona del que ser\u00e0 un dels salons polivalents del parc a finals de gener. A m\u00e9s, s&#8217;est\u00e0 donant un impuls a la construcci\u00f3 del futur <strong>Centre d&#8217;Interpretaci\u00f3 Tur\u00edstica d&#8217;Interior (CDTi)<\/strong>, segons ha explicat <strong>Jordi Mart\u00ednez<\/strong>, vicealcalde i regidor d&#8217;Obres i Serveis.<\/p>\n<p style=\"text-align: justify;\">Des del Consistori confien en que el projecte, una vegada en funcionament, posicione a la ciutat com a referent dins la Comunitat Valenciana. &#8220;Aquest complex est\u00e0 dedicat a l&#8217;atracci\u00f3 i al manteniment del talent a la nostra ciutat, a la creaci\u00f3 d&#8217;empreses, a la dinamitzaci\u00f3 econ\u00f2mica i a fer d&#8217;Alcoi un referent de turisme d&#8217;interior amb la posada en marxa d&#8217;eixe CDT d&#8217;interior a la prov\u00edncia d&#8217;Alacant&#8221;, ha assegurat <strong>Toni Franc\u00e9s<\/strong>, alcalde de la ciutat.<\/p>\n<p style=\"text-align: justify;\">Recordem que les obres van comen\u00e7ar al mes de novembre de 2021, per\u00f2 es van alentir per algunes complicacions. Es va haver de dur a terme l\u2019eliminaci\u00f3 de tot el material de fibrociment detectat a l\u2019\u00e0rea i que va culminar amb la retirada i tractament de 1.100 metres quadrats de cobertes i fa\u00e7anes,\u00a0aix\u00ed com\u00a080 metres de baixants d\u2019asbest. A m\u00e9s, van ser localitzats i neutralitzats un total de 18 artefactes explosius de la Guerra Civil\u00a0detectats a Rodes.<\/p>\n<p style=\"text-align: justify;\">El projecte total compta amb un pressupost de 12 milions d&#8217;euros. D&#8217;ells, set estan destinats a les obres centrals. Es sumen 2,1 milions per al CDTi i altres 2,3 milions d&#8217;euros per a noves edificacions destinades a administraci\u00f3 i usos empresarials. Est\u00e0 cofinanciat per la <strong>Generalitat Valenciana<\/strong>, la <strong>Uni\u00f3 Europea<\/strong> -a trav\u00e9s dels Fons Europeus de Desenvolupament Regional (FEDER)- i l&#8217;Ajuntament d&#8217;Alcoi.<\/p>\n","protected":false},"excerpt":{"rendered":"<p>Avancen les obres a Rodes. I, segons l&#8217;Ajuntament d&#8217;Alcoi, ho fan a un &#8216;ritme intens&#8217;. L&#8217;objectiu, que el futur parc&#8230;<\/p>\n","protected":false},"author":1,"featured_media":96644,"comment_status":"open","ping_status":"open","sticky":false,"template":"","format":"standard","meta":{"footnotes":""},"categories":[6909,97,75,125],"tags":[160,11779,13626,803],"class_list":["post-96643","post","type-post","status-publish","format-standard","has-post-thumbnail","hentry","category-actualidad","category-alcoy","category-noticias","category-portada","tag-alcoi","tag-cdti","tag-parc-tecnologic","tag-rodes"],"yoast_head":"<!-- This site is optimized with the Yoast SEO plugin v27.3 - https:\/\/yoast.com\/product\/yoast-seo-wordpress\/ -->\n<title>El parc tecnol\u00f2gic de Rodes d&#039;Alcoi obrir\u00e0 les seues portes en 2024 - COPE Alcoy<\/title>\n<meta name=\"description\" content=\"Avancen les obres a Rodes. I, segons l&#039;Ajuntament d&#039;Alcoi, ho fan a un &#039;ritme intens&#039;. L&#039;objectiu, que el futur parc tecnol\u00f2gic estiga acabat en una pla\u00e7 inferior a 12 mesos. La posada en marxa est\u00e0 prevista per a 2024.\u00a0\" \/>\n<meta name=\"robots\" content=\"index, follow, max-snippet:-1, max-image-preview:large, max-video-preview:-1\" \/>\n<link rel=\"canonical\" href=\"https:\/\/www.copealcoy.es\/es\/el-parc-tecnologic-de-rodes-dalcoi-obrira-les-seues-portes-en-2024\/\" \/>\n<meta property=\"og:locale\" content=\"es_ES\" \/>\n<meta property=\"og:type\" content=\"article\" \/>\n<meta property=\"og:title\" content=\"El parc tecnol\u00f2gic de Rodes d&#039;Alcoi obrir\u00e0 les seues portes en 2024 - COPE Alcoy\" \/>\n<meta property=\"og:description\" content=\"Avancen les obres a Rodes. I, segons l&#039;Ajuntament d&#039;Alcoi, ho fan a un &#039;ritme intens&#039;. L&#039;objectiu, que el futur parc tecnol\u00f2gic estiga acabat en una pla\u00e7 inferior a 12 mesos. La posada en marxa est\u00e0 prevista per a 2024.\u00a0\" \/>\n<meta property=\"og:url\" content=\"https:\/\/www.copealcoy.es\/es\/el-parc-tecnologic-de-rodes-dalcoi-obrira-les-seues-portes-en-2024\/\" \/>\n<meta property=\"og:site_name\" content=\"COPE Alcoy\" \/>\n<meta property=\"article:published_time\" content=\"2023-01-20T12:44:11+00:00\" \/>\n<meta property=\"article:modified_time\" content=\"2023-01-20T13:01:27+00:00\" \/>\n<meta property=\"og:image\" content=\"https:\/\/www.copealcoy.es\/wp-content\/uploads\/2023\/01\/WhatsApp-Image-2023-01-20-at-13.43.07.jpeg\" \/>\n\t<meta property=\"og:image:width\" content=\"1024\" \/>\n\t<meta property=\"og:image:height\" content=\"768\" \/>\n\t<meta property=\"og:image:type\" content=\"image\/jpeg\" \/>\n<meta name=\"author\" content=\"Cope Alcoy\" \/>\n<meta name=\"twitter:label1\" content=\"Escrito por\" \/>\n\t<meta name=\"twitter:data1\" content=\"Cope Alcoy\" \/>\n\t<meta name=\"twitter:label2\" content=\"Tiempo de lectura\" \/>\n\t<meta name=\"twitter:data2\" content=\"2 minutos\" \/>\n<script type=\"application\/ld+json\" class=\"yoast-schema-graph\">{\"@context\":\"https:\\\/\\\/schema.org\",\"@graph\":[{\"@type\":\"Article\",\"@id\":\"https:\\\/\\\/www.copealcoy.es\\\/es\\\/el-parc-tecnologic-de-rodes-dalcoi-obrira-les-seues-portes-en-2024\\\/#article\",\"isPartOf\":{\"@id\":\"https:\\\/\\\/www.copealcoy.es\\\/es\\\/el-parc-tecnologic-de-rodes-dalcoi-obrira-les-seues-portes-en-2024\\\/\"},\"author\":{\"name\":\"Cope Alcoy\",\"@id\":\"https:\\\/\\\/www.copealcoy.es\\\/es\\\/#\\\/schema\\\/person\\\/e777c87fa024e57d40170af9df39882c\"},\"headline\":\"El parc tecnol\u00f2gic de Rodes d&#8217;Alcoi obrir\u00e0 les seues portes en 2024\",\"datePublished\":\"2023-01-20T12:44:11+00:00\",\"dateModified\":\"2023-01-20T13:01:27+00:00\",\"mainEntityOfPage\":{\"@id\":\"https:\\\/\\\/www.copealcoy.es\\\/es\\\/el-parc-tecnologic-de-rodes-dalcoi-obrira-les-seues-portes-en-2024\\\/\"},\"wordCount\":354,\"commentCount\":0,\"image\":{\"@id\":\"https:\\\/\\\/www.copealcoy.es\\\/es\\\/el-parc-tecnologic-de-rodes-dalcoi-obrira-les-seues-portes-en-2024\\\/#primaryimage\"},\"thumbnailUrl\":\"https:\\\/\\\/www.copealcoy.es\\\/wp-content\\\/uploads\\\/2023\\\/01\\\/WhatsApp-Image-2023-01-20-at-13.43.07.jpeg\",\"keywords\":[\"Alcoi\",\"CDTI\",\"parc tecnol\u00f2gic\",\"Rodes\"],\"articleSection\":[\"Actualidad\",\"Alcoy\",\"Noticias\",\"Portada\"],\"inLanguage\":\"es\"},{\"@type\":\"WebPage\",\"@id\":\"https:\\\/\\\/www.copealcoy.es\\\/es\\\/el-parc-tecnologic-de-rodes-dalcoi-obrira-les-seues-portes-en-2024\\\/\",\"url\":\"https:\\\/\\\/www.copealcoy.es\\\/es\\\/el-parc-tecnologic-de-rodes-dalcoi-obrira-les-seues-portes-en-2024\\\/\",\"name\":\"El parc tecnol\u00f2gic de Rodes d'Alcoi obrir\u00e0 les seues portes en 2024 - COPE Alcoy\",\"isPartOf\":{\"@id\":\"https:\\\/\\\/www.copealcoy.es\\\/es\\\/#website\"},\"primaryImageOfPage\":{\"@id\":\"https:\\\/\\\/www.copealcoy.es\\\/es\\\/el-parc-tecnologic-de-rodes-dalcoi-obrira-les-seues-portes-en-2024\\\/#primaryimage\"},\"image\":{\"@id\":\"https:\\\/\\\/www.copealcoy.es\\\/es\\\/el-parc-tecnologic-de-rodes-dalcoi-obrira-les-seues-portes-en-2024\\\/#primaryimage\"},\"thumbnailUrl\":\"https:\\\/\\\/www.copealcoy.es\\\/wp-content\\\/uploads\\\/2023\\\/01\\\/WhatsApp-Image-2023-01-20-at-13.43.07.jpeg\",\"datePublished\":\"2023-01-20T12:44:11+00:00\",\"dateModified\":\"2023-01-20T13:01:27+00:00\",\"author\":{\"@id\":\"https:\\\/\\\/www.copealcoy.es\\\/es\\\/#\\\/schema\\\/person\\\/e777c87fa024e57d40170af9df39882c\"},\"description\":\"Avancen les obres a Rodes. I, segons l'Ajuntament d'Alcoi, ho fan a un 'ritme intens'. L'objectiu, que el futur parc tecnol\u00f2gic estiga acabat en una pla\u00e7 inferior a 12 mesos. La posada en marxa est\u00e0 prevista per a 2024.\u00a0\",\"breadcrumb\":{\"@id\":\"https:\\\/\\\/www.copealcoy.es\\\/es\\\/el-parc-tecnologic-de-rodes-dalcoi-obrira-les-seues-portes-en-2024\\\/#breadcrumb\"},\"inLanguage\":\"es\",\"potentialAction\":[{\"@type\":\"ReadAction\",\"target\":[\"https:\\\/\\\/www.copealcoy.es\\\/es\\\/el-parc-tecnologic-de-rodes-dalcoi-obrira-les-seues-portes-en-2024\\\/\"]}]},{\"@type\":\"ImageObject\",\"inLanguage\":\"es\",\"@id\":\"https:\\\/\\\/www.copealcoy.es\\\/es\\\/el-parc-tecnologic-de-rodes-dalcoi-obrira-les-seues-portes-en-2024\\\/#primaryimage\",\"url\":\"https:\\\/\\\/www.copealcoy.es\\\/wp-content\\\/uploads\\\/2023\\\/01\\\/WhatsApp-Image-2023-01-20-at-13.43.07.jpeg\",\"contentUrl\":\"https:\\\/\\\/www.copealcoy.es\\\/wp-content\\\/uploads\\\/2023\\\/01\\\/WhatsApp-Image-2023-01-20-at-13.43.07.jpeg\",\"width\":1024,\"height\":768},{\"@type\":\"BreadcrumbList\",\"@id\":\"https:\\\/\\\/www.copealcoy.es\\\/es\\\/el-parc-tecnologic-de-rodes-dalcoi-obrira-les-seues-portes-en-2024\\\/#breadcrumb\",\"itemListElement\":[{\"@type\":\"ListItem\",\"position\":1,\"name\":\"Portada\",\"item\":\"https:\\\/\\\/www.copealcoy.es\\\/es\\\/\"},{\"@type\":\"ListItem\",\"position\":2,\"name\":\"El parc tecnol\u00f2gic de Rodes d&#8217;Alcoi obrir\u00e0 les seues portes en 2024\"}]},{\"@type\":\"WebSite\",\"@id\":\"https:\\\/\\\/www.copealcoy.es\\\/es\\\/#website\",\"url\":\"https:\\\/\\\/www.copealcoy.es\\\/es\\\/\",\"name\":\"COPE Alcoy\",\"description\":\"Emisora COPE de radio local con emisi\u00f3n online. Pont de Sant Jordi 8-10 03803 Alcoy\",\"potentialAction\":[{\"@type\":\"SearchAction\",\"target\":{\"@type\":\"EntryPoint\",\"urlTemplate\":\"https:\\\/\\\/www.copealcoy.es\\\/es\\\/?s={search_term_string}\"},\"query-input\":{\"@type\":\"PropertyValueSpecification\",\"valueRequired\":true,\"valueName\":\"search_term_string\"}}],\"inLanguage\":\"es\"},{\"@type\":\"Person\",\"@id\":\"https:\\\/\\\/www.copealcoy.es\\\/es\\\/#\\\/schema\\\/person\\\/e777c87fa024e57d40170af9df39882c\",\"name\":\"Cope Alcoy\",\"image\":{\"@type\":\"ImageObject\",\"inLanguage\":\"es\",\"@id\":\"https:\\\/\\\/secure.gravatar.com\\\/avatar\\\/bb65d0283347e303893ba14f0692005417c1e0e690a325a4c5d8bb2b3943ee14?s=96&d=mm&r=g\",\"url\":\"https:\\\/\\\/secure.gravatar.com\\\/avatar\\\/bb65d0283347e303893ba14f0692005417c1e0e690a325a4c5d8bb2b3943ee14?s=96&d=mm&r=g\",\"contentUrl\":\"https:\\\/\\\/secure.gravatar.com\\\/avatar\\\/bb65d0283347e303893ba14f0692005417c1e0e690a325a4c5d8bb2b3943ee14?s=96&d=mm&r=g\",\"caption\":\"Cope Alcoy\"}}]}<\/script>\n<!-- \/ Yoast SEO plugin. -->","yoast_head_json":{"title":"El parc tecnol\u00f2gic de Rodes d'Alcoi obrir\u00e0 les seues portes en 2024 - COPE Alcoy","description":"Avancen les obres a Rodes. I, segons l'Ajuntament d'Alcoi, ho fan a un 'ritme intens'. L'objectiu, que el futur parc tecnol\u00f2gic estiga acabat en una pla\u00e7 inferior a 12 mesos. La posada en marxa est\u00e0 prevista per a 2024.\u00a0","robots":{"index":"index","follow":"follow","max-snippet":"max-snippet:-1","max-image-preview":"max-image-preview:large","max-video-preview":"max-video-preview:-1"},"canonical":"https:\/\/www.copealcoy.es\/es\/el-parc-tecnologic-de-rodes-dalcoi-obrira-les-seues-portes-en-2024\/","og_locale":"es_ES","og_type":"article","og_title":"El parc tecnol\u00f2gic de Rodes d'Alcoi obrir\u00e0 les seues portes en 2024 - COPE Alcoy","og_description":"Avancen les obres a Rodes. I, segons l'Ajuntament d'Alcoi, ho fan a un 'ritme intens'. L'objectiu, que el futur parc tecnol\u00f2gic estiga acabat en una pla\u00e7 inferior a 12 mesos. La posada en marxa est\u00e0 prevista per a 2024.\u00a0","og_url":"https:\/\/www.copealcoy.es\/es\/el-parc-tecnologic-de-rodes-dalcoi-obrira-les-seues-portes-en-2024\/","og_site_name":"COPE Alcoy","article_published_time":"2023-01-20T12:44:11+00:00","article_modified_time":"2023-01-20T13:01:27+00:00","og_image":[{"width":1024,"height":768,"url":"https:\/\/www.copealcoy.es\/wp-content\/uploads\/2023\/01\/WhatsApp-Image-2023-01-20-at-13.43.07.jpeg","type":"image\/jpeg"}],"author":"Cope Alcoy","twitter_misc":{"Escrito por":"Cope Alcoy","Tiempo de lectura":"2 minutos"},"schema":{"@context":"https:\/\/schema.org","@graph":[{"@type":"Article","@id":"https:\/\/www.copealcoy.es\/es\/el-parc-tecnologic-de-rodes-dalcoi-obrira-les-seues-portes-en-2024\/#article","isPartOf":{"@id":"https:\/\/www.copealcoy.es\/es\/el-parc-tecnologic-de-rodes-dalcoi-obrira-les-seues-portes-en-2024\/"},"author":{"name":"Cope Alcoy","@id":"https:\/\/www.copealcoy.es\/es\/#\/schema\/person\/e777c87fa024e57d40170af9df39882c"},"headline":"El parc tecnol\u00f2gic de Rodes d&#8217;Alcoi obrir\u00e0 les seues portes en 2024","datePublished":"2023-01-20T12:44:11+00:00","dateModified":"2023-01-20T13:01:27+00:00","mainEntityOfPage":{"@id":"https:\/\/www.copealcoy.es\/es\/el-parc-tecnologic-de-rodes-dalcoi-obrira-les-seues-portes-en-2024\/"},"wordCount":354,"commentCount":0,"image":{"@id":"https:\/\/www.copealcoy.es\/es\/el-parc-tecnologic-de-rodes-dalcoi-obrira-les-seues-portes-en-2024\/#primaryimage"},"thumbnailUrl":"https:\/\/www.copealcoy.es\/wp-content\/uploads\/2023\/01\/WhatsApp-Image-2023-01-20-at-13.43.07.jpeg","keywords":["Alcoi","CDTI","parc tecnol\u00f2gic","Rodes"],"articleSection":["Actualidad","Alcoy","Noticias","Portada"],"inLanguage":"es"},{"@type":"WebPage","@id":"https:\/\/www.copealcoy.es\/es\/el-parc-tecnologic-de-rodes-dalcoi-obrira-les-seues-portes-en-2024\/","url":"https:\/\/www.copealcoy.es\/es\/el-parc-tecnologic-de-rodes-dalcoi-obrira-les-seues-portes-en-2024\/","name":"El parc tecnol\u00f2gic de Rodes d'Alcoi obrir\u00e0 les seues portes en 2024 - COPE Alcoy","isPartOf":{"@id":"https:\/\/www.copealcoy.es\/es\/#website"},"primaryImageOfPage":{"@id":"https:\/\/www.copealcoy.es\/es\/el-parc-tecnologic-de-rodes-dalcoi-obrira-les-seues-portes-en-2024\/#primaryimage"},"image":{"@id":"https:\/\/www.copealcoy.es\/es\/el-parc-tecnologic-de-rodes-dalcoi-obrira-les-seues-portes-en-2024\/#primaryimage"},"thumbnailUrl":"https:\/\/www.copealcoy.es\/wp-content\/uploads\/2023\/01\/WhatsApp-Image-2023-01-20-at-13.43.07.jpeg","datePublished":"2023-01-20T12:44:11+00:00","dateModified":"2023-01-20T13:01:27+00:00","author":{"@id":"https:\/\/www.copealcoy.es\/es\/#\/schema\/person\/e777c87fa024e57d40170af9df39882c"},"description":"Avancen les obres a Rodes. I, segons l'Ajuntament d'Alcoi, ho fan a un 'ritme intens'. L'objectiu, que el futur parc tecnol\u00f2gic estiga acabat en una pla\u00e7 inferior a 12 mesos. La posada en marxa est\u00e0 prevista per a 2024.\u00a0","breadcrumb":{"@id":"https:\/\/www.copealcoy.es\/es\/el-parc-tecnologic-de-rodes-dalcoi-obrira-les-seues-portes-en-2024\/#breadcrumb"},"inLanguage":"es","potentialAction":[{"@type":"ReadAction","target":["https:\/\/www.copealcoy.es\/es\/el-parc-tecnologic-de-rodes-dalcoi-obrira-les-seues-portes-en-2024\/"]}]},{"@type":"ImageObject","inLanguage":"es","@id":"https:\/\/www.copealcoy.es\/es\/el-parc-tecnologic-de-rodes-dalcoi-obrira-les-seues-portes-en-2024\/#primaryimage","url":"https:\/\/www.copealcoy.es\/wp-content\/uploads\/2023\/01\/WhatsApp-Image-2023-01-20-at-13.43.07.jpeg","contentUrl":"https:\/\/www.copealcoy.es\/wp-content\/uploads\/2023\/01\/WhatsApp-Image-2023-01-20-at-13.43.07.jpeg","width":1024,"height":768},{"@type":"BreadcrumbList","@id":"https:\/\/www.copealcoy.es\/es\/el-parc-tecnologic-de-rodes-dalcoi-obrira-les-seues-portes-en-2024\/#breadcrumb","itemListElement":[{"@type":"ListItem","position":1,"name":"Portada","item":"https:\/\/www.copealcoy.es\/es\/"},{"@type":"ListItem","position":2,"name":"El parc tecnol\u00f2gic de Rodes d&#8217;Alcoi obrir\u00e0 les seues portes en 2024"}]},{"@type":"WebSite","@id":"https:\/\/www.copealcoy.es\/es\/#website","url":"https:\/\/www.copealcoy.es\/es\/","name":"COPE Alcoy","description":"Emisora COPE de radio local con emisi\u00f3n online. Pont de Sant Jordi 8-10 03803 Alcoy","potentialAction":[{"@type":"SearchAction","target":{"@type":"EntryPoint","urlTemplate":"https:\/\/www.copealcoy.es\/es\/?s={search_term_string}"},"query-input":{"@type":"PropertyValueSpecification","valueRequired":true,"valueName":"search_term_string"}}],"inLanguage":"es"},{"@type":"Person","@id":"https:\/\/www.copealcoy.es\/es\/#\/schema\/person\/e777c87fa024e57d40170af9df39882c","name":"Cope Alcoy","image":{"@type":"ImageObject","inLanguage":"es","@id":"https:\/\/secure.gravatar.com\/avatar\/bb65d0283347e303893ba14f0692005417c1e0e690a325a4c5d8bb2b3943ee14?s=96&d=mm&r=g","url":"https:\/\/secure.gravatar.com\/avatar\/bb65d0283347e303893ba14f0692005417c1e0e690a325a4c5d8bb2b3943ee14?s=96&d=mm&r=g","contentUrl":"https:\/\/secure.gravatar.com\/avatar\/bb65d0283347e303893ba14f0692005417c1e0e690a325a4c5d8bb2b3943ee14?s=96&d=mm&r=g","caption":"Cope Alcoy"}}]}},"_links":{"self":[{"href":"https:\/\/www.copealcoy.es\/es\/wp-json\/wp\/v2\/posts\/96643","targetHints":{"allow":["GET"]}}],"collection":[{"href":"https:\/\/www.copealcoy.es\/es\/wp-json\/wp\/v2\/posts"}],"about":[{"href":"https:\/\/www.copealcoy.es\/es\/wp-json\/wp\/v2\/types\/post"}],"author":[{"embeddable":true,"href":"https:\/\/www.copealcoy.es\/es\/wp-json\/wp\/v2\/users\/1"}],"replies":[{"embeddable":true,"href":"https:\/\/www.copealcoy.es\/es\/wp-json\/wp\/v2\/comments?post=96643"}],"version-history":[{"count":0,"href":"https:\/\/www.copealcoy.es\/es\/wp-json\/wp\/v2\/posts\/96643\/revisions"}],"wp:featuredmedia":[{"embeddable":true,"href":"https:\/\/www.copealcoy.es\/es\/wp-json\/wp\/v2\/media\/96644"}],"wp:attachment":[{"href":"https:\/\/www.copealcoy.es\/es\/wp-json\/wp\/v2\/media?parent=96643"}],"wp:term":[{"taxonomy":"category","embeddable":true,"href":"https:\/\/www.copealcoy.es\/es\/wp-json\/wp\/v2\/categories?post=96643"},{"taxonomy":"post_tag","embeddable":true,"href":"https:\/\/www.copealcoy.es\/es\/wp-json\/wp\/v2\/tags?post=96643"}],"curies":[{"name":"wp","href":"https:\/\/api.w.org\/{rel}","templated":true}]}}