{"id":96548,"date":"2023-01-18T08:00:48","date_gmt":"2023-01-18T07:00:48","guid":{"rendered":"https:\/\/www.copealcoy.es\/?p=96548"},"modified":"2023-01-18T13:47:23","modified_gmt":"2023-01-18T12:47:23","slug":"alcoi-i-les-nostres-comarques-tornen-a-promocionar-els-seus-atractius-en-fitur","status":"publish","type":"post","link":"https:\/\/www.copealcoy.es\/es\/alcoi-i-les-nostres-comarques-tornen-a-promocionar-els-seus-atractius-en-fitur\/","title":{"rendered":"Alcoi i les nostres comarques tornen a promocionar els seus atractius en FITUR"},"content":{"rendered":"<p style=\"text-align: justify;\">Hui dimecres arranca a Madrid <a href=\"https:\/\/www.ifema.es\/fitur\/visitantes-b2b-b2c?gclid=CjwKCAiAzp6eBhByEiwA_gGq5IN5qVvvyYkckUEwOKpJ8r5aJV9QL5mt1DOzxtzuXIMYIlq0LtGpQRoCDJ4QAvD_BwE&amp;gclsrc=aw.ds\" target=\"_blank\" rel=\"noopener\"><strong><span style=\"color: #0000ff;\">la Fira Internacional del Turisme (<span class=\"hiddenSpellError\">FITUR<\/span>)<\/span><\/strong><\/a> en la seua edici\u00f3 2023 i ho fa <strong>amb plena normalitat despr\u00e9s de dos anys de pand\u00e8mia<\/strong>. Fins all\u00ed <strong>s&#8217;han despla\u00e7at molts municipis de les comarques de l&#8217;Alcoi\u00e0 i el Comtat<\/strong> per tal de donar a con\u00e9ixer <strong>els seus principals atractius<\/strong> davant el nombr\u00f3s p\u00fablic que passar\u00e0 pel certamen en el fet\u00a0que resta de setmana.<\/p>\n<p style=\"text-align: justify;\">Alcoi torna a estar present i participa en diferents actes <strong>com presentacions i confer\u00e8ncies<\/strong>. A m\u00e9s la ciutat <strong>aposta per mostrar tot el treball que porta endavant la\u00a0<span class=\"hiddenSpellError\">Film<\/span>\u00a0Office<\/strong> a la capital de l&#8217;Alcoi\u00e0 i que permet que ac\u00ed <strong>s&#8217;hagen gravat un bon nombre de pel\u00b7l\u00edcules o s\u00e8ries<\/strong>. Un altre dels plats forts \u00e9s <strong>la presentaci\u00f3 del futur museu que estar\u00e0 dedicat a\u00a0<span class=\"hiddenSpellError\">Camilo<\/span>\u00a0Sesto<\/strong> &#8220;<em>comencem a mostrar un nou atractiu que tindr\u00e0 prompte la ciutat, per\u00f2 som conscients que aquesta promoci\u00f3 deu anar m\u00e9s enll\u00e0 quan siga una realitat perqu\u00e8 amb un projecte d&#8217;aquestes caracter\u00edstiques podem atraure a molts turistes internacionals fins a Alcoi<\/em>&#8220;, comentava aquest mat\u00ed en COPE ALCOI la regidora de Turisme; <strong>Lorena\u00a0<span class=\"hiddenSpellError\">Zamorano<\/span><\/strong>.<\/p>\n<p style=\"text-align: justify;\"><strong><span style=\"color: #0000ff;\">La prov\u00edncia presenta destacades novetats<\/span><\/strong><\/p>\n<p style=\"text-align: justify;\">El Patronat Costa Blanca ja hi ha desembarcat a\u00a0<span class=\"hiddenSpellError\">IFEMA<\/span> <strong>amb un ample ventall d&#8217;activitats per als pr\u00f2xims dies<\/strong>. Estan programades <strong>m\u00e9s d\u2019un centenar de presentacions monogr\u00e0fiques i m\u00e9s d\u2019una vintena de demostracions gastron\u00f2miques<\/strong> dels municipis, a m\u00e9s <strong>d\u2019accions per a augmentar l\u2019arribada del turista brit\u00e0nic<\/strong>, el principal mercat, i altres dins del turisme d\u2019interior, de rodatges, esportiu i esdeveniments LGTBI. Tamb\u00e9 tindr\u00e0 lloc la presentaci\u00f3 de l&#8217; <strong>arribada dels Guerrers de terracota de Xi\u2019an al MARQ<\/strong>, exposici\u00f3 prevista per a finals del mes de mar\u00e7 fins a cap d\u2019any, que s\u2019ha aconseguit despr\u00e9s de moltes vicissituds i que recala a Alacant despr\u00e9s de molts anys sense eixir de la Xina. Els detalls\u00a0<strong>s\u2019oferiran tots en el propi IFEMA<\/strong>\u00a0el dijous.<\/p>\n<p style=\"text-align: justify;\">Cocentaina, Onil, Castalla, o l&#8217;Orxa <strong>s\u00f3n altres dels municipis<\/strong> de les nostres comarques que tamb\u00e9 des de hui tindran pres\u00e8ncia a FITUR. La Fira estar\u00e0 funcionant a ple rendiment fins al pr\u00f2xim cap de setmana.<\/p>\n","protected":false},"excerpt":{"rendered":"<p>Hui dimecres arranca a Madrid la Fira Internacional del Turisme (FITUR) en la seua edici\u00f3 2023 i ho fa amb&#8230;<\/p>\n","protected":false},"author":1,"featured_media":96549,"comment_status":"open","ping_status":"open","sticky":false,"template":"","format":"standard","meta":{"footnotes":""},"categories":[6909,97,98,75],"tags":[160,482,237,597,596,5058],"class_list":["post-96548","post","type-post","status-publish","format-standard","has-post-thumbnail","hentry","category-actualidad","category-alcoy","category-comarcas","category-noticias","tag-alcoi","tag-alcoia","tag-comtat","tag-costa-blanca","tag-fitur","tag-turisme"],"yoast_head":"<!-- This site is optimized with the Yoast SEO plugin v27.3 - https:\/\/yoast.com\/product\/yoast-seo-wordpress\/ -->\n<title>Alcoi i les nostres comarques tornen a promocionar els seus atractius en FITUR - COPE Alcoy<\/title>\n<meta name=\"description\" content=\"Alcoi i les nostres comarques tornen a promocionar els seus atractius en FITUR, una Fira que ha obert hui les seues portes\" \/>\n<meta name=\"robots\" content=\"index, follow, max-snippet:-1, max-image-preview:large, max-video-preview:-1\" \/>\n<link rel=\"canonical\" href=\"https:\/\/www.copealcoy.es\/es\/alcoi-i-les-nostres-comarques-tornen-a-promocionar-els-seus-atractius-en-fitur\/\" \/>\n<meta property=\"og:locale\" content=\"es_ES\" \/>\n<meta property=\"og:type\" content=\"article\" \/>\n<meta property=\"og:title\" content=\"Alcoi i les nostres comarques tornen a promocionar els seus atractius en FITUR - COPE Alcoy\" \/>\n<meta property=\"og:description\" content=\"Alcoi i les nostres comarques tornen a promocionar els seus atractius en FITUR, una Fira que ha obert hui les seues portes\" \/>\n<meta property=\"og:url\" content=\"https:\/\/www.copealcoy.es\/es\/alcoi-i-les-nostres-comarques-tornen-a-promocionar-els-seus-atractius-en-fitur\/\" \/>\n<meta property=\"og:site_name\" content=\"COPE Alcoy\" \/>\n<meta property=\"article:published_time\" content=\"2023-01-18T07:00:48+00:00\" \/>\n<meta property=\"article:modified_time\" content=\"2023-01-18T12:47:23+00:00\" \/>\n<meta property=\"og:image\" content=\"https:\/\/www.copealcoy.es\/wp-content\/uploads\/2023\/01\/FmwPgtNXoAAAVC3.jpg\" \/>\n\t<meta property=\"og:image:width\" content=\"680\" \/>\n\t<meta property=\"og:image:height\" content=\"454\" \/>\n\t<meta property=\"og:image:type\" content=\"image\/jpeg\" \/>\n<meta name=\"author\" content=\"Cope Alcoy\" \/>\n<meta name=\"twitter:label1\" content=\"Escrito por\" \/>\n\t<meta name=\"twitter:data1\" content=\"Cope Alcoy\" \/>\n\t<meta name=\"twitter:label2\" content=\"Tiempo de lectura\" \/>\n\t<meta name=\"twitter:data2\" content=\"2 minutos\" \/>\n<script type=\"application\/ld+json\" class=\"yoast-schema-graph\">{\"@context\":\"https:\\\/\\\/schema.org\",\"@graph\":[{\"@type\":\"Article\",\"@id\":\"https:\\\/\\\/www.copealcoy.es\\\/es\\\/alcoi-i-les-nostres-comarques-tornen-a-promocionar-els-seus-atractius-en-fitur\\\/#article\",\"isPartOf\":{\"@id\":\"https:\\\/\\\/www.copealcoy.es\\\/es\\\/alcoi-i-les-nostres-comarques-tornen-a-promocionar-els-seus-atractius-en-fitur\\\/\"},\"author\":{\"name\":\"Cope Alcoy\",\"@id\":\"https:\\\/\\\/www.copealcoy.es\\\/es\\\/#\\\/schema\\\/person\\\/e777c87fa024e57d40170af9df39882c\"},\"headline\":\"Alcoi i les nostres comarques tornen a promocionar els seus atractius en FITUR\",\"datePublished\":\"2023-01-18T07:00:48+00:00\",\"dateModified\":\"2023-01-18T12:47:23+00:00\",\"mainEntityOfPage\":{\"@id\":\"https:\\\/\\\/www.copealcoy.es\\\/es\\\/alcoi-i-les-nostres-comarques-tornen-a-promocionar-els-seus-atractius-en-fitur\\\/\"},\"wordCount\":400,\"commentCount\":0,\"image\":{\"@id\":\"https:\\\/\\\/www.copealcoy.es\\\/es\\\/alcoi-i-les-nostres-comarques-tornen-a-promocionar-els-seus-atractius-en-fitur\\\/#primaryimage\"},\"thumbnailUrl\":\"https:\\\/\\\/www.copealcoy.es\\\/wp-content\\\/uploads\\\/2023\\\/01\\\/FmwPgtNXoAAAVC3.jpg\",\"keywords\":[\"Alcoi\",\"Alcoi\u00e0\",\"Comtat\",\"Costa Blanca\",\"FITUR\",\"Turisme\"],\"articleSection\":[\"Actualidad\",\"Alcoy\",\"Comarcas\",\"Noticias\"],\"inLanguage\":\"es\"},{\"@type\":\"WebPage\",\"@id\":\"https:\\\/\\\/www.copealcoy.es\\\/es\\\/alcoi-i-les-nostres-comarques-tornen-a-promocionar-els-seus-atractius-en-fitur\\\/\",\"url\":\"https:\\\/\\\/www.copealcoy.es\\\/es\\\/alcoi-i-les-nostres-comarques-tornen-a-promocionar-els-seus-atractius-en-fitur\\\/\",\"name\":\"Alcoi i les nostres comarques tornen a promocionar els seus atractius en FITUR - COPE Alcoy\",\"isPartOf\":{\"@id\":\"https:\\\/\\\/www.copealcoy.es\\\/es\\\/#website\"},\"primaryImageOfPage\":{\"@id\":\"https:\\\/\\\/www.copealcoy.es\\\/es\\\/alcoi-i-les-nostres-comarques-tornen-a-promocionar-els-seus-atractius-en-fitur\\\/#primaryimage\"},\"image\":{\"@id\":\"https:\\\/\\\/www.copealcoy.es\\\/es\\\/alcoi-i-les-nostres-comarques-tornen-a-promocionar-els-seus-atractius-en-fitur\\\/#primaryimage\"},\"thumbnailUrl\":\"https:\\\/\\\/www.copealcoy.es\\\/wp-content\\\/uploads\\\/2023\\\/01\\\/FmwPgtNXoAAAVC3.jpg\",\"datePublished\":\"2023-01-18T07:00:48+00:00\",\"dateModified\":\"2023-01-18T12:47:23+00:00\",\"author\":{\"@id\":\"https:\\\/\\\/www.copealcoy.es\\\/es\\\/#\\\/schema\\\/person\\\/e777c87fa024e57d40170af9df39882c\"},\"description\":\"Alcoi i les nostres comarques tornen a promocionar els seus atractius en FITUR, una Fira que ha obert hui les seues portes\",\"breadcrumb\":{\"@id\":\"https:\\\/\\\/www.copealcoy.es\\\/es\\\/alcoi-i-les-nostres-comarques-tornen-a-promocionar-els-seus-atractius-en-fitur\\\/#breadcrumb\"},\"inLanguage\":\"es\",\"potentialAction\":[{\"@type\":\"ReadAction\",\"target\":[\"https:\\\/\\\/www.copealcoy.es\\\/es\\\/alcoi-i-les-nostres-comarques-tornen-a-promocionar-els-seus-atractius-en-fitur\\\/\"]}]},{\"@type\":\"ImageObject\",\"inLanguage\":\"es\",\"@id\":\"https:\\\/\\\/www.copealcoy.es\\\/es\\\/alcoi-i-les-nostres-comarques-tornen-a-promocionar-els-seus-atractius-en-fitur\\\/#primaryimage\",\"url\":\"https:\\\/\\\/www.copealcoy.es\\\/wp-content\\\/uploads\\\/2023\\\/01\\\/FmwPgtNXoAAAVC3.jpg\",\"contentUrl\":\"https:\\\/\\\/www.copealcoy.es\\\/wp-content\\\/uploads\\\/2023\\\/01\\\/FmwPgtNXoAAAVC3.jpg\",\"width\":680,\"height\":454},{\"@type\":\"BreadcrumbList\",\"@id\":\"https:\\\/\\\/www.copealcoy.es\\\/es\\\/alcoi-i-les-nostres-comarques-tornen-a-promocionar-els-seus-atractius-en-fitur\\\/#breadcrumb\",\"itemListElement\":[{\"@type\":\"ListItem\",\"position\":1,\"name\":\"Portada\",\"item\":\"https:\\\/\\\/www.copealcoy.es\\\/es\\\/\"},{\"@type\":\"ListItem\",\"position\":2,\"name\":\"Alcoi i les nostres comarques tornen a promocionar els seus atractius en FITUR\"}]},{\"@type\":\"WebSite\",\"@id\":\"https:\\\/\\\/www.copealcoy.es\\\/es\\\/#website\",\"url\":\"https:\\\/\\\/www.copealcoy.es\\\/es\\\/\",\"name\":\"COPE Alcoy\",\"description\":\"Emisora COPE de radio local con emisi\u00f3n online. Pont de Sant Jordi 8-10 03803 Alcoy\",\"potentialAction\":[{\"@type\":\"SearchAction\",\"target\":{\"@type\":\"EntryPoint\",\"urlTemplate\":\"https:\\\/\\\/www.copealcoy.es\\\/es\\\/?s={search_term_string}\"},\"query-input\":{\"@type\":\"PropertyValueSpecification\",\"valueRequired\":true,\"valueName\":\"search_term_string\"}}],\"inLanguage\":\"es\"},{\"@type\":\"Person\",\"@id\":\"https:\\\/\\\/www.copealcoy.es\\\/es\\\/#\\\/schema\\\/person\\\/e777c87fa024e57d40170af9df39882c\",\"name\":\"Cope Alcoy\",\"image\":{\"@type\":\"ImageObject\",\"inLanguage\":\"es\",\"@id\":\"https:\\\/\\\/secure.gravatar.com\\\/avatar\\\/bb65d0283347e303893ba14f0692005417c1e0e690a325a4c5d8bb2b3943ee14?s=96&d=mm&r=g\",\"url\":\"https:\\\/\\\/secure.gravatar.com\\\/avatar\\\/bb65d0283347e303893ba14f0692005417c1e0e690a325a4c5d8bb2b3943ee14?s=96&d=mm&r=g\",\"contentUrl\":\"https:\\\/\\\/secure.gravatar.com\\\/avatar\\\/bb65d0283347e303893ba14f0692005417c1e0e690a325a4c5d8bb2b3943ee14?s=96&d=mm&r=g\",\"caption\":\"Cope Alcoy\"}}]}<\/script>\n<!-- \/ Yoast SEO plugin. -->","yoast_head_json":{"title":"Alcoi i les nostres comarques tornen a promocionar els seus atractius en FITUR - COPE Alcoy","description":"Alcoi i les nostres comarques tornen a promocionar els seus atractius en FITUR, una Fira que ha obert hui les seues portes","robots":{"index":"index","follow":"follow","max-snippet":"max-snippet:-1","max-image-preview":"max-image-preview:large","max-video-preview":"max-video-preview:-1"},"canonical":"https:\/\/www.copealcoy.es\/es\/alcoi-i-les-nostres-comarques-tornen-a-promocionar-els-seus-atractius-en-fitur\/","og_locale":"es_ES","og_type":"article","og_title":"Alcoi i les nostres comarques tornen a promocionar els seus atractius en FITUR - COPE Alcoy","og_description":"Alcoi i les nostres comarques tornen a promocionar els seus atractius en FITUR, una Fira que ha obert hui les seues portes","og_url":"https:\/\/www.copealcoy.es\/es\/alcoi-i-les-nostres-comarques-tornen-a-promocionar-els-seus-atractius-en-fitur\/","og_site_name":"COPE Alcoy","article_published_time":"2023-01-18T07:00:48+00:00","article_modified_time":"2023-01-18T12:47:23+00:00","og_image":[{"width":680,"height":454,"url":"https:\/\/www.copealcoy.es\/wp-content\/uploads\/2023\/01\/FmwPgtNXoAAAVC3.jpg","type":"image\/jpeg"}],"author":"Cope Alcoy","twitter_misc":{"Escrito por":"Cope Alcoy","Tiempo de lectura":"2 minutos"},"schema":{"@context":"https:\/\/schema.org","@graph":[{"@type":"Article","@id":"https:\/\/www.copealcoy.es\/es\/alcoi-i-les-nostres-comarques-tornen-a-promocionar-els-seus-atractius-en-fitur\/#article","isPartOf":{"@id":"https:\/\/www.copealcoy.es\/es\/alcoi-i-les-nostres-comarques-tornen-a-promocionar-els-seus-atractius-en-fitur\/"},"author":{"name":"Cope Alcoy","@id":"https:\/\/www.copealcoy.es\/es\/#\/schema\/person\/e777c87fa024e57d40170af9df39882c"},"headline":"Alcoi i les nostres comarques tornen a promocionar els seus atractius en FITUR","datePublished":"2023-01-18T07:00:48+00:00","dateModified":"2023-01-18T12:47:23+00:00","mainEntityOfPage":{"@id":"https:\/\/www.copealcoy.es\/es\/alcoi-i-les-nostres-comarques-tornen-a-promocionar-els-seus-atractius-en-fitur\/"},"wordCount":400,"commentCount":0,"image":{"@id":"https:\/\/www.copealcoy.es\/es\/alcoi-i-les-nostres-comarques-tornen-a-promocionar-els-seus-atractius-en-fitur\/#primaryimage"},"thumbnailUrl":"https:\/\/www.copealcoy.es\/wp-content\/uploads\/2023\/01\/FmwPgtNXoAAAVC3.jpg","keywords":["Alcoi","Alcoi\u00e0","Comtat","Costa Blanca","FITUR","Turisme"],"articleSection":["Actualidad","Alcoy","Comarcas","Noticias"],"inLanguage":"es"},{"@type":"WebPage","@id":"https:\/\/www.copealcoy.es\/es\/alcoi-i-les-nostres-comarques-tornen-a-promocionar-els-seus-atractius-en-fitur\/","url":"https:\/\/www.copealcoy.es\/es\/alcoi-i-les-nostres-comarques-tornen-a-promocionar-els-seus-atractius-en-fitur\/","name":"Alcoi i les nostres comarques tornen a promocionar els seus atractius en FITUR - COPE Alcoy","isPartOf":{"@id":"https:\/\/www.copealcoy.es\/es\/#website"},"primaryImageOfPage":{"@id":"https:\/\/www.copealcoy.es\/es\/alcoi-i-les-nostres-comarques-tornen-a-promocionar-els-seus-atractius-en-fitur\/#primaryimage"},"image":{"@id":"https:\/\/www.copealcoy.es\/es\/alcoi-i-les-nostres-comarques-tornen-a-promocionar-els-seus-atractius-en-fitur\/#primaryimage"},"thumbnailUrl":"https:\/\/www.copealcoy.es\/wp-content\/uploads\/2023\/01\/FmwPgtNXoAAAVC3.jpg","datePublished":"2023-01-18T07:00:48+00:00","dateModified":"2023-01-18T12:47:23+00:00","author":{"@id":"https:\/\/www.copealcoy.es\/es\/#\/schema\/person\/e777c87fa024e57d40170af9df39882c"},"description":"Alcoi i les nostres comarques tornen a promocionar els seus atractius en FITUR, una Fira que ha obert hui les seues portes","breadcrumb":{"@id":"https:\/\/www.copealcoy.es\/es\/alcoi-i-les-nostres-comarques-tornen-a-promocionar-els-seus-atractius-en-fitur\/#breadcrumb"},"inLanguage":"es","potentialAction":[{"@type":"ReadAction","target":["https:\/\/www.copealcoy.es\/es\/alcoi-i-les-nostres-comarques-tornen-a-promocionar-els-seus-atractius-en-fitur\/"]}]},{"@type":"ImageObject","inLanguage":"es","@id":"https:\/\/www.copealcoy.es\/es\/alcoi-i-les-nostres-comarques-tornen-a-promocionar-els-seus-atractius-en-fitur\/#primaryimage","url":"https:\/\/www.copealcoy.es\/wp-content\/uploads\/2023\/01\/FmwPgtNXoAAAVC3.jpg","contentUrl":"https:\/\/www.copealcoy.es\/wp-content\/uploads\/2023\/01\/FmwPgtNXoAAAVC3.jpg","width":680,"height":454},{"@type":"BreadcrumbList","@id":"https:\/\/www.copealcoy.es\/es\/alcoi-i-les-nostres-comarques-tornen-a-promocionar-els-seus-atractius-en-fitur\/#breadcrumb","itemListElement":[{"@type":"ListItem","position":1,"name":"Portada","item":"https:\/\/www.copealcoy.es\/es\/"},{"@type":"ListItem","position":2,"name":"Alcoi i les nostres comarques tornen a promocionar els seus atractius en FITUR"}]},{"@type":"WebSite","@id":"https:\/\/www.copealcoy.es\/es\/#website","url":"https:\/\/www.copealcoy.es\/es\/","name":"COPE Alcoy","description":"Emisora COPE de radio local con emisi\u00f3n online. Pont de Sant Jordi 8-10 03803 Alcoy","potentialAction":[{"@type":"SearchAction","target":{"@type":"EntryPoint","urlTemplate":"https:\/\/www.copealcoy.es\/es\/?s={search_term_string}"},"query-input":{"@type":"PropertyValueSpecification","valueRequired":true,"valueName":"search_term_string"}}],"inLanguage":"es"},{"@type":"Person","@id":"https:\/\/www.copealcoy.es\/es\/#\/schema\/person\/e777c87fa024e57d40170af9df39882c","name":"Cope Alcoy","image":{"@type":"ImageObject","inLanguage":"es","@id":"https:\/\/secure.gravatar.com\/avatar\/bb65d0283347e303893ba14f0692005417c1e0e690a325a4c5d8bb2b3943ee14?s=96&d=mm&r=g","url":"https:\/\/secure.gravatar.com\/avatar\/bb65d0283347e303893ba14f0692005417c1e0e690a325a4c5d8bb2b3943ee14?s=96&d=mm&r=g","contentUrl":"https:\/\/secure.gravatar.com\/avatar\/bb65d0283347e303893ba14f0692005417c1e0e690a325a4c5d8bb2b3943ee14?s=96&d=mm&r=g","caption":"Cope Alcoy"}}]}},"_links":{"self":[{"href":"https:\/\/www.copealcoy.es\/es\/wp-json\/wp\/v2\/posts\/96548","targetHints":{"allow":["GET"]}}],"collection":[{"href":"https:\/\/www.copealcoy.es\/es\/wp-json\/wp\/v2\/posts"}],"about":[{"href":"https:\/\/www.copealcoy.es\/es\/wp-json\/wp\/v2\/types\/post"}],"author":[{"embeddable":true,"href":"https:\/\/www.copealcoy.es\/es\/wp-json\/wp\/v2\/users\/1"}],"replies":[{"embeddable":true,"href":"https:\/\/www.copealcoy.es\/es\/wp-json\/wp\/v2\/comments?post=96548"}],"version-history":[{"count":0,"href":"https:\/\/www.copealcoy.es\/es\/wp-json\/wp\/v2\/posts\/96548\/revisions"}],"wp:featuredmedia":[{"embeddable":true,"href":"https:\/\/www.copealcoy.es\/es\/wp-json\/wp\/v2\/media\/96549"}],"wp:attachment":[{"href":"https:\/\/www.copealcoy.es\/es\/wp-json\/wp\/v2\/media?parent=96548"}],"wp:term":[{"taxonomy":"category","embeddable":true,"href":"https:\/\/www.copealcoy.es\/es\/wp-json\/wp\/v2\/categories?post=96548"},{"taxonomy":"post_tag","embeddable":true,"href":"https:\/\/www.copealcoy.es\/es\/wp-json\/wp\/v2\/tags?post=96548"}],"curies":[{"name":"wp","href":"https:\/\/api.w.org\/{rel}","templated":true}]}}