{"id":96512,"date":"2023-01-17T08:45:02","date_gmt":"2023-01-17T07:45:02","guid":{"rendered":"https:\/\/www.copealcoy.es\/?p=96512"},"modified":"2023-01-17T16:31:23","modified_gmt":"2023-01-17T15:31:23","slug":"els-guerrers-originals-de-xian-passaran-per-la-provincia-dalacant","status":"publish","type":"post","link":"https:\/\/www.copealcoy.es\/es\/els-guerrers-originals-de-xian-passaran-per-la-provincia-dalacant\/","title":{"rendered":"Els guerrers originals de Xi\u2019an passaran per la prov\u00edncia d&#8217;Alacant"},"content":{"rendered":"<p style=\"text-align: justify;\">El <a href=\"https:\/\/www.marqalicante.com\/\"><strong><span style=\"color: #0000ff;\">Patronat de Turisme Costa Blanca<\/span> <\/strong><\/a>desembarca a partir de dem\u00e0 dimecres <strong>en la Fira Internacional del Turisme<\/strong>, FITUR, per a donar a con\u00e9ixer <strong>els principals atractius tur\u00edstics de la prov\u00edncia d&#8217;Alacant<\/strong>. Municipis com <strong>Alcoi, Cocentaina o l&#8217;Orxa<\/strong> seran presents en una cita que enguany recupera la plena normalitat despr\u00e9s de les restriccions que va portar la pand\u00e8mia de la COVID-19.<\/p>\n<p style=\"text-align: justify;\">Un dels aspectes de l&#8217;oferta que portar\u00e0 Costa Blanca a FITUR, que m\u00e9s espectaci\u00f3 ha generat, \u00e9s <strong>l&#8217;anhelada arribada dels Guerrers de terracota de Xi&#8217;an al MARQ<\/strong>, exposici\u00f3 prevista per a finals del mes de mar\u00e7 fins a cap d&#8217;any, que s&#8217;ha aconseguit despr\u00e9s de moltes vicissituds i que recala a Alacant despr\u00e9s de molts anys sense eixir de la Xina. Els detalls <strong>s&#8217;oferiran tots en el propi IFEMA<\/strong> el dijous.<\/p>\n<p style=\"text-align: justify;\">Per\u00f2 abans, <strong>el dimecres ser\u00e0 el dia dedicat a la Costa Blanca<\/strong> i la jornada que acollir\u00e0 a la vesprada en la pla\u00e7a del Callao <strong>el folklore del Carnestoltes de Torrevella<\/strong>, per a impulsar a m\u00e9s ser declarada festa d&#8217;inter\u00e9s tur\u00edstic nacional.<\/p>\n<p style=\"text-align: justify;\">Ser\u00e0 &#8220;<em>un Fitur hist\u00f2ric i no sols de la recuperaci\u00f3<\/em>&#8220;, han assenyalat des de la Diputaci\u00f3, al mateix temps que han incidit en la gran pres\u00e8ncia del digital en aquesta fira, a trav\u00e9s del metaverso, &#8220;<em>com a avantsala de l&#8217;experi\u00e8ncia que el turista pot gaudir abans de viatjar a la prov\u00edncia<\/em>&#8220;, destacava Carlos Maz\u00f3n, President de la mateixa Diputaci\u00f3 alacantina.<\/p>\n<p style=\"text-align: justify;\">En aquesta edici\u00f3 <strong>es promocionaran fins a 127 municipis<\/strong>, 27 d&#8217;ells amb estand propi i ja s&#8217;han concertat 30 reunions amb professionals d&#8217;ag\u00e8ncies i turoperadors.<\/p>\n<p style=\"text-align: justify;\">En dotze blocs tem\u00e0tics, <strong>s&#8217;ha programat<\/strong> m\u00e9s d&#8217;un centenar de presentacions monogr\u00e0fiques i m\u00e9s d&#8217;una vintena de demostracions gastron\u00f2miques dels municipis, a m\u00e9s d&#8217;accions per a augmentar l&#8217;arribada del turista brit\u00e0nic, el principal mercat, i altres dins del turisme d&#8217;interior, de rodatges, esportiu i esdeveniments LGTBI.<\/p>\n","protected":false},"excerpt":{"rendered":"<p>El Patronat de Turisme Costa Blanca desembarca a partir de dem\u00e0 dimecres en la Fira Internacional del Turisme, FITUR, per&#8230;<\/p>\n","protected":false},"author":1,"featured_media":96514,"comment_status":"open","ping_status":"open","sticky":false,"template":"","format":"standard","meta":{"footnotes":""},"categories":[6909,97,78,75],"tags":[6922,597,596,1031,13724],"class_list":["post-96512","post","type-post","status-publish","format-standard","has-post-thumbnail","hentry","category-actualidad","category-alcoy","category-fiestaycultura","category-noticias","tag-carlos-mazon","tag-costa-blanca","tag-fitur","tag-marq","tag-patronat-de-turisme"],"yoast_head":"<!-- This site is optimized with the Yoast SEO plugin v27.3 - https:\/\/yoast.com\/product\/yoast-seo-wordpress\/ -->\n<title>Els guerrers originals de Xi\u2019an passaran per la prov\u00edncia d&#039;Alacant - COPE Alcoy<\/title>\n<meta name=\"description\" content=\"El Patronat de Turisme Costa Blanca desembarca a partir de dem\u00e0 dimecres en la Fira Internacional del Turisme\" \/>\n<meta name=\"robots\" content=\"index, follow, max-snippet:-1, max-image-preview:large, max-video-preview:-1\" \/>\n<link rel=\"canonical\" href=\"https:\/\/www.copealcoy.es\/es\/els-guerrers-originals-de-xian-passaran-per-la-provincia-dalacant\/\" \/>\n<meta property=\"og:locale\" content=\"es_ES\" \/>\n<meta property=\"og:type\" content=\"article\" \/>\n<meta property=\"og:title\" content=\"Els guerrers originals de Xi\u2019an passaran per la prov\u00edncia d&#039;Alacant - COPE Alcoy\" \/>\n<meta property=\"og:description\" content=\"El Patronat de Turisme Costa Blanca desembarca a partir de dem\u00e0 dimecres en la Fira Internacional del Turisme\" \/>\n<meta property=\"og:url\" content=\"https:\/\/www.copealcoy.es\/es\/els-guerrers-originals-de-xian-passaran-per-la-provincia-dalacant\/\" \/>\n<meta property=\"og:site_name\" content=\"COPE Alcoy\" \/>\n<meta property=\"article:published_time\" content=\"2023-01-17T07:45:02+00:00\" \/>\n<meta property=\"article:modified_time\" content=\"2023-01-17T15:31:23+00:00\" \/>\n<meta property=\"og:image\" content=\"https:\/\/www.copealcoy.es\/wp-content\/uploads\/2023\/01\/1648550664355.jpg\" \/>\n\t<meta property=\"og:image:width\" content=\"976\" \/>\n\t<meta property=\"og:image:height\" content=\"651\" \/>\n\t<meta property=\"og:image:type\" content=\"image\/jpeg\" \/>\n<meta name=\"author\" content=\"Cope Alcoy\" \/>\n<meta name=\"twitter:label1\" content=\"Escrito por\" \/>\n\t<meta name=\"twitter:data1\" content=\"Cope Alcoy\" \/>\n\t<meta name=\"twitter:label2\" content=\"Tiempo de lectura\" \/>\n\t<meta name=\"twitter:data2\" content=\"2 minutos\" \/>\n<script type=\"application\/ld+json\" class=\"yoast-schema-graph\">{\"@context\":\"https:\\\/\\\/schema.org\",\"@graph\":[{\"@type\":\"Article\",\"@id\":\"https:\\\/\\\/www.copealcoy.es\\\/es\\\/els-guerrers-originals-de-xian-passaran-per-la-provincia-dalacant\\\/#article\",\"isPartOf\":{\"@id\":\"https:\\\/\\\/www.copealcoy.es\\\/es\\\/els-guerrers-originals-de-xian-passaran-per-la-provincia-dalacant\\\/\"},\"author\":{\"name\":\"Cope Alcoy\",\"@id\":\"https:\\\/\\\/www.copealcoy.es\\\/es\\\/#\\\/schema\\\/person\\\/e777c87fa024e57d40170af9df39882c\"},\"headline\":\"Els guerrers originals de Xi\u2019an passaran per la prov\u00edncia d&#8217;Alacant\",\"datePublished\":\"2023-01-17T07:45:02+00:00\",\"dateModified\":\"2023-01-17T15:31:23+00:00\",\"mainEntityOfPage\":{\"@id\":\"https:\\\/\\\/www.copealcoy.es\\\/es\\\/els-guerrers-originals-de-xian-passaran-per-la-provincia-dalacant\\\/\"},\"wordCount\":360,\"commentCount\":0,\"image\":{\"@id\":\"https:\\\/\\\/www.copealcoy.es\\\/es\\\/els-guerrers-originals-de-xian-passaran-per-la-provincia-dalacant\\\/#primaryimage\"},\"thumbnailUrl\":\"https:\\\/\\\/www.copealcoy.es\\\/wp-content\\\/uploads\\\/2023\\\/01\\\/1648550664355.jpg\",\"keywords\":[\"Carlos Maz\u00f3n\",\"Costa Blanca\",\"FITUR\",\"MARQ\",\"Patronat de Turisme\"],\"articleSection\":[\"Actualidad\",\"Alcoy\",\"Fiesta y Cultura\",\"Noticias\"],\"inLanguage\":\"es\"},{\"@type\":\"WebPage\",\"@id\":\"https:\\\/\\\/www.copealcoy.es\\\/es\\\/els-guerrers-originals-de-xian-passaran-per-la-provincia-dalacant\\\/\",\"url\":\"https:\\\/\\\/www.copealcoy.es\\\/es\\\/els-guerrers-originals-de-xian-passaran-per-la-provincia-dalacant\\\/\",\"name\":\"Els guerrers originals de Xi\u2019an passaran per la prov\u00edncia d'Alacant - COPE Alcoy\",\"isPartOf\":{\"@id\":\"https:\\\/\\\/www.copealcoy.es\\\/es\\\/#website\"},\"primaryImageOfPage\":{\"@id\":\"https:\\\/\\\/www.copealcoy.es\\\/es\\\/els-guerrers-originals-de-xian-passaran-per-la-provincia-dalacant\\\/#primaryimage\"},\"image\":{\"@id\":\"https:\\\/\\\/www.copealcoy.es\\\/es\\\/els-guerrers-originals-de-xian-passaran-per-la-provincia-dalacant\\\/#primaryimage\"},\"thumbnailUrl\":\"https:\\\/\\\/www.copealcoy.es\\\/wp-content\\\/uploads\\\/2023\\\/01\\\/1648550664355.jpg\",\"datePublished\":\"2023-01-17T07:45:02+00:00\",\"dateModified\":\"2023-01-17T15:31:23+00:00\",\"author\":{\"@id\":\"https:\\\/\\\/www.copealcoy.es\\\/es\\\/#\\\/schema\\\/person\\\/e777c87fa024e57d40170af9df39882c\"},\"description\":\"El Patronat de Turisme Costa Blanca desembarca a partir de dem\u00e0 dimecres en la Fira Internacional del Turisme\",\"breadcrumb\":{\"@id\":\"https:\\\/\\\/www.copealcoy.es\\\/es\\\/els-guerrers-originals-de-xian-passaran-per-la-provincia-dalacant\\\/#breadcrumb\"},\"inLanguage\":\"es\",\"potentialAction\":[{\"@type\":\"ReadAction\",\"target\":[\"https:\\\/\\\/www.copealcoy.es\\\/es\\\/els-guerrers-originals-de-xian-passaran-per-la-provincia-dalacant\\\/\"]}]},{\"@type\":\"ImageObject\",\"inLanguage\":\"es\",\"@id\":\"https:\\\/\\\/www.copealcoy.es\\\/es\\\/els-guerrers-originals-de-xian-passaran-per-la-provincia-dalacant\\\/#primaryimage\",\"url\":\"https:\\\/\\\/www.copealcoy.es\\\/wp-content\\\/uploads\\\/2023\\\/01\\\/1648550664355.jpg\",\"contentUrl\":\"https:\\\/\\\/www.copealcoy.es\\\/wp-content\\\/uploads\\\/2023\\\/01\\\/1648550664355.jpg\",\"width\":976,\"height\":651},{\"@type\":\"BreadcrumbList\",\"@id\":\"https:\\\/\\\/www.copealcoy.es\\\/es\\\/els-guerrers-originals-de-xian-passaran-per-la-provincia-dalacant\\\/#breadcrumb\",\"itemListElement\":[{\"@type\":\"ListItem\",\"position\":1,\"name\":\"Portada\",\"item\":\"https:\\\/\\\/www.copealcoy.es\\\/es\\\/\"},{\"@type\":\"ListItem\",\"position\":2,\"name\":\"Els guerrers originals de Xi\u2019an passaran per la prov\u00edncia d&#8217;Alacant\"}]},{\"@type\":\"WebSite\",\"@id\":\"https:\\\/\\\/www.copealcoy.es\\\/es\\\/#website\",\"url\":\"https:\\\/\\\/www.copealcoy.es\\\/es\\\/\",\"name\":\"COPE Alcoy\",\"description\":\"Emisora COPE de radio local con emisi\u00f3n online. Pont de Sant Jordi 8-10 03803 Alcoy\",\"potentialAction\":[{\"@type\":\"SearchAction\",\"target\":{\"@type\":\"EntryPoint\",\"urlTemplate\":\"https:\\\/\\\/www.copealcoy.es\\\/es\\\/?s={search_term_string}\"},\"query-input\":{\"@type\":\"PropertyValueSpecification\",\"valueRequired\":true,\"valueName\":\"search_term_string\"}}],\"inLanguage\":\"es\"},{\"@type\":\"Person\",\"@id\":\"https:\\\/\\\/www.copealcoy.es\\\/es\\\/#\\\/schema\\\/person\\\/e777c87fa024e57d40170af9df39882c\",\"name\":\"Cope Alcoy\",\"image\":{\"@type\":\"ImageObject\",\"inLanguage\":\"es\",\"@id\":\"https:\\\/\\\/secure.gravatar.com\\\/avatar\\\/bb65d0283347e303893ba14f0692005417c1e0e690a325a4c5d8bb2b3943ee14?s=96&d=mm&r=g\",\"url\":\"https:\\\/\\\/secure.gravatar.com\\\/avatar\\\/bb65d0283347e303893ba14f0692005417c1e0e690a325a4c5d8bb2b3943ee14?s=96&d=mm&r=g\",\"contentUrl\":\"https:\\\/\\\/secure.gravatar.com\\\/avatar\\\/bb65d0283347e303893ba14f0692005417c1e0e690a325a4c5d8bb2b3943ee14?s=96&d=mm&r=g\",\"caption\":\"Cope Alcoy\"}}]}<\/script>\n<!-- \/ Yoast SEO plugin. -->","yoast_head_json":{"title":"Els guerrers originals de Xi\u2019an passaran per la prov\u00edncia d'Alacant - COPE Alcoy","description":"El Patronat de Turisme Costa Blanca desembarca a partir de dem\u00e0 dimecres en la Fira Internacional del Turisme","robots":{"index":"index","follow":"follow","max-snippet":"max-snippet:-1","max-image-preview":"max-image-preview:large","max-video-preview":"max-video-preview:-1"},"canonical":"https:\/\/www.copealcoy.es\/es\/els-guerrers-originals-de-xian-passaran-per-la-provincia-dalacant\/","og_locale":"es_ES","og_type":"article","og_title":"Els guerrers originals de Xi\u2019an passaran per la prov\u00edncia d'Alacant - COPE Alcoy","og_description":"El Patronat de Turisme Costa Blanca desembarca a partir de dem\u00e0 dimecres en la Fira Internacional del Turisme","og_url":"https:\/\/www.copealcoy.es\/es\/els-guerrers-originals-de-xian-passaran-per-la-provincia-dalacant\/","og_site_name":"COPE Alcoy","article_published_time":"2023-01-17T07:45:02+00:00","article_modified_time":"2023-01-17T15:31:23+00:00","og_image":[{"width":976,"height":651,"url":"https:\/\/www.copealcoy.es\/wp-content\/uploads\/2023\/01\/1648550664355.jpg","type":"image\/jpeg"}],"author":"Cope Alcoy","twitter_misc":{"Escrito por":"Cope Alcoy","Tiempo de lectura":"2 minutos"},"schema":{"@context":"https:\/\/schema.org","@graph":[{"@type":"Article","@id":"https:\/\/www.copealcoy.es\/es\/els-guerrers-originals-de-xian-passaran-per-la-provincia-dalacant\/#article","isPartOf":{"@id":"https:\/\/www.copealcoy.es\/es\/els-guerrers-originals-de-xian-passaran-per-la-provincia-dalacant\/"},"author":{"name":"Cope Alcoy","@id":"https:\/\/www.copealcoy.es\/es\/#\/schema\/person\/e777c87fa024e57d40170af9df39882c"},"headline":"Els guerrers originals de Xi\u2019an passaran per la prov\u00edncia d&#8217;Alacant","datePublished":"2023-01-17T07:45:02+00:00","dateModified":"2023-01-17T15:31:23+00:00","mainEntityOfPage":{"@id":"https:\/\/www.copealcoy.es\/es\/els-guerrers-originals-de-xian-passaran-per-la-provincia-dalacant\/"},"wordCount":360,"commentCount":0,"image":{"@id":"https:\/\/www.copealcoy.es\/es\/els-guerrers-originals-de-xian-passaran-per-la-provincia-dalacant\/#primaryimage"},"thumbnailUrl":"https:\/\/www.copealcoy.es\/wp-content\/uploads\/2023\/01\/1648550664355.jpg","keywords":["Carlos Maz\u00f3n","Costa Blanca","FITUR","MARQ","Patronat de Turisme"],"articleSection":["Actualidad","Alcoy","Fiesta y Cultura","Noticias"],"inLanguage":"es"},{"@type":"WebPage","@id":"https:\/\/www.copealcoy.es\/es\/els-guerrers-originals-de-xian-passaran-per-la-provincia-dalacant\/","url":"https:\/\/www.copealcoy.es\/es\/els-guerrers-originals-de-xian-passaran-per-la-provincia-dalacant\/","name":"Els guerrers originals de Xi\u2019an passaran per la prov\u00edncia d'Alacant - COPE Alcoy","isPartOf":{"@id":"https:\/\/www.copealcoy.es\/es\/#website"},"primaryImageOfPage":{"@id":"https:\/\/www.copealcoy.es\/es\/els-guerrers-originals-de-xian-passaran-per-la-provincia-dalacant\/#primaryimage"},"image":{"@id":"https:\/\/www.copealcoy.es\/es\/els-guerrers-originals-de-xian-passaran-per-la-provincia-dalacant\/#primaryimage"},"thumbnailUrl":"https:\/\/www.copealcoy.es\/wp-content\/uploads\/2023\/01\/1648550664355.jpg","datePublished":"2023-01-17T07:45:02+00:00","dateModified":"2023-01-17T15:31:23+00:00","author":{"@id":"https:\/\/www.copealcoy.es\/es\/#\/schema\/person\/e777c87fa024e57d40170af9df39882c"},"description":"El Patronat de Turisme Costa Blanca desembarca a partir de dem\u00e0 dimecres en la Fira Internacional del Turisme","breadcrumb":{"@id":"https:\/\/www.copealcoy.es\/es\/els-guerrers-originals-de-xian-passaran-per-la-provincia-dalacant\/#breadcrumb"},"inLanguage":"es","potentialAction":[{"@type":"ReadAction","target":["https:\/\/www.copealcoy.es\/es\/els-guerrers-originals-de-xian-passaran-per-la-provincia-dalacant\/"]}]},{"@type":"ImageObject","inLanguage":"es","@id":"https:\/\/www.copealcoy.es\/es\/els-guerrers-originals-de-xian-passaran-per-la-provincia-dalacant\/#primaryimage","url":"https:\/\/www.copealcoy.es\/wp-content\/uploads\/2023\/01\/1648550664355.jpg","contentUrl":"https:\/\/www.copealcoy.es\/wp-content\/uploads\/2023\/01\/1648550664355.jpg","width":976,"height":651},{"@type":"BreadcrumbList","@id":"https:\/\/www.copealcoy.es\/es\/els-guerrers-originals-de-xian-passaran-per-la-provincia-dalacant\/#breadcrumb","itemListElement":[{"@type":"ListItem","position":1,"name":"Portada","item":"https:\/\/www.copealcoy.es\/es\/"},{"@type":"ListItem","position":2,"name":"Els guerrers originals de Xi\u2019an passaran per la prov\u00edncia d&#8217;Alacant"}]},{"@type":"WebSite","@id":"https:\/\/www.copealcoy.es\/es\/#website","url":"https:\/\/www.copealcoy.es\/es\/","name":"COPE Alcoy","description":"Emisora COPE de radio local con emisi\u00f3n online. Pont de Sant Jordi 8-10 03803 Alcoy","potentialAction":[{"@type":"SearchAction","target":{"@type":"EntryPoint","urlTemplate":"https:\/\/www.copealcoy.es\/es\/?s={search_term_string}"},"query-input":{"@type":"PropertyValueSpecification","valueRequired":true,"valueName":"search_term_string"}}],"inLanguage":"es"},{"@type":"Person","@id":"https:\/\/www.copealcoy.es\/es\/#\/schema\/person\/e777c87fa024e57d40170af9df39882c","name":"Cope Alcoy","image":{"@type":"ImageObject","inLanguage":"es","@id":"https:\/\/secure.gravatar.com\/avatar\/bb65d0283347e303893ba14f0692005417c1e0e690a325a4c5d8bb2b3943ee14?s=96&d=mm&r=g","url":"https:\/\/secure.gravatar.com\/avatar\/bb65d0283347e303893ba14f0692005417c1e0e690a325a4c5d8bb2b3943ee14?s=96&d=mm&r=g","contentUrl":"https:\/\/secure.gravatar.com\/avatar\/bb65d0283347e303893ba14f0692005417c1e0e690a325a4c5d8bb2b3943ee14?s=96&d=mm&r=g","caption":"Cope Alcoy"}}]}},"_links":{"self":[{"href":"https:\/\/www.copealcoy.es\/es\/wp-json\/wp\/v2\/posts\/96512","targetHints":{"allow":["GET"]}}],"collection":[{"href":"https:\/\/www.copealcoy.es\/es\/wp-json\/wp\/v2\/posts"}],"about":[{"href":"https:\/\/www.copealcoy.es\/es\/wp-json\/wp\/v2\/types\/post"}],"author":[{"embeddable":true,"href":"https:\/\/www.copealcoy.es\/es\/wp-json\/wp\/v2\/users\/1"}],"replies":[{"embeddable":true,"href":"https:\/\/www.copealcoy.es\/es\/wp-json\/wp\/v2\/comments?post=96512"}],"version-history":[{"count":0,"href":"https:\/\/www.copealcoy.es\/es\/wp-json\/wp\/v2\/posts\/96512\/revisions"}],"wp:featuredmedia":[{"embeddable":true,"href":"https:\/\/www.copealcoy.es\/es\/wp-json\/wp\/v2\/media\/96514"}],"wp:attachment":[{"href":"https:\/\/www.copealcoy.es\/es\/wp-json\/wp\/v2\/media?parent=96512"}],"wp:term":[{"taxonomy":"category","embeddable":true,"href":"https:\/\/www.copealcoy.es\/es\/wp-json\/wp\/v2\/categories?post=96512"},{"taxonomy":"post_tag","embeddable":true,"href":"https:\/\/www.copealcoy.es\/es\/wp-json\/wp\/v2\/tags?post=96512"}],"curies":[{"name":"wp","href":"https:\/\/api.w.org\/{rel}","templated":true}]}}