{"id":96496,"date":"2023-01-17T09:00:12","date_gmt":"2023-01-17T08:00:12","guid":{"rendered":"https:\/\/www.copealcoy.es\/?p=96496"},"modified":"2023-01-17T14:54:55","modified_gmt":"2023-01-17T13:54:55","slug":"alcoi-es-queda-sense-rostida-per-sant-antoni","status":"publish","type":"post","link":"https:\/\/www.copealcoy.es\/es\/alcoi-es-queda-sense-rostida-per-sant-antoni\/","title":{"rendered":"Alcoi es queda sense rostida per Sant Antoni"},"content":{"rendered":"<p style=\"text-align: justify;\">La <strong>festivitat de Sant Antoni d&#8217;Alcoi<\/strong> viur\u00e0 enguany <strong>canvis importants<\/strong> segons han informat des de <a href=\"https:\/\/www.alcoi.org\/ca\/portal\/index.html\"><strong><span style=\"color: #0000ff;\">l&#8217;Ajuntament<\/span> <\/strong><\/a>de la nostra ciutat. Cal recordar que <strong>aquesta tradici\u00f3 recupera enguany el seu format habitual<\/strong> despr\u00e9s que en els anys anteriors la pand\u00e8mia, i la climatologia adversa, impediren la seua celebraci\u00f3 amb les caracter\u00edstiques de sempre.<\/p>\n<p style=\"text-align: justify;\">Un dels <strong>principals canvis<\/strong> que trobem es que <strong>queda suspesa la rostida<\/strong> que sempre feien els romeus per a esmorzar quan arribaven a l&#8217;entorn del paratge de Sant Antoni del Porquet. La mesura <strong>s&#8217;adopta perqu\u00e8 est\u00e0 prohibit fer foc<\/strong> segons marca la normativa actual de la Conselleria d&#8217;Agricultura, Desenvolupament Rural, Emerg\u00e8ncia Clim\u00e0tica i Transici\u00f3 Ecol\u00f2gica. La resta d&#8217;actes <strong>seguiran igual<\/strong> que sempre i la programaci\u00f3 festiva comen\u00e7ar\u00e0 el dissabte per la vesprada.<\/p>\n<p style=\"text-align: justify;\">A partir de les 16:15h tindr\u00e0 lloc en La Glorieta <strong>el tradicional mercadet<\/strong> organitzat per la Societat Protectora d&#8217;Animals i Plantes d&#8217;Alcoi. Quinze minuts despr\u00e9s estan convocades totes les persones amb els animals que vulguen beneir a les seues mascotes. La concentraco\u00f3 ser\u00e0 a la pla\u00e7a de Dins i des d&#8217;all\u00ed aniran desfilant en cavalcada eixint pel passatge Sant Agust\u00ed, pla\u00e7a d\u2019Espanya i carrer Sant Nicolau fins a la Glorieta. All\u00ed, al parc municipal, tindr\u00e0 lloc <strong>l&#8217;esmentada benedicci\u00f3 dels animals<\/strong> a partir de les 17:30h i a continuaci\u00f3 es realitzar\u00e0 una xocolada amb jocs infantils. Est\u00e0 previst que <strong>es talle el tr\u00e0nsit<\/strong> pel carrer Sant Nicolau mentre que pels carrers del centre de la ciutat sonar\u00e0 la m\u00fasica tradicional del Grup de Dol\u00e7aines i Tabals Barxell.<\/p>\n<p style=\"text-align: justify;\">Ja diumenge <strong>s&#8217;efectuar\u00e0 la romeria a peu<\/strong> a partir de les 09:30h del mat\u00ed des del Poliesportiu Municipal on <strong>s&#8217;acompanyar\u00e0 a la imatge de Sant Antoni fins a l&#8217;ermita<\/strong>. All\u00ed se celebrar\u00e0 <strong>la missa solemne a migdia<\/strong> mentre que l&#8217;exterior el Grup de Danses Sant Jordi interpretar\u00e0 diferents balls. L&#8217;Ajuntament <strong>aportar\u00e0 aigua &#8211; sal<\/strong> per a tots els qui munten a gaudir d&#8217;aquesta romeria festiva.<\/p>\n<p style=\"text-align: justify;\"><strong><span style=\"color: #0000ff;\">Servei especial d&#8217;autobusos<\/span><\/strong><\/p>\n<p style=\"text-align: justify;\">Assenyalar que<strong> la pujada de vehicles particulars<\/strong> est\u00e0 prohibida de 7 a 15 hores. Hi haur\u00e0 <strong>un servei d\u2019autob\u00fas gratu\u00eft<\/strong> de 9 a 13.30 hores. Aproximadament cada 30 minuts eixir\u00e0 un autob\u00fas des del Poliesportiu Municipal Francisco Laporta.<\/p>\n","protected":false},"excerpt":{"rendered":"<p>La festivitat de Sant Antoni d&#8217;Alcoi viur\u00e0 enguany canvis importants segons han informat des de l&#8217;Ajuntament de la nostra ciutat&#8230;.<\/p>\n","protected":false},"author":1,"featured_media":18254,"comment_status":"open","ping_status":"open","sticky":false,"template":"","format":"standard","meta":{"footnotes":""},"categories":[6909,97,78,75],"tags":[160,566,545,542,611],"class_list":["post-96496","post","type-post","status-publish","format-standard","has-post-thumbnail","hentry","category-actualidad","category-alcoy","category-fiestaycultura","category-noticias","tag-alcoi","tag-romeria","tag-rostida","tag-sant-antoni","tag-tradicions"],"yoast_head":"<!-- This site is optimized with the Yoast SEO plugin v27.3 - https:\/\/yoast.com\/product\/yoast-seo-wordpress\/ -->\n<title>Alcoi es queda sense rostida per Sant Antoni - COPE Alcoy<\/title>\n<meta name=\"robots\" content=\"index, follow, max-snippet:-1, max-image-preview:large, max-video-preview:-1\" \/>\n<link rel=\"canonical\" href=\"https:\/\/www.copealcoy.es\/es\/alcoi-es-queda-sense-rostida-per-sant-antoni\/\" \/>\n<meta property=\"og:locale\" content=\"es_ES\" \/>\n<meta property=\"og:type\" content=\"article\" \/>\n<meta property=\"og:title\" content=\"Alcoi es queda sense rostida per Sant Antoni - COPE Alcoy\" \/>\n<meta property=\"og:description\" content=\"La festivitat de Sant Antoni d&#8217;Alcoi viur\u00e0 enguany canvis importants segons han informat des de l&#8217;Ajuntament de la nostra ciutat....\" \/>\n<meta property=\"og:url\" content=\"https:\/\/www.copealcoy.es\/es\/alcoi-es-queda-sense-rostida-per-sant-antoni\/\" \/>\n<meta property=\"og:site_name\" content=\"COPE Alcoy\" \/>\n<meta property=\"article:published_time\" content=\"2023-01-17T08:00:12+00:00\" \/>\n<meta property=\"article:modified_time\" content=\"2023-01-17T13:54:55+00:00\" \/>\n<meta property=\"og:image\" content=\"https:\/\/www.copealcoy.es\/wp-content\/uploads\/2016\/01\/12552924_773026299507524_8604219575071004445_n-e1673959180727.jpg\" \/>\n\t<meta property=\"og:image:width\" content=\"804\" \/>\n\t<meta property=\"og:image:height\" content=\"516\" \/>\n\t<meta property=\"og:image:type\" content=\"image\/jpeg\" \/>\n<meta name=\"author\" content=\"Cope Alcoy\" \/>\n<meta name=\"twitter:label1\" content=\"Escrito por\" \/>\n\t<meta name=\"twitter:data1\" content=\"Cope Alcoy\" \/>\n\t<meta name=\"twitter:label2\" content=\"Tiempo de lectura\" \/>\n\t<meta name=\"twitter:data2\" content=\"2 minutos\" \/>\n<script type=\"application\/ld+json\" class=\"yoast-schema-graph\">{\"@context\":\"https:\\\/\\\/schema.org\",\"@graph\":[{\"@type\":\"Article\",\"@id\":\"https:\\\/\\\/www.copealcoy.es\\\/es\\\/alcoi-es-queda-sense-rostida-per-sant-antoni\\\/#article\",\"isPartOf\":{\"@id\":\"https:\\\/\\\/www.copealcoy.es\\\/es\\\/alcoi-es-queda-sense-rostida-per-sant-antoni\\\/\"},\"author\":{\"name\":\"Cope Alcoy\",\"@id\":\"https:\\\/\\\/www.copealcoy.es\\\/es\\\/#\\\/schema\\\/person\\\/e777c87fa024e57d40170af9df39882c\"},\"headline\":\"Alcoi es queda sense rostida per Sant Antoni\",\"datePublished\":\"2023-01-17T08:00:12+00:00\",\"dateModified\":\"2023-01-17T13:54:55+00:00\",\"mainEntityOfPage\":{\"@id\":\"https:\\\/\\\/www.copealcoy.es\\\/es\\\/alcoi-es-queda-sense-rostida-per-sant-antoni\\\/\"},\"wordCount\":394,\"commentCount\":0,\"image\":{\"@id\":\"https:\\\/\\\/www.copealcoy.es\\\/es\\\/alcoi-es-queda-sense-rostida-per-sant-antoni\\\/#primaryimage\"},\"thumbnailUrl\":\"https:\\\/\\\/www.copealcoy.es\\\/wp-content\\\/uploads\\\/2016\\\/01\\\/12552924_773026299507524_8604219575071004445_n-e1673959180727.jpg\",\"keywords\":[\"Alcoi\",\"Romer\u00eda\",\"Rostida\",\"Sant Antoni\",\"Tradicions\"],\"articleSection\":[\"Actualidad\",\"Alcoy\",\"Fiesta y Cultura\",\"Noticias\"],\"inLanguage\":\"es\"},{\"@type\":\"WebPage\",\"@id\":\"https:\\\/\\\/www.copealcoy.es\\\/es\\\/alcoi-es-queda-sense-rostida-per-sant-antoni\\\/\",\"url\":\"https:\\\/\\\/www.copealcoy.es\\\/es\\\/alcoi-es-queda-sense-rostida-per-sant-antoni\\\/\",\"name\":\"Alcoi es queda sense rostida per Sant Antoni - COPE Alcoy\",\"isPartOf\":{\"@id\":\"https:\\\/\\\/www.copealcoy.es\\\/es\\\/#website\"},\"primaryImageOfPage\":{\"@id\":\"https:\\\/\\\/www.copealcoy.es\\\/es\\\/alcoi-es-queda-sense-rostida-per-sant-antoni\\\/#primaryimage\"},\"image\":{\"@id\":\"https:\\\/\\\/www.copealcoy.es\\\/es\\\/alcoi-es-queda-sense-rostida-per-sant-antoni\\\/#primaryimage\"},\"thumbnailUrl\":\"https:\\\/\\\/www.copealcoy.es\\\/wp-content\\\/uploads\\\/2016\\\/01\\\/12552924_773026299507524_8604219575071004445_n-e1673959180727.jpg\",\"datePublished\":\"2023-01-17T08:00:12+00:00\",\"dateModified\":\"2023-01-17T13:54:55+00:00\",\"author\":{\"@id\":\"https:\\\/\\\/www.copealcoy.es\\\/es\\\/#\\\/schema\\\/person\\\/e777c87fa024e57d40170af9df39882c\"},\"breadcrumb\":{\"@id\":\"https:\\\/\\\/www.copealcoy.es\\\/es\\\/alcoi-es-queda-sense-rostida-per-sant-antoni\\\/#breadcrumb\"},\"inLanguage\":\"es\",\"potentialAction\":[{\"@type\":\"ReadAction\",\"target\":[\"https:\\\/\\\/www.copealcoy.es\\\/es\\\/alcoi-es-queda-sense-rostida-per-sant-antoni\\\/\"]}]},{\"@type\":\"ImageObject\",\"inLanguage\":\"es\",\"@id\":\"https:\\\/\\\/www.copealcoy.es\\\/es\\\/alcoi-es-queda-sense-rostida-per-sant-antoni\\\/#primaryimage\",\"url\":\"https:\\\/\\\/www.copealcoy.es\\\/wp-content\\\/uploads\\\/2016\\\/01\\\/12552924_773026299507524_8604219575071004445_n-e1673959180727.jpg\",\"contentUrl\":\"https:\\\/\\\/www.copealcoy.es\\\/wp-content\\\/uploads\\\/2016\\\/01\\\/12552924_773026299507524_8604219575071004445_n-e1673959180727.jpg\",\"width\":804,\"height\":516},{\"@type\":\"BreadcrumbList\",\"@id\":\"https:\\\/\\\/www.copealcoy.es\\\/es\\\/alcoi-es-queda-sense-rostida-per-sant-antoni\\\/#breadcrumb\",\"itemListElement\":[{\"@type\":\"ListItem\",\"position\":1,\"name\":\"Portada\",\"item\":\"https:\\\/\\\/www.copealcoy.es\\\/es\\\/\"},{\"@type\":\"ListItem\",\"position\":2,\"name\":\"Alcoi es queda sense rostida per Sant Antoni\"}]},{\"@type\":\"WebSite\",\"@id\":\"https:\\\/\\\/www.copealcoy.es\\\/es\\\/#website\",\"url\":\"https:\\\/\\\/www.copealcoy.es\\\/es\\\/\",\"name\":\"COPE Alcoy\",\"description\":\"Emisora COPE de radio local con emisi\u00f3n online. Pont de Sant Jordi 8-10 03803 Alcoy\",\"potentialAction\":[{\"@type\":\"SearchAction\",\"target\":{\"@type\":\"EntryPoint\",\"urlTemplate\":\"https:\\\/\\\/www.copealcoy.es\\\/es\\\/?s={search_term_string}\"},\"query-input\":{\"@type\":\"PropertyValueSpecification\",\"valueRequired\":true,\"valueName\":\"search_term_string\"}}],\"inLanguage\":\"es\"},{\"@type\":\"Person\",\"@id\":\"https:\\\/\\\/www.copealcoy.es\\\/es\\\/#\\\/schema\\\/person\\\/e777c87fa024e57d40170af9df39882c\",\"name\":\"Cope Alcoy\",\"image\":{\"@type\":\"ImageObject\",\"inLanguage\":\"es\",\"@id\":\"https:\\\/\\\/secure.gravatar.com\\\/avatar\\\/bb65d0283347e303893ba14f0692005417c1e0e690a325a4c5d8bb2b3943ee14?s=96&d=mm&r=g\",\"url\":\"https:\\\/\\\/secure.gravatar.com\\\/avatar\\\/bb65d0283347e303893ba14f0692005417c1e0e690a325a4c5d8bb2b3943ee14?s=96&d=mm&r=g\",\"contentUrl\":\"https:\\\/\\\/secure.gravatar.com\\\/avatar\\\/bb65d0283347e303893ba14f0692005417c1e0e690a325a4c5d8bb2b3943ee14?s=96&d=mm&r=g\",\"caption\":\"Cope Alcoy\"}}]}<\/script>\n<!-- \/ Yoast SEO plugin. -->","yoast_head_json":{"title":"Alcoi es queda sense rostida per Sant Antoni - COPE Alcoy","robots":{"index":"index","follow":"follow","max-snippet":"max-snippet:-1","max-image-preview":"max-image-preview:large","max-video-preview":"max-video-preview:-1"},"canonical":"https:\/\/www.copealcoy.es\/es\/alcoi-es-queda-sense-rostida-per-sant-antoni\/","og_locale":"es_ES","og_type":"article","og_title":"Alcoi es queda sense rostida per Sant Antoni - COPE Alcoy","og_description":"La festivitat de Sant Antoni d&#8217;Alcoi viur\u00e0 enguany canvis importants segons han informat des de l&#8217;Ajuntament de la nostra ciutat....","og_url":"https:\/\/www.copealcoy.es\/es\/alcoi-es-queda-sense-rostida-per-sant-antoni\/","og_site_name":"COPE Alcoy","article_published_time":"2023-01-17T08:00:12+00:00","article_modified_time":"2023-01-17T13:54:55+00:00","og_image":[{"width":804,"height":516,"url":"https:\/\/www.copealcoy.es\/wp-content\/uploads\/2016\/01\/12552924_773026299507524_8604219575071004445_n-e1673959180727.jpg","type":"image\/jpeg"}],"author":"Cope Alcoy","twitter_misc":{"Escrito por":"Cope Alcoy","Tiempo de lectura":"2 minutos"},"schema":{"@context":"https:\/\/schema.org","@graph":[{"@type":"Article","@id":"https:\/\/www.copealcoy.es\/es\/alcoi-es-queda-sense-rostida-per-sant-antoni\/#article","isPartOf":{"@id":"https:\/\/www.copealcoy.es\/es\/alcoi-es-queda-sense-rostida-per-sant-antoni\/"},"author":{"name":"Cope Alcoy","@id":"https:\/\/www.copealcoy.es\/es\/#\/schema\/person\/e777c87fa024e57d40170af9df39882c"},"headline":"Alcoi es queda sense rostida per Sant Antoni","datePublished":"2023-01-17T08:00:12+00:00","dateModified":"2023-01-17T13:54:55+00:00","mainEntityOfPage":{"@id":"https:\/\/www.copealcoy.es\/es\/alcoi-es-queda-sense-rostida-per-sant-antoni\/"},"wordCount":394,"commentCount":0,"image":{"@id":"https:\/\/www.copealcoy.es\/es\/alcoi-es-queda-sense-rostida-per-sant-antoni\/#primaryimage"},"thumbnailUrl":"https:\/\/www.copealcoy.es\/wp-content\/uploads\/2016\/01\/12552924_773026299507524_8604219575071004445_n-e1673959180727.jpg","keywords":["Alcoi","Romer\u00eda","Rostida","Sant Antoni","Tradicions"],"articleSection":["Actualidad","Alcoy","Fiesta y Cultura","Noticias"],"inLanguage":"es"},{"@type":"WebPage","@id":"https:\/\/www.copealcoy.es\/es\/alcoi-es-queda-sense-rostida-per-sant-antoni\/","url":"https:\/\/www.copealcoy.es\/es\/alcoi-es-queda-sense-rostida-per-sant-antoni\/","name":"Alcoi es queda sense rostida per Sant Antoni - COPE Alcoy","isPartOf":{"@id":"https:\/\/www.copealcoy.es\/es\/#website"},"primaryImageOfPage":{"@id":"https:\/\/www.copealcoy.es\/es\/alcoi-es-queda-sense-rostida-per-sant-antoni\/#primaryimage"},"image":{"@id":"https:\/\/www.copealcoy.es\/es\/alcoi-es-queda-sense-rostida-per-sant-antoni\/#primaryimage"},"thumbnailUrl":"https:\/\/www.copealcoy.es\/wp-content\/uploads\/2016\/01\/12552924_773026299507524_8604219575071004445_n-e1673959180727.jpg","datePublished":"2023-01-17T08:00:12+00:00","dateModified":"2023-01-17T13:54:55+00:00","author":{"@id":"https:\/\/www.copealcoy.es\/es\/#\/schema\/person\/e777c87fa024e57d40170af9df39882c"},"breadcrumb":{"@id":"https:\/\/www.copealcoy.es\/es\/alcoi-es-queda-sense-rostida-per-sant-antoni\/#breadcrumb"},"inLanguage":"es","potentialAction":[{"@type":"ReadAction","target":["https:\/\/www.copealcoy.es\/es\/alcoi-es-queda-sense-rostida-per-sant-antoni\/"]}]},{"@type":"ImageObject","inLanguage":"es","@id":"https:\/\/www.copealcoy.es\/es\/alcoi-es-queda-sense-rostida-per-sant-antoni\/#primaryimage","url":"https:\/\/www.copealcoy.es\/wp-content\/uploads\/2016\/01\/12552924_773026299507524_8604219575071004445_n-e1673959180727.jpg","contentUrl":"https:\/\/www.copealcoy.es\/wp-content\/uploads\/2016\/01\/12552924_773026299507524_8604219575071004445_n-e1673959180727.jpg","width":804,"height":516},{"@type":"BreadcrumbList","@id":"https:\/\/www.copealcoy.es\/es\/alcoi-es-queda-sense-rostida-per-sant-antoni\/#breadcrumb","itemListElement":[{"@type":"ListItem","position":1,"name":"Portada","item":"https:\/\/www.copealcoy.es\/es\/"},{"@type":"ListItem","position":2,"name":"Alcoi es queda sense rostida per Sant Antoni"}]},{"@type":"WebSite","@id":"https:\/\/www.copealcoy.es\/es\/#website","url":"https:\/\/www.copealcoy.es\/es\/","name":"COPE Alcoy","description":"Emisora COPE de radio local con emisi\u00f3n online. Pont de Sant Jordi 8-10 03803 Alcoy","potentialAction":[{"@type":"SearchAction","target":{"@type":"EntryPoint","urlTemplate":"https:\/\/www.copealcoy.es\/es\/?s={search_term_string}"},"query-input":{"@type":"PropertyValueSpecification","valueRequired":true,"valueName":"search_term_string"}}],"inLanguage":"es"},{"@type":"Person","@id":"https:\/\/www.copealcoy.es\/es\/#\/schema\/person\/e777c87fa024e57d40170af9df39882c","name":"Cope Alcoy","image":{"@type":"ImageObject","inLanguage":"es","@id":"https:\/\/secure.gravatar.com\/avatar\/bb65d0283347e303893ba14f0692005417c1e0e690a325a4c5d8bb2b3943ee14?s=96&d=mm&r=g","url":"https:\/\/secure.gravatar.com\/avatar\/bb65d0283347e303893ba14f0692005417c1e0e690a325a4c5d8bb2b3943ee14?s=96&d=mm&r=g","contentUrl":"https:\/\/secure.gravatar.com\/avatar\/bb65d0283347e303893ba14f0692005417c1e0e690a325a4c5d8bb2b3943ee14?s=96&d=mm&r=g","caption":"Cope Alcoy"}}]}},"_links":{"self":[{"href":"https:\/\/www.copealcoy.es\/es\/wp-json\/wp\/v2\/posts\/96496","targetHints":{"allow":["GET"]}}],"collection":[{"href":"https:\/\/www.copealcoy.es\/es\/wp-json\/wp\/v2\/posts"}],"about":[{"href":"https:\/\/www.copealcoy.es\/es\/wp-json\/wp\/v2\/types\/post"}],"author":[{"embeddable":true,"href":"https:\/\/www.copealcoy.es\/es\/wp-json\/wp\/v2\/users\/1"}],"replies":[{"embeddable":true,"href":"https:\/\/www.copealcoy.es\/es\/wp-json\/wp\/v2\/comments?post=96496"}],"version-history":[{"count":0,"href":"https:\/\/www.copealcoy.es\/es\/wp-json\/wp\/v2\/posts\/96496\/revisions"}],"wp:featuredmedia":[{"embeddable":true,"href":"https:\/\/www.copealcoy.es\/es\/wp-json\/wp\/v2\/media\/18254"}],"wp:attachment":[{"href":"https:\/\/www.copealcoy.es\/es\/wp-json\/wp\/v2\/media?parent=96496"}],"wp:term":[{"taxonomy":"category","embeddable":true,"href":"https:\/\/www.copealcoy.es\/es\/wp-json\/wp\/v2\/categories?post=96496"},{"taxonomy":"post_tag","embeddable":true,"href":"https:\/\/www.copealcoy.es\/es\/wp-json\/wp\/v2\/tags?post=96496"}],"curies":[{"name":"wp","href":"https:\/\/api.w.org\/{rel}","templated":true}]}}