{"id":96458,"date":"2023-01-16T08:00:51","date_gmt":"2023-01-16T07:00:51","guid":{"rendered":"https:\/\/www.copealcoy.es\/?p=96458"},"modified":"2023-01-16T11:05:53","modified_gmt":"2023-01-16T10:05:53","slug":"suma-arranca-la-commemoracio-del-seu-trenta-aniversari","status":"publish","type":"post","link":"https:\/\/www.copealcoy.es\/es\/suma-arranca-la-commemoracio-del-seu-trenta-aniversari\/","title":{"rendered":"SUMA arranca la commemoraci\u00f3 del seu trenta aniversari"},"content":{"rendered":"<p style=\"text-align: justify;\"><a href=\"https:\/\/www.suma.es\/\"><strong><span style=\"color: #0000ff;\">SUMA Gesti\u00f3 Tribut\u00e0ria<\/span><\/strong><\/a>, organisme depenent de la Diputaci\u00f3 Provincial d&#8217;Alacant, comen\u00e7a 2023\u00a0 amb <strong>la conmemoraci\u00f3 del seu trenta aniversari<\/strong>. Una de les primeres accions dutes a terme <strong>ha sigut la creaci\u00f3 d&#8217;un logotip<\/strong>, que es desplegar\u00e0 progressivament en oficines i documents,\u00a0 i que <strong>s&#8217;ha donat a con\u00e9ixer en el marc d&#8217;una jornada de treball<\/strong> celebrada en el MARQ.<\/p>\n<p style=\"text-align: justify;\">Aquesta marca, segons la informaci\u00f3 facilitada, <strong>reflexa els valors que donen un punt de difer\u00e8ncia a la important tasca que porta endavant SUMA<\/strong>. S\u00f3n &#8220;<em>valors\u00a0 emergents en la societat actual com s\u00f3n la sensibilitat amb el medi ambient, la inclusi\u00f3 o la transpar\u00e8ncia, sense deixar de transmetre la tradicional solidesa que defineix a Suma, aix\u00ed com la proximitat amb la ciutadania i els Ajuntaments<\/em>\u201d, afirma la\u00a0diputada d&#8217;Hisenda, <strong>Mar\u00eda G\u00f3mez<\/strong>. L&#8217;esmentada imatge <strong>tamb\u00e9 vol ser un revulsiu per a la projecci\u00f3 de l&#8217;organisme tributari<\/strong> &#8220;<em>despr\u00e9s d&#8217;anys de molt d&#8217;esfor\u00e7 i grans resultats, ha arribat el moment d&#8217;evolucionar per a continuar sumant. Hem partit d&#8217;all\u00f2 que ens identifica, per a construir una cosa nova sense perdre la nostra ess\u00e8ncia<\/em>\u201d, conclou la diputada.<\/p>\n<p style=\"text-align: justify;\">Per part seua, el director de Summa Gesti\u00f3 Tribut\u00e0ria, <strong>Jos\u00e9 Antonio Belso<\/strong>, ha recalcat <strong>l&#8217;encaix d&#8217;aquesta iniciativa en l&#8217;estrat\u00e8gia de l&#8217;organisme a llarg termini<\/strong>, al mateix temps que ha indicat que <strong>no es tracta d&#8217;una mesura a\u00efllada<\/strong>, \u201c<em>sin\u00f3 que progressivament s&#8217;acompanyar\u00e0 d&#8217;altres inversions com la remodelaci\u00f3 de les nostres oficines tribut\u00e0ries<\/em>\u201d, ha dit al respecte.<\/p>\n<p style=\"text-align: justify;\"><strong><span style=\"color: #0000ff;\">Els resultats que deixa 2022 en SUMA\u00a0<\/span><\/strong><\/p>\n<p style=\"text-align: justify;\">Cal assenyalar que des de SUMA <strong>tamb\u00e9 han balan\u00e7 del que ha sigut l&#8217;any 2022<\/strong> que ja ha finalitzat. L&#8217;exercici econ\u00f2mic <strong>es tanca amb una recaptaci\u00f3 aproximada de 836,4 milions d&#8217;euros i una taxa d&#8217;\u00e8xit del 91,55%<\/strong>. En termes d&#8217;atenci\u00f3 a la ciutadania, <strong>s&#8217;han incrementat en un 0,8% les pres\u00e8ncies en els municipis de menor grand\u00e0ria<\/strong>, fins a les 13.772 itiner\u00e0ncies, mentre que <strong>continua creixent la utilitzaci\u00f3 de les noves tecnologies<\/strong> com la Seu Electr\u00f2nica en un 8,2%, acostant-se als 4 milions de consultes.<\/p>\n","protected":false},"excerpt":{"rendered":"<p>SUMA Gesti\u00f3 Tribut\u00e0ria, organisme depenent de la Diputaci\u00f3 Provincial d&#8217;Alacant, comen\u00e7a 2023\u00a0 amb la conmemoraci\u00f3 del seu trenta aniversari. Una&#8230;<\/p>\n","protected":false},"author":1,"featured_media":96459,"comment_status":"open","ping_status":"open","sticky":false,"template":"","format":"standard","meta":{"footnotes":""},"categories":[6909,98,75],"tags":[13674,9913,11370,13202,7133],"class_list":["post-96458","post","type-post","status-publish","format-standard","has-post-thumbnail","hentry","category-actualidad","category-comarcas","category-noticias","tag-balanc-2022","tag-dades","tag-exercici-economic","tag-resultats","tag-suma"],"yoast_head":"<!-- This site is optimized with the Yoast SEO plugin v27.3 - https:\/\/yoast.com\/product\/yoast-seo-wordpress\/ -->\n<title>SUMA arranca la commemoraci\u00f3 del seu trenta aniversari - COPE Alcoy<\/title>\n<meta name=\"robots\" content=\"index, follow, max-snippet:-1, max-image-preview:large, max-video-preview:-1\" \/>\n<link rel=\"canonical\" href=\"https:\/\/www.copealcoy.es\/es\/suma-arranca-la-commemoracio-del-seu-trenta-aniversari\/\" \/>\n<meta property=\"og:locale\" content=\"es_ES\" \/>\n<meta property=\"og:type\" content=\"article\" \/>\n<meta property=\"og:title\" content=\"SUMA arranca la commemoraci\u00f3 del seu trenta aniversari - COPE Alcoy\" \/>\n<meta property=\"og:description\" content=\"SUMA Gesti\u00f3 Tribut\u00e0ria, organisme depenent de la Diputaci\u00f3 Provincial d&#8217;Alacant, comen\u00e7a 2023\u00a0 amb la conmemoraci\u00f3 del seu trenta aniversari. Una...\" \/>\n<meta property=\"og:url\" content=\"https:\/\/www.copealcoy.es\/es\/suma-arranca-la-commemoracio-del-seu-trenta-aniversari\/\" \/>\n<meta property=\"og:site_name\" content=\"COPE Alcoy\" \/>\n<meta property=\"article:published_time\" content=\"2023-01-16T07:00:51+00:00\" \/>\n<meta property=\"article:modified_time\" content=\"2023-01-16T10:05:53+00:00\" \/>\n<meta property=\"og:image\" content=\"https:\/\/www.copealcoy.es\/wp-content\/uploads\/2023\/01\/SUMA-Gestion-Tributaria-e1673862319431.jpg\" \/>\n\t<meta property=\"og:image:width\" content=\"640\" \/>\n\t<meta property=\"og:image:height\" content=\"480\" \/>\n\t<meta property=\"og:image:type\" content=\"image\/jpeg\" \/>\n<meta name=\"author\" content=\"Cope Alcoy\" \/>\n<meta name=\"twitter:label1\" content=\"Escrito por\" \/>\n\t<meta name=\"twitter:data1\" content=\"Cope Alcoy\" \/>\n\t<meta name=\"twitter:label2\" content=\"Tiempo de lectura\" \/>\n\t<meta name=\"twitter:data2\" content=\"2 minutos\" \/>\n<script type=\"application\/ld+json\" class=\"yoast-schema-graph\">{\"@context\":\"https:\\\/\\\/schema.org\",\"@graph\":[{\"@type\":\"Article\",\"@id\":\"https:\\\/\\\/www.copealcoy.es\\\/es\\\/suma-arranca-la-commemoracio-del-seu-trenta-aniversari\\\/#article\",\"isPartOf\":{\"@id\":\"https:\\\/\\\/www.copealcoy.es\\\/es\\\/suma-arranca-la-commemoracio-del-seu-trenta-aniversari\\\/\"},\"author\":{\"name\":\"Cope Alcoy\",\"@id\":\"https:\\\/\\\/www.copealcoy.es\\\/es\\\/#\\\/schema\\\/person\\\/e777c87fa024e57d40170af9df39882c\"},\"headline\":\"SUMA arranca la commemoraci\u00f3 del seu trenta aniversari\",\"datePublished\":\"2023-01-16T07:00:51+00:00\",\"dateModified\":\"2023-01-16T10:05:53+00:00\",\"mainEntityOfPage\":{\"@id\":\"https:\\\/\\\/www.copealcoy.es\\\/es\\\/suma-arranca-la-commemoracio-del-seu-trenta-aniversari\\\/\"},\"wordCount\":368,\"commentCount\":0,\"image\":{\"@id\":\"https:\\\/\\\/www.copealcoy.es\\\/es\\\/suma-arranca-la-commemoracio-del-seu-trenta-aniversari\\\/#primaryimage\"},\"thumbnailUrl\":\"https:\\\/\\\/www.copealcoy.es\\\/wp-content\\\/uploads\\\/2023\\\/01\\\/SUMA-Gestion-Tributaria-e1673862319431.jpg\",\"keywords\":[\"balan\u00e7 2022\",\"dades\",\"exercici econ\u00f2mic\",\"resultats\",\"SUMA\"],\"articleSection\":[\"Actualidad\",\"Comarcas\",\"Noticias\"],\"inLanguage\":\"es\"},{\"@type\":\"WebPage\",\"@id\":\"https:\\\/\\\/www.copealcoy.es\\\/es\\\/suma-arranca-la-commemoracio-del-seu-trenta-aniversari\\\/\",\"url\":\"https:\\\/\\\/www.copealcoy.es\\\/es\\\/suma-arranca-la-commemoracio-del-seu-trenta-aniversari\\\/\",\"name\":\"SUMA arranca la commemoraci\u00f3 del seu trenta aniversari - COPE Alcoy\",\"isPartOf\":{\"@id\":\"https:\\\/\\\/www.copealcoy.es\\\/es\\\/#website\"},\"primaryImageOfPage\":{\"@id\":\"https:\\\/\\\/www.copealcoy.es\\\/es\\\/suma-arranca-la-commemoracio-del-seu-trenta-aniversari\\\/#primaryimage\"},\"image\":{\"@id\":\"https:\\\/\\\/www.copealcoy.es\\\/es\\\/suma-arranca-la-commemoracio-del-seu-trenta-aniversari\\\/#primaryimage\"},\"thumbnailUrl\":\"https:\\\/\\\/www.copealcoy.es\\\/wp-content\\\/uploads\\\/2023\\\/01\\\/SUMA-Gestion-Tributaria-e1673862319431.jpg\",\"datePublished\":\"2023-01-16T07:00:51+00:00\",\"dateModified\":\"2023-01-16T10:05:53+00:00\",\"author\":{\"@id\":\"https:\\\/\\\/www.copealcoy.es\\\/es\\\/#\\\/schema\\\/person\\\/e777c87fa024e57d40170af9df39882c\"},\"breadcrumb\":{\"@id\":\"https:\\\/\\\/www.copealcoy.es\\\/es\\\/suma-arranca-la-commemoracio-del-seu-trenta-aniversari\\\/#breadcrumb\"},\"inLanguage\":\"es\",\"potentialAction\":[{\"@type\":\"ReadAction\",\"target\":[\"https:\\\/\\\/www.copealcoy.es\\\/es\\\/suma-arranca-la-commemoracio-del-seu-trenta-aniversari\\\/\"]}]},{\"@type\":\"ImageObject\",\"inLanguage\":\"es\",\"@id\":\"https:\\\/\\\/www.copealcoy.es\\\/es\\\/suma-arranca-la-commemoracio-del-seu-trenta-aniversari\\\/#primaryimage\",\"url\":\"https:\\\/\\\/www.copealcoy.es\\\/wp-content\\\/uploads\\\/2023\\\/01\\\/SUMA-Gestion-Tributaria-e1673862319431.jpg\",\"contentUrl\":\"https:\\\/\\\/www.copealcoy.es\\\/wp-content\\\/uploads\\\/2023\\\/01\\\/SUMA-Gestion-Tributaria-e1673862319431.jpg\",\"width\":640,\"height\":480},{\"@type\":\"BreadcrumbList\",\"@id\":\"https:\\\/\\\/www.copealcoy.es\\\/es\\\/suma-arranca-la-commemoracio-del-seu-trenta-aniversari\\\/#breadcrumb\",\"itemListElement\":[{\"@type\":\"ListItem\",\"position\":1,\"name\":\"Portada\",\"item\":\"https:\\\/\\\/www.copealcoy.es\\\/es\\\/\"},{\"@type\":\"ListItem\",\"position\":2,\"name\":\"SUMA arranca la commemoraci\u00f3 del seu trenta aniversari\"}]},{\"@type\":\"WebSite\",\"@id\":\"https:\\\/\\\/www.copealcoy.es\\\/es\\\/#website\",\"url\":\"https:\\\/\\\/www.copealcoy.es\\\/es\\\/\",\"name\":\"COPE Alcoy\",\"description\":\"Emisora COPE de radio local con emisi\u00f3n online. Pont de Sant Jordi 8-10 03803 Alcoy\",\"potentialAction\":[{\"@type\":\"SearchAction\",\"target\":{\"@type\":\"EntryPoint\",\"urlTemplate\":\"https:\\\/\\\/www.copealcoy.es\\\/es\\\/?s={search_term_string}\"},\"query-input\":{\"@type\":\"PropertyValueSpecification\",\"valueRequired\":true,\"valueName\":\"search_term_string\"}}],\"inLanguage\":\"es\"},{\"@type\":\"Person\",\"@id\":\"https:\\\/\\\/www.copealcoy.es\\\/es\\\/#\\\/schema\\\/person\\\/e777c87fa024e57d40170af9df39882c\",\"name\":\"Cope Alcoy\",\"image\":{\"@type\":\"ImageObject\",\"inLanguage\":\"es\",\"@id\":\"https:\\\/\\\/secure.gravatar.com\\\/avatar\\\/bb65d0283347e303893ba14f0692005417c1e0e690a325a4c5d8bb2b3943ee14?s=96&d=mm&r=g\",\"url\":\"https:\\\/\\\/secure.gravatar.com\\\/avatar\\\/bb65d0283347e303893ba14f0692005417c1e0e690a325a4c5d8bb2b3943ee14?s=96&d=mm&r=g\",\"contentUrl\":\"https:\\\/\\\/secure.gravatar.com\\\/avatar\\\/bb65d0283347e303893ba14f0692005417c1e0e690a325a4c5d8bb2b3943ee14?s=96&d=mm&r=g\",\"caption\":\"Cope Alcoy\"}}]}<\/script>\n<!-- \/ Yoast SEO plugin. -->","yoast_head_json":{"title":"SUMA arranca la commemoraci\u00f3 del seu trenta aniversari - COPE Alcoy","robots":{"index":"index","follow":"follow","max-snippet":"max-snippet:-1","max-image-preview":"max-image-preview:large","max-video-preview":"max-video-preview:-1"},"canonical":"https:\/\/www.copealcoy.es\/es\/suma-arranca-la-commemoracio-del-seu-trenta-aniversari\/","og_locale":"es_ES","og_type":"article","og_title":"SUMA arranca la commemoraci\u00f3 del seu trenta aniversari - COPE Alcoy","og_description":"SUMA Gesti\u00f3 Tribut\u00e0ria, organisme depenent de la Diputaci\u00f3 Provincial d&#8217;Alacant, comen\u00e7a 2023\u00a0 amb la conmemoraci\u00f3 del seu trenta aniversari. Una...","og_url":"https:\/\/www.copealcoy.es\/es\/suma-arranca-la-commemoracio-del-seu-trenta-aniversari\/","og_site_name":"COPE Alcoy","article_published_time":"2023-01-16T07:00:51+00:00","article_modified_time":"2023-01-16T10:05:53+00:00","og_image":[{"width":640,"height":480,"url":"https:\/\/www.copealcoy.es\/wp-content\/uploads\/2023\/01\/SUMA-Gestion-Tributaria-e1673862319431.jpg","type":"image\/jpeg"}],"author":"Cope Alcoy","twitter_misc":{"Escrito por":"Cope Alcoy","Tiempo de lectura":"2 minutos"},"schema":{"@context":"https:\/\/schema.org","@graph":[{"@type":"Article","@id":"https:\/\/www.copealcoy.es\/es\/suma-arranca-la-commemoracio-del-seu-trenta-aniversari\/#article","isPartOf":{"@id":"https:\/\/www.copealcoy.es\/es\/suma-arranca-la-commemoracio-del-seu-trenta-aniversari\/"},"author":{"name":"Cope Alcoy","@id":"https:\/\/www.copealcoy.es\/es\/#\/schema\/person\/e777c87fa024e57d40170af9df39882c"},"headline":"SUMA arranca la commemoraci\u00f3 del seu trenta aniversari","datePublished":"2023-01-16T07:00:51+00:00","dateModified":"2023-01-16T10:05:53+00:00","mainEntityOfPage":{"@id":"https:\/\/www.copealcoy.es\/es\/suma-arranca-la-commemoracio-del-seu-trenta-aniversari\/"},"wordCount":368,"commentCount":0,"image":{"@id":"https:\/\/www.copealcoy.es\/es\/suma-arranca-la-commemoracio-del-seu-trenta-aniversari\/#primaryimage"},"thumbnailUrl":"https:\/\/www.copealcoy.es\/wp-content\/uploads\/2023\/01\/SUMA-Gestion-Tributaria-e1673862319431.jpg","keywords":["balan\u00e7 2022","dades","exercici econ\u00f2mic","resultats","SUMA"],"articleSection":["Actualidad","Comarcas","Noticias"],"inLanguage":"es"},{"@type":"WebPage","@id":"https:\/\/www.copealcoy.es\/es\/suma-arranca-la-commemoracio-del-seu-trenta-aniversari\/","url":"https:\/\/www.copealcoy.es\/es\/suma-arranca-la-commemoracio-del-seu-trenta-aniversari\/","name":"SUMA arranca la commemoraci\u00f3 del seu trenta aniversari - COPE Alcoy","isPartOf":{"@id":"https:\/\/www.copealcoy.es\/es\/#website"},"primaryImageOfPage":{"@id":"https:\/\/www.copealcoy.es\/es\/suma-arranca-la-commemoracio-del-seu-trenta-aniversari\/#primaryimage"},"image":{"@id":"https:\/\/www.copealcoy.es\/es\/suma-arranca-la-commemoracio-del-seu-trenta-aniversari\/#primaryimage"},"thumbnailUrl":"https:\/\/www.copealcoy.es\/wp-content\/uploads\/2023\/01\/SUMA-Gestion-Tributaria-e1673862319431.jpg","datePublished":"2023-01-16T07:00:51+00:00","dateModified":"2023-01-16T10:05:53+00:00","author":{"@id":"https:\/\/www.copealcoy.es\/es\/#\/schema\/person\/e777c87fa024e57d40170af9df39882c"},"breadcrumb":{"@id":"https:\/\/www.copealcoy.es\/es\/suma-arranca-la-commemoracio-del-seu-trenta-aniversari\/#breadcrumb"},"inLanguage":"es","potentialAction":[{"@type":"ReadAction","target":["https:\/\/www.copealcoy.es\/es\/suma-arranca-la-commemoracio-del-seu-trenta-aniversari\/"]}]},{"@type":"ImageObject","inLanguage":"es","@id":"https:\/\/www.copealcoy.es\/es\/suma-arranca-la-commemoracio-del-seu-trenta-aniversari\/#primaryimage","url":"https:\/\/www.copealcoy.es\/wp-content\/uploads\/2023\/01\/SUMA-Gestion-Tributaria-e1673862319431.jpg","contentUrl":"https:\/\/www.copealcoy.es\/wp-content\/uploads\/2023\/01\/SUMA-Gestion-Tributaria-e1673862319431.jpg","width":640,"height":480},{"@type":"BreadcrumbList","@id":"https:\/\/www.copealcoy.es\/es\/suma-arranca-la-commemoracio-del-seu-trenta-aniversari\/#breadcrumb","itemListElement":[{"@type":"ListItem","position":1,"name":"Portada","item":"https:\/\/www.copealcoy.es\/es\/"},{"@type":"ListItem","position":2,"name":"SUMA arranca la commemoraci\u00f3 del seu trenta aniversari"}]},{"@type":"WebSite","@id":"https:\/\/www.copealcoy.es\/es\/#website","url":"https:\/\/www.copealcoy.es\/es\/","name":"COPE Alcoy","description":"Emisora COPE de radio local con emisi\u00f3n online. Pont de Sant Jordi 8-10 03803 Alcoy","potentialAction":[{"@type":"SearchAction","target":{"@type":"EntryPoint","urlTemplate":"https:\/\/www.copealcoy.es\/es\/?s={search_term_string}"},"query-input":{"@type":"PropertyValueSpecification","valueRequired":true,"valueName":"search_term_string"}}],"inLanguage":"es"},{"@type":"Person","@id":"https:\/\/www.copealcoy.es\/es\/#\/schema\/person\/e777c87fa024e57d40170af9df39882c","name":"Cope Alcoy","image":{"@type":"ImageObject","inLanguage":"es","@id":"https:\/\/secure.gravatar.com\/avatar\/bb65d0283347e303893ba14f0692005417c1e0e690a325a4c5d8bb2b3943ee14?s=96&d=mm&r=g","url":"https:\/\/secure.gravatar.com\/avatar\/bb65d0283347e303893ba14f0692005417c1e0e690a325a4c5d8bb2b3943ee14?s=96&d=mm&r=g","contentUrl":"https:\/\/secure.gravatar.com\/avatar\/bb65d0283347e303893ba14f0692005417c1e0e690a325a4c5d8bb2b3943ee14?s=96&d=mm&r=g","caption":"Cope Alcoy"}}]}},"_links":{"self":[{"href":"https:\/\/www.copealcoy.es\/es\/wp-json\/wp\/v2\/posts\/96458","targetHints":{"allow":["GET"]}}],"collection":[{"href":"https:\/\/www.copealcoy.es\/es\/wp-json\/wp\/v2\/posts"}],"about":[{"href":"https:\/\/www.copealcoy.es\/es\/wp-json\/wp\/v2\/types\/post"}],"author":[{"embeddable":true,"href":"https:\/\/www.copealcoy.es\/es\/wp-json\/wp\/v2\/users\/1"}],"replies":[{"embeddable":true,"href":"https:\/\/www.copealcoy.es\/es\/wp-json\/wp\/v2\/comments?post=96458"}],"version-history":[{"count":0,"href":"https:\/\/www.copealcoy.es\/es\/wp-json\/wp\/v2\/posts\/96458\/revisions"}],"wp:featuredmedia":[{"embeddable":true,"href":"https:\/\/www.copealcoy.es\/es\/wp-json\/wp\/v2\/media\/96459"}],"wp:attachment":[{"href":"https:\/\/www.copealcoy.es\/es\/wp-json\/wp\/v2\/media?parent=96458"}],"wp:term":[{"taxonomy":"category","embeddable":true,"href":"https:\/\/www.copealcoy.es\/es\/wp-json\/wp\/v2\/categories?post=96458"},{"taxonomy":"post_tag","embeddable":true,"href":"https:\/\/www.copealcoy.es\/es\/wp-json\/wp\/v2\/tags?post=96458"}],"curies":[{"name":"wp","href":"https:\/\/api.w.org\/{rel}","templated":true}]}}