{"id":96386,"date":"2023-01-13T11:33:40","date_gmt":"2023-01-13T10:33:40","guid":{"rendered":"https:\/\/www.copealcoy.es\/?p=96386"},"modified":"2023-01-13T11:50:52","modified_gmt":"2023-01-13T10:50:52","slug":"detingut-de-nou-per-robar-cables-de-coure-aquesta-vegada-a-cocentaina","status":"publish","type":"post","link":"https:\/\/www.copealcoy.es\/es\/detingut-de-nou-per-robar-cables-de-coure-aquesta-vegada-a-cocentaina\/","title":{"rendered":"Detingut de nou per robar cables de coure, aquesta vegada a Cocentaina"},"content":{"rendered":"<p style=\"text-align: justify;\">La <a href=\"https:\/\/www.facebook.com\/profile.php?id=100050959311759\"><span style=\"color: #0000ff;\"><strong>Policia Local de Cocentaina<\/strong><\/span><\/a>, en col\u00b7laboraci\u00f3 amb la Gu\u00e0rdia Civil, <strong>ha sorpr\u00e9s un jove de 24 anys sostraient cablejat el\u00e8ctric<\/strong>. La r\u00e0pida intervenci\u00f3 dels agents va evitar, durant la nit del passat dimecres, <strong>que es perpetrara un robatori de cablejat el\u00e8ctric en la zona de l&#8217;acc\u00e9s al pol\u00edgon industrial de l\u2019Alcudia<\/strong>.<\/p>\n<p style=\"text-align: justify;\">Els fets <strong>van oc\u00f3rrer sobre les 3 hores de la matinada<\/strong> quan la telefonada d&#8217;un ve\u00ed <strong>alertava sobre la pres\u00e8ncia d&#8217;un individu<\/strong> amb \u201c<em>actitud sospitosa<\/em>\u201d als voltants de l&#8217;esmentada zona. En personar-se els agents en el lloc dels fets,<strong> es van trobar al sospit\u00f3s amb el cable acabat de sostraure<\/strong>. El jove, que <strong>t\u00e9 antecedents per fets similars<\/strong>, \u00e9s natural de Muro i ser\u00e0 posat a disposici\u00f3 judicial.<\/p>\n<p style=\"text-align: justify;\">Cal esmentar que el material sostret per a la seua posterior venda en alguna chatarrer\u00eda <strong>no superaria els 20 euros<\/strong>. No obstant aix\u00f2,\u00a0 els danys produ\u00efts en la instal\u00b7laci\u00f3 dels fanals d&#8217;aquest pol\u00edgon, <strong>podrien ascendir a m\u00e9s de 2000 euros<\/strong> segons estimacions realitzades per t\u00e8cnics municipals del Consistori contest\u00e0.<\/p>\n<p style=\"text-align: justify;\"><strong><span style=\"color: #0000ff;\">Detingut tamb\u00e9 a Alcoi dies abans pels mateixos fets<\/span><\/strong><\/p>\n<p style=\"text-align: justify;\">La Policia Local d\u2019Alcoi, segons va informar ja COPE ALCOI, v<strong>a detenir tamb\u00e9 a aquesta persona el passat 3 de gener<\/strong> per la presumpta sostracci\u00f3 de cablejat el\u00e8ctric p\u00fablic en diferents punts de la ciutat. En aquell moment els agents ja informaven <strong>que es tractava d\u2019un home de vint-i-quatre anys<\/strong>, ve\u00ed de Muro, amb antecedents per fets similars.<\/p>\n<p style=\"text-align: justify;\">La detenci\u00f3 es va produir al voltant de les set del mat\u00ed, <strong>mentre el presumpte autor es trobava cremant la cobertura de pl\u00e0stic del cablejat<\/strong> per poder extraure el coure. A l\u2019arrestat se li atribueix la sostracci\u00f3 de 500 metres de cable de coure i 50 metres de fibra \u00f2ptica en diferents zones de la ciutat. En concret, el robatori de cablejat a l\u2019Avinguda d\u2019Elx i al carrer Cavaller Merita, el qual va deixar sense llum a diferents zones del barri de la Zona Alta. Aquests es sumen altres intents, a partir dels quals es va instal\u00b7lar <strong>un dispositiu de vigil\u00e0ncia especial<\/strong>.<\/p>\n","protected":false},"excerpt":{"rendered":"<p>La Policia Local de Cocentaina, en col\u00b7laboraci\u00f3 amb la Gu\u00e0rdia Civil, ha sorpr\u00e9s un jove de 24 anys sostraient cablejat&#8230;<\/p>\n","protected":false},"author":1,"featured_media":96387,"comment_status":"open","ping_status":"open","sticky":false,"template":"","format":"standard","meta":{"footnotes":""},"categories":[92,75],"tags":[13715,132,11393,2187,846,13614],"class_list":["post-96386","post","type-post","status-publish","format-standard","has-post-thumbnail","hentry","category-deportes","category-noticias","tag-cablejat-electric","tag-cocentaina","tag-detencio","tag-guardia-civil","tag-policia-local","tag-robatori"],"yoast_head":"<!-- This site is optimized with the Yoast SEO plugin v27.3 - https:\/\/yoast.com\/product\/yoast-seo-wordpress\/ -->\n<title>Detingut de nou per robar cables de coure, aquesta vegada a Cocentaina - COPE Alcoy<\/title>\n<meta name=\"description\" content=\"La Policia Local de Cocentaina, en col\u00b7laboraci\u00f3 amb la Gu\u00e0rdia Civil, ha sorpr\u00e9s un jove de 24 anys sostraient cablejat el\u00e8ctric\" \/>\n<meta name=\"robots\" content=\"index, follow, max-snippet:-1, max-image-preview:large, max-video-preview:-1\" \/>\n<link rel=\"canonical\" href=\"https:\/\/www.copealcoy.es\/es\/detingut-de-nou-per-robar-cables-de-coure-aquesta-vegada-a-cocentaina\/\" \/>\n<meta property=\"og:locale\" content=\"es_ES\" \/>\n<meta property=\"og:type\" content=\"article\" \/>\n<meta property=\"og:title\" content=\"Detingut de nou per robar cables de coure, aquesta vegada a Cocentaina - COPE Alcoy\" \/>\n<meta property=\"og:description\" content=\"La Policia Local de Cocentaina, en col\u00b7laboraci\u00f3 amb la Gu\u00e0rdia Civil, ha sorpr\u00e9s un jove de 24 anys sostraient cablejat el\u00e8ctric\" \/>\n<meta property=\"og:url\" content=\"https:\/\/www.copealcoy.es\/es\/detingut-de-nou-per-robar-cables-de-coure-aquesta-vegada-a-cocentaina\/\" \/>\n<meta property=\"og:site_name\" content=\"COPE Alcoy\" \/>\n<meta property=\"article:published_time\" content=\"2023-01-13T10:33:40+00:00\" \/>\n<meta property=\"article:modified_time\" content=\"2023-01-13T10:50:52+00:00\" \/>\n<meta property=\"og:image\" content=\"https:\/\/www.copealcoy.es\/wp-content\/uploads\/2023\/01\/325398621_1792183791182474_2165562207521418867_n-scaled.jpg\" \/>\n\t<meta property=\"og:image:width\" content=\"1920\" \/>\n\t<meta property=\"og:image:height\" content=\"1008\" \/>\n\t<meta property=\"og:image:type\" content=\"image\/jpeg\" \/>\n<meta name=\"author\" content=\"Cope Alcoy\" \/>\n<meta name=\"twitter:label1\" content=\"Escrito por\" \/>\n\t<meta name=\"twitter:data1\" content=\"Cope Alcoy\" \/>\n\t<meta name=\"twitter:label2\" content=\"Tiempo de lectura\" \/>\n\t<meta name=\"twitter:data2\" content=\"2 minutos\" \/>\n<script type=\"application\/ld+json\" class=\"yoast-schema-graph\">{\"@context\":\"https:\\\/\\\/schema.org\",\"@graph\":[{\"@type\":\"Article\",\"@id\":\"https:\\\/\\\/www.copealcoy.es\\\/es\\\/detingut-de-nou-per-robar-cables-de-coure-aquesta-vegada-a-cocentaina\\\/#article\",\"isPartOf\":{\"@id\":\"https:\\\/\\\/www.copealcoy.es\\\/es\\\/detingut-de-nou-per-robar-cables-de-coure-aquesta-vegada-a-cocentaina\\\/\"},\"author\":{\"name\":\"Cope Alcoy\",\"@id\":\"https:\\\/\\\/www.copealcoy.es\\\/es\\\/#\\\/schema\\\/person\\\/e777c87fa024e57d40170af9df39882c\"},\"headline\":\"Detingut de nou per robar cables de coure, aquesta vegada a Cocentaina\",\"datePublished\":\"2023-01-13T10:33:40+00:00\",\"dateModified\":\"2023-01-13T10:50:52+00:00\",\"mainEntityOfPage\":{\"@id\":\"https:\\\/\\\/www.copealcoy.es\\\/es\\\/detingut-de-nou-per-robar-cables-de-coure-aquesta-vegada-a-cocentaina\\\/\"},\"wordCount\":376,\"commentCount\":0,\"image\":{\"@id\":\"https:\\\/\\\/www.copealcoy.es\\\/es\\\/detingut-de-nou-per-robar-cables-de-coure-aquesta-vegada-a-cocentaina\\\/#primaryimage\"},\"thumbnailUrl\":\"https:\\\/\\\/www.copealcoy.es\\\/wp-content\\\/uploads\\\/2023\\\/01\\\/325398621_1792183791182474_2165562207521418867_n-scaled.jpg\",\"keywords\":[\"cablejat el\u00e8ctric\",\"Cocentaina\",\"detenci\u00f3\",\"Guardia Civil\",\"Polic\u00eda Local\",\"robatori\"],\"articleSection\":[\"Deportes\",\"Noticias\"],\"inLanguage\":\"es\"},{\"@type\":\"WebPage\",\"@id\":\"https:\\\/\\\/www.copealcoy.es\\\/es\\\/detingut-de-nou-per-robar-cables-de-coure-aquesta-vegada-a-cocentaina\\\/\",\"url\":\"https:\\\/\\\/www.copealcoy.es\\\/es\\\/detingut-de-nou-per-robar-cables-de-coure-aquesta-vegada-a-cocentaina\\\/\",\"name\":\"Detingut de nou per robar cables de coure, aquesta vegada a Cocentaina - COPE Alcoy\",\"isPartOf\":{\"@id\":\"https:\\\/\\\/www.copealcoy.es\\\/es\\\/#website\"},\"primaryImageOfPage\":{\"@id\":\"https:\\\/\\\/www.copealcoy.es\\\/es\\\/detingut-de-nou-per-robar-cables-de-coure-aquesta-vegada-a-cocentaina\\\/#primaryimage\"},\"image\":{\"@id\":\"https:\\\/\\\/www.copealcoy.es\\\/es\\\/detingut-de-nou-per-robar-cables-de-coure-aquesta-vegada-a-cocentaina\\\/#primaryimage\"},\"thumbnailUrl\":\"https:\\\/\\\/www.copealcoy.es\\\/wp-content\\\/uploads\\\/2023\\\/01\\\/325398621_1792183791182474_2165562207521418867_n-scaled.jpg\",\"datePublished\":\"2023-01-13T10:33:40+00:00\",\"dateModified\":\"2023-01-13T10:50:52+00:00\",\"author\":{\"@id\":\"https:\\\/\\\/www.copealcoy.es\\\/es\\\/#\\\/schema\\\/person\\\/e777c87fa024e57d40170af9df39882c\"},\"description\":\"La Policia Local de Cocentaina, en col\u00b7laboraci\u00f3 amb la Gu\u00e0rdia Civil, ha sorpr\u00e9s un jove de 24 anys sostraient cablejat el\u00e8ctric\",\"breadcrumb\":{\"@id\":\"https:\\\/\\\/www.copealcoy.es\\\/es\\\/detingut-de-nou-per-robar-cables-de-coure-aquesta-vegada-a-cocentaina\\\/#breadcrumb\"},\"inLanguage\":\"es\",\"potentialAction\":[{\"@type\":\"ReadAction\",\"target\":[\"https:\\\/\\\/www.copealcoy.es\\\/es\\\/detingut-de-nou-per-robar-cables-de-coure-aquesta-vegada-a-cocentaina\\\/\"]}]},{\"@type\":\"ImageObject\",\"inLanguage\":\"es\",\"@id\":\"https:\\\/\\\/www.copealcoy.es\\\/es\\\/detingut-de-nou-per-robar-cables-de-coure-aquesta-vegada-a-cocentaina\\\/#primaryimage\",\"url\":\"https:\\\/\\\/www.copealcoy.es\\\/wp-content\\\/uploads\\\/2023\\\/01\\\/325398621_1792183791182474_2165562207521418867_n-scaled.jpg\",\"contentUrl\":\"https:\\\/\\\/www.copealcoy.es\\\/wp-content\\\/uploads\\\/2023\\\/01\\\/325398621_1792183791182474_2165562207521418867_n-scaled.jpg\",\"width\":1920,\"height\":1008},{\"@type\":\"BreadcrumbList\",\"@id\":\"https:\\\/\\\/www.copealcoy.es\\\/es\\\/detingut-de-nou-per-robar-cables-de-coure-aquesta-vegada-a-cocentaina\\\/#breadcrumb\",\"itemListElement\":[{\"@type\":\"ListItem\",\"position\":1,\"name\":\"Portada\",\"item\":\"https:\\\/\\\/www.copealcoy.es\\\/es\\\/\"},{\"@type\":\"ListItem\",\"position\":2,\"name\":\"Detingut de nou per robar cables de coure, aquesta vegada a Cocentaina\"}]},{\"@type\":\"WebSite\",\"@id\":\"https:\\\/\\\/www.copealcoy.es\\\/es\\\/#website\",\"url\":\"https:\\\/\\\/www.copealcoy.es\\\/es\\\/\",\"name\":\"COPE Alcoy\",\"description\":\"Emisora COPE de radio local con emisi\u00f3n online. Pont de Sant Jordi 8-10 03803 Alcoy\",\"potentialAction\":[{\"@type\":\"SearchAction\",\"target\":{\"@type\":\"EntryPoint\",\"urlTemplate\":\"https:\\\/\\\/www.copealcoy.es\\\/es\\\/?s={search_term_string}\"},\"query-input\":{\"@type\":\"PropertyValueSpecification\",\"valueRequired\":true,\"valueName\":\"search_term_string\"}}],\"inLanguage\":\"es\"},{\"@type\":\"Person\",\"@id\":\"https:\\\/\\\/www.copealcoy.es\\\/es\\\/#\\\/schema\\\/person\\\/e777c87fa024e57d40170af9df39882c\",\"name\":\"Cope Alcoy\",\"image\":{\"@type\":\"ImageObject\",\"inLanguage\":\"es\",\"@id\":\"https:\\\/\\\/secure.gravatar.com\\\/avatar\\\/bb65d0283347e303893ba14f0692005417c1e0e690a325a4c5d8bb2b3943ee14?s=96&d=mm&r=g\",\"url\":\"https:\\\/\\\/secure.gravatar.com\\\/avatar\\\/bb65d0283347e303893ba14f0692005417c1e0e690a325a4c5d8bb2b3943ee14?s=96&d=mm&r=g\",\"contentUrl\":\"https:\\\/\\\/secure.gravatar.com\\\/avatar\\\/bb65d0283347e303893ba14f0692005417c1e0e690a325a4c5d8bb2b3943ee14?s=96&d=mm&r=g\",\"caption\":\"Cope Alcoy\"}}]}<\/script>\n<!-- \/ Yoast SEO plugin. -->","yoast_head_json":{"title":"Detingut de nou per robar cables de coure, aquesta vegada a Cocentaina - COPE Alcoy","description":"La Policia Local de Cocentaina, en col\u00b7laboraci\u00f3 amb la Gu\u00e0rdia Civil, ha sorpr\u00e9s un jove de 24 anys sostraient cablejat el\u00e8ctric","robots":{"index":"index","follow":"follow","max-snippet":"max-snippet:-1","max-image-preview":"max-image-preview:large","max-video-preview":"max-video-preview:-1"},"canonical":"https:\/\/www.copealcoy.es\/es\/detingut-de-nou-per-robar-cables-de-coure-aquesta-vegada-a-cocentaina\/","og_locale":"es_ES","og_type":"article","og_title":"Detingut de nou per robar cables de coure, aquesta vegada a Cocentaina - COPE Alcoy","og_description":"La Policia Local de Cocentaina, en col\u00b7laboraci\u00f3 amb la Gu\u00e0rdia Civil, ha sorpr\u00e9s un jove de 24 anys sostraient cablejat el\u00e8ctric","og_url":"https:\/\/www.copealcoy.es\/es\/detingut-de-nou-per-robar-cables-de-coure-aquesta-vegada-a-cocentaina\/","og_site_name":"COPE Alcoy","article_published_time":"2023-01-13T10:33:40+00:00","article_modified_time":"2023-01-13T10:50:52+00:00","og_image":[{"width":1920,"height":1008,"url":"https:\/\/www.copealcoy.es\/wp-content\/uploads\/2023\/01\/325398621_1792183791182474_2165562207521418867_n-scaled.jpg","type":"image\/jpeg"}],"author":"Cope Alcoy","twitter_misc":{"Escrito por":"Cope Alcoy","Tiempo de lectura":"2 minutos"},"schema":{"@context":"https:\/\/schema.org","@graph":[{"@type":"Article","@id":"https:\/\/www.copealcoy.es\/es\/detingut-de-nou-per-robar-cables-de-coure-aquesta-vegada-a-cocentaina\/#article","isPartOf":{"@id":"https:\/\/www.copealcoy.es\/es\/detingut-de-nou-per-robar-cables-de-coure-aquesta-vegada-a-cocentaina\/"},"author":{"name":"Cope Alcoy","@id":"https:\/\/www.copealcoy.es\/es\/#\/schema\/person\/e777c87fa024e57d40170af9df39882c"},"headline":"Detingut de nou per robar cables de coure, aquesta vegada a Cocentaina","datePublished":"2023-01-13T10:33:40+00:00","dateModified":"2023-01-13T10:50:52+00:00","mainEntityOfPage":{"@id":"https:\/\/www.copealcoy.es\/es\/detingut-de-nou-per-robar-cables-de-coure-aquesta-vegada-a-cocentaina\/"},"wordCount":376,"commentCount":0,"image":{"@id":"https:\/\/www.copealcoy.es\/es\/detingut-de-nou-per-robar-cables-de-coure-aquesta-vegada-a-cocentaina\/#primaryimage"},"thumbnailUrl":"https:\/\/www.copealcoy.es\/wp-content\/uploads\/2023\/01\/325398621_1792183791182474_2165562207521418867_n-scaled.jpg","keywords":["cablejat el\u00e8ctric","Cocentaina","detenci\u00f3","Guardia Civil","Polic\u00eda Local","robatori"],"articleSection":["Deportes","Noticias"],"inLanguage":"es"},{"@type":"WebPage","@id":"https:\/\/www.copealcoy.es\/es\/detingut-de-nou-per-robar-cables-de-coure-aquesta-vegada-a-cocentaina\/","url":"https:\/\/www.copealcoy.es\/es\/detingut-de-nou-per-robar-cables-de-coure-aquesta-vegada-a-cocentaina\/","name":"Detingut de nou per robar cables de coure, aquesta vegada a Cocentaina - COPE Alcoy","isPartOf":{"@id":"https:\/\/www.copealcoy.es\/es\/#website"},"primaryImageOfPage":{"@id":"https:\/\/www.copealcoy.es\/es\/detingut-de-nou-per-robar-cables-de-coure-aquesta-vegada-a-cocentaina\/#primaryimage"},"image":{"@id":"https:\/\/www.copealcoy.es\/es\/detingut-de-nou-per-robar-cables-de-coure-aquesta-vegada-a-cocentaina\/#primaryimage"},"thumbnailUrl":"https:\/\/www.copealcoy.es\/wp-content\/uploads\/2023\/01\/325398621_1792183791182474_2165562207521418867_n-scaled.jpg","datePublished":"2023-01-13T10:33:40+00:00","dateModified":"2023-01-13T10:50:52+00:00","author":{"@id":"https:\/\/www.copealcoy.es\/es\/#\/schema\/person\/e777c87fa024e57d40170af9df39882c"},"description":"La Policia Local de Cocentaina, en col\u00b7laboraci\u00f3 amb la Gu\u00e0rdia Civil, ha sorpr\u00e9s un jove de 24 anys sostraient cablejat el\u00e8ctric","breadcrumb":{"@id":"https:\/\/www.copealcoy.es\/es\/detingut-de-nou-per-robar-cables-de-coure-aquesta-vegada-a-cocentaina\/#breadcrumb"},"inLanguage":"es","potentialAction":[{"@type":"ReadAction","target":["https:\/\/www.copealcoy.es\/es\/detingut-de-nou-per-robar-cables-de-coure-aquesta-vegada-a-cocentaina\/"]}]},{"@type":"ImageObject","inLanguage":"es","@id":"https:\/\/www.copealcoy.es\/es\/detingut-de-nou-per-robar-cables-de-coure-aquesta-vegada-a-cocentaina\/#primaryimage","url":"https:\/\/www.copealcoy.es\/wp-content\/uploads\/2023\/01\/325398621_1792183791182474_2165562207521418867_n-scaled.jpg","contentUrl":"https:\/\/www.copealcoy.es\/wp-content\/uploads\/2023\/01\/325398621_1792183791182474_2165562207521418867_n-scaled.jpg","width":1920,"height":1008},{"@type":"BreadcrumbList","@id":"https:\/\/www.copealcoy.es\/es\/detingut-de-nou-per-robar-cables-de-coure-aquesta-vegada-a-cocentaina\/#breadcrumb","itemListElement":[{"@type":"ListItem","position":1,"name":"Portada","item":"https:\/\/www.copealcoy.es\/es\/"},{"@type":"ListItem","position":2,"name":"Detingut de nou per robar cables de coure, aquesta vegada a Cocentaina"}]},{"@type":"WebSite","@id":"https:\/\/www.copealcoy.es\/es\/#website","url":"https:\/\/www.copealcoy.es\/es\/","name":"COPE Alcoy","description":"Emisora COPE de radio local con emisi\u00f3n online. Pont de Sant Jordi 8-10 03803 Alcoy","potentialAction":[{"@type":"SearchAction","target":{"@type":"EntryPoint","urlTemplate":"https:\/\/www.copealcoy.es\/es\/?s={search_term_string}"},"query-input":{"@type":"PropertyValueSpecification","valueRequired":true,"valueName":"search_term_string"}}],"inLanguage":"es"},{"@type":"Person","@id":"https:\/\/www.copealcoy.es\/es\/#\/schema\/person\/e777c87fa024e57d40170af9df39882c","name":"Cope Alcoy","image":{"@type":"ImageObject","inLanguage":"es","@id":"https:\/\/secure.gravatar.com\/avatar\/bb65d0283347e303893ba14f0692005417c1e0e690a325a4c5d8bb2b3943ee14?s=96&d=mm&r=g","url":"https:\/\/secure.gravatar.com\/avatar\/bb65d0283347e303893ba14f0692005417c1e0e690a325a4c5d8bb2b3943ee14?s=96&d=mm&r=g","contentUrl":"https:\/\/secure.gravatar.com\/avatar\/bb65d0283347e303893ba14f0692005417c1e0e690a325a4c5d8bb2b3943ee14?s=96&d=mm&r=g","caption":"Cope Alcoy"}}]}},"_links":{"self":[{"href":"https:\/\/www.copealcoy.es\/es\/wp-json\/wp\/v2\/posts\/96386","targetHints":{"allow":["GET"]}}],"collection":[{"href":"https:\/\/www.copealcoy.es\/es\/wp-json\/wp\/v2\/posts"}],"about":[{"href":"https:\/\/www.copealcoy.es\/es\/wp-json\/wp\/v2\/types\/post"}],"author":[{"embeddable":true,"href":"https:\/\/www.copealcoy.es\/es\/wp-json\/wp\/v2\/users\/1"}],"replies":[{"embeddable":true,"href":"https:\/\/www.copealcoy.es\/es\/wp-json\/wp\/v2\/comments?post=96386"}],"version-history":[{"count":0,"href":"https:\/\/www.copealcoy.es\/es\/wp-json\/wp\/v2\/posts\/96386\/revisions"}],"wp:featuredmedia":[{"embeddable":true,"href":"https:\/\/www.copealcoy.es\/es\/wp-json\/wp\/v2\/media\/96387"}],"wp:attachment":[{"href":"https:\/\/www.copealcoy.es\/es\/wp-json\/wp\/v2\/media?parent=96386"}],"wp:term":[{"taxonomy":"category","embeddable":true,"href":"https:\/\/www.copealcoy.es\/es\/wp-json\/wp\/v2\/categories?post=96386"},{"taxonomy":"post_tag","embeddable":true,"href":"https:\/\/www.copealcoy.es\/es\/wp-json\/wp\/v2\/tags?post=96386"}],"curies":[{"name":"wp","href":"https:\/\/api.w.org\/{rel}","templated":true}]}}