{"id":96344,"date":"2023-01-12T13:19:04","date_gmt":"2023-01-12T12:19:04","guid":{"rendered":"https:\/\/www.copealcoy.es\/?p=96344"},"modified":"2023-01-12T13:40:09","modified_gmt":"2023-01-12T12:40:09","slug":"lhospital-dalcoi-incorporara-una-unitat-darritmies","status":"publish","type":"post","link":"https:\/\/www.copealcoy.es\/es\/lhospital-dalcoi-incorporara-una-unitat-darritmies\/","title":{"rendered":"L&#8217;Hospital d&#8217;Alcoi incorporar\u00e0 una Unitat d&#8217;Arr\u00edtmies"},"content":{"rendered":"<p style=\"text-align: justify;\">L&#8217;<strong>Hospital Verge dels Lliris d&#8217;Alcoi<\/strong> incorporar\u00e0<strong> una unitat d&#8217;arr\u00edtmies<\/strong> en les pr\u00f2ximes setmanes. La proposta <strong>ha sigut plantejada pel Departament de Cardiologia del nostre centre sanitari comarcal<\/strong> i amb la posada en marxa d&#8217;aquest servei <strong>s&#8217;evitar\u00e0 que les persones amb afeccions card\u00edaques hagen de despla\u00e7ar-se a altres hospitals de la Comunitat Valenciana<\/strong> per a poder ser atesos.<\/p>\n<p style=\"text-align: justify;\">Aix\u00ed ho recordava aquesta setmana en COPE ALCOI el director del Verge dels Lliris, el qual tamb\u00e9 avan\u00e7ava que <strong>vindr\u00e0 fins a Alcoi personal m\u00e8dic procedent de La Fe<\/strong> per a impulsar aqueixa Unitat d&#8217;Arr\u00edtmies &#8220;<em>comptarem amb la pres\u00e8ncia del Doctor Osca, i altres tres cardi\u00f2legs, que faran les seues atencions ac\u00ed i formaran al nostre personal per tal de que en el futur aquesta unitat puga funcionar ac\u00ed de manera aut\u00f2noma. Actualment ja prestem molts serveis en aquesta mat\u00e8ria, com tot lo relacionat amb els marcapassos, gr\u00e0cies al gran treball que fan els profesionals sanitaris de l&#8217;UCI<\/em>&#8220;, comentava Quico Fenollar.<\/p>\n<p style=\"text-align: justify;\"><strong><span style=\"color: #0000ff;\">Nova dotaci\u00f3 en la Unitat d&#8217;Hospitalitzaci\u00f3 a domicili\u00a0<\/span><\/strong><\/p>\n<p style=\"text-align: justify;\">Per altre costat, com ja avan\u00e7ava COPE ALCOI en el seu dia, l\u2019<a href=\"http:\/\/alcoy.san.gva.es\/cas\/index.htm\"><strong><span style=\"color: #0000ff;\">Hospital Verge\u00a0<span class=\"hiddenGrammarError\">dels Lliris<\/span>\u00a0d\u2019Alcoi<\/span>\u00a0<\/strong><\/a>t\u00e9 previst incorporar en aquest mes de gener de 2023 la cinquena dotaci\u00f3 en\u00a0<strong>la Unitat d\u2019Hospitalitzaci\u00f3 a domicili<\/strong>, el que tamb\u00e9 es coneix com la\u00a0<span class=\"hiddenSpellError\">UHD.<\/span>\u00a0Aquesta\u00a0<strong>se sumaria a les ja existents<\/strong>\u00a0i que\u00a0<strong>presten servei<\/strong>\u00a0tant a la capital de l\u2019Alcoi\u00e0 com a diversos municipis de la comarca pr\u00f2xims com Cocentaina, Muro o Banyeres de Mariola.<\/p>\n<p style=\"text-align: justify;\">Des del Departament de Salut d\u2019Alcoi expliquen al respecte que l\u2019esmentada dotaci\u00f3 de la UHD\u00a0<strong>comptar\u00e0 amb dos infermers i\u00a0 tamb\u00e9 un metge<\/strong>, al mateix temps que avancen que la setmana que ve\u00a0<strong>podria ja entrar en funcionament<\/strong>. A m\u00e9s posen l\u2019accent en el fet que\u00a0<strong>amb el refor\u00e7 de la\u00a0<span class=\"hiddenSpellError\">UHD<\/span>\u00a0es podr\u00e0 arribar a m\u00e9s pobles de les nostres comarques de l\u2019Alcoi\u00e0 i el Comtat<\/strong>\u00a0\u00ab<em>volem arribar a totes les localitats que integren la nostra \u00e0rea de Salut, un fet que ara no \u00e9s del tot possible perqu\u00e8 estem en una zona amb una ampla dispersi\u00f3 geogr\u00e0fica<\/em>\u00ab, <span class=\"hiddenGrammarError\">conclo\u00efa<\/span>\u00a0en aquest sentit <strong>Quico Fenollar<\/strong>,\u00a0director de l\u2019Hospital comarcal.<\/p>\n","protected":false},"excerpt":{"rendered":"<p>L&#8217;Hospital Verge dels Lliris d&#8217;Alcoi incorporar\u00e0 una unitat d&#8217;arr\u00edtmies en les pr\u00f2ximes setmanes. La proposta ha sigut plantejada pel Departament&#8230;<\/p>\n","protected":false},"author":1,"featured_media":88979,"comment_status":"open","ping_status":"open","sticky":false,"template":"","format":"standard","meta":{"footnotes":""},"categories":[6909,75,125],"tags":[160,13712,13710,506,13711,9656],"class_list":["post-96344","post","type-post","status-publish","format-standard","has-post-thumbnail","hentry","category-actualidad","category-noticias","category-portada","tag-alcoi","tag-arritimies","tag-cardiologia","tag-hospital","tag-unitat","tag-verge-dels-lliris"],"yoast_head":"<!-- This site is optimized with the Yoast SEO plugin v27.3 - https:\/\/yoast.com\/product\/yoast-seo-wordpress\/ -->\n<title>L&#039;Hospital d&#039;Alcoi incorporar\u00e0 una Unitat d&#039;Arr\u00edtmies - COPE Alcoy<\/title>\n<meta name=\"description\" content=\"L&#039;Hospital d&#039;Alcoi incorporar\u00e0 una unitat d&#039;arr\u00edtmies en les pr\u00f2ximes setmanes, una proposta plantejada pel Departament de Cardiologia\" \/>\n<meta name=\"robots\" content=\"index, follow, max-snippet:-1, max-image-preview:large, max-video-preview:-1\" \/>\n<link rel=\"canonical\" href=\"https:\/\/www.copealcoy.es\/es\/lhospital-dalcoi-incorporara-una-unitat-darritmies\/\" \/>\n<meta property=\"og:locale\" content=\"es_ES\" \/>\n<meta property=\"og:type\" content=\"article\" \/>\n<meta property=\"og:title\" content=\"L&#039;Hospital d&#039;Alcoi incorporar\u00e0 una Unitat d&#039;Arr\u00edtmies - COPE Alcoy\" \/>\n<meta property=\"og:description\" content=\"L&#039;Hospital d&#039;Alcoi incorporar\u00e0 una unitat d&#039;arr\u00edtmies en les pr\u00f2ximes setmanes, una proposta plantejada pel Departament de Cardiologia\" \/>\n<meta property=\"og:url\" content=\"https:\/\/www.copealcoy.es\/es\/lhospital-dalcoi-incorporara-una-unitat-darritmies\/\" \/>\n<meta property=\"og:site_name\" content=\"COPE Alcoy\" \/>\n<meta property=\"article:published_time\" content=\"2023-01-12T12:19:04+00:00\" \/>\n<meta property=\"article:modified_time\" content=\"2023-01-12T12:40:09+00:00\" \/>\n<meta property=\"og:image\" content=\"https:\/\/www.copealcoy.es\/wp-content\/uploads\/2022\/06\/274115586_10223768616557531_3689855512659991372_n-scaled.jpg\" \/>\n\t<meta property=\"og:image:width\" content=\"1920\" \/>\n\t<meta property=\"og:image:height\" content=\"1049\" \/>\n\t<meta property=\"og:image:type\" content=\"image\/jpeg\" \/>\n<meta name=\"author\" content=\"Cope Alcoy\" \/>\n<meta name=\"twitter:label1\" content=\"Escrito por\" \/>\n\t<meta name=\"twitter:data1\" content=\"Cope Alcoy\" \/>\n\t<meta name=\"twitter:label2\" content=\"Tiempo de lectura\" \/>\n\t<meta name=\"twitter:data2\" content=\"2 minutos\" \/>\n<script type=\"application\/ld+json\" class=\"yoast-schema-graph\">{\"@context\":\"https:\\\/\\\/schema.org\",\"@graph\":[{\"@type\":\"Article\",\"@id\":\"https:\\\/\\\/www.copealcoy.es\\\/es\\\/lhospital-dalcoi-incorporara-una-unitat-darritmies\\\/#article\",\"isPartOf\":{\"@id\":\"https:\\\/\\\/www.copealcoy.es\\\/es\\\/lhospital-dalcoi-incorporara-una-unitat-darritmies\\\/\"},\"author\":{\"name\":\"Cope Alcoy\",\"@id\":\"https:\\\/\\\/www.copealcoy.es\\\/es\\\/#\\\/schema\\\/person\\\/e777c87fa024e57d40170af9df39882c\"},\"headline\":\"L&#8217;Hospital d&#8217;Alcoi incorporar\u00e0 una Unitat d&#8217;Arr\u00edtmies\",\"datePublished\":\"2023-01-12T12:19:04+00:00\",\"dateModified\":\"2023-01-12T12:40:09+00:00\",\"mainEntityOfPage\":{\"@id\":\"https:\\\/\\\/www.copealcoy.es\\\/es\\\/lhospital-dalcoi-incorporara-una-unitat-darritmies\\\/\"},\"wordCount\":395,\"commentCount\":0,\"image\":{\"@id\":\"https:\\\/\\\/www.copealcoy.es\\\/es\\\/lhospital-dalcoi-incorporara-una-unitat-darritmies\\\/#primaryimage\"},\"thumbnailUrl\":\"https:\\\/\\\/www.copealcoy.es\\\/wp-content\\\/uploads\\\/2022\\\/06\\\/274115586_10223768616557531_3689855512659991372_n-scaled.jpg\",\"keywords\":[\"Alcoi\",\"Arr\u00edtimies\",\"Cardiologia\",\"Hospital\",\"Unitat\",\"Verge dels Lliris\"],\"articleSection\":[\"Actualidad\",\"Noticias\",\"Portada\"],\"inLanguage\":\"es\"},{\"@type\":\"WebPage\",\"@id\":\"https:\\\/\\\/www.copealcoy.es\\\/es\\\/lhospital-dalcoi-incorporara-una-unitat-darritmies\\\/\",\"url\":\"https:\\\/\\\/www.copealcoy.es\\\/es\\\/lhospital-dalcoi-incorporara-una-unitat-darritmies\\\/\",\"name\":\"L'Hospital d'Alcoi incorporar\u00e0 una Unitat d'Arr\u00edtmies - COPE Alcoy\",\"isPartOf\":{\"@id\":\"https:\\\/\\\/www.copealcoy.es\\\/es\\\/#website\"},\"primaryImageOfPage\":{\"@id\":\"https:\\\/\\\/www.copealcoy.es\\\/es\\\/lhospital-dalcoi-incorporara-una-unitat-darritmies\\\/#primaryimage\"},\"image\":{\"@id\":\"https:\\\/\\\/www.copealcoy.es\\\/es\\\/lhospital-dalcoi-incorporara-una-unitat-darritmies\\\/#primaryimage\"},\"thumbnailUrl\":\"https:\\\/\\\/www.copealcoy.es\\\/wp-content\\\/uploads\\\/2022\\\/06\\\/274115586_10223768616557531_3689855512659991372_n-scaled.jpg\",\"datePublished\":\"2023-01-12T12:19:04+00:00\",\"dateModified\":\"2023-01-12T12:40:09+00:00\",\"author\":{\"@id\":\"https:\\\/\\\/www.copealcoy.es\\\/es\\\/#\\\/schema\\\/person\\\/e777c87fa024e57d40170af9df39882c\"},\"description\":\"L'Hospital d'Alcoi incorporar\u00e0 una unitat d'arr\u00edtmies en les pr\u00f2ximes setmanes, una proposta plantejada pel Departament de Cardiologia\",\"breadcrumb\":{\"@id\":\"https:\\\/\\\/www.copealcoy.es\\\/es\\\/lhospital-dalcoi-incorporara-una-unitat-darritmies\\\/#breadcrumb\"},\"inLanguage\":\"es\",\"potentialAction\":[{\"@type\":\"ReadAction\",\"target\":[\"https:\\\/\\\/www.copealcoy.es\\\/es\\\/lhospital-dalcoi-incorporara-una-unitat-darritmies\\\/\"]}]},{\"@type\":\"ImageObject\",\"inLanguage\":\"es\",\"@id\":\"https:\\\/\\\/www.copealcoy.es\\\/es\\\/lhospital-dalcoi-incorporara-una-unitat-darritmies\\\/#primaryimage\",\"url\":\"https:\\\/\\\/www.copealcoy.es\\\/wp-content\\\/uploads\\\/2022\\\/06\\\/274115586_10223768616557531_3689855512659991372_n-scaled.jpg\",\"contentUrl\":\"https:\\\/\\\/www.copealcoy.es\\\/wp-content\\\/uploads\\\/2022\\\/06\\\/274115586_10223768616557531_3689855512659991372_n-scaled.jpg\",\"width\":1920,\"height\":1049},{\"@type\":\"BreadcrumbList\",\"@id\":\"https:\\\/\\\/www.copealcoy.es\\\/es\\\/lhospital-dalcoi-incorporara-una-unitat-darritmies\\\/#breadcrumb\",\"itemListElement\":[{\"@type\":\"ListItem\",\"position\":1,\"name\":\"Portada\",\"item\":\"https:\\\/\\\/www.copealcoy.es\\\/es\\\/\"},{\"@type\":\"ListItem\",\"position\":2,\"name\":\"L&#8217;Hospital d&#8217;Alcoi incorporar\u00e0 una Unitat d&#8217;Arr\u00edtmies\"}]},{\"@type\":\"WebSite\",\"@id\":\"https:\\\/\\\/www.copealcoy.es\\\/es\\\/#website\",\"url\":\"https:\\\/\\\/www.copealcoy.es\\\/es\\\/\",\"name\":\"COPE Alcoy\",\"description\":\"Emisora COPE de radio local con emisi\u00f3n online. Pont de Sant Jordi 8-10 03803 Alcoy\",\"potentialAction\":[{\"@type\":\"SearchAction\",\"target\":{\"@type\":\"EntryPoint\",\"urlTemplate\":\"https:\\\/\\\/www.copealcoy.es\\\/es\\\/?s={search_term_string}\"},\"query-input\":{\"@type\":\"PropertyValueSpecification\",\"valueRequired\":true,\"valueName\":\"search_term_string\"}}],\"inLanguage\":\"es\"},{\"@type\":\"Person\",\"@id\":\"https:\\\/\\\/www.copealcoy.es\\\/es\\\/#\\\/schema\\\/person\\\/e777c87fa024e57d40170af9df39882c\",\"name\":\"Cope Alcoy\",\"image\":{\"@type\":\"ImageObject\",\"inLanguage\":\"es\",\"@id\":\"https:\\\/\\\/secure.gravatar.com\\\/avatar\\\/bb65d0283347e303893ba14f0692005417c1e0e690a325a4c5d8bb2b3943ee14?s=96&d=mm&r=g\",\"url\":\"https:\\\/\\\/secure.gravatar.com\\\/avatar\\\/bb65d0283347e303893ba14f0692005417c1e0e690a325a4c5d8bb2b3943ee14?s=96&d=mm&r=g\",\"contentUrl\":\"https:\\\/\\\/secure.gravatar.com\\\/avatar\\\/bb65d0283347e303893ba14f0692005417c1e0e690a325a4c5d8bb2b3943ee14?s=96&d=mm&r=g\",\"caption\":\"Cope Alcoy\"}}]}<\/script>\n<!-- \/ Yoast SEO plugin. -->","yoast_head_json":{"title":"L'Hospital d'Alcoi incorporar\u00e0 una Unitat d'Arr\u00edtmies - COPE Alcoy","description":"L'Hospital d'Alcoi incorporar\u00e0 una unitat d'arr\u00edtmies en les pr\u00f2ximes setmanes, una proposta plantejada pel Departament de Cardiologia","robots":{"index":"index","follow":"follow","max-snippet":"max-snippet:-1","max-image-preview":"max-image-preview:large","max-video-preview":"max-video-preview:-1"},"canonical":"https:\/\/www.copealcoy.es\/es\/lhospital-dalcoi-incorporara-una-unitat-darritmies\/","og_locale":"es_ES","og_type":"article","og_title":"L'Hospital d'Alcoi incorporar\u00e0 una Unitat d'Arr\u00edtmies - COPE Alcoy","og_description":"L'Hospital d'Alcoi incorporar\u00e0 una unitat d'arr\u00edtmies en les pr\u00f2ximes setmanes, una proposta plantejada pel Departament de Cardiologia","og_url":"https:\/\/www.copealcoy.es\/es\/lhospital-dalcoi-incorporara-una-unitat-darritmies\/","og_site_name":"COPE Alcoy","article_published_time":"2023-01-12T12:19:04+00:00","article_modified_time":"2023-01-12T12:40:09+00:00","og_image":[{"width":1920,"height":1049,"url":"https:\/\/www.copealcoy.es\/wp-content\/uploads\/2022\/06\/274115586_10223768616557531_3689855512659991372_n-scaled.jpg","type":"image\/jpeg"}],"author":"Cope Alcoy","twitter_misc":{"Escrito por":"Cope Alcoy","Tiempo de lectura":"2 minutos"},"schema":{"@context":"https:\/\/schema.org","@graph":[{"@type":"Article","@id":"https:\/\/www.copealcoy.es\/es\/lhospital-dalcoi-incorporara-una-unitat-darritmies\/#article","isPartOf":{"@id":"https:\/\/www.copealcoy.es\/es\/lhospital-dalcoi-incorporara-una-unitat-darritmies\/"},"author":{"name":"Cope Alcoy","@id":"https:\/\/www.copealcoy.es\/es\/#\/schema\/person\/e777c87fa024e57d40170af9df39882c"},"headline":"L&#8217;Hospital d&#8217;Alcoi incorporar\u00e0 una Unitat d&#8217;Arr\u00edtmies","datePublished":"2023-01-12T12:19:04+00:00","dateModified":"2023-01-12T12:40:09+00:00","mainEntityOfPage":{"@id":"https:\/\/www.copealcoy.es\/es\/lhospital-dalcoi-incorporara-una-unitat-darritmies\/"},"wordCount":395,"commentCount":0,"image":{"@id":"https:\/\/www.copealcoy.es\/es\/lhospital-dalcoi-incorporara-una-unitat-darritmies\/#primaryimage"},"thumbnailUrl":"https:\/\/www.copealcoy.es\/wp-content\/uploads\/2022\/06\/274115586_10223768616557531_3689855512659991372_n-scaled.jpg","keywords":["Alcoi","Arr\u00edtimies","Cardiologia","Hospital","Unitat","Verge dels Lliris"],"articleSection":["Actualidad","Noticias","Portada"],"inLanguage":"es"},{"@type":"WebPage","@id":"https:\/\/www.copealcoy.es\/es\/lhospital-dalcoi-incorporara-una-unitat-darritmies\/","url":"https:\/\/www.copealcoy.es\/es\/lhospital-dalcoi-incorporara-una-unitat-darritmies\/","name":"L'Hospital d'Alcoi incorporar\u00e0 una Unitat d'Arr\u00edtmies - COPE Alcoy","isPartOf":{"@id":"https:\/\/www.copealcoy.es\/es\/#website"},"primaryImageOfPage":{"@id":"https:\/\/www.copealcoy.es\/es\/lhospital-dalcoi-incorporara-una-unitat-darritmies\/#primaryimage"},"image":{"@id":"https:\/\/www.copealcoy.es\/es\/lhospital-dalcoi-incorporara-una-unitat-darritmies\/#primaryimage"},"thumbnailUrl":"https:\/\/www.copealcoy.es\/wp-content\/uploads\/2022\/06\/274115586_10223768616557531_3689855512659991372_n-scaled.jpg","datePublished":"2023-01-12T12:19:04+00:00","dateModified":"2023-01-12T12:40:09+00:00","author":{"@id":"https:\/\/www.copealcoy.es\/es\/#\/schema\/person\/e777c87fa024e57d40170af9df39882c"},"description":"L'Hospital d'Alcoi incorporar\u00e0 una unitat d'arr\u00edtmies en les pr\u00f2ximes setmanes, una proposta plantejada pel Departament de Cardiologia","breadcrumb":{"@id":"https:\/\/www.copealcoy.es\/es\/lhospital-dalcoi-incorporara-una-unitat-darritmies\/#breadcrumb"},"inLanguage":"es","potentialAction":[{"@type":"ReadAction","target":["https:\/\/www.copealcoy.es\/es\/lhospital-dalcoi-incorporara-una-unitat-darritmies\/"]}]},{"@type":"ImageObject","inLanguage":"es","@id":"https:\/\/www.copealcoy.es\/es\/lhospital-dalcoi-incorporara-una-unitat-darritmies\/#primaryimage","url":"https:\/\/www.copealcoy.es\/wp-content\/uploads\/2022\/06\/274115586_10223768616557531_3689855512659991372_n-scaled.jpg","contentUrl":"https:\/\/www.copealcoy.es\/wp-content\/uploads\/2022\/06\/274115586_10223768616557531_3689855512659991372_n-scaled.jpg","width":1920,"height":1049},{"@type":"BreadcrumbList","@id":"https:\/\/www.copealcoy.es\/es\/lhospital-dalcoi-incorporara-una-unitat-darritmies\/#breadcrumb","itemListElement":[{"@type":"ListItem","position":1,"name":"Portada","item":"https:\/\/www.copealcoy.es\/es\/"},{"@type":"ListItem","position":2,"name":"L&#8217;Hospital d&#8217;Alcoi incorporar\u00e0 una Unitat d&#8217;Arr\u00edtmies"}]},{"@type":"WebSite","@id":"https:\/\/www.copealcoy.es\/es\/#website","url":"https:\/\/www.copealcoy.es\/es\/","name":"COPE Alcoy","description":"Emisora COPE de radio local con emisi\u00f3n online. Pont de Sant Jordi 8-10 03803 Alcoy","potentialAction":[{"@type":"SearchAction","target":{"@type":"EntryPoint","urlTemplate":"https:\/\/www.copealcoy.es\/es\/?s={search_term_string}"},"query-input":{"@type":"PropertyValueSpecification","valueRequired":true,"valueName":"search_term_string"}}],"inLanguage":"es"},{"@type":"Person","@id":"https:\/\/www.copealcoy.es\/es\/#\/schema\/person\/e777c87fa024e57d40170af9df39882c","name":"Cope Alcoy","image":{"@type":"ImageObject","inLanguage":"es","@id":"https:\/\/secure.gravatar.com\/avatar\/bb65d0283347e303893ba14f0692005417c1e0e690a325a4c5d8bb2b3943ee14?s=96&d=mm&r=g","url":"https:\/\/secure.gravatar.com\/avatar\/bb65d0283347e303893ba14f0692005417c1e0e690a325a4c5d8bb2b3943ee14?s=96&d=mm&r=g","contentUrl":"https:\/\/secure.gravatar.com\/avatar\/bb65d0283347e303893ba14f0692005417c1e0e690a325a4c5d8bb2b3943ee14?s=96&d=mm&r=g","caption":"Cope Alcoy"}}]}},"_links":{"self":[{"href":"https:\/\/www.copealcoy.es\/es\/wp-json\/wp\/v2\/posts\/96344","targetHints":{"allow":["GET"]}}],"collection":[{"href":"https:\/\/www.copealcoy.es\/es\/wp-json\/wp\/v2\/posts"}],"about":[{"href":"https:\/\/www.copealcoy.es\/es\/wp-json\/wp\/v2\/types\/post"}],"author":[{"embeddable":true,"href":"https:\/\/www.copealcoy.es\/es\/wp-json\/wp\/v2\/users\/1"}],"replies":[{"embeddable":true,"href":"https:\/\/www.copealcoy.es\/es\/wp-json\/wp\/v2\/comments?post=96344"}],"version-history":[{"count":0,"href":"https:\/\/www.copealcoy.es\/es\/wp-json\/wp\/v2\/posts\/96344\/revisions"}],"wp:featuredmedia":[{"embeddable":true,"href":"https:\/\/www.copealcoy.es\/es\/wp-json\/wp\/v2\/media\/88979"}],"wp:attachment":[{"href":"https:\/\/www.copealcoy.es\/es\/wp-json\/wp\/v2\/media?parent=96344"}],"wp:term":[{"taxonomy":"category","embeddable":true,"href":"https:\/\/www.copealcoy.es\/es\/wp-json\/wp\/v2\/categories?post=96344"},{"taxonomy":"post_tag","embeddable":true,"href":"https:\/\/www.copealcoy.es\/es\/wp-json\/wp\/v2\/tags?post=96344"}],"curies":[{"name":"wp","href":"https:\/\/api.w.org\/{rel}","templated":true}]}}