{"id":96261,"date":"2023-01-10T08:00:49","date_gmt":"2023-01-10T07:00:49","guid":{"rendered":"https:\/\/www.copealcoy.es\/?p=96261"},"modified":"2023-01-10T15:54:36","modified_gmt":"2023-01-10T14:54:36","slug":"ferit-home-de-80-anys-despres-de-ser-atropellat-a-cocentaina","status":"publish","type":"post","link":"https:\/\/www.copealcoy.es\/es\/ferit-home-de-80-anys-despres-de-ser-atropellat-a-cocentaina\/","title":{"rendered":"Ferit un home de 80 anys despr\u00e9s de ser atropellat a Cocentaina"},"content":{"rendered":"<p>Nou accident de tr\u00e0fic a les nostres comarques. A primera hora d&#8217;aquest dimarts 10 de gener, <strong>un home de 80 anys ha sigut atropellat<\/strong> per un cotxe a <strong>Cocentaina<\/strong>.<\/p>\n<p>L&#8217;incident ha tingut lloc al voltant de les <strong>huit menys vint del mat\u00ed<\/strong>, en la carretera N-340 -dins del terme municipal de Cocentaina. Fins all\u00ed s&#8217;ha hagut de traslladar un equip m\u00e8dic del <strong>SAMU<\/strong>, el Servei d&#8217;Assist\u00e8ncia M\u00e8dica d&#8217;Urg\u00e8ncies, qui ha realitzat diverses maniobres per estabilitzar a la v\u00edctima. Posteriorment, el ferit ha sigut traslladat per politraumatisme a l<strong>&#8216;Hospital Verge dels Lliris d&#8217;Alcoi<\/strong>.<\/p>\n<p>Ha sigut despr\u00e9s de rebre l&#8217;av\u00eds quan el <strong>CICU<\/strong>, el Centre d&#8217;Informaci\u00f3 i Coordinaci\u00f3 d&#8217;Urg\u00e8ncies de la Generalitat Valenciana, ha mobilitzat a la unitat del SAMU que ha at\u00e9s a l&#8217;individu.<\/p>\n<p><span style=\"color: #000080;\"><strong>Atropellament en el carrer Enten\u00e7a d&#8217;Alcoi<\/strong><\/span><\/p>\n<p>Aquest \u00e9s el segon accident en el que va de setmana a les nostres comarques. Aquest dilluns et con\u00e0vem en Cope Alcoi que <span style=\"color: #000080;\"><a style=\"color: #000080;\" href=\"https:\/\/www.copealcoy.es\/ferit-un-jove-en-ser-atropellat-al-carrer-entenca-dalcoi\/\" target=\"_blank\" rel=\"noopener\"><strong>un jove havia sigut ferit en el carrer Enten\u00e7a d&#8217;Alcoi despr\u00e9s de ser atropellat<\/strong><\/a><\/span>. En aquesta ocasi\u00f3, els fets van oc\u00f3rrer al voltant de les set menys quart del mat\u00ed, a l\u2019altura del Parc de la Font de l\u2019Horta, segons la informaci\u00f3 tamb\u00e9 facilitada pel CICU.<\/p>\n<p>Una ambul\u00e0ncia tamb\u00e9 va traslladar la v\u00edctima, amb contusions, fins a l\u2019Hospital Verge <span class=\"hiddenGrammarError\">dels Lliris<\/span> i afortunadament l\u2019accident va quedar en un esglai, ja que el xic es troba en bon estat.<\/p>\n<p><span style=\"color: #000080;\"><strong>Intervenci\u00f3 dels bombers a Confrides<\/strong><\/span><\/p>\n<p>I tamb\u00e9 aquests dimarts el <strong>Consorci Provincial de Bombers d&#8217;Alacant<\/strong> ha informat d&#8217;una intervenci\u00f3 en el Cam\u00ed del Castellet, a <strong>Confrides<\/strong>. Segueixen les actuacions a la zona, despr\u00e9s que es donara l&#8217;av\u00eds, passades les dotze i mitja del migdia, d&#8217;un <strong>incendi forestal per crema descontrolada<\/strong>. Afortunadament, no ha hagut cap ferit.<\/p>\n<p>A les tres de la vesprada ha sigut estabilitzat l&#8217;incendi , en el que han traballat tant bombers forestals com bombers del parc de Cocentaina.<\/p>\n<p>Imatge: Google Maps<\/p>\n","protected":false},"excerpt":{"rendered":"<p>Nou accident de tr\u00e0fic a les nostres comarques. A primera hora d&#8217;aquest dimarts 10 de gener, un home de 80&#8230;<\/p>\n","protected":false},"author":1,"featured_media":96276,"comment_status":"open","ping_status":"open","sticky":false,"template":"","format":"standard","meta":{"footnotes":""},"categories":[6909,97,98,75],"tags":[13691,132,2852,11659,9890,7502],"class_list":["post-96261","post","type-post","status-publish","format-standard","has-post-thumbnail","hentry","category-actualidad","category-alcoy","category-comarcas","category-noticias","tag-atropellament","tag-cocentaina","tag-confrides","tag-consorci-provincial-de-bombers-dalacant","tag-incendi","tag-samu"],"yoast_head":"<!-- This site is optimized with the Yoast SEO plugin v27.3 - https:\/\/yoast.com\/product\/yoast-seo-wordpress\/ -->\n<title>Ferit un home de 80 anys despr\u00e9s de ser atropellat a Cocentaina - COPE Alcoy<\/title>\n<meta name=\"robots\" content=\"index, follow, max-snippet:-1, max-image-preview:large, max-video-preview:-1\" \/>\n<link rel=\"canonical\" href=\"https:\/\/www.copealcoy.es\/es\/ferit-home-de-80-anys-despres-de-ser-atropellat-a-cocentaina\/\" \/>\n<meta property=\"og:locale\" content=\"es_ES\" \/>\n<meta property=\"og:type\" content=\"article\" \/>\n<meta property=\"og:title\" content=\"Ferit un home de 80 anys despr\u00e9s de ser atropellat a Cocentaina - COPE Alcoy\" \/>\n<meta property=\"og:description\" content=\"Nou accident de tr\u00e0fic a les nostres comarques. A primera hora d&#8217;aquest dimarts 10 de gener, un home de 80...\" \/>\n<meta property=\"og:url\" content=\"https:\/\/www.copealcoy.es\/es\/ferit-home-de-80-anys-despres-de-ser-atropellat-a-cocentaina\/\" \/>\n<meta property=\"og:site_name\" content=\"COPE Alcoy\" \/>\n<meta property=\"article:published_time\" content=\"2023-01-10T07:00:49+00:00\" \/>\n<meta property=\"article:modified_time\" content=\"2023-01-10T14:54:36+00:00\" \/>\n<meta property=\"og:image\" content=\"https:\/\/www.copealcoy.es\/wp-content\/uploads\/2023\/01\/rotonda.png\" \/>\n\t<meta property=\"og:image:width\" content=\"1191\" \/>\n\t<meta property=\"og:image:height\" content=\"609\" \/>\n\t<meta property=\"og:image:type\" content=\"image\/png\" \/>\n<meta name=\"author\" content=\"Cope Alcoy\" \/>\n<meta name=\"twitter:label1\" content=\"Escrito por\" \/>\n\t<meta name=\"twitter:data1\" content=\"Cope Alcoy\" \/>\n\t<meta name=\"twitter:label2\" content=\"Tiempo de lectura\" \/>\n\t<meta name=\"twitter:data2\" content=\"2 minutos\" \/>\n<script type=\"application\/ld+json\" class=\"yoast-schema-graph\">{\"@context\":\"https:\\\/\\\/schema.org\",\"@graph\":[{\"@type\":\"Article\",\"@id\":\"https:\\\/\\\/www.copealcoy.es\\\/es\\\/ferit-home-de-80-anys-despres-de-ser-atropellat-a-cocentaina\\\/#article\",\"isPartOf\":{\"@id\":\"https:\\\/\\\/www.copealcoy.es\\\/es\\\/ferit-home-de-80-anys-despres-de-ser-atropellat-a-cocentaina\\\/\"},\"author\":{\"name\":\"Cope Alcoy\",\"@id\":\"https:\\\/\\\/www.copealcoy.es\\\/es\\\/#\\\/schema\\\/person\\\/e777c87fa024e57d40170af9df39882c\"},\"headline\":\"Ferit un home de 80 anys despr\u00e9s de ser atropellat a Cocentaina\",\"datePublished\":\"2023-01-10T07:00:49+00:00\",\"dateModified\":\"2023-01-10T14:54:36+00:00\",\"mainEntityOfPage\":{\"@id\":\"https:\\\/\\\/www.copealcoy.es\\\/es\\\/ferit-home-de-80-anys-despres-de-ser-atropellat-a-cocentaina\\\/\"},\"wordCount\":364,\"commentCount\":0,\"image\":{\"@id\":\"https:\\\/\\\/www.copealcoy.es\\\/es\\\/ferit-home-de-80-anys-despres-de-ser-atropellat-a-cocentaina\\\/#primaryimage\"},\"thumbnailUrl\":\"https:\\\/\\\/www.copealcoy.es\\\/wp-content\\\/uploads\\\/2023\\\/01\\\/rotonda.png\",\"keywords\":[\"atropellament\",\"Cocentaina\",\"Confrides\",\"Consorci Provincial de Bombers d'Alacant\",\"incendi\",\"SAMU\"],\"articleSection\":[\"Actualidad\",\"Alcoy\",\"Comarcas\",\"Noticias\"],\"inLanguage\":\"es\"},{\"@type\":\"WebPage\",\"@id\":\"https:\\\/\\\/www.copealcoy.es\\\/es\\\/ferit-home-de-80-anys-despres-de-ser-atropellat-a-cocentaina\\\/\",\"url\":\"https:\\\/\\\/www.copealcoy.es\\\/es\\\/ferit-home-de-80-anys-despres-de-ser-atropellat-a-cocentaina\\\/\",\"name\":\"Ferit un home de 80 anys despr\u00e9s de ser atropellat a Cocentaina - COPE Alcoy\",\"isPartOf\":{\"@id\":\"https:\\\/\\\/www.copealcoy.es\\\/es\\\/#website\"},\"primaryImageOfPage\":{\"@id\":\"https:\\\/\\\/www.copealcoy.es\\\/es\\\/ferit-home-de-80-anys-despres-de-ser-atropellat-a-cocentaina\\\/#primaryimage\"},\"image\":{\"@id\":\"https:\\\/\\\/www.copealcoy.es\\\/es\\\/ferit-home-de-80-anys-despres-de-ser-atropellat-a-cocentaina\\\/#primaryimage\"},\"thumbnailUrl\":\"https:\\\/\\\/www.copealcoy.es\\\/wp-content\\\/uploads\\\/2023\\\/01\\\/rotonda.png\",\"datePublished\":\"2023-01-10T07:00:49+00:00\",\"dateModified\":\"2023-01-10T14:54:36+00:00\",\"author\":{\"@id\":\"https:\\\/\\\/www.copealcoy.es\\\/es\\\/#\\\/schema\\\/person\\\/e777c87fa024e57d40170af9df39882c\"},\"breadcrumb\":{\"@id\":\"https:\\\/\\\/www.copealcoy.es\\\/es\\\/ferit-home-de-80-anys-despres-de-ser-atropellat-a-cocentaina\\\/#breadcrumb\"},\"inLanguage\":\"es\",\"potentialAction\":[{\"@type\":\"ReadAction\",\"target\":[\"https:\\\/\\\/www.copealcoy.es\\\/es\\\/ferit-home-de-80-anys-despres-de-ser-atropellat-a-cocentaina\\\/\"]}]},{\"@type\":\"ImageObject\",\"inLanguage\":\"es\",\"@id\":\"https:\\\/\\\/www.copealcoy.es\\\/es\\\/ferit-home-de-80-anys-despres-de-ser-atropellat-a-cocentaina\\\/#primaryimage\",\"url\":\"https:\\\/\\\/www.copealcoy.es\\\/wp-content\\\/uploads\\\/2023\\\/01\\\/rotonda.png\",\"contentUrl\":\"https:\\\/\\\/www.copealcoy.es\\\/wp-content\\\/uploads\\\/2023\\\/01\\\/rotonda.png\",\"width\":1191,\"height\":609},{\"@type\":\"BreadcrumbList\",\"@id\":\"https:\\\/\\\/www.copealcoy.es\\\/es\\\/ferit-home-de-80-anys-despres-de-ser-atropellat-a-cocentaina\\\/#breadcrumb\",\"itemListElement\":[{\"@type\":\"ListItem\",\"position\":1,\"name\":\"Portada\",\"item\":\"https:\\\/\\\/www.copealcoy.es\\\/es\\\/\"},{\"@type\":\"ListItem\",\"position\":2,\"name\":\"Ferit un home de 80 anys despr\u00e9s de ser atropellat a Cocentaina\"}]},{\"@type\":\"WebSite\",\"@id\":\"https:\\\/\\\/www.copealcoy.es\\\/es\\\/#website\",\"url\":\"https:\\\/\\\/www.copealcoy.es\\\/es\\\/\",\"name\":\"COPE Alcoy\",\"description\":\"Emisora COPE de radio local con emisi\u00f3n online. Pont de Sant Jordi 8-10 03803 Alcoy\",\"potentialAction\":[{\"@type\":\"SearchAction\",\"target\":{\"@type\":\"EntryPoint\",\"urlTemplate\":\"https:\\\/\\\/www.copealcoy.es\\\/es\\\/?s={search_term_string}\"},\"query-input\":{\"@type\":\"PropertyValueSpecification\",\"valueRequired\":true,\"valueName\":\"search_term_string\"}}],\"inLanguage\":\"es\"},{\"@type\":\"Person\",\"@id\":\"https:\\\/\\\/www.copealcoy.es\\\/es\\\/#\\\/schema\\\/person\\\/e777c87fa024e57d40170af9df39882c\",\"name\":\"Cope Alcoy\",\"image\":{\"@type\":\"ImageObject\",\"inLanguage\":\"es\",\"@id\":\"https:\\\/\\\/secure.gravatar.com\\\/avatar\\\/bb65d0283347e303893ba14f0692005417c1e0e690a325a4c5d8bb2b3943ee14?s=96&d=mm&r=g\",\"url\":\"https:\\\/\\\/secure.gravatar.com\\\/avatar\\\/bb65d0283347e303893ba14f0692005417c1e0e690a325a4c5d8bb2b3943ee14?s=96&d=mm&r=g\",\"contentUrl\":\"https:\\\/\\\/secure.gravatar.com\\\/avatar\\\/bb65d0283347e303893ba14f0692005417c1e0e690a325a4c5d8bb2b3943ee14?s=96&d=mm&r=g\",\"caption\":\"Cope Alcoy\"}}]}<\/script>\n<!-- \/ Yoast SEO plugin. -->","yoast_head_json":{"title":"Ferit un home de 80 anys despr\u00e9s de ser atropellat a Cocentaina - COPE Alcoy","robots":{"index":"index","follow":"follow","max-snippet":"max-snippet:-1","max-image-preview":"max-image-preview:large","max-video-preview":"max-video-preview:-1"},"canonical":"https:\/\/www.copealcoy.es\/es\/ferit-home-de-80-anys-despres-de-ser-atropellat-a-cocentaina\/","og_locale":"es_ES","og_type":"article","og_title":"Ferit un home de 80 anys despr\u00e9s de ser atropellat a Cocentaina - COPE Alcoy","og_description":"Nou accident de tr\u00e0fic a les nostres comarques. A primera hora d&#8217;aquest dimarts 10 de gener, un home de 80...","og_url":"https:\/\/www.copealcoy.es\/es\/ferit-home-de-80-anys-despres-de-ser-atropellat-a-cocentaina\/","og_site_name":"COPE Alcoy","article_published_time":"2023-01-10T07:00:49+00:00","article_modified_time":"2023-01-10T14:54:36+00:00","og_image":[{"width":1191,"height":609,"url":"https:\/\/www.copealcoy.es\/wp-content\/uploads\/2023\/01\/rotonda.png","type":"image\/png"}],"author":"Cope Alcoy","twitter_misc":{"Escrito por":"Cope Alcoy","Tiempo de lectura":"2 minutos"},"schema":{"@context":"https:\/\/schema.org","@graph":[{"@type":"Article","@id":"https:\/\/www.copealcoy.es\/es\/ferit-home-de-80-anys-despres-de-ser-atropellat-a-cocentaina\/#article","isPartOf":{"@id":"https:\/\/www.copealcoy.es\/es\/ferit-home-de-80-anys-despres-de-ser-atropellat-a-cocentaina\/"},"author":{"name":"Cope Alcoy","@id":"https:\/\/www.copealcoy.es\/es\/#\/schema\/person\/e777c87fa024e57d40170af9df39882c"},"headline":"Ferit un home de 80 anys despr\u00e9s de ser atropellat a Cocentaina","datePublished":"2023-01-10T07:00:49+00:00","dateModified":"2023-01-10T14:54:36+00:00","mainEntityOfPage":{"@id":"https:\/\/www.copealcoy.es\/es\/ferit-home-de-80-anys-despres-de-ser-atropellat-a-cocentaina\/"},"wordCount":364,"commentCount":0,"image":{"@id":"https:\/\/www.copealcoy.es\/es\/ferit-home-de-80-anys-despres-de-ser-atropellat-a-cocentaina\/#primaryimage"},"thumbnailUrl":"https:\/\/www.copealcoy.es\/wp-content\/uploads\/2023\/01\/rotonda.png","keywords":["atropellament","Cocentaina","Confrides","Consorci Provincial de Bombers d'Alacant","incendi","SAMU"],"articleSection":["Actualidad","Alcoy","Comarcas","Noticias"],"inLanguage":"es"},{"@type":"WebPage","@id":"https:\/\/www.copealcoy.es\/es\/ferit-home-de-80-anys-despres-de-ser-atropellat-a-cocentaina\/","url":"https:\/\/www.copealcoy.es\/es\/ferit-home-de-80-anys-despres-de-ser-atropellat-a-cocentaina\/","name":"Ferit un home de 80 anys despr\u00e9s de ser atropellat a Cocentaina - COPE Alcoy","isPartOf":{"@id":"https:\/\/www.copealcoy.es\/es\/#website"},"primaryImageOfPage":{"@id":"https:\/\/www.copealcoy.es\/es\/ferit-home-de-80-anys-despres-de-ser-atropellat-a-cocentaina\/#primaryimage"},"image":{"@id":"https:\/\/www.copealcoy.es\/es\/ferit-home-de-80-anys-despres-de-ser-atropellat-a-cocentaina\/#primaryimage"},"thumbnailUrl":"https:\/\/www.copealcoy.es\/wp-content\/uploads\/2023\/01\/rotonda.png","datePublished":"2023-01-10T07:00:49+00:00","dateModified":"2023-01-10T14:54:36+00:00","author":{"@id":"https:\/\/www.copealcoy.es\/es\/#\/schema\/person\/e777c87fa024e57d40170af9df39882c"},"breadcrumb":{"@id":"https:\/\/www.copealcoy.es\/es\/ferit-home-de-80-anys-despres-de-ser-atropellat-a-cocentaina\/#breadcrumb"},"inLanguage":"es","potentialAction":[{"@type":"ReadAction","target":["https:\/\/www.copealcoy.es\/es\/ferit-home-de-80-anys-despres-de-ser-atropellat-a-cocentaina\/"]}]},{"@type":"ImageObject","inLanguage":"es","@id":"https:\/\/www.copealcoy.es\/es\/ferit-home-de-80-anys-despres-de-ser-atropellat-a-cocentaina\/#primaryimage","url":"https:\/\/www.copealcoy.es\/wp-content\/uploads\/2023\/01\/rotonda.png","contentUrl":"https:\/\/www.copealcoy.es\/wp-content\/uploads\/2023\/01\/rotonda.png","width":1191,"height":609},{"@type":"BreadcrumbList","@id":"https:\/\/www.copealcoy.es\/es\/ferit-home-de-80-anys-despres-de-ser-atropellat-a-cocentaina\/#breadcrumb","itemListElement":[{"@type":"ListItem","position":1,"name":"Portada","item":"https:\/\/www.copealcoy.es\/es\/"},{"@type":"ListItem","position":2,"name":"Ferit un home de 80 anys despr\u00e9s de ser atropellat a Cocentaina"}]},{"@type":"WebSite","@id":"https:\/\/www.copealcoy.es\/es\/#website","url":"https:\/\/www.copealcoy.es\/es\/","name":"COPE Alcoy","description":"Emisora COPE de radio local con emisi\u00f3n online. Pont de Sant Jordi 8-10 03803 Alcoy","potentialAction":[{"@type":"SearchAction","target":{"@type":"EntryPoint","urlTemplate":"https:\/\/www.copealcoy.es\/es\/?s={search_term_string}"},"query-input":{"@type":"PropertyValueSpecification","valueRequired":true,"valueName":"search_term_string"}}],"inLanguage":"es"},{"@type":"Person","@id":"https:\/\/www.copealcoy.es\/es\/#\/schema\/person\/e777c87fa024e57d40170af9df39882c","name":"Cope Alcoy","image":{"@type":"ImageObject","inLanguage":"es","@id":"https:\/\/secure.gravatar.com\/avatar\/bb65d0283347e303893ba14f0692005417c1e0e690a325a4c5d8bb2b3943ee14?s=96&d=mm&r=g","url":"https:\/\/secure.gravatar.com\/avatar\/bb65d0283347e303893ba14f0692005417c1e0e690a325a4c5d8bb2b3943ee14?s=96&d=mm&r=g","contentUrl":"https:\/\/secure.gravatar.com\/avatar\/bb65d0283347e303893ba14f0692005417c1e0e690a325a4c5d8bb2b3943ee14?s=96&d=mm&r=g","caption":"Cope Alcoy"}}]}},"_links":{"self":[{"href":"https:\/\/www.copealcoy.es\/es\/wp-json\/wp\/v2\/posts\/96261","targetHints":{"allow":["GET"]}}],"collection":[{"href":"https:\/\/www.copealcoy.es\/es\/wp-json\/wp\/v2\/posts"}],"about":[{"href":"https:\/\/www.copealcoy.es\/es\/wp-json\/wp\/v2\/types\/post"}],"author":[{"embeddable":true,"href":"https:\/\/www.copealcoy.es\/es\/wp-json\/wp\/v2\/users\/1"}],"replies":[{"embeddable":true,"href":"https:\/\/www.copealcoy.es\/es\/wp-json\/wp\/v2\/comments?post=96261"}],"version-history":[{"count":0,"href":"https:\/\/www.copealcoy.es\/es\/wp-json\/wp\/v2\/posts\/96261\/revisions"}],"wp:featuredmedia":[{"embeddable":true,"href":"https:\/\/www.copealcoy.es\/es\/wp-json\/wp\/v2\/media\/96276"}],"wp:attachment":[{"href":"https:\/\/www.copealcoy.es\/es\/wp-json\/wp\/v2\/media?parent=96261"}],"wp:term":[{"taxonomy":"category","embeddable":true,"href":"https:\/\/www.copealcoy.es\/es\/wp-json\/wp\/v2\/categories?post=96261"},{"taxonomy":"post_tag","embeddable":true,"href":"https:\/\/www.copealcoy.es\/es\/wp-json\/wp\/v2\/tags?post=96261"}],"curies":[{"name":"wp","href":"https:\/\/api.w.org\/{rel}","templated":true}]}}