{"id":9623,"date":"2015-01-12T16:23:24","date_gmt":"2015-01-12T16:23:24","guid":{"rendered":"http:\/\/copealcoi.es\/new\/?p=9623"},"modified":"2015-01-12T16:24:43","modified_gmt":"2015-01-12T16:24:43","slug":"el-ayuntamiento-lleva-a-ortiz-a-la-fiscalia-por-los-sobrecostes-del-calderon","status":"publish","type":"post","link":"https:\/\/www.copealcoy.es\/es\/el-ayuntamiento-lleva-a-ortiz-a-la-fiscalia-por-los-sobrecostes-del-calderon\/","title":{"rendered":"Alcoy llevar\u00e1 a Ortiz a la Fiscal\u00eda por los sobrecostes del Calder\u00f3n"},"content":{"rendered":"<p style=\"text-align: justify;\">El Ayuntamiento de Alcoy llevar\u00e1 a la Fiscal\u00eda al Director de las obras del Teatro Calder\u00f3n y al Constructor Enrique Ortiz tras conocer un informe de la Sindicatura de Comptes en el que se han detectado irregularidades, sobre todo sobrecostes, en el pago de los trabajos de reforma de este espacio cultural.<\/p>\n<p style=\"text-align: justify;\">As\u00ed lo ha explicado esta ma\u00f1ana la edil de R\u00e9gimen Jur\u00eddico, Lorena Zamorano, quien ha destacado que la Sindicatura ha observado indicios de delito contable y por eso ha remitido toda la documentaci\u00f3n relativa a los contratos del Calder\u00f3n al Tribunal de Cuentas &#8220;el informe afirma que las certificaciones de obras no fueron comprobadas por el arquitecto municipal y que no se expresa la conformidad de los t\u00e9cnicos sobre el aumento de los costes&#8221;, asegura.<\/p>\n<p style=\"text-align: justify;\">De esta forma se abre un nuevo frente tras haber rechazado el Juzgado hace unos meses el recurso presentado por el Ayuntamiento para recuperar los 1&#8217;2 millones de euros que se pag\u00f3 en sobrecostes, argumentando que el acuerdo para hacerlo, tomado en la Junta de Gobierno Local del 2008, hab\u00eda prescrito.<\/p>\n<p style=\"text-align: justify;\">El alcalde, Antonio Franc\u00e9s, ha destacado que esto permite iniciar nuevas v\u00edas &#8220;vamos a llevar a la Fiscal\u00eda al Director de las obras y al Constructor y pediremos al Tribunal de Cuentas que se depuren tambi\u00e9n responsabilidades pol\u00edticas&#8221;, concluye.<\/p>\n<p style=\"text-align: justify;\">El primer edil se refer\u00eda as\u00ed a los siete ediles del Partido Popular \u00a0que en 2008 formaban parte de la citada Junta de Gobiermo que acord\u00f3 hacer estos pagos en exceso a Ortiz.<\/p>\n<p style=\"text-align: justify;\">\n","protected":false},"excerpt":{"rendered":"<p>El Ayuntamiento de Alcoy llevar\u00e1 a la Fiscal\u00eda al Director de las obras del Teatro Calder\u00f3n y al Constructor Enrique&#8230;<\/p>\n","protected":false},"author":1,"featured_media":8819,"comment_status":"open","ping_status":"open","sticky":false,"template":"","format":"standard","meta":{"footnotes":""},"categories":[97,75,125],"tags":[1494,333,541,440,145],"class_list":["post-9623","post","type-post","status-publish","format-standard","has-post-thumbnail","hentry","category-alcoy","category-noticias","category-portada","tag-alcoy","tag-calderon","tag-fiscalia","tag-justicia","tag-obras"],"yoast_head":"<!-- This site is optimized with the Yoast SEO plugin v27.3 - https:\/\/yoast.com\/product\/yoast-seo-wordpress\/ -->\n<title>Alcoy llevar\u00e1 a Ortiz a la Fiscal\u00eda por los sobrecostes del Calder\u00f3n - COPE Alcoy<\/title>\n<meta name=\"robots\" content=\"index, follow, max-snippet:-1, max-image-preview:large, max-video-preview:-1\" \/>\n<link rel=\"canonical\" href=\"https:\/\/www.copealcoy.es\/es\/el-ayuntamiento-lleva-a-ortiz-a-la-fiscalia-por-los-sobrecostes-del-calderon\/\" \/>\n<meta property=\"og:locale\" content=\"es_ES\" \/>\n<meta property=\"og:type\" content=\"article\" \/>\n<meta property=\"og:title\" content=\"Alcoy llevar\u00e1 a Ortiz a la Fiscal\u00eda por los sobrecostes del Calder\u00f3n - COPE Alcoy\" \/>\n<meta property=\"og:description\" content=\"El Ayuntamiento de Alcoy llevar\u00e1 a la Fiscal\u00eda al Director de las obras del Teatro Calder\u00f3n y al Constructor Enrique...\" \/>\n<meta property=\"og:url\" content=\"https:\/\/www.copealcoy.es\/es\/el-ayuntamiento-lleva-a-ortiz-a-la-fiscalia-por-los-sobrecostes-del-calderon\/\" \/>\n<meta property=\"og:site_name\" content=\"COPE Alcoy\" \/>\n<meta property=\"article:published_time\" content=\"2015-01-12T16:23:24+00:00\" \/>\n<meta property=\"article:modified_time\" content=\"2015-01-12T16:24:43+00:00\" \/>\n<meta property=\"og:image\" content=\"https:\/\/www.copealcoy.es\/wp-content\/uploads\/2014\/12\/image21.jpg\" \/>\n\t<meta property=\"og:image:width\" content=\"2592\" \/>\n\t<meta property=\"og:image:height\" content=\"1944\" \/>\n\t<meta property=\"og:image:type\" content=\"image\/jpeg\" \/>\n<meta name=\"author\" content=\"Cope Alcoy\" \/>\n<meta name=\"twitter:label1\" content=\"Escrito por\" \/>\n\t<meta name=\"twitter:data1\" content=\"Cope Alcoy\" \/>\n\t<meta name=\"twitter:label2\" content=\"Tiempo de lectura\" \/>\n\t<meta name=\"twitter:data2\" content=\"1 minuto\" \/>\n<script type=\"application\/ld+json\" class=\"yoast-schema-graph\">{\"@context\":\"https:\\\/\\\/schema.org\",\"@graph\":[{\"@type\":\"Article\",\"@id\":\"https:\\\/\\\/www.copealcoy.es\\\/es\\\/el-ayuntamiento-lleva-a-ortiz-a-la-fiscalia-por-los-sobrecostes-del-calderon\\\/#article\",\"isPartOf\":{\"@id\":\"https:\\\/\\\/www.copealcoy.es\\\/es\\\/el-ayuntamiento-lleva-a-ortiz-a-la-fiscalia-por-los-sobrecostes-del-calderon\\\/\"},\"author\":{\"name\":\"Cope Alcoy\",\"@id\":\"https:\\\/\\\/www.copealcoy.es\\\/es\\\/#\\\/schema\\\/person\\\/e777c87fa024e57d40170af9df39882c\"},\"headline\":\"Alcoy llevar\u00e1 a Ortiz a la Fiscal\u00eda por los sobrecostes del Calder\u00f3n\",\"datePublished\":\"2015-01-12T16:23:24+00:00\",\"dateModified\":\"2015-01-12T16:24:43+00:00\",\"mainEntityOfPage\":{\"@id\":\"https:\\\/\\\/www.copealcoy.es\\\/es\\\/el-ayuntamiento-lleva-a-ortiz-a-la-fiscalia-por-los-sobrecostes-del-calderon\\\/\"},\"wordCount\":276,\"commentCount\":0,\"image\":{\"@id\":\"https:\\\/\\\/www.copealcoy.es\\\/es\\\/el-ayuntamiento-lleva-a-ortiz-a-la-fiscalia-por-los-sobrecostes-del-calderon\\\/#primaryimage\"},\"thumbnailUrl\":\"https:\\\/\\\/www.copealcoy.es\\\/wp-content\\\/uploads\\\/2014\\\/12\\\/image21.jpg\",\"keywords\":[\"Alcoy\",\"calder\u00f3n\",\"Fiscal\u00eda\",\"Justicia\",\"Obras\"],\"articleSection\":[\"Alcoy\",\"Noticias\",\"Portada\"],\"inLanguage\":\"es\"},{\"@type\":\"WebPage\",\"@id\":\"https:\\\/\\\/www.copealcoy.es\\\/es\\\/el-ayuntamiento-lleva-a-ortiz-a-la-fiscalia-por-los-sobrecostes-del-calderon\\\/\",\"url\":\"https:\\\/\\\/www.copealcoy.es\\\/es\\\/el-ayuntamiento-lleva-a-ortiz-a-la-fiscalia-por-los-sobrecostes-del-calderon\\\/\",\"name\":\"Alcoy llevar\u00e1 a Ortiz a la Fiscal\u00eda por los sobrecostes del Calder\u00f3n - COPE Alcoy\",\"isPartOf\":{\"@id\":\"https:\\\/\\\/www.copealcoy.es\\\/es\\\/#website\"},\"primaryImageOfPage\":{\"@id\":\"https:\\\/\\\/www.copealcoy.es\\\/es\\\/el-ayuntamiento-lleva-a-ortiz-a-la-fiscalia-por-los-sobrecostes-del-calderon\\\/#primaryimage\"},\"image\":{\"@id\":\"https:\\\/\\\/www.copealcoy.es\\\/es\\\/el-ayuntamiento-lleva-a-ortiz-a-la-fiscalia-por-los-sobrecostes-del-calderon\\\/#primaryimage\"},\"thumbnailUrl\":\"https:\\\/\\\/www.copealcoy.es\\\/wp-content\\\/uploads\\\/2014\\\/12\\\/image21.jpg\",\"datePublished\":\"2015-01-12T16:23:24+00:00\",\"dateModified\":\"2015-01-12T16:24:43+00:00\",\"author\":{\"@id\":\"https:\\\/\\\/www.copealcoy.es\\\/es\\\/#\\\/schema\\\/person\\\/e777c87fa024e57d40170af9df39882c\"},\"breadcrumb\":{\"@id\":\"https:\\\/\\\/www.copealcoy.es\\\/es\\\/el-ayuntamiento-lleva-a-ortiz-a-la-fiscalia-por-los-sobrecostes-del-calderon\\\/#breadcrumb\"},\"inLanguage\":\"es\",\"potentialAction\":[{\"@type\":\"ReadAction\",\"target\":[\"https:\\\/\\\/www.copealcoy.es\\\/es\\\/el-ayuntamiento-lleva-a-ortiz-a-la-fiscalia-por-los-sobrecostes-del-calderon\\\/\"]}]},{\"@type\":\"ImageObject\",\"inLanguage\":\"es\",\"@id\":\"https:\\\/\\\/www.copealcoy.es\\\/es\\\/el-ayuntamiento-lleva-a-ortiz-a-la-fiscalia-por-los-sobrecostes-del-calderon\\\/#primaryimage\",\"url\":\"https:\\\/\\\/www.copealcoy.es\\\/wp-content\\\/uploads\\\/2014\\\/12\\\/image21.jpg\",\"contentUrl\":\"https:\\\/\\\/www.copealcoy.es\\\/wp-content\\\/uploads\\\/2014\\\/12\\\/image21.jpg\",\"width\":1440,\"height\":1080,\"caption\":\"Exteriores del Teatro Calder\u00f3n de Alcoy\"},{\"@type\":\"BreadcrumbList\",\"@id\":\"https:\\\/\\\/www.copealcoy.es\\\/es\\\/el-ayuntamiento-lleva-a-ortiz-a-la-fiscalia-por-los-sobrecostes-del-calderon\\\/#breadcrumb\",\"itemListElement\":[{\"@type\":\"ListItem\",\"position\":1,\"name\":\"Portada\",\"item\":\"https:\\\/\\\/www.copealcoy.es\\\/es\\\/\"},{\"@type\":\"ListItem\",\"position\":2,\"name\":\"Alcoy llevar\u00e1 a Ortiz a la Fiscal\u00eda por los sobrecostes del Calder\u00f3n\"}]},{\"@type\":\"WebSite\",\"@id\":\"https:\\\/\\\/www.copealcoy.es\\\/es\\\/#website\",\"url\":\"https:\\\/\\\/www.copealcoy.es\\\/es\\\/\",\"name\":\"COPE Alcoy\",\"description\":\"Emisora COPE de radio local con emisi\u00f3n online. Pont de Sant Jordi 8-10 03803 Alcoy\",\"potentialAction\":[{\"@type\":\"SearchAction\",\"target\":{\"@type\":\"EntryPoint\",\"urlTemplate\":\"https:\\\/\\\/www.copealcoy.es\\\/es\\\/?s={search_term_string}\"},\"query-input\":{\"@type\":\"PropertyValueSpecification\",\"valueRequired\":true,\"valueName\":\"search_term_string\"}}],\"inLanguage\":\"es\"},{\"@type\":\"Person\",\"@id\":\"https:\\\/\\\/www.copealcoy.es\\\/es\\\/#\\\/schema\\\/person\\\/e777c87fa024e57d40170af9df39882c\",\"name\":\"Cope Alcoy\",\"image\":{\"@type\":\"ImageObject\",\"inLanguage\":\"es\",\"@id\":\"https:\\\/\\\/secure.gravatar.com\\\/avatar\\\/bb65d0283347e303893ba14f0692005417c1e0e690a325a4c5d8bb2b3943ee14?s=96&d=mm&r=g\",\"url\":\"https:\\\/\\\/secure.gravatar.com\\\/avatar\\\/bb65d0283347e303893ba14f0692005417c1e0e690a325a4c5d8bb2b3943ee14?s=96&d=mm&r=g\",\"contentUrl\":\"https:\\\/\\\/secure.gravatar.com\\\/avatar\\\/bb65d0283347e303893ba14f0692005417c1e0e690a325a4c5d8bb2b3943ee14?s=96&d=mm&r=g\",\"caption\":\"Cope Alcoy\"}}]}<\/script>\n<!-- \/ Yoast SEO plugin. -->","yoast_head_json":{"title":"Alcoy llevar\u00e1 a Ortiz a la Fiscal\u00eda por los sobrecostes del Calder\u00f3n - COPE Alcoy","robots":{"index":"index","follow":"follow","max-snippet":"max-snippet:-1","max-image-preview":"max-image-preview:large","max-video-preview":"max-video-preview:-1"},"canonical":"https:\/\/www.copealcoy.es\/es\/el-ayuntamiento-lleva-a-ortiz-a-la-fiscalia-por-los-sobrecostes-del-calderon\/","og_locale":"es_ES","og_type":"article","og_title":"Alcoy llevar\u00e1 a Ortiz a la Fiscal\u00eda por los sobrecostes del Calder\u00f3n - COPE Alcoy","og_description":"El Ayuntamiento de Alcoy llevar\u00e1 a la Fiscal\u00eda al Director de las obras del Teatro Calder\u00f3n y al Constructor Enrique...","og_url":"https:\/\/www.copealcoy.es\/es\/el-ayuntamiento-lleva-a-ortiz-a-la-fiscalia-por-los-sobrecostes-del-calderon\/","og_site_name":"COPE Alcoy","article_published_time":"2015-01-12T16:23:24+00:00","article_modified_time":"2015-01-12T16:24:43+00:00","og_image":[{"width":2592,"height":1944,"url":"https:\/\/www.copealcoy.es\/wp-content\/uploads\/2014\/12\/image21.jpg","type":"image\/jpeg"}],"author":"Cope Alcoy","twitter_misc":{"Escrito por":"Cope Alcoy","Tiempo de lectura":"1 minuto"},"schema":{"@context":"https:\/\/schema.org","@graph":[{"@type":"Article","@id":"https:\/\/www.copealcoy.es\/es\/el-ayuntamiento-lleva-a-ortiz-a-la-fiscalia-por-los-sobrecostes-del-calderon\/#article","isPartOf":{"@id":"https:\/\/www.copealcoy.es\/es\/el-ayuntamiento-lleva-a-ortiz-a-la-fiscalia-por-los-sobrecostes-del-calderon\/"},"author":{"name":"Cope Alcoy","@id":"https:\/\/www.copealcoy.es\/es\/#\/schema\/person\/e777c87fa024e57d40170af9df39882c"},"headline":"Alcoy llevar\u00e1 a Ortiz a la Fiscal\u00eda por los sobrecostes del Calder\u00f3n","datePublished":"2015-01-12T16:23:24+00:00","dateModified":"2015-01-12T16:24:43+00:00","mainEntityOfPage":{"@id":"https:\/\/www.copealcoy.es\/es\/el-ayuntamiento-lleva-a-ortiz-a-la-fiscalia-por-los-sobrecostes-del-calderon\/"},"wordCount":276,"commentCount":0,"image":{"@id":"https:\/\/www.copealcoy.es\/es\/el-ayuntamiento-lleva-a-ortiz-a-la-fiscalia-por-los-sobrecostes-del-calderon\/#primaryimage"},"thumbnailUrl":"https:\/\/www.copealcoy.es\/wp-content\/uploads\/2014\/12\/image21.jpg","keywords":["Alcoy","calder\u00f3n","Fiscal\u00eda","Justicia","Obras"],"articleSection":["Alcoy","Noticias","Portada"],"inLanguage":"es"},{"@type":"WebPage","@id":"https:\/\/www.copealcoy.es\/es\/el-ayuntamiento-lleva-a-ortiz-a-la-fiscalia-por-los-sobrecostes-del-calderon\/","url":"https:\/\/www.copealcoy.es\/es\/el-ayuntamiento-lleva-a-ortiz-a-la-fiscalia-por-los-sobrecostes-del-calderon\/","name":"Alcoy llevar\u00e1 a Ortiz a la Fiscal\u00eda por los sobrecostes del Calder\u00f3n - COPE Alcoy","isPartOf":{"@id":"https:\/\/www.copealcoy.es\/es\/#website"},"primaryImageOfPage":{"@id":"https:\/\/www.copealcoy.es\/es\/el-ayuntamiento-lleva-a-ortiz-a-la-fiscalia-por-los-sobrecostes-del-calderon\/#primaryimage"},"image":{"@id":"https:\/\/www.copealcoy.es\/es\/el-ayuntamiento-lleva-a-ortiz-a-la-fiscalia-por-los-sobrecostes-del-calderon\/#primaryimage"},"thumbnailUrl":"https:\/\/www.copealcoy.es\/wp-content\/uploads\/2014\/12\/image21.jpg","datePublished":"2015-01-12T16:23:24+00:00","dateModified":"2015-01-12T16:24:43+00:00","author":{"@id":"https:\/\/www.copealcoy.es\/es\/#\/schema\/person\/e777c87fa024e57d40170af9df39882c"},"breadcrumb":{"@id":"https:\/\/www.copealcoy.es\/es\/el-ayuntamiento-lleva-a-ortiz-a-la-fiscalia-por-los-sobrecostes-del-calderon\/#breadcrumb"},"inLanguage":"es","potentialAction":[{"@type":"ReadAction","target":["https:\/\/www.copealcoy.es\/es\/el-ayuntamiento-lleva-a-ortiz-a-la-fiscalia-por-los-sobrecostes-del-calderon\/"]}]},{"@type":"ImageObject","inLanguage":"es","@id":"https:\/\/www.copealcoy.es\/es\/el-ayuntamiento-lleva-a-ortiz-a-la-fiscalia-por-los-sobrecostes-del-calderon\/#primaryimage","url":"https:\/\/www.copealcoy.es\/wp-content\/uploads\/2014\/12\/image21.jpg","contentUrl":"https:\/\/www.copealcoy.es\/wp-content\/uploads\/2014\/12\/image21.jpg","width":1440,"height":1080,"caption":"Exteriores del Teatro Calder\u00f3n de Alcoy"},{"@type":"BreadcrumbList","@id":"https:\/\/www.copealcoy.es\/es\/el-ayuntamiento-lleva-a-ortiz-a-la-fiscalia-por-los-sobrecostes-del-calderon\/#breadcrumb","itemListElement":[{"@type":"ListItem","position":1,"name":"Portada","item":"https:\/\/www.copealcoy.es\/es\/"},{"@type":"ListItem","position":2,"name":"Alcoy llevar\u00e1 a Ortiz a la Fiscal\u00eda por los sobrecostes del Calder\u00f3n"}]},{"@type":"WebSite","@id":"https:\/\/www.copealcoy.es\/es\/#website","url":"https:\/\/www.copealcoy.es\/es\/","name":"COPE Alcoy","description":"Emisora COPE de radio local con emisi\u00f3n online. Pont de Sant Jordi 8-10 03803 Alcoy","potentialAction":[{"@type":"SearchAction","target":{"@type":"EntryPoint","urlTemplate":"https:\/\/www.copealcoy.es\/es\/?s={search_term_string}"},"query-input":{"@type":"PropertyValueSpecification","valueRequired":true,"valueName":"search_term_string"}}],"inLanguage":"es"},{"@type":"Person","@id":"https:\/\/www.copealcoy.es\/es\/#\/schema\/person\/e777c87fa024e57d40170af9df39882c","name":"Cope Alcoy","image":{"@type":"ImageObject","inLanguage":"es","@id":"https:\/\/secure.gravatar.com\/avatar\/bb65d0283347e303893ba14f0692005417c1e0e690a325a4c5d8bb2b3943ee14?s=96&d=mm&r=g","url":"https:\/\/secure.gravatar.com\/avatar\/bb65d0283347e303893ba14f0692005417c1e0e690a325a4c5d8bb2b3943ee14?s=96&d=mm&r=g","contentUrl":"https:\/\/secure.gravatar.com\/avatar\/bb65d0283347e303893ba14f0692005417c1e0e690a325a4c5d8bb2b3943ee14?s=96&d=mm&r=g","caption":"Cope Alcoy"}}]}},"_links":{"self":[{"href":"https:\/\/www.copealcoy.es\/es\/wp-json\/wp\/v2\/posts\/9623","targetHints":{"allow":["GET"]}}],"collection":[{"href":"https:\/\/www.copealcoy.es\/es\/wp-json\/wp\/v2\/posts"}],"about":[{"href":"https:\/\/www.copealcoy.es\/es\/wp-json\/wp\/v2\/types\/post"}],"author":[{"embeddable":true,"href":"https:\/\/www.copealcoy.es\/es\/wp-json\/wp\/v2\/users\/1"}],"replies":[{"embeddable":true,"href":"https:\/\/www.copealcoy.es\/es\/wp-json\/wp\/v2\/comments?post=9623"}],"version-history":[{"count":0,"href":"https:\/\/www.copealcoy.es\/es\/wp-json\/wp\/v2\/posts\/9623\/revisions"}],"wp:featuredmedia":[{"embeddable":true,"href":"https:\/\/www.copealcoy.es\/es\/wp-json\/wp\/v2\/media\/8819"}],"wp:attachment":[{"href":"https:\/\/www.copealcoy.es\/es\/wp-json\/wp\/v2\/media?parent=9623"}],"wp:term":[{"taxonomy":"category","embeddable":true,"href":"https:\/\/www.copealcoy.es\/es\/wp-json\/wp\/v2\/categories?post=9623"},{"taxonomy":"post_tag","embeddable":true,"href":"https:\/\/www.copealcoy.es\/es\/wp-json\/wp\/v2\/tags?post=9623"}],"curies":[{"name":"wp","href":"https:\/\/api.w.org\/{rel}","templated":true}]}}