{"id":96208,"date":"2023-01-09T11:59:15","date_gmt":"2023-01-09T10:59:15","guid":{"rendered":"https:\/\/www.copealcoy.es\/?p=96208"},"modified":"2023-01-09T13:09:31","modified_gmt":"2023-01-09T12:09:31","slug":"ferit-un-jove-en-ser-atropellat-al-carrer-entenca-dalcoi","status":"publish","type":"post","link":"https:\/\/www.copealcoy.es\/es\/ferit-un-jove-en-ser-atropellat-al-carrer-entenca-dalcoi\/","title":{"rendered":"Ferit un jove en ser atropellat al carrer Enten\u00e7a d&#8217;Alcoi"},"content":{"rendered":"<p style=\"text-align: justify;\">Un jove<strong> ha sigut traslladat a l&#8217;Hospital Verge <span class=\"hiddenGrammarError\">dels Lliris<\/span>\u00a0d&#8217;Alcoi<\/strong> aquest mat\u00ed <strong>despr\u00e9s d&#8217;haver resultat atropellat<\/strong> al carrer Enten\u00e7a d&#8217;Alcoi. Els fets <strong>han passat al voltant de les 06:<span class=\"hiddenGrammarError\">45h<\/span><\/strong>, a l&#8217;altura del Parc de la Font de l&#8217;Horta, <strong>segons la informaci\u00f3 facilitada pel Centre d&#8217;Informaci\u00f3 i Coordinaci\u00f3 d&#8217;Urg\u00e8ncies (<span class=\"hiddenSpellError\">CICU<\/span>) de la Generalitat Valenciana<\/strong>. Una ambul\u00e0ncia ha portat la v\u00edctima, amb contusions, fins a l&#8217;Hospital Verge\u00a0<span class=\"hiddenGrammarError\">dels Lliris<\/span>\u00a0i afortunadament <strong>l&#8217;accident ha quedat en un esglai<\/strong>, ja que el xic es troba en bon estat.<\/p>\n<p><strong><span style=\"color: #0000ff;\">Balan\u00e7 provisional de la campanya de tr\u00e0nsit de Nadal<\/span><\/strong><\/p>\n<p style=\"text-align: justify;\">Per altre costat, <strong>cal assenyalar que hui dilluns s&#8217;ha fet balan\u00e7 de la campanya de tr\u00e0nsit<\/strong> posada en marxa al conjunt d&#8217;Espanya <strong>amb motiu de les Festes de Nadal<\/strong>. Segons la informaci\u00f3 facilitada per la <a href=\"https:\/\/www.dgt.es\/inicio\/\"><span style=\"color: #0000ff;\"><strong>DGT<\/strong><\/span><\/a>, <strong>un total de cinquanta una persones han perdut la vida en els\u00a0 accidents de tr\u00e0nsit registrats<\/strong> en les carreteres interurbanes espanyoles aquest Nadal, 3 menys que l&#8217;any passat. La <strong>campanya especial de tr\u00e0nsit<\/strong> va estar en marxa des de les tres de la vesprada del divendres 23 de desembre fins a la mitja nit d&#8217;aquest passat diumenge 8 de gener.<\/p>\n<p style=\"text-align: justify;\"><strong><span style=\"color: #0000ff;\">Les dades de l&#8217;any <\/span><\/strong><\/p>\n<p style=\"text-align: justify;\">L&#8217;any 2022 <strong>ha finalitzat amb 1.145 morts en les carreteres espanyoles<\/strong>, 44 m\u00e9s que abans de la pand\u00e8mia, la qual cosa suposa un augment de la mortalitat en les carreteres espanyoles del 4% respecte a 2019. Aquesta xifra<strong> tamb\u00e9 suposa un increment del 14% respecte a les xifres de 2021<\/strong>, quan van morir 1.004 persones. El ministre Marlaska, segons informa COPE,<strong> ha assenyalat que gener i abril van ser els mesos m\u00e9s tr\u00e0gics en les carreteres durant 2022<\/strong>. En el cas de <strong>gener<\/strong>, van morir 100 persones en accidents de tr\u00e0nsit, la qual cosa li converteix en el mes amb m\u00e9s sinistres dels \u00faltims deu anys. Mentre que <strong>a l&#8217;abril<\/strong>, es van registrar 99 morts, la major xifra d&#8217;un mes d&#8217;abril dels \u00faltims anys. Segons Marlaska, <strong>en tan sols aquestos dos mesos van morir 52 persones m\u00e9s<\/strong> respecte a gener i abril de 2019.<\/p>\n","protected":false},"excerpt":{"rendered":"<p>Un jove ha sigut traslladat a l&#8217;Hospital Verge dels Lliris\u00a0d&#8217;Alcoi aquest mat\u00ed despr\u00e9s d&#8217;haver resultat atropellat al carrer Enten\u00e7a d&#8217;Alcoi&#8230;.<\/p>\n","protected":false},"author":1,"featured_media":96216,"comment_status":"open","ping_status":"open","sticky":false,"template":"","format":"standard","meta":{"footnotes":""},"categories":[6909,97,75],"tags":[160,13691,13693,13690,9773,9656,13692],"class_list":["post-96208","post","type-post","status-publish","format-standard","has-post-thumbnail","hentry","category-actualidad","category-alcoy","category-noticias","tag-alcoi","tag-atropellament","tag-carrer-entenca","tag-jove","tag-trasllat","tag-verge-dels-lliris","tag-victima"],"yoast_head":"<!-- This site is optimized with the Yoast SEO plugin v27.3 - https:\/\/yoast.com\/product\/yoast-seo-wordpress\/ -->\n<title>Ferit un jove en ser atropellat al carrer Enten\u00e7a d&#039;Alcoi - COPE Alcoy<\/title>\n<meta name=\"description\" content=\"Un jove ha sigut traslladat a l&#039;Hospital Verge dels Lliris\u00a0d&#039;Alcoi aquest mat\u00ed despr\u00e9s d&#039;haver resultat atropellat al carrer Enten\u00e7a d&#039;Alco\" \/>\n<meta name=\"robots\" content=\"index, follow, max-snippet:-1, max-image-preview:large, max-video-preview:-1\" \/>\n<link rel=\"canonical\" href=\"https:\/\/www.copealcoy.es\/es\/ferit-un-jove-en-ser-atropellat-al-carrer-entenca-dalcoi\/\" \/>\n<meta property=\"og:locale\" content=\"es_ES\" \/>\n<meta property=\"og:type\" content=\"article\" \/>\n<meta property=\"og:title\" content=\"Ferit un jove en ser atropellat al carrer Enten\u00e7a d&#039;Alcoi - COPE Alcoy\" \/>\n<meta property=\"og:description\" content=\"Un jove ha sigut traslladat a l&#039;Hospital Verge dels Lliris\u00a0d&#039;Alcoi aquest mat\u00ed despr\u00e9s d&#039;haver resultat atropellat al carrer Enten\u00e7a d&#039;Alco\" \/>\n<meta property=\"og:url\" content=\"https:\/\/www.copealcoy.es\/es\/ferit-un-jove-en-ser-atropellat-al-carrer-entenca-dalcoi\/\" \/>\n<meta property=\"og:site_name\" content=\"COPE Alcoy\" \/>\n<meta property=\"article:published_time\" content=\"2023-01-09T10:59:15+00:00\" \/>\n<meta property=\"article:modified_time\" content=\"2023-01-09T12:09:31+00:00\" \/>\n<meta property=\"og:image\" content=\"https:\/\/www.copealcoy.es\/wp-content\/uploads\/2023\/01\/Captura-de-pantalla-2023-01-09-a-las-12.38.23.png\" \/>\n\t<meta property=\"og:image:width\" content=\"742\" \/>\n\t<meta property=\"og:image:height\" content=\"552\" \/>\n\t<meta property=\"og:image:type\" content=\"image\/png\" \/>\n<meta name=\"author\" content=\"Cope Alcoy\" \/>\n<meta name=\"twitter:label1\" content=\"Escrito por\" \/>\n\t<meta name=\"twitter:data1\" content=\"Cope Alcoy\" \/>\n\t<meta name=\"twitter:label2\" content=\"Tiempo de lectura\" \/>\n\t<meta name=\"twitter:data2\" content=\"2 minutos\" \/>\n<script type=\"application\/ld+json\" class=\"yoast-schema-graph\">{\"@context\":\"https:\\\/\\\/schema.org\",\"@graph\":[{\"@type\":\"Article\",\"@id\":\"https:\\\/\\\/www.copealcoy.es\\\/es\\\/ferit-un-jove-en-ser-atropellat-al-carrer-entenca-dalcoi\\\/#article\",\"isPartOf\":{\"@id\":\"https:\\\/\\\/www.copealcoy.es\\\/es\\\/ferit-un-jove-en-ser-atropellat-al-carrer-entenca-dalcoi\\\/\"},\"author\":{\"name\":\"Cope Alcoy\",\"@id\":\"https:\\\/\\\/www.copealcoy.es\\\/es\\\/#\\\/schema\\\/person\\\/e777c87fa024e57d40170af9df39882c\"},\"headline\":\"Ferit un jove en ser atropellat al carrer Enten\u00e7a d&#8217;Alcoi\",\"datePublished\":\"2023-01-09T10:59:15+00:00\",\"dateModified\":\"2023-01-09T12:09:31+00:00\",\"mainEntityOfPage\":{\"@id\":\"https:\\\/\\\/www.copealcoy.es\\\/es\\\/ferit-un-jove-en-ser-atropellat-al-carrer-entenca-dalcoi\\\/\"},\"wordCount\":369,\"commentCount\":0,\"image\":{\"@id\":\"https:\\\/\\\/www.copealcoy.es\\\/es\\\/ferit-un-jove-en-ser-atropellat-al-carrer-entenca-dalcoi\\\/#primaryimage\"},\"thumbnailUrl\":\"https:\\\/\\\/www.copealcoy.es\\\/wp-content\\\/uploads\\\/2023\\\/01\\\/Captura-de-pantalla-2023-01-09-a-las-12.38.23.png\",\"keywords\":[\"Alcoi\",\"atropellament\",\"carrer Enten\u00e7a\",\"jove\",\"trasllat\",\"Verge dels Lliris\",\"v\u00edctima\"],\"articleSection\":[\"Actualidad\",\"Alcoy\",\"Noticias\"],\"inLanguage\":\"es\"},{\"@type\":\"WebPage\",\"@id\":\"https:\\\/\\\/www.copealcoy.es\\\/es\\\/ferit-un-jove-en-ser-atropellat-al-carrer-entenca-dalcoi\\\/\",\"url\":\"https:\\\/\\\/www.copealcoy.es\\\/es\\\/ferit-un-jove-en-ser-atropellat-al-carrer-entenca-dalcoi\\\/\",\"name\":\"Ferit un jove en ser atropellat al carrer Enten\u00e7a d'Alcoi - COPE Alcoy\",\"isPartOf\":{\"@id\":\"https:\\\/\\\/www.copealcoy.es\\\/es\\\/#website\"},\"primaryImageOfPage\":{\"@id\":\"https:\\\/\\\/www.copealcoy.es\\\/es\\\/ferit-un-jove-en-ser-atropellat-al-carrer-entenca-dalcoi\\\/#primaryimage\"},\"image\":{\"@id\":\"https:\\\/\\\/www.copealcoy.es\\\/es\\\/ferit-un-jove-en-ser-atropellat-al-carrer-entenca-dalcoi\\\/#primaryimage\"},\"thumbnailUrl\":\"https:\\\/\\\/www.copealcoy.es\\\/wp-content\\\/uploads\\\/2023\\\/01\\\/Captura-de-pantalla-2023-01-09-a-las-12.38.23.png\",\"datePublished\":\"2023-01-09T10:59:15+00:00\",\"dateModified\":\"2023-01-09T12:09:31+00:00\",\"author\":{\"@id\":\"https:\\\/\\\/www.copealcoy.es\\\/es\\\/#\\\/schema\\\/person\\\/e777c87fa024e57d40170af9df39882c\"},\"description\":\"Un jove ha sigut traslladat a l'Hospital Verge dels Lliris\u00a0d'Alcoi aquest mat\u00ed despr\u00e9s d'haver resultat atropellat al carrer Enten\u00e7a d'Alco\",\"breadcrumb\":{\"@id\":\"https:\\\/\\\/www.copealcoy.es\\\/es\\\/ferit-un-jove-en-ser-atropellat-al-carrer-entenca-dalcoi\\\/#breadcrumb\"},\"inLanguage\":\"es\",\"potentialAction\":[{\"@type\":\"ReadAction\",\"target\":[\"https:\\\/\\\/www.copealcoy.es\\\/es\\\/ferit-un-jove-en-ser-atropellat-al-carrer-entenca-dalcoi\\\/\"]}]},{\"@type\":\"ImageObject\",\"inLanguage\":\"es\",\"@id\":\"https:\\\/\\\/www.copealcoy.es\\\/es\\\/ferit-un-jove-en-ser-atropellat-al-carrer-entenca-dalcoi\\\/#primaryimage\",\"url\":\"https:\\\/\\\/www.copealcoy.es\\\/wp-content\\\/uploads\\\/2023\\\/01\\\/Captura-de-pantalla-2023-01-09-a-las-12.38.23.png\",\"contentUrl\":\"https:\\\/\\\/www.copealcoy.es\\\/wp-content\\\/uploads\\\/2023\\\/01\\\/Captura-de-pantalla-2023-01-09-a-las-12.38.23.png\",\"width\":742,\"height\":552},{\"@type\":\"BreadcrumbList\",\"@id\":\"https:\\\/\\\/www.copealcoy.es\\\/es\\\/ferit-un-jove-en-ser-atropellat-al-carrer-entenca-dalcoi\\\/#breadcrumb\",\"itemListElement\":[{\"@type\":\"ListItem\",\"position\":1,\"name\":\"Portada\",\"item\":\"https:\\\/\\\/www.copealcoy.es\\\/es\\\/\"},{\"@type\":\"ListItem\",\"position\":2,\"name\":\"Ferit un jove en ser atropellat al carrer Enten\u00e7a d&#8217;Alcoi\"}]},{\"@type\":\"WebSite\",\"@id\":\"https:\\\/\\\/www.copealcoy.es\\\/es\\\/#website\",\"url\":\"https:\\\/\\\/www.copealcoy.es\\\/es\\\/\",\"name\":\"COPE Alcoy\",\"description\":\"Emisora COPE de radio local con emisi\u00f3n online. Pont de Sant Jordi 8-10 03803 Alcoy\",\"potentialAction\":[{\"@type\":\"SearchAction\",\"target\":{\"@type\":\"EntryPoint\",\"urlTemplate\":\"https:\\\/\\\/www.copealcoy.es\\\/es\\\/?s={search_term_string}\"},\"query-input\":{\"@type\":\"PropertyValueSpecification\",\"valueRequired\":true,\"valueName\":\"search_term_string\"}}],\"inLanguage\":\"es\"},{\"@type\":\"Person\",\"@id\":\"https:\\\/\\\/www.copealcoy.es\\\/es\\\/#\\\/schema\\\/person\\\/e777c87fa024e57d40170af9df39882c\",\"name\":\"Cope Alcoy\",\"image\":{\"@type\":\"ImageObject\",\"inLanguage\":\"es\",\"@id\":\"https:\\\/\\\/secure.gravatar.com\\\/avatar\\\/bb65d0283347e303893ba14f0692005417c1e0e690a325a4c5d8bb2b3943ee14?s=96&d=mm&r=g\",\"url\":\"https:\\\/\\\/secure.gravatar.com\\\/avatar\\\/bb65d0283347e303893ba14f0692005417c1e0e690a325a4c5d8bb2b3943ee14?s=96&d=mm&r=g\",\"contentUrl\":\"https:\\\/\\\/secure.gravatar.com\\\/avatar\\\/bb65d0283347e303893ba14f0692005417c1e0e690a325a4c5d8bb2b3943ee14?s=96&d=mm&r=g\",\"caption\":\"Cope Alcoy\"}}]}<\/script>\n<!-- \/ Yoast SEO plugin. -->","yoast_head_json":{"title":"Ferit un jove en ser atropellat al carrer Enten\u00e7a d'Alcoi - COPE Alcoy","description":"Un jove ha sigut traslladat a l'Hospital Verge dels Lliris\u00a0d'Alcoi aquest mat\u00ed despr\u00e9s d'haver resultat atropellat al carrer Enten\u00e7a d'Alco","robots":{"index":"index","follow":"follow","max-snippet":"max-snippet:-1","max-image-preview":"max-image-preview:large","max-video-preview":"max-video-preview:-1"},"canonical":"https:\/\/www.copealcoy.es\/es\/ferit-un-jove-en-ser-atropellat-al-carrer-entenca-dalcoi\/","og_locale":"es_ES","og_type":"article","og_title":"Ferit un jove en ser atropellat al carrer Enten\u00e7a d'Alcoi - COPE Alcoy","og_description":"Un jove ha sigut traslladat a l'Hospital Verge dels Lliris\u00a0d'Alcoi aquest mat\u00ed despr\u00e9s d'haver resultat atropellat al carrer Enten\u00e7a d'Alco","og_url":"https:\/\/www.copealcoy.es\/es\/ferit-un-jove-en-ser-atropellat-al-carrer-entenca-dalcoi\/","og_site_name":"COPE Alcoy","article_published_time":"2023-01-09T10:59:15+00:00","article_modified_time":"2023-01-09T12:09:31+00:00","og_image":[{"width":742,"height":552,"url":"https:\/\/www.copealcoy.es\/wp-content\/uploads\/2023\/01\/Captura-de-pantalla-2023-01-09-a-las-12.38.23.png","type":"image\/png"}],"author":"Cope Alcoy","twitter_misc":{"Escrito por":"Cope Alcoy","Tiempo de lectura":"2 minutos"},"schema":{"@context":"https:\/\/schema.org","@graph":[{"@type":"Article","@id":"https:\/\/www.copealcoy.es\/es\/ferit-un-jove-en-ser-atropellat-al-carrer-entenca-dalcoi\/#article","isPartOf":{"@id":"https:\/\/www.copealcoy.es\/es\/ferit-un-jove-en-ser-atropellat-al-carrer-entenca-dalcoi\/"},"author":{"name":"Cope Alcoy","@id":"https:\/\/www.copealcoy.es\/es\/#\/schema\/person\/e777c87fa024e57d40170af9df39882c"},"headline":"Ferit un jove en ser atropellat al carrer Enten\u00e7a d&#8217;Alcoi","datePublished":"2023-01-09T10:59:15+00:00","dateModified":"2023-01-09T12:09:31+00:00","mainEntityOfPage":{"@id":"https:\/\/www.copealcoy.es\/es\/ferit-un-jove-en-ser-atropellat-al-carrer-entenca-dalcoi\/"},"wordCount":369,"commentCount":0,"image":{"@id":"https:\/\/www.copealcoy.es\/es\/ferit-un-jove-en-ser-atropellat-al-carrer-entenca-dalcoi\/#primaryimage"},"thumbnailUrl":"https:\/\/www.copealcoy.es\/wp-content\/uploads\/2023\/01\/Captura-de-pantalla-2023-01-09-a-las-12.38.23.png","keywords":["Alcoi","atropellament","carrer Enten\u00e7a","jove","trasllat","Verge dels Lliris","v\u00edctima"],"articleSection":["Actualidad","Alcoy","Noticias"],"inLanguage":"es"},{"@type":"WebPage","@id":"https:\/\/www.copealcoy.es\/es\/ferit-un-jove-en-ser-atropellat-al-carrer-entenca-dalcoi\/","url":"https:\/\/www.copealcoy.es\/es\/ferit-un-jove-en-ser-atropellat-al-carrer-entenca-dalcoi\/","name":"Ferit un jove en ser atropellat al carrer Enten\u00e7a d'Alcoi - COPE Alcoy","isPartOf":{"@id":"https:\/\/www.copealcoy.es\/es\/#website"},"primaryImageOfPage":{"@id":"https:\/\/www.copealcoy.es\/es\/ferit-un-jove-en-ser-atropellat-al-carrer-entenca-dalcoi\/#primaryimage"},"image":{"@id":"https:\/\/www.copealcoy.es\/es\/ferit-un-jove-en-ser-atropellat-al-carrer-entenca-dalcoi\/#primaryimage"},"thumbnailUrl":"https:\/\/www.copealcoy.es\/wp-content\/uploads\/2023\/01\/Captura-de-pantalla-2023-01-09-a-las-12.38.23.png","datePublished":"2023-01-09T10:59:15+00:00","dateModified":"2023-01-09T12:09:31+00:00","author":{"@id":"https:\/\/www.copealcoy.es\/es\/#\/schema\/person\/e777c87fa024e57d40170af9df39882c"},"description":"Un jove ha sigut traslladat a l'Hospital Verge dels Lliris\u00a0d'Alcoi aquest mat\u00ed despr\u00e9s d'haver resultat atropellat al carrer Enten\u00e7a d'Alco","breadcrumb":{"@id":"https:\/\/www.copealcoy.es\/es\/ferit-un-jove-en-ser-atropellat-al-carrer-entenca-dalcoi\/#breadcrumb"},"inLanguage":"es","potentialAction":[{"@type":"ReadAction","target":["https:\/\/www.copealcoy.es\/es\/ferit-un-jove-en-ser-atropellat-al-carrer-entenca-dalcoi\/"]}]},{"@type":"ImageObject","inLanguage":"es","@id":"https:\/\/www.copealcoy.es\/es\/ferit-un-jove-en-ser-atropellat-al-carrer-entenca-dalcoi\/#primaryimage","url":"https:\/\/www.copealcoy.es\/wp-content\/uploads\/2023\/01\/Captura-de-pantalla-2023-01-09-a-las-12.38.23.png","contentUrl":"https:\/\/www.copealcoy.es\/wp-content\/uploads\/2023\/01\/Captura-de-pantalla-2023-01-09-a-las-12.38.23.png","width":742,"height":552},{"@type":"BreadcrumbList","@id":"https:\/\/www.copealcoy.es\/es\/ferit-un-jove-en-ser-atropellat-al-carrer-entenca-dalcoi\/#breadcrumb","itemListElement":[{"@type":"ListItem","position":1,"name":"Portada","item":"https:\/\/www.copealcoy.es\/es\/"},{"@type":"ListItem","position":2,"name":"Ferit un jove en ser atropellat al carrer Enten\u00e7a d&#8217;Alcoi"}]},{"@type":"WebSite","@id":"https:\/\/www.copealcoy.es\/es\/#website","url":"https:\/\/www.copealcoy.es\/es\/","name":"COPE Alcoy","description":"Emisora COPE de radio local con emisi\u00f3n online. Pont de Sant Jordi 8-10 03803 Alcoy","potentialAction":[{"@type":"SearchAction","target":{"@type":"EntryPoint","urlTemplate":"https:\/\/www.copealcoy.es\/es\/?s={search_term_string}"},"query-input":{"@type":"PropertyValueSpecification","valueRequired":true,"valueName":"search_term_string"}}],"inLanguage":"es"},{"@type":"Person","@id":"https:\/\/www.copealcoy.es\/es\/#\/schema\/person\/e777c87fa024e57d40170af9df39882c","name":"Cope Alcoy","image":{"@type":"ImageObject","inLanguage":"es","@id":"https:\/\/secure.gravatar.com\/avatar\/bb65d0283347e303893ba14f0692005417c1e0e690a325a4c5d8bb2b3943ee14?s=96&d=mm&r=g","url":"https:\/\/secure.gravatar.com\/avatar\/bb65d0283347e303893ba14f0692005417c1e0e690a325a4c5d8bb2b3943ee14?s=96&d=mm&r=g","contentUrl":"https:\/\/secure.gravatar.com\/avatar\/bb65d0283347e303893ba14f0692005417c1e0e690a325a4c5d8bb2b3943ee14?s=96&d=mm&r=g","caption":"Cope Alcoy"}}]}},"_links":{"self":[{"href":"https:\/\/www.copealcoy.es\/es\/wp-json\/wp\/v2\/posts\/96208","targetHints":{"allow":["GET"]}}],"collection":[{"href":"https:\/\/www.copealcoy.es\/es\/wp-json\/wp\/v2\/posts"}],"about":[{"href":"https:\/\/www.copealcoy.es\/es\/wp-json\/wp\/v2\/types\/post"}],"author":[{"embeddable":true,"href":"https:\/\/www.copealcoy.es\/es\/wp-json\/wp\/v2\/users\/1"}],"replies":[{"embeddable":true,"href":"https:\/\/www.copealcoy.es\/es\/wp-json\/wp\/v2\/comments?post=96208"}],"version-history":[{"count":0,"href":"https:\/\/www.copealcoy.es\/es\/wp-json\/wp\/v2\/posts\/96208\/revisions"}],"wp:featuredmedia":[{"embeddable":true,"href":"https:\/\/www.copealcoy.es\/es\/wp-json\/wp\/v2\/media\/96216"}],"wp:attachment":[{"href":"https:\/\/www.copealcoy.es\/es\/wp-json\/wp\/v2\/media?parent=96208"}],"wp:term":[{"taxonomy":"category","embeddable":true,"href":"https:\/\/www.copealcoy.es\/es\/wp-json\/wp\/v2\/categories?post=96208"},{"taxonomy":"post_tag","embeddable":true,"href":"https:\/\/www.copealcoy.es\/es\/wp-json\/wp\/v2\/tags?post=96208"}],"curies":[{"name":"wp","href":"https:\/\/api.w.org\/{rel}","templated":true}]}}