{"id":96198,"date":"2023-01-09T10:48:08","date_gmt":"2023-01-09T09:48:08","guid":{"rendered":"https:\/\/www.copealcoy.es\/?p=96198"},"modified":"2023-01-09T11:19:49","modified_gmt":"2023-01-09T10:19:49","slug":"lhospital-dalcoi-incorporara-una-cinquena-dotacio-en-la-unitat-dhospitalitzacio-a-domicili","status":"publish","type":"post","link":"https:\/\/www.copealcoy.es\/es\/lhospital-dalcoi-incorporara-una-cinquena-dotacio-en-la-unitat-dhospitalitzacio-a-domicili\/","title":{"rendered":"L&#8217;Hospital d&#8217;Alcoi incorporar\u00e0 una cinquena dotaci\u00f3 en la Unitat d\u2019Hospitalitzaci\u00f3 a domicili"},"content":{"rendered":"<p style=\"text-align: justify;\">L&#8217;<a href=\"http:\/\/alcoy.san.gva.es\/cas\/index.htm\"><strong><span style=\"color: #0000ff;\">Hospital Verge\u00a0<span class=\"hiddenGrammarError\">dels Lliris<\/span> d&#8217;Alcoi<\/span> <\/strong><\/a>t\u00e9 previst incorporar en aquest mes de gener de 2023 la cinquena dotaci\u00f3 en <strong>la Unitat d&#8217;Hospitalitzaci\u00f3 a domicili<\/strong>, el que tamb\u00e9 es coneix com la <span class=\"hiddenSpellError\">UHD.<\/span>\u00a0Aquesta <strong>se sumaria a les ja existents<\/strong> i que <strong>presten servei<\/strong> tant a la capital de l&#8217;Alcoi\u00e0 com a diversos municipis de la comarca pr\u00f2xims com Cocentaina, Muro o Banyeres de Mariola.<\/p>\n<p style=\"text-align: justify;\">Des del Departament de Salut d&#8217;Alcoi expliquen al respecte que l&#8217;esmentada dotaci\u00f3 de la UHD <strong>comptar\u00e0 amb dos infermers i\u00a0 tamb\u00e9 un metge<\/strong>, al mateix temps que avancen que la setmana que ve <strong>podria ja entrar en funcionament<\/strong>. A m\u00e9s posen l&#8217;accent en el fet que <strong>amb el refor\u00e7 de la <span class=\"hiddenSpellError\">UHD<\/span> es podr\u00e0 arribar a m\u00e9s pobles de les nostres comarques de l&#8217;Alcoi\u00e0 i el Comtat<\/strong> &#8220;<em>volem arribar a totes les localitats que integren la nostra \u00e0rea de Salut, un fet que ara no \u00e9s del tot possible perqu\u00e8 estem en una zona amb una ampla dispersi\u00f3 geogr\u00e0fica<\/em>&#8220;, explicava en COPE ALCOI <strong>Quico Fenollar<\/strong>, Director de l&#8217;Hospital comarcal. Per altre costat Fenollar<strong> avan\u00e7a que s&#8217;ha aconseguit refor\u00e7ar la <span class=\"hiddenSpellError\">UHD<\/span>\u00a0<\/strong>mentre <strong>es posa en marxa eixa cinquena dotaci\u00f3<\/strong> que prompte ser\u00e0 una realitat &#8220;<em>s\u2019ha assignat un vehicle a Atenci\u00f3 Prim\u00e0ria d\u2019Onil i un altre a Banyeres, poblacions que no havien\u00a0tingut mai aquesta opci\u00f3<\/em>&#8220;, conclou.<\/p>\n<p style=\"text-align: justify;\">Un altre dels projectes que s&#8217;escometran en el Departament de Salut d&#8217;Alcoi en aquest acabat d&#8217;estrenar 2023 \u00e9s <strong>la creaci\u00f3 d&#8217;una unitat d&#8217;arr\u00edtmies<\/strong>. Quico Fenollar comenta en aquest sentit que <strong>el projecte podria ser una realitat al mes de febrer<\/strong> i avan\u00e7a que <strong>tamb\u00e9 arribaran dos cardi\u00f2legs de l&#8217;Hospital de La Fe<\/strong> per a fer intervencions concretes en el Verge <span class=\"hiddenGrammarError\">dels Lliris<\/span>\u00a0relacionades amb patologies card\u00edaques. D&#8217;aquesta forma s&#8217;evitaria que <strong>els pacients hagen de despla\u00e7ar-se a altres centres sanitaris<\/strong> de la Comunitat Valenciana.<\/p>\n","protected":false},"excerpt":{"rendered":"<p>L&#8217;Hospital Verge\u00a0dels Lliris d&#8217;Alcoi t\u00e9 previst incorporar en aquest mes de gener de 2023 la cinquena dotaci\u00f3 en la Unitat&#8230;<\/p>\n","protected":false},"author":1,"featured_media":76532,"comment_status":"open","ping_status":"open","sticky":false,"template":"","format":"standard","meta":{"footnotes":""},"categories":[6909,98,75],"tags":[12279,237,506,13688,4915,13689],"class_list":["post-96198","post","type-post","status-publish","format-standard","has-post-thumbnail","hentry","category-actualidad","category-comarcas","category-noticias","tag-alcoipa","tag-comtat","tag-hospital","tag-nova-dotacio","tag-quico-fenollar","tag-uhd"],"yoast_head":"<!-- This site is optimized with the Yoast SEO plugin v27.3 - https:\/\/yoast.com\/product\/yoast-seo-wordpress\/ -->\n<title>L&#039;Hospital d&#039;Alcoi incorporar\u00e0 una cinquena dotaci\u00f3 en la Unitat d\u2019Hospitalitzaci\u00f3 a domicili - COPE Alcoy<\/title>\n<meta name=\"description\" content=\"L&#039;Hospital Verge\u00a0dels Lliris d&#039;Alcoi t\u00e9 previst incorporar en aquest mes de gener de 2023 la cinquena dotaci\u00f3 en la UHD\" \/>\n<meta name=\"robots\" content=\"index, follow, max-snippet:-1, max-image-preview:large, max-video-preview:-1\" \/>\n<link rel=\"canonical\" href=\"https:\/\/www.copealcoy.es\/es\/lhospital-dalcoi-incorporara-una-cinquena-dotacio-en-la-unitat-dhospitalitzacio-a-domicili\/\" \/>\n<meta property=\"og:locale\" content=\"es_ES\" \/>\n<meta property=\"og:type\" content=\"article\" \/>\n<meta property=\"og:title\" content=\"L&#039;Hospital d&#039;Alcoi incorporar\u00e0 una cinquena dotaci\u00f3 en la Unitat d\u2019Hospitalitzaci\u00f3 a domicili - COPE Alcoy\" \/>\n<meta property=\"og:description\" content=\"L&#039;Hospital Verge\u00a0dels Lliris d&#039;Alcoi t\u00e9 previst incorporar en aquest mes de gener de 2023 la cinquena dotaci\u00f3 en la UHD\" \/>\n<meta property=\"og:url\" content=\"https:\/\/www.copealcoy.es\/es\/lhospital-dalcoi-incorporara-una-cinquena-dotacio-en-la-unitat-dhospitalitzacio-a-domicili\/\" \/>\n<meta property=\"og:site_name\" content=\"COPE Alcoy\" \/>\n<meta property=\"article:published_time\" content=\"2023-01-09T09:48:08+00:00\" \/>\n<meta property=\"article:modified_time\" content=\"2023-01-09T10:19:49+00:00\" \/>\n<meta property=\"og:image\" content=\"https:\/\/www.copealcoy.es\/wp-content\/uploads\/2021\/08\/PHOTO-2021-05-26-18-39-22-e1640072150182.jpg\" \/>\n\t<meta property=\"og:image:width\" content=\"640\" \/>\n\t<meta property=\"og:image:height\" content=\"360\" \/>\n\t<meta property=\"og:image:type\" content=\"image\/jpeg\" \/>\n<meta name=\"author\" content=\"Cope Alcoy\" \/>\n<meta name=\"twitter:label1\" content=\"Escrito por\" \/>\n\t<meta name=\"twitter:data1\" content=\"Cope Alcoy\" \/>\n\t<meta name=\"twitter:label2\" content=\"Tiempo de lectura\" \/>\n\t<meta name=\"twitter:data2\" content=\"2 minutos\" \/>\n<script type=\"application\/ld+json\" class=\"yoast-schema-graph\">{\"@context\":\"https:\\\/\\\/schema.org\",\"@graph\":[{\"@type\":\"Article\",\"@id\":\"https:\\\/\\\/www.copealcoy.es\\\/es\\\/lhospital-dalcoi-incorporara-una-cinquena-dotacio-en-la-unitat-dhospitalitzacio-a-domicili\\\/#article\",\"isPartOf\":{\"@id\":\"https:\\\/\\\/www.copealcoy.es\\\/es\\\/lhospital-dalcoi-incorporara-una-cinquena-dotacio-en-la-unitat-dhospitalitzacio-a-domicili\\\/\"},\"author\":{\"name\":\"Cope Alcoy\",\"@id\":\"https:\\\/\\\/www.copealcoy.es\\\/es\\\/#\\\/schema\\\/person\\\/e777c87fa024e57d40170af9df39882c\"},\"headline\":\"L&#8217;Hospital d&#8217;Alcoi incorporar\u00e0 una cinquena dotaci\u00f3 en la Unitat d\u2019Hospitalitzaci\u00f3 a domicili\",\"datePublished\":\"2023-01-09T09:48:08+00:00\",\"dateModified\":\"2023-01-09T10:19:49+00:00\",\"mainEntityOfPage\":{\"@id\":\"https:\\\/\\\/www.copealcoy.es\\\/es\\\/lhospital-dalcoi-incorporara-una-cinquena-dotacio-en-la-unitat-dhospitalitzacio-a-domicili\\\/\"},\"wordCount\":347,\"commentCount\":0,\"image\":{\"@id\":\"https:\\\/\\\/www.copealcoy.es\\\/es\\\/lhospital-dalcoi-incorporara-una-cinquena-dotacio-en-la-unitat-dhospitalitzacio-a-domicili\\\/#primaryimage\"},\"thumbnailUrl\":\"https:\\\/\\\/www.copealcoy.es\\\/wp-content\\\/uploads\\\/2021\\\/08\\\/PHOTO-2021-05-26-18-39-22-e1640072150182.jpg\",\"keywords\":[\"Alcoipa\",\"Comtat\",\"Hospital\",\"nova dotaci\u00f3\",\"Quico Fenollar\",\"UHD\"],\"articleSection\":[\"Actualidad\",\"Comarcas\",\"Noticias\"],\"inLanguage\":\"es\"},{\"@type\":\"WebPage\",\"@id\":\"https:\\\/\\\/www.copealcoy.es\\\/es\\\/lhospital-dalcoi-incorporara-una-cinquena-dotacio-en-la-unitat-dhospitalitzacio-a-domicili\\\/\",\"url\":\"https:\\\/\\\/www.copealcoy.es\\\/es\\\/lhospital-dalcoi-incorporara-una-cinquena-dotacio-en-la-unitat-dhospitalitzacio-a-domicili\\\/\",\"name\":\"L'Hospital d'Alcoi incorporar\u00e0 una cinquena dotaci\u00f3 en la Unitat d\u2019Hospitalitzaci\u00f3 a domicili - COPE Alcoy\",\"isPartOf\":{\"@id\":\"https:\\\/\\\/www.copealcoy.es\\\/es\\\/#website\"},\"primaryImageOfPage\":{\"@id\":\"https:\\\/\\\/www.copealcoy.es\\\/es\\\/lhospital-dalcoi-incorporara-una-cinquena-dotacio-en-la-unitat-dhospitalitzacio-a-domicili\\\/#primaryimage\"},\"image\":{\"@id\":\"https:\\\/\\\/www.copealcoy.es\\\/es\\\/lhospital-dalcoi-incorporara-una-cinquena-dotacio-en-la-unitat-dhospitalitzacio-a-domicili\\\/#primaryimage\"},\"thumbnailUrl\":\"https:\\\/\\\/www.copealcoy.es\\\/wp-content\\\/uploads\\\/2021\\\/08\\\/PHOTO-2021-05-26-18-39-22-e1640072150182.jpg\",\"datePublished\":\"2023-01-09T09:48:08+00:00\",\"dateModified\":\"2023-01-09T10:19:49+00:00\",\"author\":{\"@id\":\"https:\\\/\\\/www.copealcoy.es\\\/es\\\/#\\\/schema\\\/person\\\/e777c87fa024e57d40170af9df39882c\"},\"description\":\"L'Hospital Verge\u00a0dels Lliris d'Alcoi t\u00e9 previst incorporar en aquest mes de gener de 2023 la cinquena dotaci\u00f3 en la UHD\",\"breadcrumb\":{\"@id\":\"https:\\\/\\\/www.copealcoy.es\\\/es\\\/lhospital-dalcoi-incorporara-una-cinquena-dotacio-en-la-unitat-dhospitalitzacio-a-domicili\\\/#breadcrumb\"},\"inLanguage\":\"es\",\"potentialAction\":[{\"@type\":\"ReadAction\",\"target\":[\"https:\\\/\\\/www.copealcoy.es\\\/es\\\/lhospital-dalcoi-incorporara-una-cinquena-dotacio-en-la-unitat-dhospitalitzacio-a-domicili\\\/\"]}]},{\"@type\":\"ImageObject\",\"inLanguage\":\"es\",\"@id\":\"https:\\\/\\\/www.copealcoy.es\\\/es\\\/lhospital-dalcoi-incorporara-una-cinquena-dotacio-en-la-unitat-dhospitalitzacio-a-domicili\\\/#primaryimage\",\"url\":\"https:\\\/\\\/www.copealcoy.es\\\/wp-content\\\/uploads\\\/2021\\\/08\\\/PHOTO-2021-05-26-18-39-22-e1640072150182.jpg\",\"contentUrl\":\"https:\\\/\\\/www.copealcoy.es\\\/wp-content\\\/uploads\\\/2021\\\/08\\\/PHOTO-2021-05-26-18-39-22-e1640072150182.jpg\",\"width\":640,\"height\":360},{\"@type\":\"BreadcrumbList\",\"@id\":\"https:\\\/\\\/www.copealcoy.es\\\/es\\\/lhospital-dalcoi-incorporara-una-cinquena-dotacio-en-la-unitat-dhospitalitzacio-a-domicili\\\/#breadcrumb\",\"itemListElement\":[{\"@type\":\"ListItem\",\"position\":1,\"name\":\"Portada\",\"item\":\"https:\\\/\\\/www.copealcoy.es\\\/es\\\/\"},{\"@type\":\"ListItem\",\"position\":2,\"name\":\"L&#8217;Hospital d&#8217;Alcoi incorporar\u00e0 una cinquena dotaci\u00f3 en la Unitat d\u2019Hospitalitzaci\u00f3 a domicili\"}]},{\"@type\":\"WebSite\",\"@id\":\"https:\\\/\\\/www.copealcoy.es\\\/es\\\/#website\",\"url\":\"https:\\\/\\\/www.copealcoy.es\\\/es\\\/\",\"name\":\"COPE Alcoy\",\"description\":\"Emisora COPE de radio local con emisi\u00f3n online. Pont de Sant Jordi 8-10 03803 Alcoy\",\"potentialAction\":[{\"@type\":\"SearchAction\",\"target\":{\"@type\":\"EntryPoint\",\"urlTemplate\":\"https:\\\/\\\/www.copealcoy.es\\\/es\\\/?s={search_term_string}\"},\"query-input\":{\"@type\":\"PropertyValueSpecification\",\"valueRequired\":true,\"valueName\":\"search_term_string\"}}],\"inLanguage\":\"es\"},{\"@type\":\"Person\",\"@id\":\"https:\\\/\\\/www.copealcoy.es\\\/es\\\/#\\\/schema\\\/person\\\/e777c87fa024e57d40170af9df39882c\",\"name\":\"Cope Alcoy\",\"image\":{\"@type\":\"ImageObject\",\"inLanguage\":\"es\",\"@id\":\"https:\\\/\\\/secure.gravatar.com\\\/avatar\\\/bb65d0283347e303893ba14f0692005417c1e0e690a325a4c5d8bb2b3943ee14?s=96&d=mm&r=g\",\"url\":\"https:\\\/\\\/secure.gravatar.com\\\/avatar\\\/bb65d0283347e303893ba14f0692005417c1e0e690a325a4c5d8bb2b3943ee14?s=96&d=mm&r=g\",\"contentUrl\":\"https:\\\/\\\/secure.gravatar.com\\\/avatar\\\/bb65d0283347e303893ba14f0692005417c1e0e690a325a4c5d8bb2b3943ee14?s=96&d=mm&r=g\",\"caption\":\"Cope Alcoy\"}}]}<\/script>\n<!-- \/ Yoast SEO plugin. -->","yoast_head_json":{"title":"L'Hospital d'Alcoi incorporar\u00e0 una cinquena dotaci\u00f3 en la Unitat d\u2019Hospitalitzaci\u00f3 a domicili - COPE Alcoy","description":"L'Hospital Verge\u00a0dels Lliris d'Alcoi t\u00e9 previst incorporar en aquest mes de gener de 2023 la cinquena dotaci\u00f3 en la UHD","robots":{"index":"index","follow":"follow","max-snippet":"max-snippet:-1","max-image-preview":"max-image-preview:large","max-video-preview":"max-video-preview:-1"},"canonical":"https:\/\/www.copealcoy.es\/es\/lhospital-dalcoi-incorporara-una-cinquena-dotacio-en-la-unitat-dhospitalitzacio-a-domicili\/","og_locale":"es_ES","og_type":"article","og_title":"L'Hospital d'Alcoi incorporar\u00e0 una cinquena dotaci\u00f3 en la Unitat d\u2019Hospitalitzaci\u00f3 a domicili - COPE Alcoy","og_description":"L'Hospital Verge\u00a0dels Lliris d'Alcoi t\u00e9 previst incorporar en aquest mes de gener de 2023 la cinquena dotaci\u00f3 en la UHD","og_url":"https:\/\/www.copealcoy.es\/es\/lhospital-dalcoi-incorporara-una-cinquena-dotacio-en-la-unitat-dhospitalitzacio-a-domicili\/","og_site_name":"COPE Alcoy","article_published_time":"2023-01-09T09:48:08+00:00","article_modified_time":"2023-01-09T10:19:49+00:00","og_image":[{"width":640,"height":360,"url":"https:\/\/www.copealcoy.es\/wp-content\/uploads\/2021\/08\/PHOTO-2021-05-26-18-39-22-e1640072150182.jpg","type":"image\/jpeg"}],"author":"Cope Alcoy","twitter_misc":{"Escrito por":"Cope Alcoy","Tiempo de lectura":"2 minutos"},"schema":{"@context":"https:\/\/schema.org","@graph":[{"@type":"Article","@id":"https:\/\/www.copealcoy.es\/es\/lhospital-dalcoi-incorporara-una-cinquena-dotacio-en-la-unitat-dhospitalitzacio-a-domicili\/#article","isPartOf":{"@id":"https:\/\/www.copealcoy.es\/es\/lhospital-dalcoi-incorporara-una-cinquena-dotacio-en-la-unitat-dhospitalitzacio-a-domicili\/"},"author":{"name":"Cope Alcoy","@id":"https:\/\/www.copealcoy.es\/es\/#\/schema\/person\/e777c87fa024e57d40170af9df39882c"},"headline":"L&#8217;Hospital d&#8217;Alcoi incorporar\u00e0 una cinquena dotaci\u00f3 en la Unitat d\u2019Hospitalitzaci\u00f3 a domicili","datePublished":"2023-01-09T09:48:08+00:00","dateModified":"2023-01-09T10:19:49+00:00","mainEntityOfPage":{"@id":"https:\/\/www.copealcoy.es\/es\/lhospital-dalcoi-incorporara-una-cinquena-dotacio-en-la-unitat-dhospitalitzacio-a-domicili\/"},"wordCount":347,"commentCount":0,"image":{"@id":"https:\/\/www.copealcoy.es\/es\/lhospital-dalcoi-incorporara-una-cinquena-dotacio-en-la-unitat-dhospitalitzacio-a-domicili\/#primaryimage"},"thumbnailUrl":"https:\/\/www.copealcoy.es\/wp-content\/uploads\/2021\/08\/PHOTO-2021-05-26-18-39-22-e1640072150182.jpg","keywords":["Alcoipa","Comtat","Hospital","nova dotaci\u00f3","Quico Fenollar","UHD"],"articleSection":["Actualidad","Comarcas","Noticias"],"inLanguage":"es"},{"@type":"WebPage","@id":"https:\/\/www.copealcoy.es\/es\/lhospital-dalcoi-incorporara-una-cinquena-dotacio-en-la-unitat-dhospitalitzacio-a-domicili\/","url":"https:\/\/www.copealcoy.es\/es\/lhospital-dalcoi-incorporara-una-cinquena-dotacio-en-la-unitat-dhospitalitzacio-a-domicili\/","name":"L'Hospital d'Alcoi incorporar\u00e0 una cinquena dotaci\u00f3 en la Unitat d\u2019Hospitalitzaci\u00f3 a domicili - COPE Alcoy","isPartOf":{"@id":"https:\/\/www.copealcoy.es\/es\/#website"},"primaryImageOfPage":{"@id":"https:\/\/www.copealcoy.es\/es\/lhospital-dalcoi-incorporara-una-cinquena-dotacio-en-la-unitat-dhospitalitzacio-a-domicili\/#primaryimage"},"image":{"@id":"https:\/\/www.copealcoy.es\/es\/lhospital-dalcoi-incorporara-una-cinquena-dotacio-en-la-unitat-dhospitalitzacio-a-domicili\/#primaryimage"},"thumbnailUrl":"https:\/\/www.copealcoy.es\/wp-content\/uploads\/2021\/08\/PHOTO-2021-05-26-18-39-22-e1640072150182.jpg","datePublished":"2023-01-09T09:48:08+00:00","dateModified":"2023-01-09T10:19:49+00:00","author":{"@id":"https:\/\/www.copealcoy.es\/es\/#\/schema\/person\/e777c87fa024e57d40170af9df39882c"},"description":"L'Hospital Verge\u00a0dels Lliris d'Alcoi t\u00e9 previst incorporar en aquest mes de gener de 2023 la cinquena dotaci\u00f3 en la UHD","breadcrumb":{"@id":"https:\/\/www.copealcoy.es\/es\/lhospital-dalcoi-incorporara-una-cinquena-dotacio-en-la-unitat-dhospitalitzacio-a-domicili\/#breadcrumb"},"inLanguage":"es","potentialAction":[{"@type":"ReadAction","target":["https:\/\/www.copealcoy.es\/es\/lhospital-dalcoi-incorporara-una-cinquena-dotacio-en-la-unitat-dhospitalitzacio-a-domicili\/"]}]},{"@type":"ImageObject","inLanguage":"es","@id":"https:\/\/www.copealcoy.es\/es\/lhospital-dalcoi-incorporara-una-cinquena-dotacio-en-la-unitat-dhospitalitzacio-a-domicili\/#primaryimage","url":"https:\/\/www.copealcoy.es\/wp-content\/uploads\/2021\/08\/PHOTO-2021-05-26-18-39-22-e1640072150182.jpg","contentUrl":"https:\/\/www.copealcoy.es\/wp-content\/uploads\/2021\/08\/PHOTO-2021-05-26-18-39-22-e1640072150182.jpg","width":640,"height":360},{"@type":"BreadcrumbList","@id":"https:\/\/www.copealcoy.es\/es\/lhospital-dalcoi-incorporara-una-cinquena-dotacio-en-la-unitat-dhospitalitzacio-a-domicili\/#breadcrumb","itemListElement":[{"@type":"ListItem","position":1,"name":"Portada","item":"https:\/\/www.copealcoy.es\/es\/"},{"@type":"ListItem","position":2,"name":"L&#8217;Hospital d&#8217;Alcoi incorporar\u00e0 una cinquena dotaci\u00f3 en la Unitat d\u2019Hospitalitzaci\u00f3 a domicili"}]},{"@type":"WebSite","@id":"https:\/\/www.copealcoy.es\/es\/#website","url":"https:\/\/www.copealcoy.es\/es\/","name":"COPE Alcoy","description":"Emisora COPE de radio local con emisi\u00f3n online. Pont de Sant Jordi 8-10 03803 Alcoy","potentialAction":[{"@type":"SearchAction","target":{"@type":"EntryPoint","urlTemplate":"https:\/\/www.copealcoy.es\/es\/?s={search_term_string}"},"query-input":{"@type":"PropertyValueSpecification","valueRequired":true,"valueName":"search_term_string"}}],"inLanguage":"es"},{"@type":"Person","@id":"https:\/\/www.copealcoy.es\/es\/#\/schema\/person\/e777c87fa024e57d40170af9df39882c","name":"Cope Alcoy","image":{"@type":"ImageObject","inLanguage":"es","@id":"https:\/\/secure.gravatar.com\/avatar\/bb65d0283347e303893ba14f0692005417c1e0e690a325a4c5d8bb2b3943ee14?s=96&d=mm&r=g","url":"https:\/\/secure.gravatar.com\/avatar\/bb65d0283347e303893ba14f0692005417c1e0e690a325a4c5d8bb2b3943ee14?s=96&d=mm&r=g","contentUrl":"https:\/\/secure.gravatar.com\/avatar\/bb65d0283347e303893ba14f0692005417c1e0e690a325a4c5d8bb2b3943ee14?s=96&d=mm&r=g","caption":"Cope Alcoy"}}]}},"_links":{"self":[{"href":"https:\/\/www.copealcoy.es\/es\/wp-json\/wp\/v2\/posts\/96198","targetHints":{"allow":["GET"]}}],"collection":[{"href":"https:\/\/www.copealcoy.es\/es\/wp-json\/wp\/v2\/posts"}],"about":[{"href":"https:\/\/www.copealcoy.es\/es\/wp-json\/wp\/v2\/types\/post"}],"author":[{"embeddable":true,"href":"https:\/\/www.copealcoy.es\/es\/wp-json\/wp\/v2\/users\/1"}],"replies":[{"embeddable":true,"href":"https:\/\/www.copealcoy.es\/es\/wp-json\/wp\/v2\/comments?post=96198"}],"version-history":[{"count":0,"href":"https:\/\/www.copealcoy.es\/es\/wp-json\/wp\/v2\/posts\/96198\/revisions"}],"wp:featuredmedia":[{"embeddable":true,"href":"https:\/\/www.copealcoy.es\/es\/wp-json\/wp\/v2\/media\/76532"}],"wp:attachment":[{"href":"https:\/\/www.copealcoy.es\/es\/wp-json\/wp\/v2\/media?parent=96198"}],"wp:term":[{"taxonomy":"category","embeddable":true,"href":"https:\/\/www.copealcoy.es\/es\/wp-json\/wp\/v2\/categories?post=96198"},{"taxonomy":"post_tag","embeddable":true,"href":"https:\/\/www.copealcoy.es\/es\/wp-json\/wp\/v2\/tags?post=96198"}],"curies":[{"name":"wp","href":"https:\/\/api.w.org\/{rel}","templated":true}]}}