{"id":96140,"date":"2023-01-03T10:30:27","date_gmt":"2023-01-03T09:30:27","guid":{"rendered":"https:\/\/www.copealcoy.es\/?p=96140"},"modified":"2023-01-08T10:50:38","modified_gmt":"2023-01-08T09:50:38","slug":"doten-de-nou-equipament-tecnic-al-centre-cultural-el-teular","status":"publish","type":"post","link":"https:\/\/www.copealcoy.es\/es\/doten-de-nou-equipament-tecnic-al-centre-cultural-el-teular\/","title":{"rendered":"Doten de nou equipament t\u00e8cnic al Centre Cultural El Teular"},"content":{"rendered":"<p style=\"text-align: justify;\">L&#8217;<a href=\"https:\/\/www.cocentaina.es\/\"><strong><span style=\"color: #0000ff;\">Ajuntament de Cocentaina<\/span><\/strong><\/a> ha escom\u00e9s recentment <strong>importants actuacions per a millorar l&#8217;equipament t\u00e8cnic del Centre Cultural El Teular<\/strong>. La intervenci\u00f3 <strong>ha suposat una inversi\u00f3 de 80.000 euros<\/strong> i el projecte <strong>ha sigut possible gr\u00e0cies al romanent positiu de tresoreria<\/strong> que va llan\u00e7ar l&#8217;exercici econ\u00f2mic del passat any.<\/p>\n<p style=\"text-align: justify;\">Amb aquesta actuaci\u00f3, <strong>s&#8217;ha renovat el sistema de so<\/strong> mitjan\u00e7ant la instal\u00b7laci\u00f3 de dues columnes d&#8217;altaveus en els laterals de l&#8217;escenari que es poden elevar amb motors. Tot aix\u00f2 permetr\u00e0 <strong>realitzar labors de manteniment o comprovar la seua seguretat<\/strong>. Tamb\u00e9 s&#8217;ha instal\u00b7lat <strong>un processador digital<\/strong> que permetr\u00e0 controlar millor la qualitat del so quan es realitza qualsevol tipus d&#8217;espectacle en el recinte \u201c<em>el Teular \u00e9s un espai cultural que registra una gran activitat i, despr\u00e9s de m\u00e9s de vint anys en funcionament, necessitava unes xicotetes millores per a continuar atenent les necessitats que tenen les entitats o companyies que realitzen les seues propostes ac\u00ed<\/em>\u201d, comenta sobre aquest tema l&#8217;edil de Cultura de la capital del Comtat; <strong>Iv\u00e1n Jover<\/strong>.<\/p>\n<p style=\"text-align: justify;\">Cal esmentar que<strong> l&#8217;escenari s&#8217;ha completat amb un altre equipament<\/strong>, com un projector, i tamb\u00e9 <strong>nous focus led<\/strong> que permeten diferents il\u00b7luminacions depenent del tipus d&#8217;activitat cultural que es realitze. Finalment, <strong>s&#8217;ha adequat un espai en des\u00fas<\/strong> que estava davall de l&#8217;escenari, de prop de 100 metres quadrats, i que es vol utilitzar com a <strong>magatzem d&#8217;equips<\/strong>. Per a aix\u00f2 <strong>s&#8217;ha constru\u00eft una escala i s&#8217;ha muntat una porta d&#8217;acc\u00e9s hidr\u00e0ulica<\/strong> igual que s&#8217;han col\u00b7locat <strong>diferents punts de llum<\/strong>. Finalment <strong>s&#8217;ha fet una obra pr\u00e8via<\/strong> per a instal\u00b7lar, en un futur, un elevador.<\/p>\n","protected":false},"excerpt":{"rendered":"<p>L&#8217;Ajuntament de Cocentaina ha escom\u00e9s recentment importants actuacions per a millorar l&#8217;equipament t\u00e8cnic del Centre Cultural El Teular. La intervenci\u00f3&#8230;<\/p>\n","protected":false},"author":1,"featured_media":96141,"comment_status":"open","ping_status":"open","sticky":false,"template":"","format":"standard","meta":{"footnotes":""},"categories":[6909,98,75],"tags":[2491,132,13683,9997,13684],"class_list":["post-96140","post","type-post","status-publish","format-standard","has-post-thumbnail","hentry","category-actualidad","category-comarcas","category-noticias","tag-centre-cultural-el-teular","tag-cocentaina","tag-equipament","tag-millores","tag-so"],"yoast_head":"<!-- This site is optimized with the Yoast SEO plugin v27.3 - https:\/\/yoast.com\/product\/yoast-seo-wordpress\/ -->\n<title>Doten de nou equipament t\u00e8cnic al Centre Cultural El Teular - COPE Alcoy<\/title>\n<meta name=\"description\" content=\"L&#039;Ajuntament de Cocentaina ha escom\u00e9s recentment importants actuacions per a millorar l&#039;equipament t\u00e8cnic del Centre Cultural El Teular\" \/>\n<meta name=\"robots\" content=\"index, follow, max-snippet:-1, max-image-preview:large, max-video-preview:-1\" \/>\n<link rel=\"canonical\" href=\"https:\/\/www.copealcoy.es\/es\/doten-de-nou-equipament-tecnic-al-centre-cultural-el-teular\/\" \/>\n<meta property=\"og:locale\" content=\"es_ES\" \/>\n<meta property=\"og:type\" content=\"article\" \/>\n<meta property=\"og:title\" content=\"Doten de nou equipament t\u00e8cnic al Centre Cultural El Teular - COPE Alcoy\" \/>\n<meta property=\"og:description\" content=\"L&#039;Ajuntament de Cocentaina ha escom\u00e9s recentment importants actuacions per a millorar l&#039;equipament t\u00e8cnic del Centre Cultural El Teular\" \/>\n<meta property=\"og:url\" content=\"https:\/\/www.copealcoy.es\/es\/doten-de-nou-equipament-tecnic-al-centre-cultural-el-teular\/\" \/>\n<meta property=\"og:site_name\" content=\"COPE Alcoy\" \/>\n<meta property=\"article:published_time\" content=\"2023-01-03T09:30:27+00:00\" \/>\n<meta property=\"article:modified_time\" content=\"2023-01-08T09:50:38+00:00\" \/>\n<meta property=\"og:image\" content=\"https:\/\/www.copealcoy.es\/wp-content\/uploads\/2023\/01\/2-Las-obras-se-han-realizado-en-las-u\u0301ltimas-semanas-Foto-Ajuntament-de-Cocentaina.jpg\" \/>\n\t<meta property=\"og:image:width\" content=\"800\" \/>\n\t<meta property=\"og:image:height\" content=\"450\" \/>\n\t<meta property=\"og:image:type\" content=\"image\/jpeg\" \/>\n<meta name=\"author\" content=\"Cope Alcoy\" \/>\n<meta name=\"twitter:label1\" content=\"Escrito por\" \/>\n\t<meta name=\"twitter:data1\" content=\"Cope Alcoy\" \/>\n\t<meta name=\"twitter:label2\" content=\"Tiempo de lectura\" \/>\n\t<meta name=\"twitter:data2\" content=\"2 minutos\" \/>\n<script type=\"application\/ld+json\" class=\"yoast-schema-graph\">{\"@context\":\"https:\\\/\\\/schema.org\",\"@graph\":[{\"@type\":\"Article\",\"@id\":\"https:\\\/\\\/www.copealcoy.es\\\/es\\\/doten-de-nou-equipament-tecnic-al-centre-cultural-el-teular\\\/#article\",\"isPartOf\":{\"@id\":\"https:\\\/\\\/www.copealcoy.es\\\/es\\\/doten-de-nou-equipament-tecnic-al-centre-cultural-el-teular\\\/\"},\"author\":{\"name\":\"Cope Alcoy\",\"@id\":\"https:\\\/\\\/www.copealcoy.es\\\/es\\\/#\\\/schema\\\/person\\\/e777c87fa024e57d40170af9df39882c\"},\"headline\":\"Doten de nou equipament t\u00e8cnic al Centre Cultural El Teular\",\"datePublished\":\"2023-01-03T09:30:27+00:00\",\"dateModified\":\"2023-01-08T09:50:38+00:00\",\"mainEntityOfPage\":{\"@id\":\"https:\\\/\\\/www.copealcoy.es\\\/es\\\/doten-de-nou-equipament-tecnic-al-centre-cultural-el-teular\\\/\"},\"wordCount\":306,\"commentCount\":0,\"image\":{\"@id\":\"https:\\\/\\\/www.copealcoy.es\\\/es\\\/doten-de-nou-equipament-tecnic-al-centre-cultural-el-teular\\\/#primaryimage\"},\"thumbnailUrl\":\"https:\\\/\\\/www.copealcoy.es\\\/wp-content\\\/uploads\\\/2023\\\/01\\\/2-Las-obras-se-han-realizado-en-las-u\u0301ltimas-semanas-Foto-Ajuntament-de-Cocentaina.jpg\",\"keywords\":[\"Centre Cultural El Teular\",\"Cocentaina\",\"equipament\",\"millores\",\"so\"],\"articleSection\":[\"Actualidad\",\"Comarcas\",\"Noticias\"],\"inLanguage\":\"es\"},{\"@type\":\"WebPage\",\"@id\":\"https:\\\/\\\/www.copealcoy.es\\\/es\\\/doten-de-nou-equipament-tecnic-al-centre-cultural-el-teular\\\/\",\"url\":\"https:\\\/\\\/www.copealcoy.es\\\/es\\\/doten-de-nou-equipament-tecnic-al-centre-cultural-el-teular\\\/\",\"name\":\"Doten de nou equipament t\u00e8cnic al Centre Cultural El Teular - COPE Alcoy\",\"isPartOf\":{\"@id\":\"https:\\\/\\\/www.copealcoy.es\\\/es\\\/#website\"},\"primaryImageOfPage\":{\"@id\":\"https:\\\/\\\/www.copealcoy.es\\\/es\\\/doten-de-nou-equipament-tecnic-al-centre-cultural-el-teular\\\/#primaryimage\"},\"image\":{\"@id\":\"https:\\\/\\\/www.copealcoy.es\\\/es\\\/doten-de-nou-equipament-tecnic-al-centre-cultural-el-teular\\\/#primaryimage\"},\"thumbnailUrl\":\"https:\\\/\\\/www.copealcoy.es\\\/wp-content\\\/uploads\\\/2023\\\/01\\\/2-Las-obras-se-han-realizado-en-las-u\u0301ltimas-semanas-Foto-Ajuntament-de-Cocentaina.jpg\",\"datePublished\":\"2023-01-03T09:30:27+00:00\",\"dateModified\":\"2023-01-08T09:50:38+00:00\",\"author\":{\"@id\":\"https:\\\/\\\/www.copealcoy.es\\\/es\\\/#\\\/schema\\\/person\\\/e777c87fa024e57d40170af9df39882c\"},\"description\":\"L'Ajuntament de Cocentaina ha escom\u00e9s recentment importants actuacions per a millorar l'equipament t\u00e8cnic del Centre Cultural El Teular\",\"breadcrumb\":{\"@id\":\"https:\\\/\\\/www.copealcoy.es\\\/es\\\/doten-de-nou-equipament-tecnic-al-centre-cultural-el-teular\\\/#breadcrumb\"},\"inLanguage\":\"es\",\"potentialAction\":[{\"@type\":\"ReadAction\",\"target\":[\"https:\\\/\\\/www.copealcoy.es\\\/es\\\/doten-de-nou-equipament-tecnic-al-centre-cultural-el-teular\\\/\"]}]},{\"@type\":\"ImageObject\",\"inLanguage\":\"es\",\"@id\":\"https:\\\/\\\/www.copealcoy.es\\\/es\\\/doten-de-nou-equipament-tecnic-al-centre-cultural-el-teular\\\/#primaryimage\",\"url\":\"https:\\\/\\\/www.copealcoy.es\\\/wp-content\\\/uploads\\\/2023\\\/01\\\/2-Las-obras-se-han-realizado-en-las-u\u0301ltimas-semanas-Foto-Ajuntament-de-Cocentaina.jpg\",\"contentUrl\":\"https:\\\/\\\/www.copealcoy.es\\\/wp-content\\\/uploads\\\/2023\\\/01\\\/2-Las-obras-se-han-realizado-en-las-u\u0301ltimas-semanas-Foto-Ajuntament-de-Cocentaina.jpg\",\"width\":800,\"height\":450},{\"@type\":\"BreadcrumbList\",\"@id\":\"https:\\\/\\\/www.copealcoy.es\\\/es\\\/doten-de-nou-equipament-tecnic-al-centre-cultural-el-teular\\\/#breadcrumb\",\"itemListElement\":[{\"@type\":\"ListItem\",\"position\":1,\"name\":\"Portada\",\"item\":\"https:\\\/\\\/www.copealcoy.es\\\/es\\\/\"},{\"@type\":\"ListItem\",\"position\":2,\"name\":\"Doten de nou equipament t\u00e8cnic al Centre Cultural El Teular\"}]},{\"@type\":\"WebSite\",\"@id\":\"https:\\\/\\\/www.copealcoy.es\\\/es\\\/#website\",\"url\":\"https:\\\/\\\/www.copealcoy.es\\\/es\\\/\",\"name\":\"COPE Alcoy\",\"description\":\"Emisora COPE de radio local con emisi\u00f3n online. Pont de Sant Jordi 8-10 03803 Alcoy\",\"potentialAction\":[{\"@type\":\"SearchAction\",\"target\":{\"@type\":\"EntryPoint\",\"urlTemplate\":\"https:\\\/\\\/www.copealcoy.es\\\/es\\\/?s={search_term_string}\"},\"query-input\":{\"@type\":\"PropertyValueSpecification\",\"valueRequired\":true,\"valueName\":\"search_term_string\"}}],\"inLanguage\":\"es\"},{\"@type\":\"Person\",\"@id\":\"https:\\\/\\\/www.copealcoy.es\\\/es\\\/#\\\/schema\\\/person\\\/e777c87fa024e57d40170af9df39882c\",\"name\":\"Cope Alcoy\",\"image\":{\"@type\":\"ImageObject\",\"inLanguage\":\"es\",\"@id\":\"https:\\\/\\\/secure.gravatar.com\\\/avatar\\\/bb65d0283347e303893ba14f0692005417c1e0e690a325a4c5d8bb2b3943ee14?s=96&d=mm&r=g\",\"url\":\"https:\\\/\\\/secure.gravatar.com\\\/avatar\\\/bb65d0283347e303893ba14f0692005417c1e0e690a325a4c5d8bb2b3943ee14?s=96&d=mm&r=g\",\"contentUrl\":\"https:\\\/\\\/secure.gravatar.com\\\/avatar\\\/bb65d0283347e303893ba14f0692005417c1e0e690a325a4c5d8bb2b3943ee14?s=96&d=mm&r=g\",\"caption\":\"Cope Alcoy\"}}]}<\/script>\n<!-- \/ Yoast SEO plugin. -->","yoast_head_json":{"title":"Doten de nou equipament t\u00e8cnic al Centre Cultural El Teular - COPE Alcoy","description":"L'Ajuntament de Cocentaina ha escom\u00e9s recentment importants actuacions per a millorar l'equipament t\u00e8cnic del Centre Cultural El Teular","robots":{"index":"index","follow":"follow","max-snippet":"max-snippet:-1","max-image-preview":"max-image-preview:large","max-video-preview":"max-video-preview:-1"},"canonical":"https:\/\/www.copealcoy.es\/es\/doten-de-nou-equipament-tecnic-al-centre-cultural-el-teular\/","og_locale":"es_ES","og_type":"article","og_title":"Doten de nou equipament t\u00e8cnic al Centre Cultural El Teular - COPE Alcoy","og_description":"L'Ajuntament de Cocentaina ha escom\u00e9s recentment importants actuacions per a millorar l'equipament t\u00e8cnic del Centre Cultural El Teular","og_url":"https:\/\/www.copealcoy.es\/es\/doten-de-nou-equipament-tecnic-al-centre-cultural-el-teular\/","og_site_name":"COPE Alcoy","article_published_time":"2023-01-03T09:30:27+00:00","article_modified_time":"2023-01-08T09:50:38+00:00","og_image":[{"width":800,"height":450,"url":"https:\/\/www.copealcoy.es\/wp-content\/uploads\/2023\/01\/2-Las-obras-se-han-realizado-en-las-u\u0301ltimas-semanas-Foto-Ajuntament-de-Cocentaina.jpg","type":"image\/jpeg"}],"author":"Cope Alcoy","twitter_misc":{"Escrito por":"Cope Alcoy","Tiempo de lectura":"2 minutos"},"schema":{"@context":"https:\/\/schema.org","@graph":[{"@type":"Article","@id":"https:\/\/www.copealcoy.es\/es\/doten-de-nou-equipament-tecnic-al-centre-cultural-el-teular\/#article","isPartOf":{"@id":"https:\/\/www.copealcoy.es\/es\/doten-de-nou-equipament-tecnic-al-centre-cultural-el-teular\/"},"author":{"name":"Cope Alcoy","@id":"https:\/\/www.copealcoy.es\/es\/#\/schema\/person\/e777c87fa024e57d40170af9df39882c"},"headline":"Doten de nou equipament t\u00e8cnic al Centre Cultural El Teular","datePublished":"2023-01-03T09:30:27+00:00","dateModified":"2023-01-08T09:50:38+00:00","mainEntityOfPage":{"@id":"https:\/\/www.copealcoy.es\/es\/doten-de-nou-equipament-tecnic-al-centre-cultural-el-teular\/"},"wordCount":306,"commentCount":0,"image":{"@id":"https:\/\/www.copealcoy.es\/es\/doten-de-nou-equipament-tecnic-al-centre-cultural-el-teular\/#primaryimage"},"thumbnailUrl":"https:\/\/www.copealcoy.es\/wp-content\/uploads\/2023\/01\/2-Las-obras-se-han-realizado-en-las-u\u0301ltimas-semanas-Foto-Ajuntament-de-Cocentaina.jpg","keywords":["Centre Cultural El Teular","Cocentaina","equipament","millores","so"],"articleSection":["Actualidad","Comarcas","Noticias"],"inLanguage":"es"},{"@type":"WebPage","@id":"https:\/\/www.copealcoy.es\/es\/doten-de-nou-equipament-tecnic-al-centre-cultural-el-teular\/","url":"https:\/\/www.copealcoy.es\/es\/doten-de-nou-equipament-tecnic-al-centre-cultural-el-teular\/","name":"Doten de nou equipament t\u00e8cnic al Centre Cultural El Teular - COPE Alcoy","isPartOf":{"@id":"https:\/\/www.copealcoy.es\/es\/#website"},"primaryImageOfPage":{"@id":"https:\/\/www.copealcoy.es\/es\/doten-de-nou-equipament-tecnic-al-centre-cultural-el-teular\/#primaryimage"},"image":{"@id":"https:\/\/www.copealcoy.es\/es\/doten-de-nou-equipament-tecnic-al-centre-cultural-el-teular\/#primaryimage"},"thumbnailUrl":"https:\/\/www.copealcoy.es\/wp-content\/uploads\/2023\/01\/2-Las-obras-se-han-realizado-en-las-u\u0301ltimas-semanas-Foto-Ajuntament-de-Cocentaina.jpg","datePublished":"2023-01-03T09:30:27+00:00","dateModified":"2023-01-08T09:50:38+00:00","author":{"@id":"https:\/\/www.copealcoy.es\/es\/#\/schema\/person\/e777c87fa024e57d40170af9df39882c"},"description":"L'Ajuntament de Cocentaina ha escom\u00e9s recentment importants actuacions per a millorar l'equipament t\u00e8cnic del Centre Cultural El Teular","breadcrumb":{"@id":"https:\/\/www.copealcoy.es\/es\/doten-de-nou-equipament-tecnic-al-centre-cultural-el-teular\/#breadcrumb"},"inLanguage":"es","potentialAction":[{"@type":"ReadAction","target":["https:\/\/www.copealcoy.es\/es\/doten-de-nou-equipament-tecnic-al-centre-cultural-el-teular\/"]}]},{"@type":"ImageObject","inLanguage":"es","@id":"https:\/\/www.copealcoy.es\/es\/doten-de-nou-equipament-tecnic-al-centre-cultural-el-teular\/#primaryimage","url":"https:\/\/www.copealcoy.es\/wp-content\/uploads\/2023\/01\/2-Las-obras-se-han-realizado-en-las-u\u0301ltimas-semanas-Foto-Ajuntament-de-Cocentaina.jpg","contentUrl":"https:\/\/www.copealcoy.es\/wp-content\/uploads\/2023\/01\/2-Las-obras-se-han-realizado-en-las-u\u0301ltimas-semanas-Foto-Ajuntament-de-Cocentaina.jpg","width":800,"height":450},{"@type":"BreadcrumbList","@id":"https:\/\/www.copealcoy.es\/es\/doten-de-nou-equipament-tecnic-al-centre-cultural-el-teular\/#breadcrumb","itemListElement":[{"@type":"ListItem","position":1,"name":"Portada","item":"https:\/\/www.copealcoy.es\/es\/"},{"@type":"ListItem","position":2,"name":"Doten de nou equipament t\u00e8cnic al Centre Cultural El Teular"}]},{"@type":"WebSite","@id":"https:\/\/www.copealcoy.es\/es\/#website","url":"https:\/\/www.copealcoy.es\/es\/","name":"COPE Alcoy","description":"Emisora COPE de radio local con emisi\u00f3n online. Pont de Sant Jordi 8-10 03803 Alcoy","potentialAction":[{"@type":"SearchAction","target":{"@type":"EntryPoint","urlTemplate":"https:\/\/www.copealcoy.es\/es\/?s={search_term_string}"},"query-input":{"@type":"PropertyValueSpecification","valueRequired":true,"valueName":"search_term_string"}}],"inLanguage":"es"},{"@type":"Person","@id":"https:\/\/www.copealcoy.es\/es\/#\/schema\/person\/e777c87fa024e57d40170af9df39882c","name":"Cope Alcoy","image":{"@type":"ImageObject","inLanguage":"es","@id":"https:\/\/secure.gravatar.com\/avatar\/bb65d0283347e303893ba14f0692005417c1e0e690a325a4c5d8bb2b3943ee14?s=96&d=mm&r=g","url":"https:\/\/secure.gravatar.com\/avatar\/bb65d0283347e303893ba14f0692005417c1e0e690a325a4c5d8bb2b3943ee14?s=96&d=mm&r=g","contentUrl":"https:\/\/secure.gravatar.com\/avatar\/bb65d0283347e303893ba14f0692005417c1e0e690a325a4c5d8bb2b3943ee14?s=96&d=mm&r=g","caption":"Cope Alcoy"}}]}},"_links":{"self":[{"href":"https:\/\/www.copealcoy.es\/es\/wp-json\/wp\/v2\/posts\/96140","targetHints":{"allow":["GET"]}}],"collection":[{"href":"https:\/\/www.copealcoy.es\/es\/wp-json\/wp\/v2\/posts"}],"about":[{"href":"https:\/\/www.copealcoy.es\/es\/wp-json\/wp\/v2\/types\/post"}],"author":[{"embeddable":true,"href":"https:\/\/www.copealcoy.es\/es\/wp-json\/wp\/v2\/users\/1"}],"replies":[{"embeddable":true,"href":"https:\/\/www.copealcoy.es\/es\/wp-json\/wp\/v2\/comments?post=96140"}],"version-history":[{"count":0,"href":"https:\/\/www.copealcoy.es\/es\/wp-json\/wp\/v2\/posts\/96140\/revisions"}],"wp:featuredmedia":[{"embeddable":true,"href":"https:\/\/www.copealcoy.es\/es\/wp-json\/wp\/v2\/media\/96141"}],"wp:attachment":[{"href":"https:\/\/www.copealcoy.es\/es\/wp-json\/wp\/v2\/media?parent=96140"}],"wp:term":[{"taxonomy":"category","embeddable":true,"href":"https:\/\/www.copealcoy.es\/es\/wp-json\/wp\/v2\/categories?post=96140"},{"taxonomy":"post_tag","embeddable":true,"href":"https:\/\/www.copealcoy.es\/es\/wp-json\/wp\/v2\/tags?post=96140"}],"curies":[{"name":"wp","href":"https:\/\/api.w.org\/{rel}","templated":true}]}}