{"id":9596,"date":"2015-01-10T08:41:05","date_gmt":"2015-01-10T08:41:05","guid":{"rendered":"http:\/\/copealcoi.es\/new\/?p=9596"},"modified":"2015-01-10T08:41:05","modified_gmt":"2015-01-10T08:41:05","slug":"12-empresas-optan-a-la-reforma-del-pont-de-sant-jordi","status":"publish","type":"post","link":"https:\/\/www.copealcoy.es\/es\/12-empresas-optan-a-la-reforma-del-pont-de-sant-jordi\/","title":{"rendered":"12 empresas optan a la reforma del Pont de Sant Jordi"},"content":{"rendered":"<p style=\"text-align: justify;\">Un total de 12 empresas optan a la rehabilitaci\u00f3n del Pont de Sant Jordi despu\u00e9s de que el pasado 6 de enero concluyera el plazo para presentar las propuestas.<\/p>\n<p style=\"text-align: justify;\">El presuesto del proyecto es de 366.000 euros y desde el \u00e1rea de Obra y Servicios destacan que los tr\u00e1mites est\u00e1n muy avanzados y que ahora son los t\u00e9cnicos municipales los que est\u00e1n evaluando las diferentes propuestas &#8220;es positivo que haya 12 empresas presentadas porque esto nos permitir\u00e1 elegir la mejor opci\u00f3n para que el puente recupere su esplendor&#8221;, explica el edil Jordi Mart\u00ednez.<\/p>\n<p style=\"text-align: justify;\">Mart\u00ednez destaca tambi\u00e9n que en unas tres semanas estar\u00e1 concluido el proceso de adjudicaci\u00f3n para iniciar a continuaci\u00f3n las obras. Adem\u00e1s afirma que el proceso no estar\u00e1 exento de complicaciones &#8220;es una obra de gran envergadura y antes de empezarla se tendr\u00e1 que montar un gran andamio para poder desarrollar los trabajos&#8221;, explica.<\/p>\n<p style=\"text-align: justify;\">Por \u00faltimo desde el Gobierno Municipal vuelven a recurrir de nuevo a las cr\u00edticas contra la Generalitat Valenciana y destacan que han estado diez a\u00f1os sin aportar financiaci\u00f3n para la rehabilitaci\u00f3n del puente &#8220;al final hasta desapareci\u00f3 de los presupuestos auton\u00f3micos pero desde el Ayuntamiento se ha hecho el esfuerzo para rcuperar este puente tan emblem\u00e1tico para Alcoy&#8221;, concluye Mart\u00ednez.<\/p>\n","protected":false},"excerpt":{"rendered":"<p>Un total de 12 empresas optan a la rehabilitaci\u00f3n del Pont de Sant Jordi despu\u00e9s de que el pasado 6&#8230;<\/p>\n","protected":false},"author":1,"featured_media":8828,"comment_status":"open","ping_status":"open","sticky":false,"template":"","format":"standard","meta":{"footnotes":""},"categories":[97,75,125],"tags":[434,441,259,528,418],"class_list":["post-9596","post","type-post","status-publish","format-standard","has-post-thumbnail","hentry","category-alcoy","category-noticias","category-portada","tag-empresas","tag-infraestructuras","tag-pont-de-sant-jordi","tag-puente","tag-reforma"],"yoast_head":"<!-- This site is optimized with the Yoast SEO plugin v27.3 - https:\/\/yoast.com\/product\/yoast-seo-wordpress\/ -->\n<title>12 empresas optan a la reforma del Pont de Sant Jordi - COPE Alcoy<\/title>\n<meta name=\"robots\" content=\"index, follow, max-snippet:-1, max-image-preview:large, max-video-preview:-1\" \/>\n<link rel=\"canonical\" href=\"https:\/\/www.copealcoy.es\/es\/12-empresas-optan-a-la-reforma-del-pont-de-sant-jordi\/\" \/>\n<meta property=\"og:locale\" content=\"es_ES\" \/>\n<meta property=\"og:type\" content=\"article\" \/>\n<meta property=\"og:title\" content=\"12 empresas optan a la reforma del Pont de Sant Jordi - COPE Alcoy\" \/>\n<meta property=\"og:description\" content=\"Un total de 12 empresas optan a la rehabilitaci\u00f3n del Pont de Sant Jordi despu\u00e9s de que el pasado 6...\" \/>\n<meta property=\"og:url\" content=\"https:\/\/www.copealcoy.es\/es\/12-empresas-optan-a-la-reforma-del-pont-de-sant-jordi\/\" \/>\n<meta property=\"og:site_name\" content=\"COPE Alcoy\" \/>\n<meta property=\"article:published_time\" content=\"2015-01-10T08:41:05+00:00\" \/>\n<meta property=\"og:image\" content=\"https:\/\/www.copealcoy.es\/wp-content\/uploads\/2014\/11\/image76.jpg\" \/>\n\t<meta property=\"og:image:width\" content=\"2592\" \/>\n\t<meta property=\"og:image:height\" content=\"1944\" \/>\n\t<meta property=\"og:image:type\" content=\"image\/jpeg\" \/>\n<meta name=\"author\" content=\"Cope Alcoy\" \/>\n<meta name=\"twitter:label1\" content=\"Escrito por\" \/>\n\t<meta name=\"twitter:data1\" content=\"Cope Alcoy\" \/>\n\t<meta name=\"twitter:label2\" content=\"Tiempo de lectura\" \/>\n\t<meta name=\"twitter:data2\" content=\"1 minuto\" \/>\n<script type=\"application\/ld+json\" class=\"yoast-schema-graph\">{\"@context\":\"https:\\\/\\\/schema.org\",\"@graph\":[{\"@type\":\"Article\",\"@id\":\"https:\\\/\\\/www.copealcoy.es\\\/es\\\/12-empresas-optan-a-la-reforma-del-pont-de-sant-jordi\\\/#article\",\"isPartOf\":{\"@id\":\"https:\\\/\\\/www.copealcoy.es\\\/es\\\/12-empresas-optan-a-la-reforma-del-pont-de-sant-jordi\\\/\"},\"author\":{\"name\":\"Cope Alcoy\",\"@id\":\"https:\\\/\\\/www.copealcoy.es\\\/es\\\/#\\\/schema\\\/person\\\/e777c87fa024e57d40170af9df39882c\"},\"headline\":\"12 empresas optan a la reforma del Pont de Sant Jordi\",\"datePublished\":\"2015-01-10T08:41:05+00:00\",\"mainEntityOfPage\":{\"@id\":\"https:\\\/\\\/www.copealcoy.es\\\/es\\\/12-empresas-optan-a-la-reforma-del-pont-de-sant-jordi\\\/\"},\"wordCount\":232,\"commentCount\":0,\"image\":{\"@id\":\"https:\\\/\\\/www.copealcoy.es\\\/es\\\/12-empresas-optan-a-la-reforma-del-pont-de-sant-jordi\\\/#primaryimage\"},\"thumbnailUrl\":\"https:\\\/\\\/www.copealcoy.es\\\/wp-content\\\/uploads\\\/2014\\\/11\\\/image76.jpg\",\"keywords\":[\"Empresas\",\"Infraestructuras\",\"Pont de Sant Jordi\",\"Puente\",\"Reforma\"],\"articleSection\":[\"Alcoy\",\"Noticias\",\"Portada\"],\"inLanguage\":\"es\"},{\"@type\":\"WebPage\",\"@id\":\"https:\\\/\\\/www.copealcoy.es\\\/es\\\/12-empresas-optan-a-la-reforma-del-pont-de-sant-jordi\\\/\",\"url\":\"https:\\\/\\\/www.copealcoy.es\\\/es\\\/12-empresas-optan-a-la-reforma-del-pont-de-sant-jordi\\\/\",\"name\":\"12 empresas optan a la reforma del Pont de Sant Jordi - COPE Alcoy\",\"isPartOf\":{\"@id\":\"https:\\\/\\\/www.copealcoy.es\\\/es\\\/#website\"},\"primaryImageOfPage\":{\"@id\":\"https:\\\/\\\/www.copealcoy.es\\\/es\\\/12-empresas-optan-a-la-reforma-del-pont-de-sant-jordi\\\/#primaryimage\"},\"image\":{\"@id\":\"https:\\\/\\\/www.copealcoy.es\\\/es\\\/12-empresas-optan-a-la-reforma-del-pont-de-sant-jordi\\\/#primaryimage\"},\"thumbnailUrl\":\"https:\\\/\\\/www.copealcoy.es\\\/wp-content\\\/uploads\\\/2014\\\/11\\\/image76.jpg\",\"datePublished\":\"2015-01-10T08:41:05+00:00\",\"author\":{\"@id\":\"https:\\\/\\\/www.copealcoy.es\\\/es\\\/#\\\/schema\\\/person\\\/e777c87fa024e57d40170af9df39882c\"},\"breadcrumb\":{\"@id\":\"https:\\\/\\\/www.copealcoy.es\\\/es\\\/12-empresas-optan-a-la-reforma-del-pont-de-sant-jordi\\\/#breadcrumb\"},\"inLanguage\":\"es\",\"potentialAction\":[{\"@type\":\"ReadAction\",\"target\":[\"https:\\\/\\\/www.copealcoy.es\\\/es\\\/12-empresas-optan-a-la-reforma-del-pont-de-sant-jordi\\\/\"]}]},{\"@type\":\"ImageObject\",\"inLanguage\":\"es\",\"@id\":\"https:\\\/\\\/www.copealcoy.es\\\/es\\\/12-empresas-optan-a-la-reforma-del-pont-de-sant-jordi\\\/#primaryimage\",\"url\":\"https:\\\/\\\/www.copealcoy.es\\\/wp-content\\\/uploads\\\/2014\\\/11\\\/image76.jpg\",\"contentUrl\":\"https:\\\/\\\/www.copealcoy.es\\\/wp-content\\\/uploads\\\/2014\\\/11\\\/image76.jpg\",\"width\":1440,\"height\":1080},{\"@type\":\"BreadcrumbList\",\"@id\":\"https:\\\/\\\/www.copealcoy.es\\\/es\\\/12-empresas-optan-a-la-reforma-del-pont-de-sant-jordi\\\/#breadcrumb\",\"itemListElement\":[{\"@type\":\"ListItem\",\"position\":1,\"name\":\"Portada\",\"item\":\"https:\\\/\\\/www.copealcoy.es\\\/es\\\/\"},{\"@type\":\"ListItem\",\"position\":2,\"name\":\"12 empresas optan a la reforma del Pont de Sant Jordi\"}]},{\"@type\":\"WebSite\",\"@id\":\"https:\\\/\\\/www.copealcoy.es\\\/es\\\/#website\",\"url\":\"https:\\\/\\\/www.copealcoy.es\\\/es\\\/\",\"name\":\"COPE Alcoy\",\"description\":\"Emisora COPE de radio local con emisi\u00f3n online. Pont de Sant Jordi 8-10 03803 Alcoy\",\"potentialAction\":[{\"@type\":\"SearchAction\",\"target\":{\"@type\":\"EntryPoint\",\"urlTemplate\":\"https:\\\/\\\/www.copealcoy.es\\\/es\\\/?s={search_term_string}\"},\"query-input\":{\"@type\":\"PropertyValueSpecification\",\"valueRequired\":true,\"valueName\":\"search_term_string\"}}],\"inLanguage\":\"es\"},{\"@type\":\"Person\",\"@id\":\"https:\\\/\\\/www.copealcoy.es\\\/es\\\/#\\\/schema\\\/person\\\/e777c87fa024e57d40170af9df39882c\",\"name\":\"Cope Alcoy\",\"image\":{\"@type\":\"ImageObject\",\"inLanguage\":\"es\",\"@id\":\"https:\\\/\\\/secure.gravatar.com\\\/avatar\\\/bb65d0283347e303893ba14f0692005417c1e0e690a325a4c5d8bb2b3943ee14?s=96&d=mm&r=g\",\"url\":\"https:\\\/\\\/secure.gravatar.com\\\/avatar\\\/bb65d0283347e303893ba14f0692005417c1e0e690a325a4c5d8bb2b3943ee14?s=96&d=mm&r=g\",\"contentUrl\":\"https:\\\/\\\/secure.gravatar.com\\\/avatar\\\/bb65d0283347e303893ba14f0692005417c1e0e690a325a4c5d8bb2b3943ee14?s=96&d=mm&r=g\",\"caption\":\"Cope Alcoy\"}}]}<\/script>\n<!-- \/ Yoast SEO plugin. -->","yoast_head_json":{"title":"12 empresas optan a la reforma del Pont de Sant Jordi - COPE Alcoy","robots":{"index":"index","follow":"follow","max-snippet":"max-snippet:-1","max-image-preview":"max-image-preview:large","max-video-preview":"max-video-preview:-1"},"canonical":"https:\/\/www.copealcoy.es\/es\/12-empresas-optan-a-la-reforma-del-pont-de-sant-jordi\/","og_locale":"es_ES","og_type":"article","og_title":"12 empresas optan a la reforma del Pont de Sant Jordi - COPE Alcoy","og_description":"Un total de 12 empresas optan a la rehabilitaci\u00f3n del Pont de Sant Jordi despu\u00e9s de que el pasado 6...","og_url":"https:\/\/www.copealcoy.es\/es\/12-empresas-optan-a-la-reforma-del-pont-de-sant-jordi\/","og_site_name":"COPE Alcoy","article_published_time":"2015-01-10T08:41:05+00:00","og_image":[{"width":2592,"height":1944,"url":"https:\/\/www.copealcoy.es\/wp-content\/uploads\/2014\/11\/image76.jpg","type":"image\/jpeg"}],"author":"Cope Alcoy","twitter_misc":{"Escrito por":"Cope Alcoy","Tiempo de lectura":"1 minuto"},"schema":{"@context":"https:\/\/schema.org","@graph":[{"@type":"Article","@id":"https:\/\/www.copealcoy.es\/es\/12-empresas-optan-a-la-reforma-del-pont-de-sant-jordi\/#article","isPartOf":{"@id":"https:\/\/www.copealcoy.es\/es\/12-empresas-optan-a-la-reforma-del-pont-de-sant-jordi\/"},"author":{"name":"Cope Alcoy","@id":"https:\/\/www.copealcoy.es\/es\/#\/schema\/person\/e777c87fa024e57d40170af9df39882c"},"headline":"12 empresas optan a la reforma del Pont de Sant Jordi","datePublished":"2015-01-10T08:41:05+00:00","mainEntityOfPage":{"@id":"https:\/\/www.copealcoy.es\/es\/12-empresas-optan-a-la-reforma-del-pont-de-sant-jordi\/"},"wordCount":232,"commentCount":0,"image":{"@id":"https:\/\/www.copealcoy.es\/es\/12-empresas-optan-a-la-reforma-del-pont-de-sant-jordi\/#primaryimage"},"thumbnailUrl":"https:\/\/www.copealcoy.es\/wp-content\/uploads\/2014\/11\/image76.jpg","keywords":["Empresas","Infraestructuras","Pont de Sant Jordi","Puente","Reforma"],"articleSection":["Alcoy","Noticias","Portada"],"inLanguage":"es"},{"@type":"WebPage","@id":"https:\/\/www.copealcoy.es\/es\/12-empresas-optan-a-la-reforma-del-pont-de-sant-jordi\/","url":"https:\/\/www.copealcoy.es\/es\/12-empresas-optan-a-la-reforma-del-pont-de-sant-jordi\/","name":"12 empresas optan a la reforma del Pont de Sant Jordi - COPE Alcoy","isPartOf":{"@id":"https:\/\/www.copealcoy.es\/es\/#website"},"primaryImageOfPage":{"@id":"https:\/\/www.copealcoy.es\/es\/12-empresas-optan-a-la-reforma-del-pont-de-sant-jordi\/#primaryimage"},"image":{"@id":"https:\/\/www.copealcoy.es\/es\/12-empresas-optan-a-la-reforma-del-pont-de-sant-jordi\/#primaryimage"},"thumbnailUrl":"https:\/\/www.copealcoy.es\/wp-content\/uploads\/2014\/11\/image76.jpg","datePublished":"2015-01-10T08:41:05+00:00","author":{"@id":"https:\/\/www.copealcoy.es\/es\/#\/schema\/person\/e777c87fa024e57d40170af9df39882c"},"breadcrumb":{"@id":"https:\/\/www.copealcoy.es\/es\/12-empresas-optan-a-la-reforma-del-pont-de-sant-jordi\/#breadcrumb"},"inLanguage":"es","potentialAction":[{"@type":"ReadAction","target":["https:\/\/www.copealcoy.es\/es\/12-empresas-optan-a-la-reforma-del-pont-de-sant-jordi\/"]}]},{"@type":"ImageObject","inLanguage":"es","@id":"https:\/\/www.copealcoy.es\/es\/12-empresas-optan-a-la-reforma-del-pont-de-sant-jordi\/#primaryimage","url":"https:\/\/www.copealcoy.es\/wp-content\/uploads\/2014\/11\/image76.jpg","contentUrl":"https:\/\/www.copealcoy.es\/wp-content\/uploads\/2014\/11\/image76.jpg","width":1440,"height":1080},{"@type":"BreadcrumbList","@id":"https:\/\/www.copealcoy.es\/es\/12-empresas-optan-a-la-reforma-del-pont-de-sant-jordi\/#breadcrumb","itemListElement":[{"@type":"ListItem","position":1,"name":"Portada","item":"https:\/\/www.copealcoy.es\/es\/"},{"@type":"ListItem","position":2,"name":"12 empresas optan a la reforma del Pont de Sant Jordi"}]},{"@type":"WebSite","@id":"https:\/\/www.copealcoy.es\/es\/#website","url":"https:\/\/www.copealcoy.es\/es\/","name":"COPE Alcoy","description":"Emisora COPE de radio local con emisi\u00f3n online. Pont de Sant Jordi 8-10 03803 Alcoy","potentialAction":[{"@type":"SearchAction","target":{"@type":"EntryPoint","urlTemplate":"https:\/\/www.copealcoy.es\/es\/?s={search_term_string}"},"query-input":{"@type":"PropertyValueSpecification","valueRequired":true,"valueName":"search_term_string"}}],"inLanguage":"es"},{"@type":"Person","@id":"https:\/\/www.copealcoy.es\/es\/#\/schema\/person\/e777c87fa024e57d40170af9df39882c","name":"Cope Alcoy","image":{"@type":"ImageObject","inLanguage":"es","@id":"https:\/\/secure.gravatar.com\/avatar\/bb65d0283347e303893ba14f0692005417c1e0e690a325a4c5d8bb2b3943ee14?s=96&d=mm&r=g","url":"https:\/\/secure.gravatar.com\/avatar\/bb65d0283347e303893ba14f0692005417c1e0e690a325a4c5d8bb2b3943ee14?s=96&d=mm&r=g","contentUrl":"https:\/\/secure.gravatar.com\/avatar\/bb65d0283347e303893ba14f0692005417c1e0e690a325a4c5d8bb2b3943ee14?s=96&d=mm&r=g","caption":"Cope Alcoy"}}]}},"_links":{"self":[{"href":"https:\/\/www.copealcoy.es\/es\/wp-json\/wp\/v2\/posts\/9596","targetHints":{"allow":["GET"]}}],"collection":[{"href":"https:\/\/www.copealcoy.es\/es\/wp-json\/wp\/v2\/posts"}],"about":[{"href":"https:\/\/www.copealcoy.es\/es\/wp-json\/wp\/v2\/types\/post"}],"author":[{"embeddable":true,"href":"https:\/\/www.copealcoy.es\/es\/wp-json\/wp\/v2\/users\/1"}],"replies":[{"embeddable":true,"href":"https:\/\/www.copealcoy.es\/es\/wp-json\/wp\/v2\/comments?post=9596"}],"version-history":[{"count":0,"href":"https:\/\/www.copealcoy.es\/es\/wp-json\/wp\/v2\/posts\/9596\/revisions"}],"wp:featuredmedia":[{"embeddable":true,"href":"https:\/\/www.copealcoy.es\/es\/wp-json\/wp\/v2\/media\/8828"}],"wp:attachment":[{"href":"https:\/\/www.copealcoy.es\/es\/wp-json\/wp\/v2\/media?parent=9596"}],"wp:term":[{"taxonomy":"category","embeddable":true,"href":"https:\/\/www.copealcoy.es\/es\/wp-json\/wp\/v2\/categories?post=9596"},{"taxonomy":"post_tag","embeddable":true,"href":"https:\/\/www.copealcoy.es\/es\/wp-json\/wp\/v2\/tags?post=9596"}],"curies":[{"name":"wp","href":"https:\/\/api.w.org\/{rel}","templated":true}]}}