{"id":95878,"date":"2023-01-02T10:45:59","date_gmt":"2023-01-02T09:45:59","guid":{"rendered":"https:\/\/www.copealcoy.es\/?p=95878"},"modified":"2023-01-02T15:53:35","modified_gmt":"2023-01-02T14:53:35","slug":"detingut-per-amenaces-greus-a-veins-de-famorca","status":"publish","type":"post","link":"https:\/\/www.copealcoy.es\/es\/detingut-per-amenaces-greus-a-veins-de-famorca\/","title":{"rendered":"Detingut per amenaces greus a ve\u00efns de Famorca"},"content":{"rendered":"<p style=\"text-align: justify;\">La <a href=\"https:\/\/www.guardiacivil.es\/es\/index.html\"><strong><span style=\"color: #0000ff;\">Gu\u00e0rdia Civil<\/span><\/strong><\/a> ha detingut <strong>a un ramader en Tollos<\/strong> com a <strong>autor de sis delictes d&#8217;amenaces<\/strong>, dues d&#8217;ells greus. Segons afirmen les v\u00edctimes, <strong>va emprar per a intimidar-los una escopeta i fins i tot una navalla de grans dimensions<\/strong>. Aquestes persones, segons la informaci\u00f3 facilitada pels agents, s\u00f3n ve\u00efns de de localitats de la prov\u00edncia d&#8217;Alacant com Castell de Castells o <strong>Famorca<\/strong> a les nostres comarques. El <strong>Jutjat de Gu\u00e0rdia i Instrucci\u00f3 de D\u00e9nia<\/strong> ha imposat a l&#8217;autor una ordre d&#8217;allunyament de les seues v\u00edctimes, i la prohibici\u00f3 de comunicar-se amb ells.<\/p>\n<p style=\"text-align: justify;\">Els perjudicats per les accions perpetrades per aquest home han explicat que <strong>l&#8217;origen de les amenaces \u00e9s a causa de les discrep\u00e0ncies sobre les bogues i les zones de pasturatge<\/strong>. Dos de les v\u00edctimes asseguren que <strong>les amenaces es van produir amb armes<\/strong>, exhibides per l&#8217;autor en actitud intimidat\u00f2ria. En una d&#8217;elles, <strong>emprant una escopeta de ca\u00e7a<\/strong>, i en l&#8217;altra, <strong>una navalla de grans dimensions<\/strong>.<\/p>\n<p style=\"text-align: justify;\">Els agents <strong>es van entrevistar amb les v\u00edctimes<\/strong>, que no havien acudit a denunciar per temor a les repres\u00e0lies per part del presumpte autor. Despr\u00e9s d&#8217;obtindre tota la informaci\u00f3 i analitzar-la de manera minuciosa, una vegada que van aconseguir esbrinar la identitat del presumpte responsable, <strong>van comprovar que es tractava d&#8217;un home de 47 anys<\/strong>, de nacionalitat espanyola, un ramader conegut per la comarca. En el moment de la detenci\u00f3, el passat 13 de desembre a l&#8217;esmentada localitat, els agents <strong>van realitzar un registre del vehicle de l&#8217;autor, i de les casetes de bestiar<\/strong>. Si b\u00e9 els no van trobar les armes que va poder usar en algun dels delictes denunciats, <strong>el presumpte autor destaca entre els ve\u00efns de la demarcaci\u00f3 per la seua agressivitat i conflictivitat.<\/strong> Posseeix <strong>antecedents per fets similars<\/strong> i no li consten ni llic\u00e8ncia ni permisos d&#8217;armes.<\/p>\n<p style=\"text-align: justify;\">Se li imputen <strong>sis delictes d&#8217;amenaces<\/strong>, dues d&#8217;ells greus. El Jutjat de D\u00e9nia que ent\u00e9n de la causa ha decretat <strong>la seua llibertat provisional i li ha imposat una ordre d&#8217;allunyament<\/strong> respecte a les seues v\u00edctimes, amb prohibici\u00f3 d&#8217;acostar-se i de comunicar-se amb ells.<\/p>\n","protected":false},"excerpt":{"rendered":"<p>La Gu\u00e0rdia Civil ha detingut a un ramader en Tollos com a autor de sis delictes d&#8217;amenaces, dues d&#8217;ells greus&#8230;.<\/p>\n","protected":false},"author":1,"featured_media":95879,"comment_status":"open","ping_status":"open","sticky":false,"template":"","format":"standard","meta":{"footnotes":""},"categories":[6909,98,75],"tags":[13661,13662,237,11393,2187,7994],"class_list":["post-95878","post","type-post","status-publish","format-standard","has-post-thumbnail","hentry","category-actualidad","category-comarcas","category-noticias","tag-agents","tag-amenaces","tag-comtat","tag-detencio","tag-guardia-civil","tag-tollos"],"yoast_head":"<!-- This site is optimized with the Yoast SEO plugin v27.3 - https:\/\/yoast.com\/product\/yoast-seo-wordpress\/ -->\n<title>Detingut per amenaces greus a ve\u00efns de Famorca - COPE Alcoy<\/title>\n<meta name=\"description\" content=\"La Gu\u00e0rdia Civil ha detingut a un ramader de Tollos com a autor de sis delictes d&#039;amenaces, dues d&#039;ells greus\" \/>\n<meta name=\"robots\" content=\"index, follow, max-snippet:-1, max-image-preview:large, max-video-preview:-1\" \/>\n<link rel=\"canonical\" href=\"https:\/\/www.copealcoy.es\/es\/detingut-per-amenaces-greus-a-veins-de-famorca\/\" \/>\n<meta property=\"og:locale\" content=\"es_ES\" \/>\n<meta property=\"og:type\" content=\"article\" \/>\n<meta property=\"og:title\" content=\"Detingut per amenaces greus a ve\u00efns de Famorca - COPE Alcoy\" \/>\n<meta property=\"og:description\" content=\"La Gu\u00e0rdia Civil ha detingut a un ramader de Tollos com a autor de sis delictes d&#039;amenaces, dues d&#039;ells greus\" \/>\n<meta property=\"og:url\" content=\"https:\/\/www.copealcoy.es\/es\/detingut-per-amenaces-greus-a-veins-de-famorca\/\" \/>\n<meta property=\"og:site_name\" content=\"COPE Alcoy\" \/>\n<meta property=\"article:published_time\" content=\"2023-01-02T09:45:59+00:00\" \/>\n<meta property=\"article:modified_time\" content=\"2023-01-02T14:53:35+00:00\" \/>\n<meta property=\"og:image\" content=\"https:\/\/www.copealcoy.es\/wp-content\/uploads\/2023\/01\/op_rodaman_alicante_editada_02-e1672652742435.jpg\" \/>\n\t<meta property=\"og:image:width\" content=\"640\" \/>\n\t<meta property=\"og:image:height\" content=\"360\" \/>\n\t<meta property=\"og:image:type\" content=\"image\/jpeg\" \/>\n<meta name=\"author\" content=\"Cope Alcoy\" \/>\n<meta name=\"twitter:label1\" content=\"Escrito por\" \/>\n\t<meta name=\"twitter:data1\" content=\"Cope Alcoy\" \/>\n\t<meta name=\"twitter:label2\" content=\"Tiempo de lectura\" \/>\n\t<meta name=\"twitter:data2\" content=\"2 minutos\" \/>\n<script type=\"application\/ld+json\" class=\"yoast-schema-graph\">{\"@context\":\"https:\\\/\\\/schema.org\",\"@graph\":[{\"@type\":\"Article\",\"@id\":\"https:\\\/\\\/www.copealcoy.es\\\/es\\\/detingut-per-amenaces-greus-a-veins-de-famorca\\\/#article\",\"isPartOf\":{\"@id\":\"https:\\\/\\\/www.copealcoy.es\\\/es\\\/detingut-per-amenaces-greus-a-veins-de-famorca\\\/\"},\"author\":{\"name\":\"Cope Alcoy\",\"@id\":\"https:\\\/\\\/www.copealcoy.es\\\/es\\\/#\\\/schema\\\/person\\\/e777c87fa024e57d40170af9df39882c\"},\"headline\":\"Detingut per amenaces greus a ve\u00efns de Famorca\",\"datePublished\":\"2023-01-02T09:45:59+00:00\",\"dateModified\":\"2023-01-02T14:53:35+00:00\",\"mainEntityOfPage\":{\"@id\":\"https:\\\/\\\/www.copealcoy.es\\\/es\\\/detingut-per-amenaces-greus-a-veins-de-famorca\\\/\"},\"wordCount\":388,\"commentCount\":0,\"image\":{\"@id\":\"https:\\\/\\\/www.copealcoy.es\\\/es\\\/detingut-per-amenaces-greus-a-veins-de-famorca\\\/#primaryimage\"},\"thumbnailUrl\":\"https:\\\/\\\/www.copealcoy.es\\\/wp-content\\\/uploads\\\/2023\\\/01\\\/op_rodaman_alicante_editada_02-e1672652742435.jpg\",\"keywords\":[\"agents\",\"amenaces\",\"Comtat\",\"detenci\u00f3\",\"Guardia Civil\",\"Tollos\"],\"articleSection\":[\"Actualidad\",\"Comarcas\",\"Noticias\"],\"inLanguage\":\"es\"},{\"@type\":\"WebPage\",\"@id\":\"https:\\\/\\\/www.copealcoy.es\\\/es\\\/detingut-per-amenaces-greus-a-veins-de-famorca\\\/\",\"url\":\"https:\\\/\\\/www.copealcoy.es\\\/es\\\/detingut-per-amenaces-greus-a-veins-de-famorca\\\/\",\"name\":\"Detingut per amenaces greus a ve\u00efns de Famorca - COPE Alcoy\",\"isPartOf\":{\"@id\":\"https:\\\/\\\/www.copealcoy.es\\\/es\\\/#website\"},\"primaryImageOfPage\":{\"@id\":\"https:\\\/\\\/www.copealcoy.es\\\/es\\\/detingut-per-amenaces-greus-a-veins-de-famorca\\\/#primaryimage\"},\"image\":{\"@id\":\"https:\\\/\\\/www.copealcoy.es\\\/es\\\/detingut-per-amenaces-greus-a-veins-de-famorca\\\/#primaryimage\"},\"thumbnailUrl\":\"https:\\\/\\\/www.copealcoy.es\\\/wp-content\\\/uploads\\\/2023\\\/01\\\/op_rodaman_alicante_editada_02-e1672652742435.jpg\",\"datePublished\":\"2023-01-02T09:45:59+00:00\",\"dateModified\":\"2023-01-02T14:53:35+00:00\",\"author\":{\"@id\":\"https:\\\/\\\/www.copealcoy.es\\\/es\\\/#\\\/schema\\\/person\\\/e777c87fa024e57d40170af9df39882c\"},\"description\":\"La Gu\u00e0rdia Civil ha detingut a un ramader de Tollos com a autor de sis delictes d'amenaces, dues d'ells greus\",\"breadcrumb\":{\"@id\":\"https:\\\/\\\/www.copealcoy.es\\\/es\\\/detingut-per-amenaces-greus-a-veins-de-famorca\\\/#breadcrumb\"},\"inLanguage\":\"es\",\"potentialAction\":[{\"@type\":\"ReadAction\",\"target\":[\"https:\\\/\\\/www.copealcoy.es\\\/es\\\/detingut-per-amenaces-greus-a-veins-de-famorca\\\/\"]}]},{\"@type\":\"ImageObject\",\"inLanguage\":\"es\",\"@id\":\"https:\\\/\\\/www.copealcoy.es\\\/es\\\/detingut-per-amenaces-greus-a-veins-de-famorca\\\/#primaryimage\",\"url\":\"https:\\\/\\\/www.copealcoy.es\\\/wp-content\\\/uploads\\\/2023\\\/01\\\/op_rodaman_alicante_editada_02-e1672652742435.jpg\",\"contentUrl\":\"https:\\\/\\\/www.copealcoy.es\\\/wp-content\\\/uploads\\\/2023\\\/01\\\/op_rodaman_alicante_editada_02-e1672652742435.jpg\",\"width\":640,\"height\":360},{\"@type\":\"BreadcrumbList\",\"@id\":\"https:\\\/\\\/www.copealcoy.es\\\/es\\\/detingut-per-amenaces-greus-a-veins-de-famorca\\\/#breadcrumb\",\"itemListElement\":[{\"@type\":\"ListItem\",\"position\":1,\"name\":\"Portada\",\"item\":\"https:\\\/\\\/www.copealcoy.es\\\/es\\\/\"},{\"@type\":\"ListItem\",\"position\":2,\"name\":\"Detingut per amenaces greus a ve\u00efns de Famorca\"}]},{\"@type\":\"WebSite\",\"@id\":\"https:\\\/\\\/www.copealcoy.es\\\/es\\\/#website\",\"url\":\"https:\\\/\\\/www.copealcoy.es\\\/es\\\/\",\"name\":\"COPE Alcoy\",\"description\":\"Emisora COPE de radio local con emisi\u00f3n online. Pont de Sant Jordi 8-10 03803 Alcoy\",\"potentialAction\":[{\"@type\":\"SearchAction\",\"target\":{\"@type\":\"EntryPoint\",\"urlTemplate\":\"https:\\\/\\\/www.copealcoy.es\\\/es\\\/?s={search_term_string}\"},\"query-input\":{\"@type\":\"PropertyValueSpecification\",\"valueRequired\":true,\"valueName\":\"search_term_string\"}}],\"inLanguage\":\"es\"},{\"@type\":\"Person\",\"@id\":\"https:\\\/\\\/www.copealcoy.es\\\/es\\\/#\\\/schema\\\/person\\\/e777c87fa024e57d40170af9df39882c\",\"name\":\"Cope Alcoy\",\"image\":{\"@type\":\"ImageObject\",\"inLanguage\":\"es\",\"@id\":\"https:\\\/\\\/secure.gravatar.com\\\/avatar\\\/bb65d0283347e303893ba14f0692005417c1e0e690a325a4c5d8bb2b3943ee14?s=96&d=mm&r=g\",\"url\":\"https:\\\/\\\/secure.gravatar.com\\\/avatar\\\/bb65d0283347e303893ba14f0692005417c1e0e690a325a4c5d8bb2b3943ee14?s=96&d=mm&r=g\",\"contentUrl\":\"https:\\\/\\\/secure.gravatar.com\\\/avatar\\\/bb65d0283347e303893ba14f0692005417c1e0e690a325a4c5d8bb2b3943ee14?s=96&d=mm&r=g\",\"caption\":\"Cope Alcoy\"}}]}<\/script>\n<!-- \/ Yoast SEO plugin. -->","yoast_head_json":{"title":"Detingut per amenaces greus a ve\u00efns de Famorca - COPE Alcoy","description":"La Gu\u00e0rdia Civil ha detingut a un ramader de Tollos com a autor de sis delictes d'amenaces, dues d'ells greus","robots":{"index":"index","follow":"follow","max-snippet":"max-snippet:-1","max-image-preview":"max-image-preview:large","max-video-preview":"max-video-preview:-1"},"canonical":"https:\/\/www.copealcoy.es\/es\/detingut-per-amenaces-greus-a-veins-de-famorca\/","og_locale":"es_ES","og_type":"article","og_title":"Detingut per amenaces greus a ve\u00efns de Famorca - COPE Alcoy","og_description":"La Gu\u00e0rdia Civil ha detingut a un ramader de Tollos com a autor de sis delictes d'amenaces, dues d'ells greus","og_url":"https:\/\/www.copealcoy.es\/es\/detingut-per-amenaces-greus-a-veins-de-famorca\/","og_site_name":"COPE Alcoy","article_published_time":"2023-01-02T09:45:59+00:00","article_modified_time":"2023-01-02T14:53:35+00:00","og_image":[{"width":640,"height":360,"url":"https:\/\/www.copealcoy.es\/wp-content\/uploads\/2023\/01\/op_rodaman_alicante_editada_02-e1672652742435.jpg","type":"image\/jpeg"}],"author":"Cope Alcoy","twitter_misc":{"Escrito por":"Cope Alcoy","Tiempo de lectura":"2 minutos"},"schema":{"@context":"https:\/\/schema.org","@graph":[{"@type":"Article","@id":"https:\/\/www.copealcoy.es\/es\/detingut-per-amenaces-greus-a-veins-de-famorca\/#article","isPartOf":{"@id":"https:\/\/www.copealcoy.es\/es\/detingut-per-amenaces-greus-a-veins-de-famorca\/"},"author":{"name":"Cope Alcoy","@id":"https:\/\/www.copealcoy.es\/es\/#\/schema\/person\/e777c87fa024e57d40170af9df39882c"},"headline":"Detingut per amenaces greus a ve\u00efns de Famorca","datePublished":"2023-01-02T09:45:59+00:00","dateModified":"2023-01-02T14:53:35+00:00","mainEntityOfPage":{"@id":"https:\/\/www.copealcoy.es\/es\/detingut-per-amenaces-greus-a-veins-de-famorca\/"},"wordCount":388,"commentCount":0,"image":{"@id":"https:\/\/www.copealcoy.es\/es\/detingut-per-amenaces-greus-a-veins-de-famorca\/#primaryimage"},"thumbnailUrl":"https:\/\/www.copealcoy.es\/wp-content\/uploads\/2023\/01\/op_rodaman_alicante_editada_02-e1672652742435.jpg","keywords":["agents","amenaces","Comtat","detenci\u00f3","Guardia Civil","Tollos"],"articleSection":["Actualidad","Comarcas","Noticias"],"inLanguage":"es"},{"@type":"WebPage","@id":"https:\/\/www.copealcoy.es\/es\/detingut-per-amenaces-greus-a-veins-de-famorca\/","url":"https:\/\/www.copealcoy.es\/es\/detingut-per-amenaces-greus-a-veins-de-famorca\/","name":"Detingut per amenaces greus a ve\u00efns de Famorca - COPE Alcoy","isPartOf":{"@id":"https:\/\/www.copealcoy.es\/es\/#website"},"primaryImageOfPage":{"@id":"https:\/\/www.copealcoy.es\/es\/detingut-per-amenaces-greus-a-veins-de-famorca\/#primaryimage"},"image":{"@id":"https:\/\/www.copealcoy.es\/es\/detingut-per-amenaces-greus-a-veins-de-famorca\/#primaryimage"},"thumbnailUrl":"https:\/\/www.copealcoy.es\/wp-content\/uploads\/2023\/01\/op_rodaman_alicante_editada_02-e1672652742435.jpg","datePublished":"2023-01-02T09:45:59+00:00","dateModified":"2023-01-02T14:53:35+00:00","author":{"@id":"https:\/\/www.copealcoy.es\/es\/#\/schema\/person\/e777c87fa024e57d40170af9df39882c"},"description":"La Gu\u00e0rdia Civil ha detingut a un ramader de Tollos com a autor de sis delictes d'amenaces, dues d'ells greus","breadcrumb":{"@id":"https:\/\/www.copealcoy.es\/es\/detingut-per-amenaces-greus-a-veins-de-famorca\/#breadcrumb"},"inLanguage":"es","potentialAction":[{"@type":"ReadAction","target":["https:\/\/www.copealcoy.es\/es\/detingut-per-amenaces-greus-a-veins-de-famorca\/"]}]},{"@type":"ImageObject","inLanguage":"es","@id":"https:\/\/www.copealcoy.es\/es\/detingut-per-amenaces-greus-a-veins-de-famorca\/#primaryimage","url":"https:\/\/www.copealcoy.es\/wp-content\/uploads\/2023\/01\/op_rodaman_alicante_editada_02-e1672652742435.jpg","contentUrl":"https:\/\/www.copealcoy.es\/wp-content\/uploads\/2023\/01\/op_rodaman_alicante_editada_02-e1672652742435.jpg","width":640,"height":360},{"@type":"BreadcrumbList","@id":"https:\/\/www.copealcoy.es\/es\/detingut-per-amenaces-greus-a-veins-de-famorca\/#breadcrumb","itemListElement":[{"@type":"ListItem","position":1,"name":"Portada","item":"https:\/\/www.copealcoy.es\/es\/"},{"@type":"ListItem","position":2,"name":"Detingut per amenaces greus a ve\u00efns de Famorca"}]},{"@type":"WebSite","@id":"https:\/\/www.copealcoy.es\/es\/#website","url":"https:\/\/www.copealcoy.es\/es\/","name":"COPE Alcoy","description":"Emisora COPE de radio local con emisi\u00f3n online. Pont de Sant Jordi 8-10 03803 Alcoy","potentialAction":[{"@type":"SearchAction","target":{"@type":"EntryPoint","urlTemplate":"https:\/\/www.copealcoy.es\/es\/?s={search_term_string}"},"query-input":{"@type":"PropertyValueSpecification","valueRequired":true,"valueName":"search_term_string"}}],"inLanguage":"es"},{"@type":"Person","@id":"https:\/\/www.copealcoy.es\/es\/#\/schema\/person\/e777c87fa024e57d40170af9df39882c","name":"Cope Alcoy","image":{"@type":"ImageObject","inLanguage":"es","@id":"https:\/\/secure.gravatar.com\/avatar\/bb65d0283347e303893ba14f0692005417c1e0e690a325a4c5d8bb2b3943ee14?s=96&d=mm&r=g","url":"https:\/\/secure.gravatar.com\/avatar\/bb65d0283347e303893ba14f0692005417c1e0e690a325a4c5d8bb2b3943ee14?s=96&d=mm&r=g","contentUrl":"https:\/\/secure.gravatar.com\/avatar\/bb65d0283347e303893ba14f0692005417c1e0e690a325a4c5d8bb2b3943ee14?s=96&d=mm&r=g","caption":"Cope Alcoy"}}]}},"_links":{"self":[{"href":"https:\/\/www.copealcoy.es\/es\/wp-json\/wp\/v2\/posts\/95878","targetHints":{"allow":["GET"]}}],"collection":[{"href":"https:\/\/www.copealcoy.es\/es\/wp-json\/wp\/v2\/posts"}],"about":[{"href":"https:\/\/www.copealcoy.es\/es\/wp-json\/wp\/v2\/types\/post"}],"author":[{"embeddable":true,"href":"https:\/\/www.copealcoy.es\/es\/wp-json\/wp\/v2\/users\/1"}],"replies":[{"embeddable":true,"href":"https:\/\/www.copealcoy.es\/es\/wp-json\/wp\/v2\/comments?post=95878"}],"version-history":[{"count":0,"href":"https:\/\/www.copealcoy.es\/es\/wp-json\/wp\/v2\/posts\/95878\/revisions"}],"wp:featuredmedia":[{"embeddable":true,"href":"https:\/\/www.copealcoy.es\/es\/wp-json\/wp\/v2\/media\/95879"}],"wp:attachment":[{"href":"https:\/\/www.copealcoy.es\/es\/wp-json\/wp\/v2\/media?parent=95878"}],"wp:term":[{"taxonomy":"category","embeddable":true,"href":"https:\/\/www.copealcoy.es\/es\/wp-json\/wp\/v2\/categories?post=95878"},{"taxonomy":"post_tag","embeddable":true,"href":"https:\/\/www.copealcoy.es\/es\/wp-json\/wp\/v2\/tags?post=95878"}],"curies":[{"name":"wp","href":"https:\/\/api.w.org\/{rel}","templated":true}]}}