{"id":95861,"date":"2023-01-03T12:00:05","date_gmt":"2023-01-03T11:00:05","guid":{"rendered":"https:\/\/www.copealcoy.es\/?p=95861"},"modified":"2023-01-03T14:39:10","modified_gmt":"2023-01-03T13:39:10","slug":"la-cistella-de-la-compra-es-la-principal-despesa-del-bo-consum-dalcoi","status":"publish","type":"post","link":"https:\/\/www.copealcoy.es\/es\/la-cistella-de-la-compra-es-la-principal-despesa-del-bo-consum-dalcoi\/","title":{"rendered":"La cistella de la compra \u00e9s la principal despesa del Bo Consum d&#8217;Alcoi"},"content":{"rendered":"<p>Els b\u00e9ns de primera necessitat s\u00f3n la principal preocupaci\u00f3 dels alcoians aquest Nadal. I \u00e9s que els aliments han sigut els productes m\u00e9s demandats pels ciutadans durant la <span style=\"color: #000080;\"><a style=\"color: #000080;\" href=\"https:\/\/www.copealcoy.es\/gran-acollida-de-la-nova-edicio-del-bo-consum-per-part-dels-comercos-dalcoi\/\" target=\"_blank\" rel=\"noopener\">segona campanya del <strong>Bo Consum<\/strong><\/a><\/span> a la ciutat.<\/p>\n<p>Parlem del <strong>25% de la despesa<\/strong> durant aquesta campanya, desenvolupada per l&#8217;Ajuntament d&#8217;Alcoi -amb finan\u00e7ament de la Diputaci\u00f3 d&#8217;Alacant-, la qual cosa suposa uns <strong>140.370 euros<\/strong>.\u00a0I \u00e9s que a les dates nadalenques en les quals ens trobem, on la despesa en menjar \u00e9s major, cal sumar l&#8217;encariment del preu dels aliments.<\/p>\n<p>Al sector de l&#8217;alimentaci\u00f3 el segueix el de la moda i complements amb el 19% de la despesa. Explica <strong>Vanessa Molt\u00f3<\/strong>, regidora de Comer\u00e7 en l&#8217;<strong>Ajuntament d&#8217;Alcoi<\/strong>, que, al coincidir amb la campanya de Nadal, ha suposat una ajuda extra per a les compres. &#8220;\u00c9s una \u00e8poca en la qual sempre hi ha m\u00e9s despeses&#8221;.<\/p>\n<p>En total, la campanya ha tingut un impacte econ\u00f2mic per al comer\u00e7 local de <strong>784.000 euros<\/strong>, amb <strong>292 comer\u00e7os adherits<\/strong> i la participaci\u00f3 de 4<strong>.432 consumidors<\/strong>. La iniciativa busca beneficiar tant a ciutadans com a comer\u00e7os. &#8220;Es tracta d&#8217;una iniciativa adoptada conjuntament amb les entitats comercials per a incentivar el comer\u00e7 de proximitat. Suposa reactivar l&#8217;economia local i ajudar a les butxaques dels consumidors&#8221;, assegura Molt\u00f3.<\/p>\n<p>I desde el Consistori han celebrat els resultats de la campanya, que s&#8217;ha celebrat entre el 15 i el 22 de desembre i que va esgotar tots els bons disponibles en tan sols huit hores. &#8220;Estem molt satisfets amb l&#8217;acolliment, tant per part dels consumidors com dels establiments adherits, que s&#8217;han beneficiat d&#8217;un impacte de 784.000 euros. Es sumen als 1\u20193 milions aconseguits en campanyes anteriors, la qual cosa suposa un total de dos milions d&#8217;euros&#8221;, celebra la regidora.<\/p>\n<p>La campanya ha comptat amb la col\u00b7laboraci\u00f3 de la <strong>Federaci\u00f3 Alicantina de Comer\u00e7 (Facpyme)<\/strong> i el suport d&#8217;entitats com <strong>ACECA<\/strong>, la <strong>Federaci\u00f3 de Comer\u00e7<\/strong>, la <strong>Cambra de Comer\u00e7<\/strong> o els mercats municipals.<\/p>\n<p>&nbsp;<\/p>\n","protected":false},"excerpt":{"rendered":"<p>Els b\u00e9ns de primera necessitat s\u00f3n la principal preocupaci\u00f3 dels alcoians aquest Nadal. I \u00e9s que els aliments han sigut&#8230;<\/p>\n","protected":false},"author":1,"featured_media":92720,"comment_status":"open","ping_status":"open","sticky":false,"template":"","format":"standard","meta":{"footnotes":""},"categories":[6909,97,75,79],"tags":[160,2700,13174,1977],"class_list":["post-95861","post","type-post","status-publish","format-standard","has-post-thumbnail","hentry","category-actualidad","category-alcoy","category-noticias","category-politicayeconomia","tag-alcoi","tag-alcoi-ciutat-del-nadal","tag-bo-consum","tag-comerc"],"yoast_head":"<!-- This site is optimized with the Yoast SEO plugin v27.3 - https:\/\/yoast.com\/product\/yoast-seo-wordpress\/ -->\n<title>La cistella de la compra \u00e9s la principal despesa del Bo Consum d&#039;Alcoi - COPE Alcoy<\/title>\n<meta name=\"robots\" content=\"index, follow, max-snippet:-1, max-image-preview:large, max-video-preview:-1\" \/>\n<link rel=\"canonical\" href=\"https:\/\/www.copealcoy.es\/es\/la-cistella-de-la-compra-es-la-principal-despesa-del-bo-consum-dalcoi\/\" \/>\n<meta property=\"og:locale\" content=\"es_ES\" \/>\n<meta property=\"og:type\" content=\"article\" \/>\n<meta property=\"og:title\" content=\"La cistella de la compra \u00e9s la principal despesa del Bo Consum d&#039;Alcoi - COPE Alcoy\" \/>\n<meta property=\"og:description\" content=\"Els b\u00e9ns de primera necessitat s\u00f3n la principal preocupaci\u00f3 dels alcoians aquest Nadal. I \u00e9s que els aliments han sigut...\" \/>\n<meta property=\"og:url\" content=\"https:\/\/www.copealcoy.es\/es\/la-cistella-de-la-compra-es-la-principal-despesa-del-bo-consum-dalcoi\/\" \/>\n<meta property=\"og:site_name\" content=\"COPE Alcoy\" \/>\n<meta property=\"article:published_time\" content=\"2023-01-03T11:00:05+00:00\" \/>\n<meta property=\"article:modified_time\" content=\"2023-01-03T13:39:10+00:00\" \/>\n<meta property=\"og:image\" content=\"https:\/\/www.copealcoy.es\/wp-content\/uploads\/2022\/10\/Fachadas-calle-sant-nicolau-scaled-e1665395333750.jpg\" \/>\n\t<meta property=\"og:image:width\" content=\"640\" \/>\n\t<meta property=\"og:image:height\" content=\"480\" \/>\n\t<meta property=\"og:image:type\" content=\"image\/jpeg\" \/>\n<meta name=\"author\" content=\"Cope Alcoy\" \/>\n<meta name=\"twitter:label1\" content=\"Escrito por\" \/>\n\t<meta name=\"twitter:data1\" content=\"Cope Alcoy\" \/>\n\t<meta name=\"twitter:label2\" content=\"Tiempo de lectura\" \/>\n\t<meta name=\"twitter:data2\" content=\"2 minutos\" \/>\n<script type=\"application\/ld+json\" class=\"yoast-schema-graph\">{\"@context\":\"https:\\\/\\\/schema.org\",\"@graph\":[{\"@type\":\"Article\",\"@id\":\"https:\\\/\\\/www.copealcoy.es\\\/es\\\/la-cistella-de-la-compra-es-la-principal-despesa-del-bo-consum-dalcoi\\\/#article\",\"isPartOf\":{\"@id\":\"https:\\\/\\\/www.copealcoy.es\\\/es\\\/la-cistella-de-la-compra-es-la-principal-despesa-del-bo-consum-dalcoi\\\/\"},\"author\":{\"name\":\"Cope Alcoy\",\"@id\":\"https:\\\/\\\/www.copealcoy.es\\\/es\\\/#\\\/schema\\\/person\\\/e777c87fa024e57d40170af9df39882c\"},\"headline\":\"La cistella de la compra \u00e9s la principal despesa del Bo Consum d&#8217;Alcoi\",\"datePublished\":\"2023-01-03T11:00:05+00:00\",\"dateModified\":\"2023-01-03T13:39:10+00:00\",\"mainEntityOfPage\":{\"@id\":\"https:\\\/\\\/www.copealcoy.es\\\/es\\\/la-cistella-de-la-compra-es-la-principal-despesa-del-bo-consum-dalcoi\\\/\"},\"wordCount\":349,\"commentCount\":0,\"image\":{\"@id\":\"https:\\\/\\\/www.copealcoy.es\\\/es\\\/la-cistella-de-la-compra-es-la-principal-despesa-del-bo-consum-dalcoi\\\/#primaryimage\"},\"thumbnailUrl\":\"https:\\\/\\\/www.copealcoy.es\\\/wp-content\\\/uploads\\\/2022\\\/10\\\/Fachadas-calle-sant-nicolau-scaled-e1665395333750.jpg\",\"keywords\":[\"Alcoi\",\"Alcoi Ciutat del Nadal\",\"bo consum\",\"Comer\u00e7\"],\"articleSection\":[\"Actualidad\",\"Alcoy\",\"Noticias\",\"Pol\u00edtica y Econom\u00eda\"],\"inLanguage\":\"es\"},{\"@type\":\"WebPage\",\"@id\":\"https:\\\/\\\/www.copealcoy.es\\\/es\\\/la-cistella-de-la-compra-es-la-principal-despesa-del-bo-consum-dalcoi\\\/\",\"url\":\"https:\\\/\\\/www.copealcoy.es\\\/es\\\/la-cistella-de-la-compra-es-la-principal-despesa-del-bo-consum-dalcoi\\\/\",\"name\":\"La cistella de la compra \u00e9s la principal despesa del Bo Consum d'Alcoi - COPE Alcoy\",\"isPartOf\":{\"@id\":\"https:\\\/\\\/www.copealcoy.es\\\/es\\\/#website\"},\"primaryImageOfPage\":{\"@id\":\"https:\\\/\\\/www.copealcoy.es\\\/es\\\/la-cistella-de-la-compra-es-la-principal-despesa-del-bo-consum-dalcoi\\\/#primaryimage\"},\"image\":{\"@id\":\"https:\\\/\\\/www.copealcoy.es\\\/es\\\/la-cistella-de-la-compra-es-la-principal-despesa-del-bo-consum-dalcoi\\\/#primaryimage\"},\"thumbnailUrl\":\"https:\\\/\\\/www.copealcoy.es\\\/wp-content\\\/uploads\\\/2022\\\/10\\\/Fachadas-calle-sant-nicolau-scaled-e1665395333750.jpg\",\"datePublished\":\"2023-01-03T11:00:05+00:00\",\"dateModified\":\"2023-01-03T13:39:10+00:00\",\"author\":{\"@id\":\"https:\\\/\\\/www.copealcoy.es\\\/es\\\/#\\\/schema\\\/person\\\/e777c87fa024e57d40170af9df39882c\"},\"breadcrumb\":{\"@id\":\"https:\\\/\\\/www.copealcoy.es\\\/es\\\/la-cistella-de-la-compra-es-la-principal-despesa-del-bo-consum-dalcoi\\\/#breadcrumb\"},\"inLanguage\":\"es\",\"potentialAction\":[{\"@type\":\"ReadAction\",\"target\":[\"https:\\\/\\\/www.copealcoy.es\\\/es\\\/la-cistella-de-la-compra-es-la-principal-despesa-del-bo-consum-dalcoi\\\/\"]}]},{\"@type\":\"ImageObject\",\"inLanguage\":\"es\",\"@id\":\"https:\\\/\\\/www.copealcoy.es\\\/es\\\/la-cistella-de-la-compra-es-la-principal-despesa-del-bo-consum-dalcoi\\\/#primaryimage\",\"url\":\"https:\\\/\\\/www.copealcoy.es\\\/wp-content\\\/uploads\\\/2022\\\/10\\\/Fachadas-calle-sant-nicolau-scaled-e1665395333750.jpg\",\"contentUrl\":\"https:\\\/\\\/www.copealcoy.es\\\/wp-content\\\/uploads\\\/2022\\\/10\\\/Fachadas-calle-sant-nicolau-scaled-e1665395333750.jpg\",\"width\":640,\"height\":480},{\"@type\":\"BreadcrumbList\",\"@id\":\"https:\\\/\\\/www.copealcoy.es\\\/es\\\/la-cistella-de-la-compra-es-la-principal-despesa-del-bo-consum-dalcoi\\\/#breadcrumb\",\"itemListElement\":[{\"@type\":\"ListItem\",\"position\":1,\"name\":\"Portada\",\"item\":\"https:\\\/\\\/www.copealcoy.es\\\/es\\\/\"},{\"@type\":\"ListItem\",\"position\":2,\"name\":\"La cistella de la compra \u00e9s la principal despesa del Bo Consum d&#8217;Alcoi\"}]},{\"@type\":\"WebSite\",\"@id\":\"https:\\\/\\\/www.copealcoy.es\\\/es\\\/#website\",\"url\":\"https:\\\/\\\/www.copealcoy.es\\\/es\\\/\",\"name\":\"COPE Alcoy\",\"description\":\"Emisora COPE de radio local con emisi\u00f3n online. Pont de Sant Jordi 8-10 03803 Alcoy\",\"potentialAction\":[{\"@type\":\"SearchAction\",\"target\":{\"@type\":\"EntryPoint\",\"urlTemplate\":\"https:\\\/\\\/www.copealcoy.es\\\/es\\\/?s={search_term_string}\"},\"query-input\":{\"@type\":\"PropertyValueSpecification\",\"valueRequired\":true,\"valueName\":\"search_term_string\"}}],\"inLanguage\":\"es\"},{\"@type\":\"Person\",\"@id\":\"https:\\\/\\\/www.copealcoy.es\\\/es\\\/#\\\/schema\\\/person\\\/e777c87fa024e57d40170af9df39882c\",\"name\":\"Cope Alcoy\",\"image\":{\"@type\":\"ImageObject\",\"inLanguage\":\"es\",\"@id\":\"https:\\\/\\\/secure.gravatar.com\\\/avatar\\\/bb65d0283347e303893ba14f0692005417c1e0e690a325a4c5d8bb2b3943ee14?s=96&d=mm&r=g\",\"url\":\"https:\\\/\\\/secure.gravatar.com\\\/avatar\\\/bb65d0283347e303893ba14f0692005417c1e0e690a325a4c5d8bb2b3943ee14?s=96&d=mm&r=g\",\"contentUrl\":\"https:\\\/\\\/secure.gravatar.com\\\/avatar\\\/bb65d0283347e303893ba14f0692005417c1e0e690a325a4c5d8bb2b3943ee14?s=96&d=mm&r=g\",\"caption\":\"Cope Alcoy\"}}]}<\/script>\n<!-- \/ Yoast SEO plugin. -->","yoast_head_json":{"title":"La cistella de la compra \u00e9s la principal despesa del Bo Consum d'Alcoi - COPE Alcoy","robots":{"index":"index","follow":"follow","max-snippet":"max-snippet:-1","max-image-preview":"max-image-preview:large","max-video-preview":"max-video-preview:-1"},"canonical":"https:\/\/www.copealcoy.es\/es\/la-cistella-de-la-compra-es-la-principal-despesa-del-bo-consum-dalcoi\/","og_locale":"es_ES","og_type":"article","og_title":"La cistella de la compra \u00e9s la principal despesa del Bo Consum d'Alcoi - COPE Alcoy","og_description":"Els b\u00e9ns de primera necessitat s\u00f3n la principal preocupaci\u00f3 dels alcoians aquest Nadal. I \u00e9s que els aliments han sigut...","og_url":"https:\/\/www.copealcoy.es\/es\/la-cistella-de-la-compra-es-la-principal-despesa-del-bo-consum-dalcoi\/","og_site_name":"COPE Alcoy","article_published_time":"2023-01-03T11:00:05+00:00","article_modified_time":"2023-01-03T13:39:10+00:00","og_image":[{"width":640,"height":480,"url":"https:\/\/www.copealcoy.es\/wp-content\/uploads\/2022\/10\/Fachadas-calle-sant-nicolau-scaled-e1665395333750.jpg","type":"image\/jpeg"}],"author":"Cope Alcoy","twitter_misc":{"Escrito por":"Cope Alcoy","Tiempo de lectura":"2 minutos"},"schema":{"@context":"https:\/\/schema.org","@graph":[{"@type":"Article","@id":"https:\/\/www.copealcoy.es\/es\/la-cistella-de-la-compra-es-la-principal-despesa-del-bo-consum-dalcoi\/#article","isPartOf":{"@id":"https:\/\/www.copealcoy.es\/es\/la-cistella-de-la-compra-es-la-principal-despesa-del-bo-consum-dalcoi\/"},"author":{"name":"Cope Alcoy","@id":"https:\/\/www.copealcoy.es\/es\/#\/schema\/person\/e777c87fa024e57d40170af9df39882c"},"headline":"La cistella de la compra \u00e9s la principal despesa del Bo Consum d&#8217;Alcoi","datePublished":"2023-01-03T11:00:05+00:00","dateModified":"2023-01-03T13:39:10+00:00","mainEntityOfPage":{"@id":"https:\/\/www.copealcoy.es\/es\/la-cistella-de-la-compra-es-la-principal-despesa-del-bo-consum-dalcoi\/"},"wordCount":349,"commentCount":0,"image":{"@id":"https:\/\/www.copealcoy.es\/es\/la-cistella-de-la-compra-es-la-principal-despesa-del-bo-consum-dalcoi\/#primaryimage"},"thumbnailUrl":"https:\/\/www.copealcoy.es\/wp-content\/uploads\/2022\/10\/Fachadas-calle-sant-nicolau-scaled-e1665395333750.jpg","keywords":["Alcoi","Alcoi Ciutat del Nadal","bo consum","Comer\u00e7"],"articleSection":["Actualidad","Alcoy","Noticias","Pol\u00edtica y Econom\u00eda"],"inLanguage":"es"},{"@type":"WebPage","@id":"https:\/\/www.copealcoy.es\/es\/la-cistella-de-la-compra-es-la-principal-despesa-del-bo-consum-dalcoi\/","url":"https:\/\/www.copealcoy.es\/es\/la-cistella-de-la-compra-es-la-principal-despesa-del-bo-consum-dalcoi\/","name":"La cistella de la compra \u00e9s la principal despesa del Bo Consum d'Alcoi - COPE Alcoy","isPartOf":{"@id":"https:\/\/www.copealcoy.es\/es\/#website"},"primaryImageOfPage":{"@id":"https:\/\/www.copealcoy.es\/es\/la-cistella-de-la-compra-es-la-principal-despesa-del-bo-consum-dalcoi\/#primaryimage"},"image":{"@id":"https:\/\/www.copealcoy.es\/es\/la-cistella-de-la-compra-es-la-principal-despesa-del-bo-consum-dalcoi\/#primaryimage"},"thumbnailUrl":"https:\/\/www.copealcoy.es\/wp-content\/uploads\/2022\/10\/Fachadas-calle-sant-nicolau-scaled-e1665395333750.jpg","datePublished":"2023-01-03T11:00:05+00:00","dateModified":"2023-01-03T13:39:10+00:00","author":{"@id":"https:\/\/www.copealcoy.es\/es\/#\/schema\/person\/e777c87fa024e57d40170af9df39882c"},"breadcrumb":{"@id":"https:\/\/www.copealcoy.es\/es\/la-cistella-de-la-compra-es-la-principal-despesa-del-bo-consum-dalcoi\/#breadcrumb"},"inLanguage":"es","potentialAction":[{"@type":"ReadAction","target":["https:\/\/www.copealcoy.es\/es\/la-cistella-de-la-compra-es-la-principal-despesa-del-bo-consum-dalcoi\/"]}]},{"@type":"ImageObject","inLanguage":"es","@id":"https:\/\/www.copealcoy.es\/es\/la-cistella-de-la-compra-es-la-principal-despesa-del-bo-consum-dalcoi\/#primaryimage","url":"https:\/\/www.copealcoy.es\/wp-content\/uploads\/2022\/10\/Fachadas-calle-sant-nicolau-scaled-e1665395333750.jpg","contentUrl":"https:\/\/www.copealcoy.es\/wp-content\/uploads\/2022\/10\/Fachadas-calle-sant-nicolau-scaled-e1665395333750.jpg","width":640,"height":480},{"@type":"BreadcrumbList","@id":"https:\/\/www.copealcoy.es\/es\/la-cistella-de-la-compra-es-la-principal-despesa-del-bo-consum-dalcoi\/#breadcrumb","itemListElement":[{"@type":"ListItem","position":1,"name":"Portada","item":"https:\/\/www.copealcoy.es\/es\/"},{"@type":"ListItem","position":2,"name":"La cistella de la compra \u00e9s la principal despesa del Bo Consum d&#8217;Alcoi"}]},{"@type":"WebSite","@id":"https:\/\/www.copealcoy.es\/es\/#website","url":"https:\/\/www.copealcoy.es\/es\/","name":"COPE Alcoy","description":"Emisora COPE de radio local con emisi\u00f3n online. Pont de Sant Jordi 8-10 03803 Alcoy","potentialAction":[{"@type":"SearchAction","target":{"@type":"EntryPoint","urlTemplate":"https:\/\/www.copealcoy.es\/es\/?s={search_term_string}"},"query-input":{"@type":"PropertyValueSpecification","valueRequired":true,"valueName":"search_term_string"}}],"inLanguage":"es"},{"@type":"Person","@id":"https:\/\/www.copealcoy.es\/es\/#\/schema\/person\/e777c87fa024e57d40170af9df39882c","name":"Cope Alcoy","image":{"@type":"ImageObject","inLanguage":"es","@id":"https:\/\/secure.gravatar.com\/avatar\/bb65d0283347e303893ba14f0692005417c1e0e690a325a4c5d8bb2b3943ee14?s=96&d=mm&r=g","url":"https:\/\/secure.gravatar.com\/avatar\/bb65d0283347e303893ba14f0692005417c1e0e690a325a4c5d8bb2b3943ee14?s=96&d=mm&r=g","contentUrl":"https:\/\/secure.gravatar.com\/avatar\/bb65d0283347e303893ba14f0692005417c1e0e690a325a4c5d8bb2b3943ee14?s=96&d=mm&r=g","caption":"Cope Alcoy"}}]}},"_links":{"self":[{"href":"https:\/\/www.copealcoy.es\/es\/wp-json\/wp\/v2\/posts\/95861","targetHints":{"allow":["GET"]}}],"collection":[{"href":"https:\/\/www.copealcoy.es\/es\/wp-json\/wp\/v2\/posts"}],"about":[{"href":"https:\/\/www.copealcoy.es\/es\/wp-json\/wp\/v2\/types\/post"}],"author":[{"embeddable":true,"href":"https:\/\/www.copealcoy.es\/es\/wp-json\/wp\/v2\/users\/1"}],"replies":[{"embeddable":true,"href":"https:\/\/www.copealcoy.es\/es\/wp-json\/wp\/v2\/comments?post=95861"}],"version-history":[{"count":0,"href":"https:\/\/www.copealcoy.es\/es\/wp-json\/wp\/v2\/posts\/95861\/revisions"}],"wp:featuredmedia":[{"embeddable":true,"href":"https:\/\/www.copealcoy.es\/es\/wp-json\/wp\/v2\/media\/92720"}],"wp:attachment":[{"href":"https:\/\/www.copealcoy.es\/es\/wp-json\/wp\/v2\/media?parent=95861"}],"wp:term":[{"taxonomy":"category","embeddable":true,"href":"https:\/\/www.copealcoy.es\/es\/wp-json\/wp\/v2\/categories?post=95861"},{"taxonomy":"post_tag","embeddable":true,"href":"https:\/\/www.copealcoy.es\/es\/wp-json\/wp\/v2\/tags?post=95861"}],"curies":[{"name":"wp","href":"https:\/\/api.w.org\/{rel}","templated":true}]}}