{"id":95828,"date":"2022-12-30T23:19:29","date_gmt":"2022-12-30T22:19:29","guid":{"rendered":"https:\/\/www.copealcoy.es\/?p=95828"},"modified":"2022-12-30T23:33:46","modified_gmt":"2022-12-30T22:33:46","slug":"fundacion-mutua-de-levante-tambe-acull-un-betlem-en-alcoi-durant-aquest-nadal","status":"publish","type":"post","link":"https:\/\/www.copealcoy.es\/es\/fundacion-mutua-de-levante-tambe-acull-un-betlem-en-alcoi-durant-aquest-nadal\/","title":{"rendered":"Fundaci\u00f3n Mutua de Levante tamb\u00e9 acull un Betlem en Alcoi durant aquest Nadal"},"content":{"rendered":"<p style=\"text-align: justify;\">La Sala Cultural de la\u00a0<span style=\"color: #0000ff;\"><a style=\"color: #0000ff;\" href=\"https:\/\/www.facebook.com\/fundacionmutualevante\"><strong><span class=\"hiddenSpellError\">Fundaci\u00f3n<\/span>\u00a0<span class=\"hiddenSpellError\">Mutua<\/span>\u00a0de\u00a0<span class=\"hiddenSpellError\">Levante<\/span>\u00a0<\/strong><\/a><\/span>acull en la pla\u00e7a d&#8217;Espanya <strong>un singular Betlem<\/strong> que <strong>tamb\u00e9 est\u00e0 rebent moltes visites durant aquest Nadal<\/strong>. El mateix<strong> fou inaugurat a principis de desembre<\/strong> i el podrem visitar\u00a0fins al dia 4 de gener.<\/p>\n<p style=\"text-align: justify;\">L&#8217;esmentat conjunt <strong>ha sigut muntat per l&#8217;Associaci\u00f3 Betlemista de Santa Rosa<\/strong> i en el mateix trobem <strong>les habituals escenes relacionades amb el naixement de Jesucrist<\/strong> que recordem durant aquests dies festius. En aquest sentit destaquen <strong>les representacions<\/strong> de la fugida a Egipte, l&#8217;adoraci\u00f3 dels pastors al Jesuset acabat de n\u00e0ixer o l&#8217;arribada de Melcior, Gaspar i Baltasar procedents del lluny\u00e0 Orient.<\/p>\n<p style=\"text-align: justify;\">Cal recordar que l&#8217;Associaci\u00f3 Betlemista de Santa Rosa ha preparat un altre any un ample vental de propostes amb motiu de Nadal entre les quals destaca la cl\u00e0ssica <strong>mostra de Betlems. <\/strong>En aquest sentit recordem que a la ciutat d&#8217;Alcoi podem veure quatre representacions. La primera la trobem dins de la <strong>Parr\u00f2quia de Santa Maria<\/strong>, i fou inaugurada el dissabte 3 de desembre\u00a0 amb la participaci\u00f3 del Grup de Danses Carrascal, mentre que des del dia 9 de desembre podem gaudir del Betlem que han muntat al <strong><span class=\"hiddenSpellError\">C\u00edrculo<\/span>\u00a0Industrial<\/strong>. El cl\u00e0ssic<strong>\u00a0Betlem Parroquial de Santa Rosa<\/strong>, que arriba a la XXVI edici\u00f3, tornat a estar situat enguany a les oficines de Caixa Ontinyent i fou bene\u00eft el dia de La Pur\u00edssima a migdia com mana la tradici\u00f3. Per \u00faltim, el mateix 9 de desembre, va obrir les seues portes el Betlem que l\u2019Associaci\u00f3 Betlemista de Santa Rosa ha planta a les oficines de la <strong><span class=\"hiddenSpellError\">Fundaci\u00f3n<\/span>\u00a0<span class=\"hiddenSpellError\">Mutua<\/span>\u00a0de\u00a0<span class=\"hiddenSpellError\">Levante<\/span><\/strong> de la Pla\u00e7a d\u2019Espanya. A tot a\u00e7\u00f2 se li suma el pesebre de Santa Rosa que es va muntar el 21 de desembre, abans dels dies grans de Nadal.<\/p>\n<p style=\"text-align: justify;\">Finalment <a href=\"https:\/\/www.facebook.com\/BelenSantaRosaAlcoy\"><span style=\"color: #0000ff;\"><strong>l&#8217;Associaci\u00f3 Betlemista de Santa Rosa<\/strong><\/span><\/a> ha organitzat <strong>una nova edici\u00f3 del Concurs de Betlems<\/strong>. Els premis als guanyadors es faran p\u00fablics en una gala prevista per al 13 de gener en Fundaci\u00f3n Mutua de Levante a partir de les 18:00h.<\/p>\n<div id='gallery-1' class='gallery galleryid-95828 gallery-columns-2 gallery-size-full'><figure class='gallery-item'>\n\t\t\t<div class='gallery-icon landscape'>\n\t\t\t\t<a href='https:\/\/www.copealcoy.es\/es\/fundacion-mutua-de-levante-tambe-acull-un-betlem-en-alcoi-durant-aquest-nadal\/319631359_522875386546702_3297993260133470359_n\/'><img loading=\"lazy\" decoding=\"async\" width=\"1620\" height=\"1080\" src=\"https:\/\/www.copealcoy.es\/wp-content\/uploads\/2022\/12\/319631359_522875386546702_3297993260133470359_n-scaled.jpg\" class=\"attachment-full size-full\" alt=\"\" aria-describedby=\"gallery-1-95836\" srcset=\"https:\/\/www.copealcoy.es\/wp-content\/uploads\/2022\/12\/319631359_522875386546702_3297993260133470359_n-scaled.jpg 1620w, https:\/\/www.copealcoy.es\/wp-content\/uploads\/2022\/12\/319631359_522875386546702_3297993260133470359_n-768x512.jpg 768w, https:\/\/www.copealcoy.es\/wp-content\/uploads\/2022\/12\/319631359_522875386546702_3297993260133470359_n-1536x1024.jpg 1536w, https:\/\/www.copealcoy.es\/wp-content\/uploads\/2022\/12\/319631359_522875386546702_3297993260133470359_n-300x200.jpg 300w, https:\/\/www.copealcoy.es\/wp-content\/uploads\/2022\/12\/319631359_522875386546702_3297993260133470359_n-600x400.jpg 600w, https:\/\/www.copealcoy.es\/wp-content\/uploads\/2022\/12\/319631359_522875386546702_3297993260133470359_n-1200x800.jpg 1200w\" sizes=\"auto, (max-width: 1620px) 100vw, 1620px\" \/><\/a>\n\t\t\t<\/div>\n\t\t\t\t<figcaption class='wp-caption-text gallery-caption' id='gallery-1-95836'>\n\t\t\t\tBetlem Fundaci\u00f3n Mutua de Levante 2022\n\t\t\t\t<\/figcaption><\/figure><figure class='gallery-item'>\n\t\t\t<div class='gallery-icon landscape'>\n\t\t\t\t<a href='https:\/\/www.copealcoy.es\/es\/fundacion-mutua-de-levante-tambe-acull-un-betlem-en-alcoi-durant-aquest-nadal\/319818917_522875409880033_5623526726622208124_n\/'><img loading=\"lazy\" decoding=\"async\" width=\"1620\" height=\"1080\" src=\"https:\/\/www.copealcoy.es\/wp-content\/uploads\/2022\/12\/319818917_522875409880033_5623526726622208124_n-scaled.jpg\" class=\"attachment-full size-full\" alt=\"\" aria-describedby=\"gallery-1-95833\" srcset=\"https:\/\/www.copealcoy.es\/wp-content\/uploads\/2022\/12\/319818917_522875409880033_5623526726622208124_n-scaled.jpg 1620w, https:\/\/www.copealcoy.es\/wp-content\/uploads\/2022\/12\/319818917_522875409880033_5623526726622208124_n-768x512.jpg 768w, https:\/\/www.copealcoy.es\/wp-content\/uploads\/2022\/12\/319818917_522875409880033_5623526726622208124_n-1536x1024.jpg 1536w, https:\/\/www.copealcoy.es\/wp-content\/uploads\/2022\/12\/319818917_522875409880033_5623526726622208124_n-300x200.jpg 300w, https:\/\/www.copealcoy.es\/wp-content\/uploads\/2022\/12\/319818917_522875409880033_5623526726622208124_n-600x400.jpg 600w, https:\/\/www.copealcoy.es\/wp-content\/uploads\/2022\/12\/319818917_522875409880033_5623526726622208124_n-1200x800.jpg 1200w\" sizes=\"auto, (max-width: 1620px) 100vw, 1620px\" \/><\/a>\n\t\t\t<\/div>\n\t\t\t\t<figcaption class='wp-caption-text gallery-caption' id='gallery-1-95833'>\n\t\t\t\tBetlem Fundaci\u00f3n Mutua de Levante 2022\n\t\t\t\t<\/figcaption><\/figure><figure class='gallery-item'>\n\t\t\t<div class='gallery-icon landscape'>\n\t\t\t\t<a href='https:\/\/www.copealcoy.es\/es\/fundacion-mutua-de-levante-tambe-acull-un-betlem-en-alcoi-durant-aquest-nadal\/319626020_522875383213369_3074374260238393076_n\/'><img loading=\"lazy\" decoding=\"async\" width=\"1620\" height=\"1080\" src=\"https:\/\/www.copealcoy.es\/wp-content\/uploads\/2022\/12\/319626020_522875383213369_3074374260238393076_n-scaled.jpg\" class=\"attachment-full size-full\" alt=\"\" aria-describedby=\"gallery-1-95832\" srcset=\"https:\/\/www.copealcoy.es\/wp-content\/uploads\/2022\/12\/319626020_522875383213369_3074374260238393076_n-scaled.jpg 1620w, https:\/\/www.copealcoy.es\/wp-content\/uploads\/2022\/12\/319626020_522875383213369_3074374260238393076_n-768x512.jpg 768w, https:\/\/www.copealcoy.es\/wp-content\/uploads\/2022\/12\/319626020_522875383213369_3074374260238393076_n-1536x1024.jpg 1536w, https:\/\/www.copealcoy.es\/wp-content\/uploads\/2022\/12\/319626020_522875383213369_3074374260238393076_n-300x200.jpg 300w, https:\/\/www.copealcoy.es\/wp-content\/uploads\/2022\/12\/319626020_522875383213369_3074374260238393076_n-600x400.jpg 600w, https:\/\/www.copealcoy.es\/wp-content\/uploads\/2022\/12\/319626020_522875383213369_3074374260238393076_n-1200x800.jpg 1200w\" sizes=\"auto, (max-width: 1620px) 100vw, 1620px\" \/><\/a>\n\t\t\t<\/div>\n\t\t\t\t<figcaption class='wp-caption-text gallery-caption' id='gallery-1-95832'>\n\t\t\t\tBetlem Fundaci\u00f3n Mutua de Levante 2022\n\t\t\t\t<\/figcaption><\/figure><figure class='gallery-item'>\n\t\t\t<div class='gallery-icon landscape'>\n\t\t\t\t<a href='https:\/\/www.copealcoy.es\/es\/fundacion-mutua-de-levante-tambe-acull-un-betlem-en-alcoi-durant-aquest-nadal\/318337571_522875366546704_3082679672233059704_n\/'><img loading=\"lazy\" decoding=\"async\" width=\"1620\" height=\"1080\" src=\"https:\/\/www.copealcoy.es\/wp-content\/uploads\/2022\/12\/318337571_522875366546704_3082679672233059704_n-scaled.jpg\" class=\"attachment-full size-full\" alt=\"\" aria-describedby=\"gallery-1-95831\" srcset=\"https:\/\/www.copealcoy.es\/wp-content\/uploads\/2022\/12\/318337571_522875366546704_3082679672233059704_n-scaled.jpg 1620w, https:\/\/www.copealcoy.es\/wp-content\/uploads\/2022\/12\/318337571_522875366546704_3082679672233059704_n-768x512.jpg 768w, https:\/\/www.copealcoy.es\/wp-content\/uploads\/2022\/12\/318337571_522875366546704_3082679672233059704_n-1536x1024.jpg 1536w, https:\/\/www.copealcoy.es\/wp-content\/uploads\/2022\/12\/318337571_522875366546704_3082679672233059704_n-300x200.jpg 300w, https:\/\/www.copealcoy.es\/wp-content\/uploads\/2022\/12\/318337571_522875366546704_3082679672233059704_n-600x400.jpg 600w, https:\/\/www.copealcoy.es\/wp-content\/uploads\/2022\/12\/318337571_522875366546704_3082679672233059704_n-1200x800.jpg 1200w\" sizes=\"auto, (max-width: 1620px) 100vw, 1620px\" \/><\/a>\n\t\t\t<\/div>\n\t\t\t\t<figcaption class='wp-caption-text gallery-caption' id='gallery-1-95831'>\n\t\t\t\tBetlem Fundaci\u00f3n Mutua de Levante 2022\n\t\t\t\t<\/figcaption><\/figure><figure class='gallery-item'>\n\t\t\t<div class='gallery-icon landscape'>\n\t\t\t\t<a href='https:\/\/www.copealcoy.es\/es\/fundacion-mutua-de-levante-tambe-acull-un-betlem-en-alcoi-durant-aquest-nadal\/319195652_521713316657066_8980357132176676577_n\/'><img loading=\"lazy\" decoding=\"async\" width=\"1024\" height=\"768\" src=\"https:\/\/www.copealcoy.es\/wp-content\/uploads\/2022\/12\/319195652_521713316657066_8980357132176676577_n.jpg\" class=\"attachment-full size-full\" alt=\"\" aria-describedby=\"gallery-1-95830\" srcset=\"https:\/\/www.copealcoy.es\/wp-content\/uploads\/2022\/12\/319195652_521713316657066_8980357132176676577_n.jpg 1024w, https:\/\/www.copealcoy.es\/wp-content\/uploads\/2022\/12\/319195652_521713316657066_8980357132176676577_n-768x576.jpg 768w\" sizes=\"auto, (max-width: 1024px) 100vw, 1024px\" \/><\/a>\n\t\t\t<\/div>\n\t\t\t\t<figcaption class='wp-caption-text gallery-caption' id='gallery-1-95830'>\n\t\t\t\tBetlem Fundaci\u00f3n Mutua de Levante 2022\n\t\t\t\t<\/figcaption><\/figure><figure class='gallery-item'>\n\t\t\t<div class='gallery-icon landscape'>\n\t\t\t\t<a href='https:\/\/www.copealcoy.es\/es\/fundacion-mutua-de-levante-tambe-acull-un-betlem-en-alcoi-durant-aquest-nadal\/319217936_521713443323720_5121745139064003409_n\/'><img loading=\"lazy\" decoding=\"async\" width=\"1024\" height=\"768\" src=\"https:\/\/www.copealcoy.es\/wp-content\/uploads\/2022\/12\/319217936_521713443323720_5121745139064003409_n.jpg\" class=\"attachment-full size-full\" alt=\"\" aria-describedby=\"gallery-1-95829\" srcset=\"https:\/\/www.copealcoy.es\/wp-content\/uploads\/2022\/12\/319217936_521713443323720_5121745139064003409_n.jpg 1024w, https:\/\/www.copealcoy.es\/wp-content\/uploads\/2022\/12\/319217936_521713443323720_5121745139064003409_n-768x576.jpg 768w\" sizes=\"auto, (max-width: 1024px) 100vw, 1024px\" \/><\/a>\n\t\t\t<\/div>\n\t\t\t\t<figcaption class='wp-caption-text gallery-caption' id='gallery-1-95829'>\n\t\t\t\tBetlem Fundaci\u00f3n Mutua de Levante 2022\n\t\t\t\t<\/figcaption><\/figure>\n\t\t<\/div>\n\n","protected":false},"excerpt":{"rendered":"<p>La Sala Cultural de la\u00a0Fundaci\u00f3n\u00a0Mutua\u00a0de\u00a0Levante\u00a0acull en la pla\u00e7a d&#8217;Espanya un singular Betlem que tamb\u00e9 est\u00e0 rebent moltes visites durant aquest&#8230;<\/p>\n","protected":false},"author":1,"featured_media":95831,"comment_status":"open","ping_status":"open","sticky":false,"template":"","format":"standard","meta":{"footnotes":""},"categories":[6909,97,78,75],"tags":[160,12160,1743,11771,12175],"class_list":["post-95828","post","type-post","status-publish","format-standard","has-post-thumbnail","hentry","category-actualidad","category-alcoy","category-fiestaycultura","category-noticias","tag-alcoi","tag-betlem","tag-fundacion","tag-mutua-de-levante","tag-sala-cultural"],"yoast_head":"<!-- This site is optimized with the Yoast SEO plugin v27.3 - https:\/\/yoast.com\/product\/yoast-seo-wordpress\/ -->\n<title>Fundaci\u00f3n Mutua de Levante tamb\u00e9 acull un Betlem en Alcoi durant aquest Nadal - COPE Alcoy<\/title>\n<meta name=\"description\" content=\"La Sala Cultural de la\u00a0Fundaci\u00f3n\u00a0Mutua\u00a0de\u00a0Levante\u00a0acull en la pla\u00e7a d&#039;Espanya un singular Betlem que tamb\u00e9 est\u00e0 rebent moltes visites\" \/>\n<meta name=\"robots\" content=\"index, follow, max-snippet:-1, max-image-preview:large, max-video-preview:-1\" \/>\n<link rel=\"canonical\" href=\"https:\/\/www.copealcoy.es\/es\/fundacion-mutua-de-levante-tambe-acull-un-betlem-en-alcoi-durant-aquest-nadal\/\" \/>\n<meta property=\"og:locale\" content=\"es_ES\" \/>\n<meta property=\"og:type\" content=\"article\" \/>\n<meta property=\"og:title\" content=\"Fundaci\u00f3n Mutua de Levante tamb\u00e9 acull un Betlem en Alcoi durant aquest Nadal - COPE Alcoy\" \/>\n<meta property=\"og:description\" content=\"La Sala Cultural de la\u00a0Fundaci\u00f3n\u00a0Mutua\u00a0de\u00a0Levante\u00a0acull en la pla\u00e7a d&#039;Espanya un singular Betlem que tamb\u00e9 est\u00e0 rebent moltes visites\" \/>\n<meta property=\"og:url\" content=\"https:\/\/www.copealcoy.es\/es\/fundacion-mutua-de-levante-tambe-acull-un-betlem-en-alcoi-durant-aquest-nadal\/\" \/>\n<meta property=\"og:site_name\" content=\"COPE Alcoy\" \/>\n<meta property=\"article:published_time\" content=\"2022-12-30T22:19:29+00:00\" \/>\n<meta property=\"article:modified_time\" content=\"2022-12-30T22:33:46+00:00\" \/>\n<meta property=\"og:image\" content=\"https:\/\/www.copealcoy.es\/wp-content\/uploads\/2022\/12\/318337571_522875366546704_3082679672233059704_n-scaled.jpg\" \/>\n\t<meta property=\"og:image:width\" content=\"1620\" \/>\n\t<meta property=\"og:image:height\" content=\"1080\" \/>\n\t<meta property=\"og:image:type\" content=\"image\/jpeg\" \/>\n<meta name=\"author\" content=\"Cope Alcoy\" \/>\n<meta name=\"twitter:label1\" content=\"Escrito por\" \/>\n\t<meta name=\"twitter:data1\" content=\"Cope Alcoy\" \/>\n\t<meta name=\"twitter:label2\" content=\"Tiempo de lectura\" \/>\n\t<meta name=\"twitter:data2\" content=\"2 minutos\" \/>\n<script type=\"application\/ld+json\" class=\"yoast-schema-graph\">{\"@context\":\"https:\\\/\\\/schema.org\",\"@graph\":[{\"@type\":\"Article\",\"@id\":\"https:\\\/\\\/www.copealcoy.es\\\/es\\\/fundacion-mutua-de-levante-tambe-acull-un-betlem-en-alcoi-durant-aquest-nadal\\\/#article\",\"isPartOf\":{\"@id\":\"https:\\\/\\\/www.copealcoy.es\\\/es\\\/fundacion-mutua-de-levante-tambe-acull-un-betlem-en-alcoi-durant-aquest-nadal\\\/\"},\"author\":{\"name\":\"Cope Alcoy\",\"@id\":\"https:\\\/\\\/www.copealcoy.es\\\/es\\\/#\\\/schema\\\/person\\\/e777c87fa024e57d40170af9df39882c\"},\"headline\":\"Fundaci\u00f3n Mutua de Levante tamb\u00e9 acull un Betlem en Alcoi durant aquest Nadal\",\"datePublished\":\"2022-12-30T22:19:29+00:00\",\"dateModified\":\"2022-12-30T22:33:46+00:00\",\"mainEntityOfPage\":{\"@id\":\"https:\\\/\\\/www.copealcoy.es\\\/es\\\/fundacion-mutua-de-levante-tambe-acull-un-betlem-en-alcoi-durant-aquest-nadal\\\/\"},\"wordCount\":369,\"commentCount\":0,\"image\":{\"@id\":\"https:\\\/\\\/www.copealcoy.es\\\/es\\\/fundacion-mutua-de-levante-tambe-acull-un-betlem-en-alcoi-durant-aquest-nadal\\\/#primaryimage\"},\"thumbnailUrl\":\"https:\\\/\\\/www.copealcoy.es\\\/wp-content\\\/uploads\\\/2022\\\/12\\\/318337571_522875366546704_3082679672233059704_n-scaled.jpg\",\"keywords\":[\"Alcoi\",\"Betlem\",\"Fundaci\u00f3n\",\"Mutua de Levante\",\"sala cultural\"],\"articleSection\":[\"Actualidad\",\"Alcoy\",\"Fiesta y Cultura\",\"Noticias\"],\"inLanguage\":\"es\"},{\"@type\":\"WebPage\",\"@id\":\"https:\\\/\\\/www.copealcoy.es\\\/es\\\/fundacion-mutua-de-levante-tambe-acull-un-betlem-en-alcoi-durant-aquest-nadal\\\/\",\"url\":\"https:\\\/\\\/www.copealcoy.es\\\/es\\\/fundacion-mutua-de-levante-tambe-acull-un-betlem-en-alcoi-durant-aquest-nadal\\\/\",\"name\":\"Fundaci\u00f3n Mutua de Levante tamb\u00e9 acull un Betlem en Alcoi durant aquest Nadal - COPE Alcoy\",\"isPartOf\":{\"@id\":\"https:\\\/\\\/www.copealcoy.es\\\/es\\\/#website\"},\"primaryImageOfPage\":{\"@id\":\"https:\\\/\\\/www.copealcoy.es\\\/es\\\/fundacion-mutua-de-levante-tambe-acull-un-betlem-en-alcoi-durant-aquest-nadal\\\/#primaryimage\"},\"image\":{\"@id\":\"https:\\\/\\\/www.copealcoy.es\\\/es\\\/fundacion-mutua-de-levante-tambe-acull-un-betlem-en-alcoi-durant-aquest-nadal\\\/#primaryimage\"},\"thumbnailUrl\":\"https:\\\/\\\/www.copealcoy.es\\\/wp-content\\\/uploads\\\/2022\\\/12\\\/318337571_522875366546704_3082679672233059704_n-scaled.jpg\",\"datePublished\":\"2022-12-30T22:19:29+00:00\",\"dateModified\":\"2022-12-30T22:33:46+00:00\",\"author\":{\"@id\":\"https:\\\/\\\/www.copealcoy.es\\\/es\\\/#\\\/schema\\\/person\\\/e777c87fa024e57d40170af9df39882c\"},\"description\":\"La Sala Cultural de la\u00a0Fundaci\u00f3n\u00a0Mutua\u00a0de\u00a0Levante\u00a0acull en la pla\u00e7a d'Espanya un singular Betlem que tamb\u00e9 est\u00e0 rebent moltes visites\",\"breadcrumb\":{\"@id\":\"https:\\\/\\\/www.copealcoy.es\\\/es\\\/fundacion-mutua-de-levante-tambe-acull-un-betlem-en-alcoi-durant-aquest-nadal\\\/#breadcrumb\"},\"inLanguage\":\"es\",\"potentialAction\":[{\"@type\":\"ReadAction\",\"target\":[\"https:\\\/\\\/www.copealcoy.es\\\/es\\\/fundacion-mutua-de-levante-tambe-acull-un-betlem-en-alcoi-durant-aquest-nadal\\\/\"]}]},{\"@type\":\"ImageObject\",\"inLanguage\":\"es\",\"@id\":\"https:\\\/\\\/www.copealcoy.es\\\/es\\\/fundacion-mutua-de-levante-tambe-acull-un-betlem-en-alcoi-durant-aquest-nadal\\\/#primaryimage\",\"url\":\"https:\\\/\\\/www.copealcoy.es\\\/wp-content\\\/uploads\\\/2022\\\/12\\\/318337571_522875366546704_3082679672233059704_n-scaled.jpg\",\"contentUrl\":\"https:\\\/\\\/www.copealcoy.es\\\/wp-content\\\/uploads\\\/2022\\\/12\\\/318337571_522875366546704_3082679672233059704_n-scaled.jpg\",\"width\":1620,\"height\":1080,\"caption\":\"Betlem Fundaci\u00f3n Mutua de Levante 2022\"},{\"@type\":\"BreadcrumbList\",\"@id\":\"https:\\\/\\\/www.copealcoy.es\\\/es\\\/fundacion-mutua-de-levante-tambe-acull-un-betlem-en-alcoi-durant-aquest-nadal\\\/#breadcrumb\",\"itemListElement\":[{\"@type\":\"ListItem\",\"position\":1,\"name\":\"Portada\",\"item\":\"https:\\\/\\\/www.copealcoy.es\\\/es\\\/\"},{\"@type\":\"ListItem\",\"position\":2,\"name\":\"Fundaci\u00f3n Mutua de Levante tamb\u00e9 acull un Betlem en Alcoi durant aquest Nadal\"}]},{\"@type\":\"WebSite\",\"@id\":\"https:\\\/\\\/www.copealcoy.es\\\/es\\\/#website\",\"url\":\"https:\\\/\\\/www.copealcoy.es\\\/es\\\/\",\"name\":\"COPE Alcoy\",\"description\":\"Emisora COPE de radio local con emisi\u00f3n online. Pont de Sant Jordi 8-10 03803 Alcoy\",\"potentialAction\":[{\"@type\":\"SearchAction\",\"target\":{\"@type\":\"EntryPoint\",\"urlTemplate\":\"https:\\\/\\\/www.copealcoy.es\\\/es\\\/?s={search_term_string}\"},\"query-input\":{\"@type\":\"PropertyValueSpecification\",\"valueRequired\":true,\"valueName\":\"search_term_string\"}}],\"inLanguage\":\"es\"},{\"@type\":\"Person\",\"@id\":\"https:\\\/\\\/www.copealcoy.es\\\/es\\\/#\\\/schema\\\/person\\\/e777c87fa024e57d40170af9df39882c\",\"name\":\"Cope Alcoy\",\"image\":{\"@type\":\"ImageObject\",\"inLanguage\":\"es\",\"@id\":\"https:\\\/\\\/secure.gravatar.com\\\/avatar\\\/bb65d0283347e303893ba14f0692005417c1e0e690a325a4c5d8bb2b3943ee14?s=96&d=mm&r=g\",\"url\":\"https:\\\/\\\/secure.gravatar.com\\\/avatar\\\/bb65d0283347e303893ba14f0692005417c1e0e690a325a4c5d8bb2b3943ee14?s=96&d=mm&r=g\",\"contentUrl\":\"https:\\\/\\\/secure.gravatar.com\\\/avatar\\\/bb65d0283347e303893ba14f0692005417c1e0e690a325a4c5d8bb2b3943ee14?s=96&d=mm&r=g\",\"caption\":\"Cope Alcoy\"}}]}<\/script>\n<!-- \/ Yoast SEO plugin. -->","yoast_head_json":{"title":"Fundaci\u00f3n Mutua de Levante tamb\u00e9 acull un Betlem en Alcoi durant aquest Nadal - COPE Alcoy","description":"La Sala Cultural de la\u00a0Fundaci\u00f3n\u00a0Mutua\u00a0de\u00a0Levante\u00a0acull en la pla\u00e7a d'Espanya un singular Betlem que tamb\u00e9 est\u00e0 rebent moltes visites","robots":{"index":"index","follow":"follow","max-snippet":"max-snippet:-1","max-image-preview":"max-image-preview:large","max-video-preview":"max-video-preview:-1"},"canonical":"https:\/\/www.copealcoy.es\/es\/fundacion-mutua-de-levante-tambe-acull-un-betlem-en-alcoi-durant-aquest-nadal\/","og_locale":"es_ES","og_type":"article","og_title":"Fundaci\u00f3n Mutua de Levante tamb\u00e9 acull un Betlem en Alcoi durant aquest Nadal - COPE Alcoy","og_description":"La Sala Cultural de la\u00a0Fundaci\u00f3n\u00a0Mutua\u00a0de\u00a0Levante\u00a0acull en la pla\u00e7a d'Espanya un singular Betlem que tamb\u00e9 est\u00e0 rebent moltes visites","og_url":"https:\/\/www.copealcoy.es\/es\/fundacion-mutua-de-levante-tambe-acull-un-betlem-en-alcoi-durant-aquest-nadal\/","og_site_name":"COPE Alcoy","article_published_time":"2022-12-30T22:19:29+00:00","article_modified_time":"2022-12-30T22:33:46+00:00","og_image":[{"width":1620,"height":1080,"url":"https:\/\/www.copealcoy.es\/wp-content\/uploads\/2022\/12\/318337571_522875366546704_3082679672233059704_n-scaled.jpg","type":"image\/jpeg"}],"author":"Cope Alcoy","twitter_misc":{"Escrito por":"Cope Alcoy","Tiempo de lectura":"2 minutos"},"schema":{"@context":"https:\/\/schema.org","@graph":[{"@type":"Article","@id":"https:\/\/www.copealcoy.es\/es\/fundacion-mutua-de-levante-tambe-acull-un-betlem-en-alcoi-durant-aquest-nadal\/#article","isPartOf":{"@id":"https:\/\/www.copealcoy.es\/es\/fundacion-mutua-de-levante-tambe-acull-un-betlem-en-alcoi-durant-aquest-nadal\/"},"author":{"name":"Cope Alcoy","@id":"https:\/\/www.copealcoy.es\/es\/#\/schema\/person\/e777c87fa024e57d40170af9df39882c"},"headline":"Fundaci\u00f3n Mutua de Levante tamb\u00e9 acull un Betlem en Alcoi durant aquest Nadal","datePublished":"2022-12-30T22:19:29+00:00","dateModified":"2022-12-30T22:33:46+00:00","mainEntityOfPage":{"@id":"https:\/\/www.copealcoy.es\/es\/fundacion-mutua-de-levante-tambe-acull-un-betlem-en-alcoi-durant-aquest-nadal\/"},"wordCount":369,"commentCount":0,"image":{"@id":"https:\/\/www.copealcoy.es\/es\/fundacion-mutua-de-levante-tambe-acull-un-betlem-en-alcoi-durant-aquest-nadal\/#primaryimage"},"thumbnailUrl":"https:\/\/www.copealcoy.es\/wp-content\/uploads\/2022\/12\/318337571_522875366546704_3082679672233059704_n-scaled.jpg","keywords":["Alcoi","Betlem","Fundaci\u00f3n","Mutua de Levante","sala cultural"],"articleSection":["Actualidad","Alcoy","Fiesta y Cultura","Noticias"],"inLanguage":"es"},{"@type":"WebPage","@id":"https:\/\/www.copealcoy.es\/es\/fundacion-mutua-de-levante-tambe-acull-un-betlem-en-alcoi-durant-aquest-nadal\/","url":"https:\/\/www.copealcoy.es\/es\/fundacion-mutua-de-levante-tambe-acull-un-betlem-en-alcoi-durant-aquest-nadal\/","name":"Fundaci\u00f3n Mutua de Levante tamb\u00e9 acull un Betlem en Alcoi durant aquest Nadal - COPE Alcoy","isPartOf":{"@id":"https:\/\/www.copealcoy.es\/es\/#website"},"primaryImageOfPage":{"@id":"https:\/\/www.copealcoy.es\/es\/fundacion-mutua-de-levante-tambe-acull-un-betlem-en-alcoi-durant-aquest-nadal\/#primaryimage"},"image":{"@id":"https:\/\/www.copealcoy.es\/es\/fundacion-mutua-de-levante-tambe-acull-un-betlem-en-alcoi-durant-aquest-nadal\/#primaryimage"},"thumbnailUrl":"https:\/\/www.copealcoy.es\/wp-content\/uploads\/2022\/12\/318337571_522875366546704_3082679672233059704_n-scaled.jpg","datePublished":"2022-12-30T22:19:29+00:00","dateModified":"2022-12-30T22:33:46+00:00","author":{"@id":"https:\/\/www.copealcoy.es\/es\/#\/schema\/person\/e777c87fa024e57d40170af9df39882c"},"description":"La Sala Cultural de la\u00a0Fundaci\u00f3n\u00a0Mutua\u00a0de\u00a0Levante\u00a0acull en la pla\u00e7a d'Espanya un singular Betlem que tamb\u00e9 est\u00e0 rebent moltes visites","breadcrumb":{"@id":"https:\/\/www.copealcoy.es\/es\/fundacion-mutua-de-levante-tambe-acull-un-betlem-en-alcoi-durant-aquest-nadal\/#breadcrumb"},"inLanguage":"es","potentialAction":[{"@type":"ReadAction","target":["https:\/\/www.copealcoy.es\/es\/fundacion-mutua-de-levante-tambe-acull-un-betlem-en-alcoi-durant-aquest-nadal\/"]}]},{"@type":"ImageObject","inLanguage":"es","@id":"https:\/\/www.copealcoy.es\/es\/fundacion-mutua-de-levante-tambe-acull-un-betlem-en-alcoi-durant-aquest-nadal\/#primaryimage","url":"https:\/\/www.copealcoy.es\/wp-content\/uploads\/2022\/12\/318337571_522875366546704_3082679672233059704_n-scaled.jpg","contentUrl":"https:\/\/www.copealcoy.es\/wp-content\/uploads\/2022\/12\/318337571_522875366546704_3082679672233059704_n-scaled.jpg","width":1620,"height":1080,"caption":"Betlem Fundaci\u00f3n Mutua de Levante 2022"},{"@type":"BreadcrumbList","@id":"https:\/\/www.copealcoy.es\/es\/fundacion-mutua-de-levante-tambe-acull-un-betlem-en-alcoi-durant-aquest-nadal\/#breadcrumb","itemListElement":[{"@type":"ListItem","position":1,"name":"Portada","item":"https:\/\/www.copealcoy.es\/es\/"},{"@type":"ListItem","position":2,"name":"Fundaci\u00f3n Mutua de Levante tamb\u00e9 acull un Betlem en Alcoi durant aquest Nadal"}]},{"@type":"WebSite","@id":"https:\/\/www.copealcoy.es\/es\/#website","url":"https:\/\/www.copealcoy.es\/es\/","name":"COPE Alcoy","description":"Emisora COPE de radio local con emisi\u00f3n online. Pont de Sant Jordi 8-10 03803 Alcoy","potentialAction":[{"@type":"SearchAction","target":{"@type":"EntryPoint","urlTemplate":"https:\/\/www.copealcoy.es\/es\/?s={search_term_string}"},"query-input":{"@type":"PropertyValueSpecification","valueRequired":true,"valueName":"search_term_string"}}],"inLanguage":"es"},{"@type":"Person","@id":"https:\/\/www.copealcoy.es\/es\/#\/schema\/person\/e777c87fa024e57d40170af9df39882c","name":"Cope Alcoy","image":{"@type":"ImageObject","inLanguage":"es","@id":"https:\/\/secure.gravatar.com\/avatar\/bb65d0283347e303893ba14f0692005417c1e0e690a325a4c5d8bb2b3943ee14?s=96&d=mm&r=g","url":"https:\/\/secure.gravatar.com\/avatar\/bb65d0283347e303893ba14f0692005417c1e0e690a325a4c5d8bb2b3943ee14?s=96&d=mm&r=g","contentUrl":"https:\/\/secure.gravatar.com\/avatar\/bb65d0283347e303893ba14f0692005417c1e0e690a325a4c5d8bb2b3943ee14?s=96&d=mm&r=g","caption":"Cope Alcoy"}}]}},"_links":{"self":[{"href":"https:\/\/www.copealcoy.es\/es\/wp-json\/wp\/v2\/posts\/95828","targetHints":{"allow":["GET"]}}],"collection":[{"href":"https:\/\/www.copealcoy.es\/es\/wp-json\/wp\/v2\/posts"}],"about":[{"href":"https:\/\/www.copealcoy.es\/es\/wp-json\/wp\/v2\/types\/post"}],"author":[{"embeddable":true,"href":"https:\/\/www.copealcoy.es\/es\/wp-json\/wp\/v2\/users\/1"}],"replies":[{"embeddable":true,"href":"https:\/\/www.copealcoy.es\/es\/wp-json\/wp\/v2\/comments?post=95828"}],"version-history":[{"count":0,"href":"https:\/\/www.copealcoy.es\/es\/wp-json\/wp\/v2\/posts\/95828\/revisions"}],"wp:featuredmedia":[{"embeddable":true,"href":"https:\/\/www.copealcoy.es\/es\/wp-json\/wp\/v2\/media\/95831"}],"wp:attachment":[{"href":"https:\/\/www.copealcoy.es\/es\/wp-json\/wp\/v2\/media?parent=95828"}],"wp:term":[{"taxonomy":"category","embeddable":true,"href":"https:\/\/www.copealcoy.es\/es\/wp-json\/wp\/v2\/categories?post=95828"},{"taxonomy":"post_tag","embeddable":true,"href":"https:\/\/www.copealcoy.es\/es\/wp-json\/wp\/v2\/tags?post=95828"}],"curies":[{"name":"wp","href":"https:\/\/api.w.org\/{rel}","templated":true}]}}