{"id":95780,"date":"2022-12-29T08:10:34","date_gmt":"2022-12-29T07:10:34","guid":{"rendered":"https:\/\/www.copealcoy.es\/?p=95780"},"modified":"2022-12-29T19:49:16","modified_gmt":"2022-12-29T18:49:16","slug":"ixen-a-concurs-les-obres-per-a-habilitar-laparcament-public-a-la-riba-dalcoi","status":"publish","type":"post","link":"https:\/\/www.copealcoy.es\/es\/ixen-a-concurs-les-obres-per-a-habilitar-laparcament-public-a-la-riba-dalcoi\/","title":{"rendered":"Ixen a concurs les obres per a habilitar l&#8217;aparcament p\u00fablic a La Riba d&#8217;Alcoi"},"content":{"rendered":"<p style=\"text-align: justify;\">Les obres per a<strong> la construcci\u00f3 de l&#8217;aparcament p\u00fablic de La Riba<\/strong> estan cada vegada m\u00e9s a prop despr\u00e9s que <a href=\"https:\/\/www.alcoi.org\/ca\/portal\/index.html\"><strong><span style=\"color: #0000ff;\">l&#8217;Ajuntament d&#8217;Alcoi<\/span> <\/strong><\/a>haja tret a concurs <strong>la primera fase<\/strong> d&#8217;uns treballs que suposaran <strong>la creaci\u00f3 de m\u00e9s de 100 places d&#8217;estacionament<\/strong>. El <strong>pressupost base de licitaci\u00f3<\/strong> \u00e9s de 482.021,50 euros (IVA incl\u00f2s) i <strong>compta amb una subvenci\u00f3 del 90% sobre la base imposable sol\u00b7licitada<\/strong>, dins del Pla de Recuperaci\u00f3, Transformaci\u00f3 i Resili\u00e8ncia finan\u00e7at per la Uni\u00f3 Europea Next Generation.<\/p>\n<p style=\"text-align: justify;\">Aquest aparcament <strong>estar\u00e0 ubicat darrere del carrer Sant Nicolau<\/strong>, entre els carrers La Torre de les Ma\u00e7anes i Sor Elena\u00a0<span class=\"hiddenSpellError\">Picurelli<\/span>, per on s&#8217;accedir\u00e0. Per fer possibles les 100 primeres places; <strong>es proposa un termini de quatre mesos<\/strong> per a executar les obres, a partir que se signe l&#8217;acta de replanteig. Les empreses interessades <strong>poden presentar les ofertes fins al 17 de gener a les 12 hores<\/strong> <span class=\"hiddenGrammarError\">&#8220;<\/span><em>amb aquesta licitaci\u00f3, els tr\u00e0mits per a habilitar l&#8217;aparcament de La Riba entren en la recta final, perqu\u00e8 una vegada es resolga comen\u00e7aran les obres. Es tracta d&#8217;una reivindicaci\u00f3 de ve\u00efns i comerciants del Centre, alhora que millorar\u00e0 la mobilitat i ens permetr\u00e0 complementar i potenciar la zona de baixes emissions en aquest barri<\/em><span class=\"hiddenGrammarError\">\u201d<\/span>, destaca el regidor d&#8217;Urbanisme;<strong> Jordi Mart\u00ednez<\/strong>.<\/p>\n<p style=\"text-align: justify;\">Cal recordar que <strong>el punt on s&#8217;habilitar\u00e0 l&#8217;esmentat aparcament compleix amb un doble objectiu<\/strong>. Per una banda, <strong>dotar d&#8217;estacionament<\/strong> a eixa zona a l&#8217;esquena de Sant Nicolau, per a atendre la demanda existent tant de ve\u00efns i comerciants com de ciutadans que acudeixen a serveis pr\u00f2xims com, per exemple, l\u2019\u00c0gora. Per altre costat <strong>s&#8217;estima que actuar\u00e0 com a aparcament dissuasiu<\/strong> i evitar\u00e0 entrar amb el vehicle als carrers pr\u00f2xims del Centre. L&#8217;Ajuntament <strong>compta amb prop de 10.000 metres quadrats de terreny<\/strong> per a habilitar aquesta infraestructura, que procedeixen del s\u00f2l facilitat per l&#8217;<span class=\"hiddenSpellError\">EVHA<\/span>\u00a0(Entitat Valenciana d&#8217;Habitatge i S\u00f2l) i l&#8217;adquirit pel Consistori el mes de setembre passat.<\/p>\n","protected":false},"excerpt":{"rendered":"<p>Les obres per a la construcci\u00f3 de l&#8217;aparcament p\u00fablic de La Riba estan cada vegada m\u00e9s a prop despr\u00e9s que&#8230;<\/p>\n","protected":false},"author":1,"featured_media":95781,"comment_status":"open","ping_status":"open","sticky":false,"template":"","format":"standard","meta":{"footnotes":""},"categories":[6909,97,75,79],"tags":[160,9937,7859,7768,13653,8125],"class_list":["post-95780","post","type-post","status-publish","format-standard","has-post-thumbnail","hentry","category-actualidad","category-alcoy","category-noticias","category-politicayeconomia","tag-alcoi","tag-aparcament","tag-centre","tag-construccio","tag-estacionament","tag-la-riba"],"yoast_head":"<!-- This site is optimized with the Yoast SEO plugin v27.3 - https:\/\/yoast.com\/product\/yoast-seo-wordpress\/ -->\n<title>Ixen a concurs les obres per a habilitar l&#039;aparcament p\u00fablic a La Riba d&#039;Alcoi - COPE Alcoy<\/title>\n<meta name=\"description\" content=\"Les obres per a la construcci\u00f3 de l&#039;aparcament p\u00fablic de la zona de La Riba d&#039;Alcoi estan cada vegada m\u00e9s a prop\" \/>\n<meta name=\"robots\" content=\"index, follow, max-snippet:-1, max-image-preview:large, max-video-preview:-1\" \/>\n<link rel=\"canonical\" href=\"https:\/\/www.copealcoy.es\/es\/ixen-a-concurs-les-obres-per-a-habilitar-laparcament-public-a-la-riba-dalcoi\/\" \/>\n<meta property=\"og:locale\" content=\"es_ES\" \/>\n<meta property=\"og:type\" content=\"article\" \/>\n<meta property=\"og:title\" content=\"Ixen a concurs les obres per a habilitar l&#039;aparcament p\u00fablic a La Riba d&#039;Alcoi - COPE Alcoy\" \/>\n<meta property=\"og:description\" content=\"Les obres per a la construcci\u00f3 de l&#039;aparcament p\u00fablic de la zona de La Riba d&#039;Alcoi estan cada vegada m\u00e9s a prop\" \/>\n<meta property=\"og:url\" content=\"https:\/\/www.copealcoy.es\/es\/ixen-a-concurs-les-obres-per-a-habilitar-laparcament-public-a-la-riba-dalcoi\/\" \/>\n<meta property=\"og:site_name\" content=\"COPE Alcoy\" \/>\n<meta property=\"article:published_time\" content=\"2022-12-29T07:10:34+00:00\" \/>\n<meta property=\"article:modified_time\" content=\"2022-12-29T18:49:16+00:00\" \/>\n<meta property=\"og:image\" content=\"https:\/\/www.copealcoy.es\/wp-content\/uploads\/2022\/12\/Aparcamiento-de-La-Riba.jpg\" \/>\n\t<meta property=\"og:image:width\" content=\"1013\" \/>\n\t<meta property=\"og:image:height\" content=\"562\" \/>\n\t<meta property=\"og:image:type\" content=\"image\/jpeg\" \/>\n<meta name=\"author\" content=\"Cope Alcoy\" \/>\n<meta name=\"twitter:label1\" content=\"Escrito por\" \/>\n\t<meta name=\"twitter:data1\" content=\"Cope Alcoy\" \/>\n\t<meta name=\"twitter:label2\" content=\"Tiempo de lectura\" \/>\n\t<meta name=\"twitter:data2\" content=\"2 minutos\" \/>\n<script type=\"application\/ld+json\" class=\"yoast-schema-graph\">{\"@context\":\"https:\\\/\\\/schema.org\",\"@graph\":[{\"@type\":\"Article\",\"@id\":\"https:\\\/\\\/www.copealcoy.es\\\/es\\\/ixen-a-concurs-les-obres-per-a-habilitar-laparcament-public-a-la-riba-dalcoi\\\/#article\",\"isPartOf\":{\"@id\":\"https:\\\/\\\/www.copealcoy.es\\\/es\\\/ixen-a-concurs-les-obres-per-a-habilitar-laparcament-public-a-la-riba-dalcoi\\\/\"},\"author\":{\"name\":\"Cope Alcoy\",\"@id\":\"https:\\\/\\\/www.copealcoy.es\\\/es\\\/#\\\/schema\\\/person\\\/e777c87fa024e57d40170af9df39882c\"},\"headline\":\"Ixen a concurs les obres per a habilitar l&#8217;aparcament p\u00fablic a La Riba d&#8217;Alcoi\",\"datePublished\":\"2022-12-29T07:10:34+00:00\",\"dateModified\":\"2022-12-29T18:49:16+00:00\",\"mainEntityOfPage\":{\"@id\":\"https:\\\/\\\/www.copealcoy.es\\\/es\\\/ixen-a-concurs-les-obres-per-a-habilitar-laparcament-public-a-la-riba-dalcoi\\\/\"},\"wordCount\":361,\"commentCount\":0,\"image\":{\"@id\":\"https:\\\/\\\/www.copealcoy.es\\\/es\\\/ixen-a-concurs-les-obres-per-a-habilitar-laparcament-public-a-la-riba-dalcoi\\\/#primaryimage\"},\"thumbnailUrl\":\"https:\\\/\\\/www.copealcoy.es\\\/wp-content\\\/uploads\\\/2022\\\/12\\\/Aparcamiento-de-La-Riba.jpg\",\"keywords\":[\"Alcoi\",\"aparcament\",\"Centre\",\"construcci\u00f3\",\"estacionament\",\"La Riba\"],\"articleSection\":[\"Actualidad\",\"Alcoy\",\"Noticias\",\"Pol\u00edtica y Econom\u00eda\"],\"inLanguage\":\"es\"},{\"@type\":\"WebPage\",\"@id\":\"https:\\\/\\\/www.copealcoy.es\\\/es\\\/ixen-a-concurs-les-obres-per-a-habilitar-laparcament-public-a-la-riba-dalcoi\\\/\",\"url\":\"https:\\\/\\\/www.copealcoy.es\\\/es\\\/ixen-a-concurs-les-obres-per-a-habilitar-laparcament-public-a-la-riba-dalcoi\\\/\",\"name\":\"Ixen a concurs les obres per a habilitar l'aparcament p\u00fablic a La Riba d'Alcoi - COPE Alcoy\",\"isPartOf\":{\"@id\":\"https:\\\/\\\/www.copealcoy.es\\\/es\\\/#website\"},\"primaryImageOfPage\":{\"@id\":\"https:\\\/\\\/www.copealcoy.es\\\/es\\\/ixen-a-concurs-les-obres-per-a-habilitar-laparcament-public-a-la-riba-dalcoi\\\/#primaryimage\"},\"image\":{\"@id\":\"https:\\\/\\\/www.copealcoy.es\\\/es\\\/ixen-a-concurs-les-obres-per-a-habilitar-laparcament-public-a-la-riba-dalcoi\\\/#primaryimage\"},\"thumbnailUrl\":\"https:\\\/\\\/www.copealcoy.es\\\/wp-content\\\/uploads\\\/2022\\\/12\\\/Aparcamiento-de-La-Riba.jpg\",\"datePublished\":\"2022-12-29T07:10:34+00:00\",\"dateModified\":\"2022-12-29T18:49:16+00:00\",\"author\":{\"@id\":\"https:\\\/\\\/www.copealcoy.es\\\/es\\\/#\\\/schema\\\/person\\\/e777c87fa024e57d40170af9df39882c\"},\"description\":\"Les obres per a la construcci\u00f3 de l'aparcament p\u00fablic de la zona de La Riba d'Alcoi estan cada vegada m\u00e9s a prop\",\"breadcrumb\":{\"@id\":\"https:\\\/\\\/www.copealcoy.es\\\/es\\\/ixen-a-concurs-les-obres-per-a-habilitar-laparcament-public-a-la-riba-dalcoi\\\/#breadcrumb\"},\"inLanguage\":\"es\",\"potentialAction\":[{\"@type\":\"ReadAction\",\"target\":[\"https:\\\/\\\/www.copealcoy.es\\\/es\\\/ixen-a-concurs-les-obres-per-a-habilitar-laparcament-public-a-la-riba-dalcoi\\\/\"]}]},{\"@type\":\"ImageObject\",\"inLanguage\":\"es\",\"@id\":\"https:\\\/\\\/www.copealcoy.es\\\/es\\\/ixen-a-concurs-les-obres-per-a-habilitar-laparcament-public-a-la-riba-dalcoi\\\/#primaryimage\",\"url\":\"https:\\\/\\\/www.copealcoy.es\\\/wp-content\\\/uploads\\\/2022\\\/12\\\/Aparcamiento-de-La-Riba.jpg\",\"contentUrl\":\"https:\\\/\\\/www.copealcoy.es\\\/wp-content\\\/uploads\\\/2022\\\/12\\\/Aparcamiento-de-La-Riba.jpg\",\"width\":1013,\"height\":562},{\"@type\":\"BreadcrumbList\",\"@id\":\"https:\\\/\\\/www.copealcoy.es\\\/es\\\/ixen-a-concurs-les-obres-per-a-habilitar-laparcament-public-a-la-riba-dalcoi\\\/#breadcrumb\",\"itemListElement\":[{\"@type\":\"ListItem\",\"position\":1,\"name\":\"Portada\",\"item\":\"https:\\\/\\\/www.copealcoy.es\\\/es\\\/\"},{\"@type\":\"ListItem\",\"position\":2,\"name\":\"Ixen a concurs les obres per a habilitar l&#8217;aparcament p\u00fablic a La Riba d&#8217;Alcoi\"}]},{\"@type\":\"WebSite\",\"@id\":\"https:\\\/\\\/www.copealcoy.es\\\/es\\\/#website\",\"url\":\"https:\\\/\\\/www.copealcoy.es\\\/es\\\/\",\"name\":\"COPE Alcoy\",\"description\":\"Emisora COPE de radio local con emisi\u00f3n online. Pont de Sant Jordi 8-10 03803 Alcoy\",\"potentialAction\":[{\"@type\":\"SearchAction\",\"target\":{\"@type\":\"EntryPoint\",\"urlTemplate\":\"https:\\\/\\\/www.copealcoy.es\\\/es\\\/?s={search_term_string}\"},\"query-input\":{\"@type\":\"PropertyValueSpecification\",\"valueRequired\":true,\"valueName\":\"search_term_string\"}}],\"inLanguage\":\"es\"},{\"@type\":\"Person\",\"@id\":\"https:\\\/\\\/www.copealcoy.es\\\/es\\\/#\\\/schema\\\/person\\\/e777c87fa024e57d40170af9df39882c\",\"name\":\"Cope Alcoy\",\"image\":{\"@type\":\"ImageObject\",\"inLanguage\":\"es\",\"@id\":\"https:\\\/\\\/secure.gravatar.com\\\/avatar\\\/bb65d0283347e303893ba14f0692005417c1e0e690a325a4c5d8bb2b3943ee14?s=96&d=mm&r=g\",\"url\":\"https:\\\/\\\/secure.gravatar.com\\\/avatar\\\/bb65d0283347e303893ba14f0692005417c1e0e690a325a4c5d8bb2b3943ee14?s=96&d=mm&r=g\",\"contentUrl\":\"https:\\\/\\\/secure.gravatar.com\\\/avatar\\\/bb65d0283347e303893ba14f0692005417c1e0e690a325a4c5d8bb2b3943ee14?s=96&d=mm&r=g\",\"caption\":\"Cope Alcoy\"}}]}<\/script>\n<!-- \/ Yoast SEO plugin. -->","yoast_head_json":{"title":"Ixen a concurs les obres per a habilitar l'aparcament p\u00fablic a La Riba d'Alcoi - COPE Alcoy","description":"Les obres per a la construcci\u00f3 de l'aparcament p\u00fablic de la zona de La Riba d'Alcoi estan cada vegada m\u00e9s a prop","robots":{"index":"index","follow":"follow","max-snippet":"max-snippet:-1","max-image-preview":"max-image-preview:large","max-video-preview":"max-video-preview:-1"},"canonical":"https:\/\/www.copealcoy.es\/es\/ixen-a-concurs-les-obres-per-a-habilitar-laparcament-public-a-la-riba-dalcoi\/","og_locale":"es_ES","og_type":"article","og_title":"Ixen a concurs les obres per a habilitar l'aparcament p\u00fablic a La Riba d'Alcoi - COPE Alcoy","og_description":"Les obres per a la construcci\u00f3 de l'aparcament p\u00fablic de la zona de La Riba d'Alcoi estan cada vegada m\u00e9s a prop","og_url":"https:\/\/www.copealcoy.es\/es\/ixen-a-concurs-les-obres-per-a-habilitar-laparcament-public-a-la-riba-dalcoi\/","og_site_name":"COPE Alcoy","article_published_time":"2022-12-29T07:10:34+00:00","article_modified_time":"2022-12-29T18:49:16+00:00","og_image":[{"width":1013,"height":562,"url":"https:\/\/www.copealcoy.es\/wp-content\/uploads\/2022\/12\/Aparcamiento-de-La-Riba.jpg","type":"image\/jpeg"}],"author":"Cope Alcoy","twitter_misc":{"Escrito por":"Cope Alcoy","Tiempo de lectura":"2 minutos"},"schema":{"@context":"https:\/\/schema.org","@graph":[{"@type":"Article","@id":"https:\/\/www.copealcoy.es\/es\/ixen-a-concurs-les-obres-per-a-habilitar-laparcament-public-a-la-riba-dalcoi\/#article","isPartOf":{"@id":"https:\/\/www.copealcoy.es\/es\/ixen-a-concurs-les-obres-per-a-habilitar-laparcament-public-a-la-riba-dalcoi\/"},"author":{"name":"Cope Alcoy","@id":"https:\/\/www.copealcoy.es\/es\/#\/schema\/person\/e777c87fa024e57d40170af9df39882c"},"headline":"Ixen a concurs les obres per a habilitar l&#8217;aparcament p\u00fablic a La Riba d&#8217;Alcoi","datePublished":"2022-12-29T07:10:34+00:00","dateModified":"2022-12-29T18:49:16+00:00","mainEntityOfPage":{"@id":"https:\/\/www.copealcoy.es\/es\/ixen-a-concurs-les-obres-per-a-habilitar-laparcament-public-a-la-riba-dalcoi\/"},"wordCount":361,"commentCount":0,"image":{"@id":"https:\/\/www.copealcoy.es\/es\/ixen-a-concurs-les-obres-per-a-habilitar-laparcament-public-a-la-riba-dalcoi\/#primaryimage"},"thumbnailUrl":"https:\/\/www.copealcoy.es\/wp-content\/uploads\/2022\/12\/Aparcamiento-de-La-Riba.jpg","keywords":["Alcoi","aparcament","Centre","construcci\u00f3","estacionament","La Riba"],"articleSection":["Actualidad","Alcoy","Noticias","Pol\u00edtica y Econom\u00eda"],"inLanguage":"es"},{"@type":"WebPage","@id":"https:\/\/www.copealcoy.es\/es\/ixen-a-concurs-les-obres-per-a-habilitar-laparcament-public-a-la-riba-dalcoi\/","url":"https:\/\/www.copealcoy.es\/es\/ixen-a-concurs-les-obres-per-a-habilitar-laparcament-public-a-la-riba-dalcoi\/","name":"Ixen a concurs les obres per a habilitar l'aparcament p\u00fablic a La Riba d'Alcoi - COPE Alcoy","isPartOf":{"@id":"https:\/\/www.copealcoy.es\/es\/#website"},"primaryImageOfPage":{"@id":"https:\/\/www.copealcoy.es\/es\/ixen-a-concurs-les-obres-per-a-habilitar-laparcament-public-a-la-riba-dalcoi\/#primaryimage"},"image":{"@id":"https:\/\/www.copealcoy.es\/es\/ixen-a-concurs-les-obres-per-a-habilitar-laparcament-public-a-la-riba-dalcoi\/#primaryimage"},"thumbnailUrl":"https:\/\/www.copealcoy.es\/wp-content\/uploads\/2022\/12\/Aparcamiento-de-La-Riba.jpg","datePublished":"2022-12-29T07:10:34+00:00","dateModified":"2022-12-29T18:49:16+00:00","author":{"@id":"https:\/\/www.copealcoy.es\/es\/#\/schema\/person\/e777c87fa024e57d40170af9df39882c"},"description":"Les obres per a la construcci\u00f3 de l'aparcament p\u00fablic de la zona de La Riba d'Alcoi estan cada vegada m\u00e9s a prop","breadcrumb":{"@id":"https:\/\/www.copealcoy.es\/es\/ixen-a-concurs-les-obres-per-a-habilitar-laparcament-public-a-la-riba-dalcoi\/#breadcrumb"},"inLanguage":"es","potentialAction":[{"@type":"ReadAction","target":["https:\/\/www.copealcoy.es\/es\/ixen-a-concurs-les-obres-per-a-habilitar-laparcament-public-a-la-riba-dalcoi\/"]}]},{"@type":"ImageObject","inLanguage":"es","@id":"https:\/\/www.copealcoy.es\/es\/ixen-a-concurs-les-obres-per-a-habilitar-laparcament-public-a-la-riba-dalcoi\/#primaryimage","url":"https:\/\/www.copealcoy.es\/wp-content\/uploads\/2022\/12\/Aparcamiento-de-La-Riba.jpg","contentUrl":"https:\/\/www.copealcoy.es\/wp-content\/uploads\/2022\/12\/Aparcamiento-de-La-Riba.jpg","width":1013,"height":562},{"@type":"BreadcrumbList","@id":"https:\/\/www.copealcoy.es\/es\/ixen-a-concurs-les-obres-per-a-habilitar-laparcament-public-a-la-riba-dalcoi\/#breadcrumb","itemListElement":[{"@type":"ListItem","position":1,"name":"Portada","item":"https:\/\/www.copealcoy.es\/es\/"},{"@type":"ListItem","position":2,"name":"Ixen a concurs les obres per a habilitar l&#8217;aparcament p\u00fablic a La Riba d&#8217;Alcoi"}]},{"@type":"WebSite","@id":"https:\/\/www.copealcoy.es\/es\/#website","url":"https:\/\/www.copealcoy.es\/es\/","name":"COPE Alcoy","description":"Emisora COPE de radio local con emisi\u00f3n online. Pont de Sant Jordi 8-10 03803 Alcoy","potentialAction":[{"@type":"SearchAction","target":{"@type":"EntryPoint","urlTemplate":"https:\/\/www.copealcoy.es\/es\/?s={search_term_string}"},"query-input":{"@type":"PropertyValueSpecification","valueRequired":true,"valueName":"search_term_string"}}],"inLanguage":"es"},{"@type":"Person","@id":"https:\/\/www.copealcoy.es\/es\/#\/schema\/person\/e777c87fa024e57d40170af9df39882c","name":"Cope Alcoy","image":{"@type":"ImageObject","inLanguage":"es","@id":"https:\/\/secure.gravatar.com\/avatar\/bb65d0283347e303893ba14f0692005417c1e0e690a325a4c5d8bb2b3943ee14?s=96&d=mm&r=g","url":"https:\/\/secure.gravatar.com\/avatar\/bb65d0283347e303893ba14f0692005417c1e0e690a325a4c5d8bb2b3943ee14?s=96&d=mm&r=g","contentUrl":"https:\/\/secure.gravatar.com\/avatar\/bb65d0283347e303893ba14f0692005417c1e0e690a325a4c5d8bb2b3943ee14?s=96&d=mm&r=g","caption":"Cope Alcoy"}}]}},"_links":{"self":[{"href":"https:\/\/www.copealcoy.es\/es\/wp-json\/wp\/v2\/posts\/95780","targetHints":{"allow":["GET"]}}],"collection":[{"href":"https:\/\/www.copealcoy.es\/es\/wp-json\/wp\/v2\/posts"}],"about":[{"href":"https:\/\/www.copealcoy.es\/es\/wp-json\/wp\/v2\/types\/post"}],"author":[{"embeddable":true,"href":"https:\/\/www.copealcoy.es\/es\/wp-json\/wp\/v2\/users\/1"}],"replies":[{"embeddable":true,"href":"https:\/\/www.copealcoy.es\/es\/wp-json\/wp\/v2\/comments?post=95780"}],"version-history":[{"count":0,"href":"https:\/\/www.copealcoy.es\/es\/wp-json\/wp\/v2\/posts\/95780\/revisions"}],"wp:featuredmedia":[{"embeddable":true,"href":"https:\/\/www.copealcoy.es\/es\/wp-json\/wp\/v2\/media\/95781"}],"wp:attachment":[{"href":"https:\/\/www.copealcoy.es\/es\/wp-json\/wp\/v2\/media?parent=95780"}],"wp:term":[{"taxonomy":"category","embeddable":true,"href":"https:\/\/www.copealcoy.es\/es\/wp-json\/wp\/v2\/categories?post=95780"},{"taxonomy":"post_tag","embeddable":true,"href":"https:\/\/www.copealcoy.es\/es\/wp-json\/wp\/v2\/tags?post=95780"}],"curies":[{"name":"wp","href":"https:\/\/api.w.org\/{rel}","templated":true}]}}