{"id":95762,"date":"2022-12-29T13:53:07","date_gmt":"2022-12-29T12:53:07","guid":{"rendered":"https:\/\/www.copealcoy.es\/?p=95762"},"modified":"2022-12-29T14:30:40","modified_gmt":"2022-12-29T13:30:40","slug":"la-reforma-de-lies-andreu-sempere-costara-quasi-85-milions-deuros","status":"publish","type":"post","link":"https:\/\/www.copealcoy.es\/es\/la-reforma-de-lies-andreu-sempere-costara-quasi-85-milions-deuros\/","title":{"rendered":"La reforma de l&#8217;IES Andreu Sempere d&#8217;Alcoi costar\u00e0 quasi 8&#8217;5 milions d&#8217;euros"},"content":{"rendered":"<p>El pressupost inicial era de 3,9 milions d&#8217;euros, per\u00f2 el concurs p\u00fablic va quedar desert. Amb la revisi\u00f3 de preus i la inclusi\u00f3 de noves actuacions per a la reforma de l&#8217;<strong>IES Andreu Sempere<\/strong>, es calculava una inversi\u00f3 de la <strong>Conselleria d&#8217;Educaci\u00f3<\/strong> de 6,2 milions. Per\u00f2 aquest tampoc ser\u00e0 el preu definitiu.<\/p>\n<p>Segons assegura <strong>Jordi Silvestre<\/strong>, regidor d&#8217;Educaci\u00f3, en declaracions a <strong>Cope Alcoi<\/strong>, la partida pressupost\u00e0ria s&#8217;elevar\u00e0 fins a quasi <strong>8,5 milions d&#8217;euros<\/strong>. I \u00e9s que sobre el 6,2 milions que estaven previstos s&#8217;ha de fer una nova revisi\u00f3 de preus, tenint en compte el nou m\u00f2dul econ\u00f2mic de la conselleria d&#8217;octubre de 2022.<\/p>\n<p><strong>Retards en el projecte<\/strong><\/p>\n<p>El projecte, no obstant, estava previst que s&#8217;aprovara a l&#8217;<strong>\u00faltim Ple Municipal de l&#8217;any<\/strong>, el de desembre. Aix\u00ed ho confirmava la regidoria despr\u00e9s de la <span style=\"color: #000080;\"><a style=\"color: #000080;\" href=\"https:\/\/www.copealcoy.es\/pas-endavant-per-a-fer-possible-la-remodelacio-de-landreu-sempere-dalcoi\/\" target=\"_blank\" rel=\"noopener\">reuni\u00f3 que van mantindre amb la conselleria d&#8217;Educaci\u00f3 i representants de l&#8217;institut<\/a><\/span> a principis de novembre. Al final, per\u00f2, no ha sigut aix\u00ed. Per\u00f2, per qu\u00e8 aquest nou retr\u00e0s?<\/p>\n<p>Explica Silvestre que tot es deu a un canvi d&#8217;\u00faltima hora informat per la conselleria d&#8217;Educaci\u00f3 fa dues setmanes. I \u00e9s que el projecte estava incl\u00f2s en el <strong>Pla Edificant<\/strong>, que permetia transferir les compet\u00e8ncies a l&#8217;Ajuntament. No obstant, la inclusi\u00f3 de noves actuacions ha portat a la conselleria a haver de tancar aquest pla i obri un altre nou. &#8220;La gent ha d&#8217;entendre que nosaltres hem d&#8217;anar de la m\u00e0 de la conselleria i buscant sempre el benefici del centre educatiu, perqu\u00e8 aquesta era l&#8217;\u00fanica manera d&#8217;incloure les noves actuacions&#8221;, explica el regidor.<\/p>\n<p>Ara, per poder accedir a aquest nou pla, s&#8217;ha de presentar una nova mem\u00f2ria valorada amb les noves actuacions i els nous preus. I, insisteix Silveste, en aix\u00f2 estan treballant. Els pla\u00e7os, de nou, es retarden, per\u00f2 explica el regidor que el comprom\u00eds de la conselleria \u00e9s agilitzar el proc\u00e9s &#8216;al m\u00e0xim&#8217;.<\/p>\n<p>Sobre terminis concrets no parla Silvestre. El que s\u00ed assegura \u00e9s que espera que aquest <strong>pr\u00f2xim estiu<\/strong> puga estar el projecte licitat i comencen les obres.<\/p>\n<p><strong>Cr\u00edtiques de l&#8217;oposici\u00f3<\/strong><\/p>\n<p>Des de <strong>Guanyar Alcoi<\/strong> denuncien que el retards es deuen a les &#8216;constants errades&#8217; del Consistori en el projecte. &#8220;Durant tota la legislatura hem estat fent un seguiment constant de l&#8217;obra i sempre hem rebut la mateixa resposta per part del govern: no saben quan comen\u00e7ar\u00e0&#8221;, assegura <strong>Mauro Colomina<\/strong>, portave de la plataforma municipalista. I afig: &#8220;Ja no sabem si \u00e9s perqu\u00e8 no saben com gestionar l&#8217;obra o b\u00e9 perqu\u00e8 no volen donar suport a l&#8217;educaci\u00f3 p\u00fablica.&#8221;<\/p>\n<p>Unes cr\u00edtiques a les que respon el regidor d&#8217;Educaci\u00f3. &#8220;\u00c9s molt f\u00e0cil culpar a l&#8217;Ajuntament, quan hi ha determinats departaments que estan deixant de banda altres assumptes per avan\u00e7ar amb aquest projecte. Nosaltres estem totalment implicats&#8221;.<\/p>\n","protected":false},"excerpt":{"rendered":"<p>El pressupost inicial era de 3,9 milions d&#8217;euros, per\u00f2 el concurs p\u00fablic va quedar desert. Amb la revisi\u00f3 de preus&#8230;<\/p>\n","protected":false},"author":1,"featured_media":13204,"comment_status":"open","ping_status":"open","sticky":false,"template":"","format":"standard","meta":{"footnotes":""},"categories":[6909,97,900,75,125],"tags":[],"class_list":["post-95762","post","type-post","status-publish","format-standard","has-post-thumbnail","hentry","category-actualidad","category-alcoy","category-educacion","category-noticias","category-portada"],"yoast_head":"<!-- This site is optimized with the Yoast SEO plugin v27.3 - https:\/\/yoast.com\/product\/yoast-seo-wordpress\/ -->\n<title>La reforma de l&#039;IES Andreu Sempere d&#039;Alcoi costar\u00e0 quasi 8&#039;5 milions d&#039;euros - COPE Alcoy<\/title>\n<meta name=\"robots\" content=\"index, follow, max-snippet:-1, max-image-preview:large, max-video-preview:-1\" \/>\n<link rel=\"canonical\" href=\"https:\/\/www.copealcoy.es\/es\/la-reforma-de-lies-andreu-sempere-costara-quasi-85-milions-deuros\/\" \/>\n<meta property=\"og:locale\" content=\"es_ES\" \/>\n<meta property=\"og:type\" content=\"article\" \/>\n<meta property=\"og:title\" content=\"La reforma de l&#039;IES Andreu Sempere d&#039;Alcoi costar\u00e0 quasi 8&#039;5 milions d&#039;euros - COPE Alcoy\" \/>\n<meta property=\"og:description\" content=\"El pressupost inicial era de 3,9 milions d&#8217;euros, per\u00f2 el concurs p\u00fablic va quedar desert. Amb la revisi\u00f3 de preus...\" \/>\n<meta property=\"og:url\" content=\"https:\/\/www.copealcoy.es\/es\/la-reforma-de-lies-andreu-sempere-costara-quasi-85-milions-deuros\/\" \/>\n<meta property=\"og:site_name\" content=\"COPE Alcoy\" \/>\n<meta property=\"article:published_time\" content=\"2022-12-29T12:53:07+00:00\" \/>\n<meta property=\"article:modified_time\" content=\"2022-12-29T13:30:40+00:00\" \/>\n<meta property=\"og:image\" content=\"https:\/\/www.copealcoy.es\/wp-content\/uploads\/2015\/05\/educacion-confirma.jpg\" \/>\n\t<meta property=\"og:image:width\" content=\"604\" \/>\n\t<meta property=\"og:image:height\" content=\"366\" \/>\n\t<meta property=\"og:image:type\" content=\"image\/jpeg\" \/>\n<meta name=\"author\" content=\"Cope Alcoy\" \/>\n<meta name=\"twitter:label1\" content=\"Escrito por\" \/>\n\t<meta name=\"twitter:data1\" content=\"Cope Alcoy\" \/>\n\t<meta name=\"twitter:label2\" content=\"Tiempo de lectura\" \/>\n\t<meta name=\"twitter:data2\" content=\"3 minutos\" \/>\n<script type=\"application\/ld+json\" class=\"yoast-schema-graph\">{\"@context\":\"https:\\\/\\\/schema.org\",\"@graph\":[{\"@type\":\"Article\",\"@id\":\"https:\\\/\\\/www.copealcoy.es\\\/es\\\/la-reforma-de-lies-andreu-sempere-costara-quasi-85-milions-deuros\\\/#article\",\"isPartOf\":{\"@id\":\"https:\\\/\\\/www.copealcoy.es\\\/es\\\/la-reforma-de-lies-andreu-sempere-costara-quasi-85-milions-deuros\\\/\"},\"author\":{\"name\":\"Cope Alcoy\",\"@id\":\"https:\\\/\\\/www.copealcoy.es\\\/es\\\/#\\\/schema\\\/person\\\/e777c87fa024e57d40170af9df39882c\"},\"headline\":\"La reforma de l&#8217;IES Andreu Sempere d&#8217;Alcoi costar\u00e0 quasi 8&#8217;5 milions d&#8217;euros\",\"datePublished\":\"2022-12-29T12:53:07+00:00\",\"dateModified\":\"2022-12-29T13:30:40+00:00\",\"mainEntityOfPage\":{\"@id\":\"https:\\\/\\\/www.copealcoy.es\\\/es\\\/la-reforma-de-lies-andreu-sempere-costara-quasi-85-milions-deuros\\\/\"},\"wordCount\":506,\"commentCount\":0,\"image\":{\"@id\":\"https:\\\/\\\/www.copealcoy.es\\\/es\\\/la-reforma-de-lies-andreu-sempere-costara-quasi-85-milions-deuros\\\/#primaryimage\"},\"thumbnailUrl\":\"https:\\\/\\\/www.copealcoy.es\\\/wp-content\\\/uploads\\\/2015\\\/05\\\/educacion-confirma.jpg\",\"articleSection\":[\"Actualidad\",\"Alcoy\",\"Educaci\u00f3n\",\"Noticias\",\"Portada\"],\"inLanguage\":\"es\"},{\"@type\":\"WebPage\",\"@id\":\"https:\\\/\\\/www.copealcoy.es\\\/es\\\/la-reforma-de-lies-andreu-sempere-costara-quasi-85-milions-deuros\\\/\",\"url\":\"https:\\\/\\\/www.copealcoy.es\\\/es\\\/la-reforma-de-lies-andreu-sempere-costara-quasi-85-milions-deuros\\\/\",\"name\":\"La reforma de l'IES Andreu Sempere d'Alcoi costar\u00e0 quasi 8'5 milions d'euros - COPE Alcoy\",\"isPartOf\":{\"@id\":\"https:\\\/\\\/www.copealcoy.es\\\/es\\\/#website\"},\"primaryImageOfPage\":{\"@id\":\"https:\\\/\\\/www.copealcoy.es\\\/es\\\/la-reforma-de-lies-andreu-sempere-costara-quasi-85-milions-deuros\\\/#primaryimage\"},\"image\":{\"@id\":\"https:\\\/\\\/www.copealcoy.es\\\/es\\\/la-reforma-de-lies-andreu-sempere-costara-quasi-85-milions-deuros\\\/#primaryimage\"},\"thumbnailUrl\":\"https:\\\/\\\/www.copealcoy.es\\\/wp-content\\\/uploads\\\/2015\\\/05\\\/educacion-confirma.jpg\",\"datePublished\":\"2022-12-29T12:53:07+00:00\",\"dateModified\":\"2022-12-29T13:30:40+00:00\",\"author\":{\"@id\":\"https:\\\/\\\/www.copealcoy.es\\\/es\\\/#\\\/schema\\\/person\\\/e777c87fa024e57d40170af9df39882c\"},\"breadcrumb\":{\"@id\":\"https:\\\/\\\/www.copealcoy.es\\\/es\\\/la-reforma-de-lies-andreu-sempere-costara-quasi-85-milions-deuros\\\/#breadcrumb\"},\"inLanguage\":\"es\",\"potentialAction\":[{\"@type\":\"ReadAction\",\"target\":[\"https:\\\/\\\/www.copealcoy.es\\\/es\\\/la-reforma-de-lies-andreu-sempere-costara-quasi-85-milions-deuros\\\/\"]}]},{\"@type\":\"ImageObject\",\"inLanguage\":\"es\",\"@id\":\"https:\\\/\\\/www.copealcoy.es\\\/es\\\/la-reforma-de-lies-andreu-sempere-costara-quasi-85-milions-deuros\\\/#primaryimage\",\"url\":\"https:\\\/\\\/www.copealcoy.es\\\/wp-content\\\/uploads\\\/2015\\\/05\\\/educacion-confirma.jpg\",\"contentUrl\":\"https:\\\/\\\/www.copealcoy.es\\\/wp-content\\\/uploads\\\/2015\\\/05\\\/educacion-confirma.jpg\",\"width\":604,\"height\":366,\"caption\":\"Instituto Andreu Sempere de Alcoy \\\/ Foto: NEBUR\"},{\"@type\":\"BreadcrumbList\",\"@id\":\"https:\\\/\\\/www.copealcoy.es\\\/es\\\/la-reforma-de-lies-andreu-sempere-costara-quasi-85-milions-deuros\\\/#breadcrumb\",\"itemListElement\":[{\"@type\":\"ListItem\",\"position\":1,\"name\":\"Portada\",\"item\":\"https:\\\/\\\/www.copealcoy.es\\\/es\\\/\"},{\"@type\":\"ListItem\",\"position\":2,\"name\":\"La reforma de l&#8217;IES Andreu Sempere d&#8217;Alcoi costar\u00e0 quasi 8&#8217;5 milions d&#8217;euros\"}]},{\"@type\":\"WebSite\",\"@id\":\"https:\\\/\\\/www.copealcoy.es\\\/es\\\/#website\",\"url\":\"https:\\\/\\\/www.copealcoy.es\\\/es\\\/\",\"name\":\"COPE Alcoy\",\"description\":\"Emisora COPE de radio local con emisi\u00f3n online. Pont de Sant Jordi 8-10 03803 Alcoy\",\"potentialAction\":[{\"@type\":\"SearchAction\",\"target\":{\"@type\":\"EntryPoint\",\"urlTemplate\":\"https:\\\/\\\/www.copealcoy.es\\\/es\\\/?s={search_term_string}\"},\"query-input\":{\"@type\":\"PropertyValueSpecification\",\"valueRequired\":true,\"valueName\":\"search_term_string\"}}],\"inLanguage\":\"es\"},{\"@type\":\"Person\",\"@id\":\"https:\\\/\\\/www.copealcoy.es\\\/es\\\/#\\\/schema\\\/person\\\/e777c87fa024e57d40170af9df39882c\",\"name\":\"Cope Alcoy\",\"image\":{\"@type\":\"ImageObject\",\"inLanguage\":\"es\",\"@id\":\"https:\\\/\\\/secure.gravatar.com\\\/avatar\\\/bb65d0283347e303893ba14f0692005417c1e0e690a325a4c5d8bb2b3943ee14?s=96&d=mm&r=g\",\"url\":\"https:\\\/\\\/secure.gravatar.com\\\/avatar\\\/bb65d0283347e303893ba14f0692005417c1e0e690a325a4c5d8bb2b3943ee14?s=96&d=mm&r=g\",\"contentUrl\":\"https:\\\/\\\/secure.gravatar.com\\\/avatar\\\/bb65d0283347e303893ba14f0692005417c1e0e690a325a4c5d8bb2b3943ee14?s=96&d=mm&r=g\",\"caption\":\"Cope Alcoy\"}}]}<\/script>\n<!-- \/ Yoast SEO plugin. -->","yoast_head_json":{"title":"La reforma de l'IES Andreu Sempere d'Alcoi costar\u00e0 quasi 8'5 milions d'euros - COPE Alcoy","robots":{"index":"index","follow":"follow","max-snippet":"max-snippet:-1","max-image-preview":"max-image-preview:large","max-video-preview":"max-video-preview:-1"},"canonical":"https:\/\/www.copealcoy.es\/es\/la-reforma-de-lies-andreu-sempere-costara-quasi-85-milions-deuros\/","og_locale":"es_ES","og_type":"article","og_title":"La reforma de l'IES Andreu Sempere d'Alcoi costar\u00e0 quasi 8'5 milions d'euros - COPE Alcoy","og_description":"El pressupost inicial era de 3,9 milions d&#8217;euros, per\u00f2 el concurs p\u00fablic va quedar desert. Amb la revisi\u00f3 de preus...","og_url":"https:\/\/www.copealcoy.es\/es\/la-reforma-de-lies-andreu-sempere-costara-quasi-85-milions-deuros\/","og_site_name":"COPE Alcoy","article_published_time":"2022-12-29T12:53:07+00:00","article_modified_time":"2022-12-29T13:30:40+00:00","og_image":[{"width":604,"height":366,"url":"https:\/\/www.copealcoy.es\/wp-content\/uploads\/2015\/05\/educacion-confirma.jpg","type":"image\/jpeg"}],"author":"Cope Alcoy","twitter_misc":{"Escrito por":"Cope Alcoy","Tiempo de lectura":"3 minutos"},"schema":{"@context":"https:\/\/schema.org","@graph":[{"@type":"Article","@id":"https:\/\/www.copealcoy.es\/es\/la-reforma-de-lies-andreu-sempere-costara-quasi-85-milions-deuros\/#article","isPartOf":{"@id":"https:\/\/www.copealcoy.es\/es\/la-reforma-de-lies-andreu-sempere-costara-quasi-85-milions-deuros\/"},"author":{"name":"Cope Alcoy","@id":"https:\/\/www.copealcoy.es\/es\/#\/schema\/person\/e777c87fa024e57d40170af9df39882c"},"headline":"La reforma de l&#8217;IES Andreu Sempere d&#8217;Alcoi costar\u00e0 quasi 8&#8217;5 milions d&#8217;euros","datePublished":"2022-12-29T12:53:07+00:00","dateModified":"2022-12-29T13:30:40+00:00","mainEntityOfPage":{"@id":"https:\/\/www.copealcoy.es\/es\/la-reforma-de-lies-andreu-sempere-costara-quasi-85-milions-deuros\/"},"wordCount":506,"commentCount":0,"image":{"@id":"https:\/\/www.copealcoy.es\/es\/la-reforma-de-lies-andreu-sempere-costara-quasi-85-milions-deuros\/#primaryimage"},"thumbnailUrl":"https:\/\/www.copealcoy.es\/wp-content\/uploads\/2015\/05\/educacion-confirma.jpg","articleSection":["Actualidad","Alcoy","Educaci\u00f3n","Noticias","Portada"],"inLanguage":"es"},{"@type":"WebPage","@id":"https:\/\/www.copealcoy.es\/es\/la-reforma-de-lies-andreu-sempere-costara-quasi-85-milions-deuros\/","url":"https:\/\/www.copealcoy.es\/es\/la-reforma-de-lies-andreu-sempere-costara-quasi-85-milions-deuros\/","name":"La reforma de l'IES Andreu Sempere d'Alcoi costar\u00e0 quasi 8'5 milions d'euros - COPE Alcoy","isPartOf":{"@id":"https:\/\/www.copealcoy.es\/es\/#website"},"primaryImageOfPage":{"@id":"https:\/\/www.copealcoy.es\/es\/la-reforma-de-lies-andreu-sempere-costara-quasi-85-milions-deuros\/#primaryimage"},"image":{"@id":"https:\/\/www.copealcoy.es\/es\/la-reforma-de-lies-andreu-sempere-costara-quasi-85-milions-deuros\/#primaryimage"},"thumbnailUrl":"https:\/\/www.copealcoy.es\/wp-content\/uploads\/2015\/05\/educacion-confirma.jpg","datePublished":"2022-12-29T12:53:07+00:00","dateModified":"2022-12-29T13:30:40+00:00","author":{"@id":"https:\/\/www.copealcoy.es\/es\/#\/schema\/person\/e777c87fa024e57d40170af9df39882c"},"breadcrumb":{"@id":"https:\/\/www.copealcoy.es\/es\/la-reforma-de-lies-andreu-sempere-costara-quasi-85-milions-deuros\/#breadcrumb"},"inLanguage":"es","potentialAction":[{"@type":"ReadAction","target":["https:\/\/www.copealcoy.es\/es\/la-reforma-de-lies-andreu-sempere-costara-quasi-85-milions-deuros\/"]}]},{"@type":"ImageObject","inLanguage":"es","@id":"https:\/\/www.copealcoy.es\/es\/la-reforma-de-lies-andreu-sempere-costara-quasi-85-milions-deuros\/#primaryimage","url":"https:\/\/www.copealcoy.es\/wp-content\/uploads\/2015\/05\/educacion-confirma.jpg","contentUrl":"https:\/\/www.copealcoy.es\/wp-content\/uploads\/2015\/05\/educacion-confirma.jpg","width":604,"height":366,"caption":"Instituto Andreu Sempere de Alcoy \/ Foto: NEBUR"},{"@type":"BreadcrumbList","@id":"https:\/\/www.copealcoy.es\/es\/la-reforma-de-lies-andreu-sempere-costara-quasi-85-milions-deuros\/#breadcrumb","itemListElement":[{"@type":"ListItem","position":1,"name":"Portada","item":"https:\/\/www.copealcoy.es\/es\/"},{"@type":"ListItem","position":2,"name":"La reforma de l&#8217;IES Andreu Sempere d&#8217;Alcoi costar\u00e0 quasi 8&#8217;5 milions d&#8217;euros"}]},{"@type":"WebSite","@id":"https:\/\/www.copealcoy.es\/es\/#website","url":"https:\/\/www.copealcoy.es\/es\/","name":"COPE Alcoy","description":"Emisora COPE de radio local con emisi\u00f3n online. Pont de Sant Jordi 8-10 03803 Alcoy","potentialAction":[{"@type":"SearchAction","target":{"@type":"EntryPoint","urlTemplate":"https:\/\/www.copealcoy.es\/es\/?s={search_term_string}"},"query-input":{"@type":"PropertyValueSpecification","valueRequired":true,"valueName":"search_term_string"}}],"inLanguage":"es"},{"@type":"Person","@id":"https:\/\/www.copealcoy.es\/es\/#\/schema\/person\/e777c87fa024e57d40170af9df39882c","name":"Cope Alcoy","image":{"@type":"ImageObject","inLanguage":"es","@id":"https:\/\/secure.gravatar.com\/avatar\/bb65d0283347e303893ba14f0692005417c1e0e690a325a4c5d8bb2b3943ee14?s=96&d=mm&r=g","url":"https:\/\/secure.gravatar.com\/avatar\/bb65d0283347e303893ba14f0692005417c1e0e690a325a4c5d8bb2b3943ee14?s=96&d=mm&r=g","contentUrl":"https:\/\/secure.gravatar.com\/avatar\/bb65d0283347e303893ba14f0692005417c1e0e690a325a4c5d8bb2b3943ee14?s=96&d=mm&r=g","caption":"Cope Alcoy"}}]}},"_links":{"self":[{"href":"https:\/\/www.copealcoy.es\/es\/wp-json\/wp\/v2\/posts\/95762","targetHints":{"allow":["GET"]}}],"collection":[{"href":"https:\/\/www.copealcoy.es\/es\/wp-json\/wp\/v2\/posts"}],"about":[{"href":"https:\/\/www.copealcoy.es\/es\/wp-json\/wp\/v2\/types\/post"}],"author":[{"embeddable":true,"href":"https:\/\/www.copealcoy.es\/es\/wp-json\/wp\/v2\/users\/1"}],"replies":[{"embeddable":true,"href":"https:\/\/www.copealcoy.es\/es\/wp-json\/wp\/v2\/comments?post=95762"}],"version-history":[{"count":0,"href":"https:\/\/www.copealcoy.es\/es\/wp-json\/wp\/v2\/posts\/95762\/revisions"}],"wp:featuredmedia":[{"embeddable":true,"href":"https:\/\/www.copealcoy.es\/es\/wp-json\/wp\/v2\/media\/13204"}],"wp:attachment":[{"href":"https:\/\/www.copealcoy.es\/es\/wp-json\/wp\/v2\/media?parent=95762"}],"wp:term":[{"taxonomy":"category","embeddable":true,"href":"https:\/\/www.copealcoy.es\/es\/wp-json\/wp\/v2\/categories?post=95762"},{"taxonomy":"post_tag","embeddable":true,"href":"https:\/\/www.copealcoy.es\/es\/wp-json\/wp\/v2\/tags?post=95762"}],"curies":[{"name":"wp","href":"https:\/\/api.w.org\/{rel}","templated":true}]}}