{"id":95705,"date":"2022-12-28T12:31:20","date_gmt":"2022-12-28T11:31:20","guid":{"rendered":"https:\/\/www.copealcoy.es\/?p=95705"},"modified":"2022-12-28T12:31:20","modified_gmt":"2022-12-28T11:31:20","slug":"alcoi-tindra-un-nou-carril-bici-que-unira-el-centre-i-la-zona-nord-el-proxim-any","status":"publish","type":"post","link":"https:\/\/www.copealcoy.es\/es\/alcoi-tindra-un-nou-carril-bici-que-unira-el-centre-i-la-zona-nord-el-proxim-any\/","title":{"rendered":"Alcoi tindr\u00e0 un nou carril bici que unir\u00e0 el Centre i la Zona Nord el pr\u00f2xim any"},"content":{"rendered":"<p>Les obres ja estan licitades i, previsiblement, comen\u00e7aran la pr\u00f2xima primavera de 2023. Un <span style=\"color: #000080;\"><a style=\"color: #000080;\" href=\"https:\/\/www.copealcoy.es\/ix-a-concurs-lexecucio-del-carril-bici-que-unira-el-centre-amb-la-zona-nord-dalcoi\/\" target=\"_blank\" rel=\"noopener\"><strong>nou carril bici<\/strong><\/a><\/span> d&#8217;uns tres quil\u00f2metres recorrer\u00e0 l&#8217;Eixample i unir\u00e0 el Centre amb la Zona Nord. Des de <strong>Cervantes<\/strong>\u00a0fins el <strong>carrer Val\u00e8ncia<\/strong>, passant per l&#8217;<strong>Alameda Camilo Sesto<\/strong> i <strong>Juan Gil Albert<\/strong>.<\/p>\n<p>Tot a\u00e7\u00f2 amb un pressupost de <strong>822.420,51 euros<\/strong>, segons l&#8217;adjudicaci\u00f3 de l&#8217;<strong>Ajuntament d&#8217;Alcoi<\/strong> a una de les quatre empreses que optaven al concurs p\u00fablic. I aquesta inversi\u00f3 ve, en la seua majoria, finan\u00e7ada per per les Ajudes a Municipis per a la implantaci\u00f3 de zones de baixes emissions i la transformaci\u00f3 digital i sostenible del transport urb\u00e0 que ofereix la Uni\u00f3 Europea. &#8220;El projecte ve finan\u00e7at al 90% pels fons europeus Next Generation, uns fons que es destinen exclusivament a les zones de baixes emissions i, per tant, a la construcci\u00f3 de projectes com aquest carril bici&#8221;, assegura <strong>Jordi Mart\u00ednez<\/strong>, vicealcalde i regidor de Mobilitat Sostenible.<\/p>\n<p><strong>Reconfiguraci\u00f3 de la circulaci\u00f3<\/strong><\/p>\n<p>Per\u00f2, com quedar\u00e0 la circulaci\u00f3 una vegada finalitzat el projecte? Es suprimir\u00e0 algun dels carills actuals? Des de l&#8217;Ajuntament expliquen que apenes es realitzaran modificacions, excepte pel que fa al transport p\u00fablic motoritzat. Aquest s&#8217;incorporar\u00e0 als dos carrils de circulaci\u00f3 existents -per on transcorren ara la resta de vehicles. El tercer carril, per el que actualment circula el transport p\u00fablic, es convertir\u00e0 en un carril de doble sentit per als ciclistes. Aix\u00f2 s\u00ed, en tot el tram es respectaran les parades d&#8217;autob\u00fas.<\/p>\n<p>I en els ponts, m\u00e9s estrets i amb nom\u00e9s dos carrils per a tots els vehicles, no es faran modificacions. Hi haur\u00e0 un \u00fanic sentit de circulaci\u00f3 per a ciclistes, coincident amb el de la circulaci\u00f3 motoritzada.<\/p>\n<p>Abans de comen\u00e7ar amb les obres, avisen des del Consistori, <strong>informaran als ve\u00efns<\/strong> de la ciutat sobre els canvis que es realitzaran i com poden afectar a la circulaci\u00f3 mentre duren els treballs.<\/p>\n","protected":false},"excerpt":{"rendered":"<p>Les obres ja estan licitades i, previsiblement, comen\u00e7aran la pr\u00f2xima primavera de 2023. Un nou carril bici d&#8217;uns tres quil\u00f2metres&#8230;<\/p>\n","protected":false},"author":1,"featured_media":60817,"comment_status":"open","ping_status":"open","sticky":false,"template":"","format":"standard","meta":{"footnotes":""},"categories":[6909,97,75],"tags":[160,5050,927,13648],"class_list":["post-95705","post","type-post","status-publish","format-standard","has-post-thumbnail","hentry","category-actualidad","category-alcoy","category-noticias","tag-alcoi","tag-carril-bici","tag-jordi-martinez","tag-mobilitat-sostenible"],"yoast_head":"<!-- This site is optimized with the Yoast SEO plugin v27.3 - https:\/\/yoast.com\/product\/yoast-seo-wordpress\/ -->\n<title>Alcoi tindr\u00e0 un nou carril bici que unir\u00e0 el Centre i la Zona Nord el pr\u00f2xim any - COPE Alcoy<\/title>\n<meta name=\"robots\" content=\"index, follow, max-snippet:-1, max-image-preview:large, max-video-preview:-1\" \/>\n<link rel=\"canonical\" href=\"https:\/\/www.copealcoy.es\/es\/alcoi-tindra-un-nou-carril-bici-que-unira-el-centre-i-la-zona-nord-el-proxim-any\/\" \/>\n<meta property=\"og:locale\" content=\"es_ES\" \/>\n<meta property=\"og:type\" content=\"article\" \/>\n<meta property=\"og:title\" content=\"Alcoi tindr\u00e0 un nou carril bici que unir\u00e0 el Centre i la Zona Nord el pr\u00f2xim any - COPE Alcoy\" \/>\n<meta property=\"og:description\" content=\"Les obres ja estan licitades i, previsiblement, comen\u00e7aran la pr\u00f2xima primavera de 2023. Un nou carril bici d&#8217;uns tres quil\u00f2metres...\" \/>\n<meta property=\"og:url\" content=\"https:\/\/www.copealcoy.es\/es\/alcoi-tindra-un-nou-carril-bici-que-unira-el-centre-i-la-zona-nord-el-proxim-any\/\" \/>\n<meta property=\"og:site_name\" content=\"COPE Alcoy\" \/>\n<meta property=\"article:published_time\" content=\"2022-12-28T11:31:20+00:00\" \/>\n<meta property=\"og:image\" content=\"https:\/\/www.copealcoy.es\/wp-content\/uploads\/2020\/03\/89950870_10214811110703593_6845205287364722688_n-e1584266049646-1.jpg\" \/>\n\t<meta property=\"og:image:width\" content=\"720\" \/>\n\t<meta property=\"og:image:height\" content=\"468\" \/>\n\t<meta property=\"og:image:type\" content=\"image\/jpeg\" \/>\n<meta name=\"author\" content=\"Cope Alcoy\" \/>\n<meta name=\"twitter:label1\" content=\"Escrito por\" \/>\n\t<meta name=\"twitter:data1\" content=\"Cope Alcoy\" \/>\n\t<meta name=\"twitter:label2\" content=\"Tiempo de lectura\" \/>\n\t<meta name=\"twitter:data2\" content=\"2 minutos\" \/>\n<script type=\"application\/ld+json\" class=\"yoast-schema-graph\">{\"@context\":\"https:\\\/\\\/schema.org\",\"@graph\":[{\"@type\":\"Article\",\"@id\":\"https:\\\/\\\/www.copealcoy.es\\\/es\\\/alcoi-tindra-un-nou-carril-bici-que-unira-el-centre-i-la-zona-nord-el-proxim-any\\\/#article\",\"isPartOf\":{\"@id\":\"https:\\\/\\\/www.copealcoy.es\\\/es\\\/alcoi-tindra-un-nou-carril-bici-que-unira-el-centre-i-la-zona-nord-el-proxim-any\\\/\"},\"author\":{\"name\":\"Cope Alcoy\",\"@id\":\"https:\\\/\\\/www.copealcoy.es\\\/es\\\/#\\\/schema\\\/person\\\/e777c87fa024e57d40170af9df39882c\"},\"headline\":\"Alcoi tindr\u00e0 un nou carril bici que unir\u00e0 el Centre i la Zona Nord el pr\u00f2xim any\",\"datePublished\":\"2022-12-28T11:31:20+00:00\",\"mainEntityOfPage\":{\"@id\":\"https:\\\/\\\/www.copealcoy.es\\\/es\\\/alcoi-tindra-un-nou-carril-bici-que-unira-el-centre-i-la-zona-nord-el-proxim-any\\\/\"},\"wordCount\":347,\"commentCount\":0,\"image\":{\"@id\":\"https:\\\/\\\/www.copealcoy.es\\\/es\\\/alcoi-tindra-un-nou-carril-bici-que-unira-el-centre-i-la-zona-nord-el-proxim-any\\\/#primaryimage\"},\"thumbnailUrl\":\"https:\\\/\\\/www.copealcoy.es\\\/wp-content\\\/uploads\\\/2020\\\/03\\\/89950870_10214811110703593_6845205287364722688_n-e1584266049646-1.jpg\",\"keywords\":[\"Alcoi\",\"carril bici\",\"Jordi Mart\u00ednez\",\"mobilitat sostenible\"],\"articleSection\":[\"Actualidad\",\"Alcoy\",\"Noticias\"],\"inLanguage\":\"es\"},{\"@type\":\"WebPage\",\"@id\":\"https:\\\/\\\/www.copealcoy.es\\\/es\\\/alcoi-tindra-un-nou-carril-bici-que-unira-el-centre-i-la-zona-nord-el-proxim-any\\\/\",\"url\":\"https:\\\/\\\/www.copealcoy.es\\\/es\\\/alcoi-tindra-un-nou-carril-bici-que-unira-el-centre-i-la-zona-nord-el-proxim-any\\\/\",\"name\":\"Alcoi tindr\u00e0 un nou carril bici que unir\u00e0 el Centre i la Zona Nord el pr\u00f2xim any - COPE Alcoy\",\"isPartOf\":{\"@id\":\"https:\\\/\\\/www.copealcoy.es\\\/es\\\/#website\"},\"primaryImageOfPage\":{\"@id\":\"https:\\\/\\\/www.copealcoy.es\\\/es\\\/alcoi-tindra-un-nou-carril-bici-que-unira-el-centre-i-la-zona-nord-el-proxim-any\\\/#primaryimage\"},\"image\":{\"@id\":\"https:\\\/\\\/www.copealcoy.es\\\/es\\\/alcoi-tindra-un-nou-carril-bici-que-unira-el-centre-i-la-zona-nord-el-proxim-any\\\/#primaryimage\"},\"thumbnailUrl\":\"https:\\\/\\\/www.copealcoy.es\\\/wp-content\\\/uploads\\\/2020\\\/03\\\/89950870_10214811110703593_6845205287364722688_n-e1584266049646-1.jpg\",\"datePublished\":\"2022-12-28T11:31:20+00:00\",\"author\":{\"@id\":\"https:\\\/\\\/www.copealcoy.es\\\/es\\\/#\\\/schema\\\/person\\\/e777c87fa024e57d40170af9df39882c\"},\"breadcrumb\":{\"@id\":\"https:\\\/\\\/www.copealcoy.es\\\/es\\\/alcoi-tindra-un-nou-carril-bici-que-unira-el-centre-i-la-zona-nord-el-proxim-any\\\/#breadcrumb\"},\"inLanguage\":\"es\",\"potentialAction\":[{\"@type\":\"ReadAction\",\"target\":[\"https:\\\/\\\/www.copealcoy.es\\\/es\\\/alcoi-tindra-un-nou-carril-bici-que-unira-el-centre-i-la-zona-nord-el-proxim-any\\\/\"]}]},{\"@type\":\"ImageObject\",\"inLanguage\":\"es\",\"@id\":\"https:\\\/\\\/www.copealcoy.es\\\/es\\\/alcoi-tindra-un-nou-carril-bici-que-unira-el-centre-i-la-zona-nord-el-proxim-any\\\/#primaryimage\",\"url\":\"https:\\\/\\\/www.copealcoy.es\\\/wp-content\\\/uploads\\\/2020\\\/03\\\/89950870_10214811110703593_6845205287364722688_n-e1584266049646-1.jpg\",\"contentUrl\":\"https:\\\/\\\/www.copealcoy.es\\\/wp-content\\\/uploads\\\/2020\\\/03\\\/89950870_10214811110703593_6845205287364722688_n-e1584266049646-1.jpg\",\"width\":720,\"height\":468,\"caption\":\"Imagen que presentaba La Alameda de Alcoy ayer por la tarde\"},{\"@type\":\"BreadcrumbList\",\"@id\":\"https:\\\/\\\/www.copealcoy.es\\\/es\\\/alcoi-tindra-un-nou-carril-bici-que-unira-el-centre-i-la-zona-nord-el-proxim-any\\\/#breadcrumb\",\"itemListElement\":[{\"@type\":\"ListItem\",\"position\":1,\"name\":\"Portada\",\"item\":\"https:\\\/\\\/www.copealcoy.es\\\/es\\\/\"},{\"@type\":\"ListItem\",\"position\":2,\"name\":\"Alcoi tindr\u00e0 un nou carril bici que unir\u00e0 el Centre i la Zona Nord el pr\u00f2xim any\"}]},{\"@type\":\"WebSite\",\"@id\":\"https:\\\/\\\/www.copealcoy.es\\\/es\\\/#website\",\"url\":\"https:\\\/\\\/www.copealcoy.es\\\/es\\\/\",\"name\":\"COPE Alcoy\",\"description\":\"Emisora COPE de radio local con emisi\u00f3n online. Pont de Sant Jordi 8-10 03803 Alcoy\",\"potentialAction\":[{\"@type\":\"SearchAction\",\"target\":{\"@type\":\"EntryPoint\",\"urlTemplate\":\"https:\\\/\\\/www.copealcoy.es\\\/es\\\/?s={search_term_string}\"},\"query-input\":{\"@type\":\"PropertyValueSpecification\",\"valueRequired\":true,\"valueName\":\"search_term_string\"}}],\"inLanguage\":\"es\"},{\"@type\":\"Person\",\"@id\":\"https:\\\/\\\/www.copealcoy.es\\\/es\\\/#\\\/schema\\\/person\\\/e777c87fa024e57d40170af9df39882c\",\"name\":\"Cope Alcoy\",\"image\":{\"@type\":\"ImageObject\",\"inLanguage\":\"es\",\"@id\":\"https:\\\/\\\/secure.gravatar.com\\\/avatar\\\/bb65d0283347e303893ba14f0692005417c1e0e690a325a4c5d8bb2b3943ee14?s=96&d=mm&r=g\",\"url\":\"https:\\\/\\\/secure.gravatar.com\\\/avatar\\\/bb65d0283347e303893ba14f0692005417c1e0e690a325a4c5d8bb2b3943ee14?s=96&d=mm&r=g\",\"contentUrl\":\"https:\\\/\\\/secure.gravatar.com\\\/avatar\\\/bb65d0283347e303893ba14f0692005417c1e0e690a325a4c5d8bb2b3943ee14?s=96&d=mm&r=g\",\"caption\":\"Cope Alcoy\"}}]}<\/script>\n<!-- \/ Yoast SEO plugin. -->","yoast_head_json":{"title":"Alcoi tindr\u00e0 un nou carril bici que unir\u00e0 el Centre i la Zona Nord el pr\u00f2xim any - COPE Alcoy","robots":{"index":"index","follow":"follow","max-snippet":"max-snippet:-1","max-image-preview":"max-image-preview:large","max-video-preview":"max-video-preview:-1"},"canonical":"https:\/\/www.copealcoy.es\/es\/alcoi-tindra-un-nou-carril-bici-que-unira-el-centre-i-la-zona-nord-el-proxim-any\/","og_locale":"es_ES","og_type":"article","og_title":"Alcoi tindr\u00e0 un nou carril bici que unir\u00e0 el Centre i la Zona Nord el pr\u00f2xim any - COPE Alcoy","og_description":"Les obres ja estan licitades i, previsiblement, comen\u00e7aran la pr\u00f2xima primavera de 2023. Un nou carril bici d&#8217;uns tres quil\u00f2metres...","og_url":"https:\/\/www.copealcoy.es\/es\/alcoi-tindra-un-nou-carril-bici-que-unira-el-centre-i-la-zona-nord-el-proxim-any\/","og_site_name":"COPE Alcoy","article_published_time":"2022-12-28T11:31:20+00:00","og_image":[{"width":720,"height":468,"url":"https:\/\/www.copealcoy.es\/wp-content\/uploads\/2020\/03\/89950870_10214811110703593_6845205287364722688_n-e1584266049646-1.jpg","type":"image\/jpeg"}],"author":"Cope Alcoy","twitter_misc":{"Escrito por":"Cope Alcoy","Tiempo de lectura":"2 minutos"},"schema":{"@context":"https:\/\/schema.org","@graph":[{"@type":"Article","@id":"https:\/\/www.copealcoy.es\/es\/alcoi-tindra-un-nou-carril-bici-que-unira-el-centre-i-la-zona-nord-el-proxim-any\/#article","isPartOf":{"@id":"https:\/\/www.copealcoy.es\/es\/alcoi-tindra-un-nou-carril-bici-que-unira-el-centre-i-la-zona-nord-el-proxim-any\/"},"author":{"name":"Cope Alcoy","@id":"https:\/\/www.copealcoy.es\/es\/#\/schema\/person\/e777c87fa024e57d40170af9df39882c"},"headline":"Alcoi tindr\u00e0 un nou carril bici que unir\u00e0 el Centre i la Zona Nord el pr\u00f2xim any","datePublished":"2022-12-28T11:31:20+00:00","mainEntityOfPage":{"@id":"https:\/\/www.copealcoy.es\/es\/alcoi-tindra-un-nou-carril-bici-que-unira-el-centre-i-la-zona-nord-el-proxim-any\/"},"wordCount":347,"commentCount":0,"image":{"@id":"https:\/\/www.copealcoy.es\/es\/alcoi-tindra-un-nou-carril-bici-que-unira-el-centre-i-la-zona-nord-el-proxim-any\/#primaryimage"},"thumbnailUrl":"https:\/\/www.copealcoy.es\/wp-content\/uploads\/2020\/03\/89950870_10214811110703593_6845205287364722688_n-e1584266049646-1.jpg","keywords":["Alcoi","carril bici","Jordi Mart\u00ednez","mobilitat sostenible"],"articleSection":["Actualidad","Alcoy","Noticias"],"inLanguage":"es"},{"@type":"WebPage","@id":"https:\/\/www.copealcoy.es\/es\/alcoi-tindra-un-nou-carril-bici-que-unira-el-centre-i-la-zona-nord-el-proxim-any\/","url":"https:\/\/www.copealcoy.es\/es\/alcoi-tindra-un-nou-carril-bici-que-unira-el-centre-i-la-zona-nord-el-proxim-any\/","name":"Alcoi tindr\u00e0 un nou carril bici que unir\u00e0 el Centre i la Zona Nord el pr\u00f2xim any - COPE Alcoy","isPartOf":{"@id":"https:\/\/www.copealcoy.es\/es\/#website"},"primaryImageOfPage":{"@id":"https:\/\/www.copealcoy.es\/es\/alcoi-tindra-un-nou-carril-bici-que-unira-el-centre-i-la-zona-nord-el-proxim-any\/#primaryimage"},"image":{"@id":"https:\/\/www.copealcoy.es\/es\/alcoi-tindra-un-nou-carril-bici-que-unira-el-centre-i-la-zona-nord-el-proxim-any\/#primaryimage"},"thumbnailUrl":"https:\/\/www.copealcoy.es\/wp-content\/uploads\/2020\/03\/89950870_10214811110703593_6845205287364722688_n-e1584266049646-1.jpg","datePublished":"2022-12-28T11:31:20+00:00","author":{"@id":"https:\/\/www.copealcoy.es\/es\/#\/schema\/person\/e777c87fa024e57d40170af9df39882c"},"breadcrumb":{"@id":"https:\/\/www.copealcoy.es\/es\/alcoi-tindra-un-nou-carril-bici-que-unira-el-centre-i-la-zona-nord-el-proxim-any\/#breadcrumb"},"inLanguage":"es","potentialAction":[{"@type":"ReadAction","target":["https:\/\/www.copealcoy.es\/es\/alcoi-tindra-un-nou-carril-bici-que-unira-el-centre-i-la-zona-nord-el-proxim-any\/"]}]},{"@type":"ImageObject","inLanguage":"es","@id":"https:\/\/www.copealcoy.es\/es\/alcoi-tindra-un-nou-carril-bici-que-unira-el-centre-i-la-zona-nord-el-proxim-any\/#primaryimage","url":"https:\/\/www.copealcoy.es\/wp-content\/uploads\/2020\/03\/89950870_10214811110703593_6845205287364722688_n-e1584266049646-1.jpg","contentUrl":"https:\/\/www.copealcoy.es\/wp-content\/uploads\/2020\/03\/89950870_10214811110703593_6845205287364722688_n-e1584266049646-1.jpg","width":720,"height":468,"caption":"Imagen que presentaba La Alameda de Alcoy ayer por la tarde"},{"@type":"BreadcrumbList","@id":"https:\/\/www.copealcoy.es\/es\/alcoi-tindra-un-nou-carril-bici-que-unira-el-centre-i-la-zona-nord-el-proxim-any\/#breadcrumb","itemListElement":[{"@type":"ListItem","position":1,"name":"Portada","item":"https:\/\/www.copealcoy.es\/es\/"},{"@type":"ListItem","position":2,"name":"Alcoi tindr\u00e0 un nou carril bici que unir\u00e0 el Centre i la Zona Nord el pr\u00f2xim any"}]},{"@type":"WebSite","@id":"https:\/\/www.copealcoy.es\/es\/#website","url":"https:\/\/www.copealcoy.es\/es\/","name":"COPE Alcoy","description":"Emisora COPE de radio local con emisi\u00f3n online. Pont de Sant Jordi 8-10 03803 Alcoy","potentialAction":[{"@type":"SearchAction","target":{"@type":"EntryPoint","urlTemplate":"https:\/\/www.copealcoy.es\/es\/?s={search_term_string}"},"query-input":{"@type":"PropertyValueSpecification","valueRequired":true,"valueName":"search_term_string"}}],"inLanguage":"es"},{"@type":"Person","@id":"https:\/\/www.copealcoy.es\/es\/#\/schema\/person\/e777c87fa024e57d40170af9df39882c","name":"Cope Alcoy","image":{"@type":"ImageObject","inLanguage":"es","@id":"https:\/\/secure.gravatar.com\/avatar\/bb65d0283347e303893ba14f0692005417c1e0e690a325a4c5d8bb2b3943ee14?s=96&d=mm&r=g","url":"https:\/\/secure.gravatar.com\/avatar\/bb65d0283347e303893ba14f0692005417c1e0e690a325a4c5d8bb2b3943ee14?s=96&d=mm&r=g","contentUrl":"https:\/\/secure.gravatar.com\/avatar\/bb65d0283347e303893ba14f0692005417c1e0e690a325a4c5d8bb2b3943ee14?s=96&d=mm&r=g","caption":"Cope Alcoy"}}]}},"_links":{"self":[{"href":"https:\/\/www.copealcoy.es\/es\/wp-json\/wp\/v2\/posts\/95705","targetHints":{"allow":["GET"]}}],"collection":[{"href":"https:\/\/www.copealcoy.es\/es\/wp-json\/wp\/v2\/posts"}],"about":[{"href":"https:\/\/www.copealcoy.es\/es\/wp-json\/wp\/v2\/types\/post"}],"author":[{"embeddable":true,"href":"https:\/\/www.copealcoy.es\/es\/wp-json\/wp\/v2\/users\/1"}],"replies":[{"embeddable":true,"href":"https:\/\/www.copealcoy.es\/es\/wp-json\/wp\/v2\/comments?post=95705"}],"version-history":[{"count":0,"href":"https:\/\/www.copealcoy.es\/es\/wp-json\/wp\/v2\/posts\/95705\/revisions"}],"wp:featuredmedia":[{"embeddable":true,"href":"https:\/\/www.copealcoy.es\/es\/wp-json\/wp\/v2\/media\/60817"}],"wp:attachment":[{"href":"https:\/\/www.copealcoy.es\/es\/wp-json\/wp\/v2\/media?parent=95705"}],"wp:term":[{"taxonomy":"category","embeddable":true,"href":"https:\/\/www.copealcoy.es\/es\/wp-json\/wp\/v2\/categories?post=95705"},{"taxonomy":"post_tag","embeddable":true,"href":"https:\/\/www.copealcoy.es\/es\/wp-json\/wp\/v2\/tags?post=95705"}],"curies":[{"name":"wp","href":"https:\/\/api.w.org\/{rel}","templated":true}]}}