{"id":95665,"date":"2022-12-27T08:15:26","date_gmt":"2022-12-27T07:15:26","guid":{"rendered":"https:\/\/www.copealcoy.es\/?p=95665"},"modified":"2022-12-27T14:43:54","modified_gmt":"2022-12-27T13:43:54","slug":"denunciat-per-conduir-de-forma-temeraria-en-ple-nucli-urba-de-cocentaina","status":"publish","type":"post","link":"https:\/\/www.copealcoy.es\/es\/denunciat-per-conduir-de-forma-temeraria-en-ple-nucli-urba-de-cocentaina\/","title":{"rendered":"Denunciat per conduir de forma temer\u00e0ria en ple nucli urb\u00e0 de Cocentaina"},"content":{"rendered":"<p style=\"text-align: justify;\"><span style=\"text-align: justify;\">La <strong>Policia Local de Cocentaina<\/strong> ha informat de <strong>la tramitaci\u00f3 d&#8217;una den\u00fancia per conducci\u00f3 temer\u00e0ria<\/strong>, uns fets que han ocorregut en els \u00faltims dies a la capital del Comtat. Les <strong>c\u00e0meres de seguretat instal\u00b7lades a l&#8217;entrada del Passeig del Comtat<\/strong>, i a la part central de l&#8217;Avinguda del Pa\u00eds Valenci\u00e0, de la Vila Comtal <strong>han perm\u00e9s identificar al conductor d&#8217;un vehicle<\/strong> de gran cilindrada que condu\u00efa a gran velocitat pel nucli urb\u00e0 del municipi. A banda de la den\u00fancia econ\u00f2mica, tamb\u00e9 se li han retirat sis punts del carnet al conductor. A les <strong><span style=\"color: #0000ff;\"><a style=\"color: #0000ff;\" href=\"https:\/\/fb.watch\/hGDFAtUWcD\/\">imatges difose<\/a>s<\/span><\/strong> pels agents es veu com el cotxe feia derrapatges en l&#8217;asfalt.\u00a0<\/span><\/p>\n<p><strong><span style=\"color: #0000ff;\">Arresten a un ve\u00ed per trencar retrovisors\u00a0<\/span><\/strong><\/p>\n<div id=\"dv_traduccio\">\n<div id=\"traduccio\" class=\"texte\" style=\"text-align: justify;\">\n<p>D&#8217;altra banda, els Agents de Policia Local de Cocentaina <strong>han arrestat a un ve\u00ed de la localitat per trencar retrovisors en vehicles i causar altres danys en 11 cotxes estacionats<\/strong> en la via p\u00fablica.<\/p>\n<p>El succ\u00e9s va tindre lloc dissabte passat, al voltant de les 15 hores, en l&#8217;Avinguda Pais Valenci\u00e0. En aqueix moment diversos ve\u00efns de la capital del Comtat <strong>van alertar a la Policia Local<\/strong>, a trav\u00e9s del tel\u00e8fon d&#8217;emerg\u00e8ncies, de <strong>la pres\u00e8ncia d&#8217;un home que estava fracturant els espills retrovisors<\/strong> dels esmentats vehicles que est\u00e0ven estacionats en la via p\u00fablica. Els testimonis, segons la informaci\u00f3 facilitada pel cos policial, <strong>van aportar la descripci\u00f3 del citat individu<\/strong>. Aqust \u00faltim, en veure&#8217;s sorpr\u00e9s, <strong>va escometre contra els Agents i despr\u00e9s de v\u00e9ncer a una gran resist\u00e8ncia<\/strong>, van procedir a la seua detenci\u00f3 juntament amb la Gu\u00e0rdia Civil. Se li imputa <strong>un delicte de danys intencionats<\/strong>, aix\u00ed com atemptat a agents de l&#8217;autoritat.<\/p>\n<p>Assenyalar que durant la inspecci\u00f3 ocular es van localitzar<strong> un total d&#8217;11 vehicles<\/strong> amb els mateixos danys. El detingut, juntament amb les dilig\u00e8ncies policials, <strong>va quedar posat despr\u00e9s a disposici\u00f3 judicial<\/strong>.<\/p>\n<p style=\"text-align: justify;\">A banda de tot a\u00e7\u00f2, cal destacar que tant la Nit de Nadal com el mateix Dia de Nadal <strong>van transc\u00f3rrer amb normalitat i sense incidents ressenyables<\/strong>.<\/p>\n<\/div>\n<\/div>\n","protected":false},"excerpt":{"rendered":"<p>La Policia Local de Cocentaina ha informat de la tramitaci\u00f3 d&#8217;una den\u00fancia per conducci\u00f3 temer\u00e0ria, uns fets que han ocorregut&#8230;<\/p>\n","protected":false},"author":1,"featured_media":95666,"comment_status":"open","ping_status":"open","sticky":false,"template":"","format":"standard","meta":{"footnotes":""},"categories":[97,98,75],"tags":[132,13644,1461,10704],"class_list":["post-95665","post","type-post","status-publish","format-standard","has-post-thumbnail","hentry","category-alcoy","category-comarcas","category-noticias","tag-cocentaina","tag-conduccio-temeraria","tag-denuncia","tag-tramitacio"],"yoast_head":"<!-- This site is optimized with the Yoast SEO plugin v27.3 - https:\/\/yoast.com\/product\/yoast-seo-wordpress\/ -->\n<title>Denunciat per conduir de forma temer\u00e0ria en ple nucli urb\u00e0 de Cocentaina - COPE Alcoy<\/title>\n<meta name=\"robots\" content=\"index, follow, max-snippet:-1, max-image-preview:large, max-video-preview:-1\" \/>\n<link rel=\"canonical\" href=\"https:\/\/www.copealcoy.es\/es\/denunciat-per-conduir-de-forma-temeraria-en-ple-nucli-urba-de-cocentaina\/\" \/>\n<meta property=\"og:locale\" content=\"es_ES\" \/>\n<meta property=\"og:type\" content=\"article\" \/>\n<meta property=\"og:title\" content=\"Denunciat per conduir de forma temer\u00e0ria en ple nucli urb\u00e0 de Cocentaina - COPE Alcoy\" \/>\n<meta property=\"og:description\" content=\"La Policia Local de Cocentaina ha informat de la tramitaci\u00f3 d&#8217;una den\u00fancia per conducci\u00f3 temer\u00e0ria, uns fets que han ocorregut...\" \/>\n<meta property=\"og:url\" content=\"https:\/\/www.copealcoy.es\/es\/denunciat-per-conduir-de-forma-temeraria-en-ple-nucli-urba-de-cocentaina\/\" \/>\n<meta property=\"og:site_name\" content=\"COPE Alcoy\" \/>\n<meta property=\"article:published_time\" content=\"2022-12-27T07:15:26+00:00\" \/>\n<meta property=\"article:modified_time\" content=\"2022-12-27T13:43:54+00:00\" \/>\n<meta property=\"og:image\" content=\"https:\/\/www.copealcoy.es\/wp-content\/uploads\/2022\/12\/Captura-de-pantalla-2022-12-27-a-las-13.06.13.png\" \/>\n\t<meta property=\"og:image:width\" content=\"604\" \/>\n\t<meta property=\"og:image:height\" content=\"332\" \/>\n\t<meta property=\"og:image:type\" content=\"image\/png\" \/>\n<meta name=\"author\" content=\"Cope Alcoy\" \/>\n<meta name=\"twitter:label1\" content=\"Escrito por\" \/>\n\t<meta name=\"twitter:data1\" content=\"Cope Alcoy\" \/>\n\t<meta name=\"twitter:label2\" content=\"Tiempo de lectura\" \/>\n\t<meta name=\"twitter:data2\" content=\"2 minutos\" \/>\n<script type=\"application\/ld+json\" class=\"yoast-schema-graph\">{\"@context\":\"https:\\\/\\\/schema.org\",\"@graph\":[{\"@type\":\"Article\",\"@id\":\"https:\\\/\\\/www.copealcoy.es\\\/es\\\/denunciat-per-conduir-de-forma-temeraria-en-ple-nucli-urba-de-cocentaina\\\/#article\",\"isPartOf\":{\"@id\":\"https:\\\/\\\/www.copealcoy.es\\\/es\\\/denunciat-per-conduir-de-forma-temeraria-en-ple-nucli-urba-de-cocentaina\\\/\"},\"author\":{\"name\":\"Cope Alcoy\",\"@id\":\"https:\\\/\\\/www.copealcoy.es\\\/es\\\/#\\\/schema\\\/person\\\/e777c87fa024e57d40170af9df39882c\"},\"headline\":\"Denunciat per conduir de forma temer\u00e0ria en ple nucli urb\u00e0 de Cocentaina\",\"datePublished\":\"2022-12-27T07:15:26+00:00\",\"dateModified\":\"2022-12-27T13:43:54+00:00\",\"mainEntityOfPage\":{\"@id\":\"https:\\\/\\\/www.copealcoy.es\\\/es\\\/denunciat-per-conduir-de-forma-temeraria-en-ple-nucli-urba-de-cocentaina\\\/\"},\"wordCount\":372,\"commentCount\":0,\"image\":{\"@id\":\"https:\\\/\\\/www.copealcoy.es\\\/es\\\/denunciat-per-conduir-de-forma-temeraria-en-ple-nucli-urba-de-cocentaina\\\/#primaryimage\"},\"thumbnailUrl\":\"https:\\\/\\\/www.copealcoy.es\\\/wp-content\\\/uploads\\\/2022\\\/12\\\/Captura-de-pantalla-2022-12-27-a-las-13.06.13.png\",\"keywords\":[\"Cocentaina\",\"conducci\u00f3 temer\u00e0ria\",\"Denuncia\",\"tramitaci\u00f3\"],\"articleSection\":[\"Alcoy\",\"Comarcas\",\"Noticias\"],\"inLanguage\":\"es\"},{\"@type\":\"WebPage\",\"@id\":\"https:\\\/\\\/www.copealcoy.es\\\/es\\\/denunciat-per-conduir-de-forma-temeraria-en-ple-nucli-urba-de-cocentaina\\\/\",\"url\":\"https:\\\/\\\/www.copealcoy.es\\\/es\\\/denunciat-per-conduir-de-forma-temeraria-en-ple-nucli-urba-de-cocentaina\\\/\",\"name\":\"Denunciat per conduir de forma temer\u00e0ria en ple nucli urb\u00e0 de Cocentaina - COPE Alcoy\",\"isPartOf\":{\"@id\":\"https:\\\/\\\/www.copealcoy.es\\\/es\\\/#website\"},\"primaryImageOfPage\":{\"@id\":\"https:\\\/\\\/www.copealcoy.es\\\/es\\\/denunciat-per-conduir-de-forma-temeraria-en-ple-nucli-urba-de-cocentaina\\\/#primaryimage\"},\"image\":{\"@id\":\"https:\\\/\\\/www.copealcoy.es\\\/es\\\/denunciat-per-conduir-de-forma-temeraria-en-ple-nucli-urba-de-cocentaina\\\/#primaryimage\"},\"thumbnailUrl\":\"https:\\\/\\\/www.copealcoy.es\\\/wp-content\\\/uploads\\\/2022\\\/12\\\/Captura-de-pantalla-2022-12-27-a-las-13.06.13.png\",\"datePublished\":\"2022-12-27T07:15:26+00:00\",\"dateModified\":\"2022-12-27T13:43:54+00:00\",\"author\":{\"@id\":\"https:\\\/\\\/www.copealcoy.es\\\/es\\\/#\\\/schema\\\/person\\\/e777c87fa024e57d40170af9df39882c\"},\"breadcrumb\":{\"@id\":\"https:\\\/\\\/www.copealcoy.es\\\/es\\\/denunciat-per-conduir-de-forma-temeraria-en-ple-nucli-urba-de-cocentaina\\\/#breadcrumb\"},\"inLanguage\":\"es\",\"potentialAction\":[{\"@type\":\"ReadAction\",\"target\":[\"https:\\\/\\\/www.copealcoy.es\\\/es\\\/denunciat-per-conduir-de-forma-temeraria-en-ple-nucli-urba-de-cocentaina\\\/\"]}]},{\"@type\":\"ImageObject\",\"inLanguage\":\"es\",\"@id\":\"https:\\\/\\\/www.copealcoy.es\\\/es\\\/denunciat-per-conduir-de-forma-temeraria-en-ple-nucli-urba-de-cocentaina\\\/#primaryimage\",\"url\":\"https:\\\/\\\/www.copealcoy.es\\\/wp-content\\\/uploads\\\/2022\\\/12\\\/Captura-de-pantalla-2022-12-27-a-las-13.06.13.png\",\"contentUrl\":\"https:\\\/\\\/www.copealcoy.es\\\/wp-content\\\/uploads\\\/2022\\\/12\\\/Captura-de-pantalla-2022-12-27-a-las-13.06.13.png\",\"width\":604,\"height\":332},{\"@type\":\"BreadcrumbList\",\"@id\":\"https:\\\/\\\/www.copealcoy.es\\\/es\\\/denunciat-per-conduir-de-forma-temeraria-en-ple-nucli-urba-de-cocentaina\\\/#breadcrumb\",\"itemListElement\":[{\"@type\":\"ListItem\",\"position\":1,\"name\":\"Portada\",\"item\":\"https:\\\/\\\/www.copealcoy.es\\\/es\\\/\"},{\"@type\":\"ListItem\",\"position\":2,\"name\":\"Denunciat per conduir de forma temer\u00e0ria en ple nucli urb\u00e0 de Cocentaina\"}]},{\"@type\":\"WebSite\",\"@id\":\"https:\\\/\\\/www.copealcoy.es\\\/es\\\/#website\",\"url\":\"https:\\\/\\\/www.copealcoy.es\\\/es\\\/\",\"name\":\"COPE Alcoy\",\"description\":\"Emisora COPE de radio local con emisi\u00f3n online. Pont de Sant Jordi 8-10 03803 Alcoy\",\"potentialAction\":[{\"@type\":\"SearchAction\",\"target\":{\"@type\":\"EntryPoint\",\"urlTemplate\":\"https:\\\/\\\/www.copealcoy.es\\\/es\\\/?s={search_term_string}\"},\"query-input\":{\"@type\":\"PropertyValueSpecification\",\"valueRequired\":true,\"valueName\":\"search_term_string\"}}],\"inLanguage\":\"es\"},{\"@type\":\"Person\",\"@id\":\"https:\\\/\\\/www.copealcoy.es\\\/es\\\/#\\\/schema\\\/person\\\/e777c87fa024e57d40170af9df39882c\",\"name\":\"Cope Alcoy\",\"image\":{\"@type\":\"ImageObject\",\"inLanguage\":\"es\",\"@id\":\"https:\\\/\\\/secure.gravatar.com\\\/avatar\\\/bb65d0283347e303893ba14f0692005417c1e0e690a325a4c5d8bb2b3943ee14?s=96&d=mm&r=g\",\"url\":\"https:\\\/\\\/secure.gravatar.com\\\/avatar\\\/bb65d0283347e303893ba14f0692005417c1e0e690a325a4c5d8bb2b3943ee14?s=96&d=mm&r=g\",\"contentUrl\":\"https:\\\/\\\/secure.gravatar.com\\\/avatar\\\/bb65d0283347e303893ba14f0692005417c1e0e690a325a4c5d8bb2b3943ee14?s=96&d=mm&r=g\",\"caption\":\"Cope Alcoy\"}}]}<\/script>\n<!-- \/ Yoast SEO plugin. -->","yoast_head_json":{"title":"Denunciat per conduir de forma temer\u00e0ria en ple nucli urb\u00e0 de Cocentaina - COPE Alcoy","robots":{"index":"index","follow":"follow","max-snippet":"max-snippet:-1","max-image-preview":"max-image-preview:large","max-video-preview":"max-video-preview:-1"},"canonical":"https:\/\/www.copealcoy.es\/es\/denunciat-per-conduir-de-forma-temeraria-en-ple-nucli-urba-de-cocentaina\/","og_locale":"es_ES","og_type":"article","og_title":"Denunciat per conduir de forma temer\u00e0ria en ple nucli urb\u00e0 de Cocentaina - COPE Alcoy","og_description":"La Policia Local de Cocentaina ha informat de la tramitaci\u00f3 d&#8217;una den\u00fancia per conducci\u00f3 temer\u00e0ria, uns fets que han ocorregut...","og_url":"https:\/\/www.copealcoy.es\/es\/denunciat-per-conduir-de-forma-temeraria-en-ple-nucli-urba-de-cocentaina\/","og_site_name":"COPE Alcoy","article_published_time":"2022-12-27T07:15:26+00:00","article_modified_time":"2022-12-27T13:43:54+00:00","og_image":[{"width":604,"height":332,"url":"https:\/\/www.copealcoy.es\/wp-content\/uploads\/2022\/12\/Captura-de-pantalla-2022-12-27-a-las-13.06.13.png","type":"image\/png"}],"author":"Cope Alcoy","twitter_misc":{"Escrito por":"Cope Alcoy","Tiempo de lectura":"2 minutos"},"schema":{"@context":"https:\/\/schema.org","@graph":[{"@type":"Article","@id":"https:\/\/www.copealcoy.es\/es\/denunciat-per-conduir-de-forma-temeraria-en-ple-nucli-urba-de-cocentaina\/#article","isPartOf":{"@id":"https:\/\/www.copealcoy.es\/es\/denunciat-per-conduir-de-forma-temeraria-en-ple-nucli-urba-de-cocentaina\/"},"author":{"name":"Cope Alcoy","@id":"https:\/\/www.copealcoy.es\/es\/#\/schema\/person\/e777c87fa024e57d40170af9df39882c"},"headline":"Denunciat per conduir de forma temer\u00e0ria en ple nucli urb\u00e0 de Cocentaina","datePublished":"2022-12-27T07:15:26+00:00","dateModified":"2022-12-27T13:43:54+00:00","mainEntityOfPage":{"@id":"https:\/\/www.copealcoy.es\/es\/denunciat-per-conduir-de-forma-temeraria-en-ple-nucli-urba-de-cocentaina\/"},"wordCount":372,"commentCount":0,"image":{"@id":"https:\/\/www.copealcoy.es\/es\/denunciat-per-conduir-de-forma-temeraria-en-ple-nucli-urba-de-cocentaina\/#primaryimage"},"thumbnailUrl":"https:\/\/www.copealcoy.es\/wp-content\/uploads\/2022\/12\/Captura-de-pantalla-2022-12-27-a-las-13.06.13.png","keywords":["Cocentaina","conducci\u00f3 temer\u00e0ria","Denuncia","tramitaci\u00f3"],"articleSection":["Alcoy","Comarcas","Noticias"],"inLanguage":"es"},{"@type":"WebPage","@id":"https:\/\/www.copealcoy.es\/es\/denunciat-per-conduir-de-forma-temeraria-en-ple-nucli-urba-de-cocentaina\/","url":"https:\/\/www.copealcoy.es\/es\/denunciat-per-conduir-de-forma-temeraria-en-ple-nucli-urba-de-cocentaina\/","name":"Denunciat per conduir de forma temer\u00e0ria en ple nucli urb\u00e0 de Cocentaina - COPE Alcoy","isPartOf":{"@id":"https:\/\/www.copealcoy.es\/es\/#website"},"primaryImageOfPage":{"@id":"https:\/\/www.copealcoy.es\/es\/denunciat-per-conduir-de-forma-temeraria-en-ple-nucli-urba-de-cocentaina\/#primaryimage"},"image":{"@id":"https:\/\/www.copealcoy.es\/es\/denunciat-per-conduir-de-forma-temeraria-en-ple-nucli-urba-de-cocentaina\/#primaryimage"},"thumbnailUrl":"https:\/\/www.copealcoy.es\/wp-content\/uploads\/2022\/12\/Captura-de-pantalla-2022-12-27-a-las-13.06.13.png","datePublished":"2022-12-27T07:15:26+00:00","dateModified":"2022-12-27T13:43:54+00:00","author":{"@id":"https:\/\/www.copealcoy.es\/es\/#\/schema\/person\/e777c87fa024e57d40170af9df39882c"},"breadcrumb":{"@id":"https:\/\/www.copealcoy.es\/es\/denunciat-per-conduir-de-forma-temeraria-en-ple-nucli-urba-de-cocentaina\/#breadcrumb"},"inLanguage":"es","potentialAction":[{"@type":"ReadAction","target":["https:\/\/www.copealcoy.es\/es\/denunciat-per-conduir-de-forma-temeraria-en-ple-nucli-urba-de-cocentaina\/"]}]},{"@type":"ImageObject","inLanguage":"es","@id":"https:\/\/www.copealcoy.es\/es\/denunciat-per-conduir-de-forma-temeraria-en-ple-nucli-urba-de-cocentaina\/#primaryimage","url":"https:\/\/www.copealcoy.es\/wp-content\/uploads\/2022\/12\/Captura-de-pantalla-2022-12-27-a-las-13.06.13.png","contentUrl":"https:\/\/www.copealcoy.es\/wp-content\/uploads\/2022\/12\/Captura-de-pantalla-2022-12-27-a-las-13.06.13.png","width":604,"height":332},{"@type":"BreadcrumbList","@id":"https:\/\/www.copealcoy.es\/es\/denunciat-per-conduir-de-forma-temeraria-en-ple-nucli-urba-de-cocentaina\/#breadcrumb","itemListElement":[{"@type":"ListItem","position":1,"name":"Portada","item":"https:\/\/www.copealcoy.es\/es\/"},{"@type":"ListItem","position":2,"name":"Denunciat per conduir de forma temer\u00e0ria en ple nucli urb\u00e0 de Cocentaina"}]},{"@type":"WebSite","@id":"https:\/\/www.copealcoy.es\/es\/#website","url":"https:\/\/www.copealcoy.es\/es\/","name":"COPE Alcoy","description":"Emisora COPE de radio local con emisi\u00f3n online. Pont de Sant Jordi 8-10 03803 Alcoy","potentialAction":[{"@type":"SearchAction","target":{"@type":"EntryPoint","urlTemplate":"https:\/\/www.copealcoy.es\/es\/?s={search_term_string}"},"query-input":{"@type":"PropertyValueSpecification","valueRequired":true,"valueName":"search_term_string"}}],"inLanguage":"es"},{"@type":"Person","@id":"https:\/\/www.copealcoy.es\/es\/#\/schema\/person\/e777c87fa024e57d40170af9df39882c","name":"Cope Alcoy","image":{"@type":"ImageObject","inLanguage":"es","@id":"https:\/\/secure.gravatar.com\/avatar\/bb65d0283347e303893ba14f0692005417c1e0e690a325a4c5d8bb2b3943ee14?s=96&d=mm&r=g","url":"https:\/\/secure.gravatar.com\/avatar\/bb65d0283347e303893ba14f0692005417c1e0e690a325a4c5d8bb2b3943ee14?s=96&d=mm&r=g","contentUrl":"https:\/\/secure.gravatar.com\/avatar\/bb65d0283347e303893ba14f0692005417c1e0e690a325a4c5d8bb2b3943ee14?s=96&d=mm&r=g","caption":"Cope Alcoy"}}]}},"_links":{"self":[{"href":"https:\/\/www.copealcoy.es\/es\/wp-json\/wp\/v2\/posts\/95665","targetHints":{"allow":["GET"]}}],"collection":[{"href":"https:\/\/www.copealcoy.es\/es\/wp-json\/wp\/v2\/posts"}],"about":[{"href":"https:\/\/www.copealcoy.es\/es\/wp-json\/wp\/v2\/types\/post"}],"author":[{"embeddable":true,"href":"https:\/\/www.copealcoy.es\/es\/wp-json\/wp\/v2\/users\/1"}],"replies":[{"embeddable":true,"href":"https:\/\/www.copealcoy.es\/es\/wp-json\/wp\/v2\/comments?post=95665"}],"version-history":[{"count":0,"href":"https:\/\/www.copealcoy.es\/es\/wp-json\/wp\/v2\/posts\/95665\/revisions"}],"wp:featuredmedia":[{"embeddable":true,"href":"https:\/\/www.copealcoy.es\/es\/wp-json\/wp\/v2\/media\/95666"}],"wp:attachment":[{"href":"https:\/\/www.copealcoy.es\/es\/wp-json\/wp\/v2\/media?parent=95665"}],"wp:term":[{"taxonomy":"category","embeddable":true,"href":"https:\/\/www.copealcoy.es\/es\/wp-json\/wp\/v2\/categories?post=95665"},{"taxonomy":"post_tag","embeddable":true,"href":"https:\/\/www.copealcoy.es\/es\/wp-json\/wp\/v2\/tags?post=95665"}],"curies":[{"name":"wp","href":"https:\/\/api.w.org\/{rel}","templated":true}]}}