{"id":95633,"date":"2022-12-23T18:32:55","date_gmt":"2022-12-23T17:32:55","guid":{"rendered":"https:\/\/www.copealcoy.es\/?p=95633"},"modified":"2022-12-24T09:28:28","modified_gmt":"2022-12-24T08:28:28","slug":"una-cadena-humana-acosta-aliments-des-del-col%c2%b7legi-sant-vicent-de-paul-fins-a-leconomat-de-caritas-alcoi","status":"publish","type":"post","link":"https:\/\/www.copealcoy.es\/es\/una-cadena-humana-acosta-aliments-des-del-col%c2%b7legi-sant-vicent-de-paul-fins-a-leconomat-de-caritas-alcoi\/","title":{"rendered":"Una cadena humana acosta aliments des del col\u00b7legi Sant Vicent de Pa\u00fcl fins a l\u2019Economat de C\u00e0ritas Alcoi"},"content":{"rendered":"<p style=\"text-align: justify;\">Alcoi fou escenari el passat dijous 22 de desembre <strong>d&#8217;una iniciativa solid\u00e0ria<\/strong> que <strong>va despertar molt d&#8217;inter\u00e9s en la ciutat<\/strong> i que <strong>va comptar amb una destacada repercussi\u00f3<\/strong> a uns dies de l&#8217;inici de les Festes de Nadal. La mateixa <strong>fou impulsada pels estudiants i les alumnes del col\u00b7legi Sant Vicent de Pa\u00fcl d&#8217;Alcoi<\/strong> i el beneficiari de l&#8217;acci\u00f3 <strong>va resultar ser l&#8217;Economat de C\u00e0ritas<\/strong>.<\/p>\n<p style=\"text-align: justify;\">M\u00e9s de sis-cents alumnes, junt amb el professorat del<strong><a href=\"https:\/\/www.facebook.com\/colegiopaulalcoy\" target=\"_blank\" rel=\"noopener\"><span style=\"color: #0000ff;\"> col\u00b7legi Sant Vicent de Pa\u00fcl<\/span><\/a><\/strong>, <strong>formaren una cadena humana de 700 metres<\/strong> per a traslladar des del centre educatiu fins a C\u00e0ritas aliments no peribles aix\u00ed com productes b\u00e0sics d\u2019higiene. Un exemple de solidaritat que <strong>han volgut mostrar en l\u2019\u00faltim dia de classe d&#8217;aquest trimestre<\/strong> abans de les vacances de Nadal que comen\u00e7aren ahir divendres.<\/p>\n<p style=\"text-align: justify;\">Des de la direcci\u00f3 del centre educatiu alcoi\u00e0 <strong>valoren aquesta iniciativa molt positivament<\/strong>, ja que integra als xiquets i adolescents a ser solidaris amb la gent m\u00e9s necessitada, no sols en la recol\u00b7lecta dels aliments que s\u2019ha fet de manera pr\u00e8via a aquesta acci\u00f3, sin\u00f3 tamb\u00e9 amb<strong> fer-los arribar fins a l\u2019Economat de C\u00e0ritas Alcoi<\/strong>. Un valor que es transmet des del col\u00b7legi Sant Vicent de Pa\u00fcl d&#8217;Alcoi durant tot l\u2019any . A m\u00e9s expliquen que els alumnes <strong>han pogut con\u00e9ixer de prop com funciona el mateix economat de C\u00e0ritas<\/strong> &#8220;<em>es van interessar molt per tots els serveis que es presten i pel gran treball que fan els voluntaris. Per a ells ha sigut una experi\u00e8ncia molt bonica<\/em>&#8220;, ha explicat en COPE ALCOI <strong>Inma Cant\u00f3<\/strong> com a directora del Centre.<\/p>\n<p style=\"text-align: justify;\">Cal recordar que <strong>L\u2019Economat de C\u00e0ritas est\u00e0 ajudant en l\u2019actualitat a m\u00e9s de 900 fam\u00edlies<\/strong>. Ara mateix tenen totes les necessitats cobertes, per\u00f2 \u00e9s possible que en dos o tres mesos, els donatius fets en aquestes dates especials s\u2019acaben i sorgisca de nou la necessitat de recollir aliments i productes d\u2019higiene personal.<\/p>\n","protected":false},"excerpt":{"rendered":"<p>Alcoi fou escenari el passat dijous 22 de desembre d&#8217;una iniciativa solid\u00e0ria que va despertar molt d&#8217;inter\u00e9s en la ciutat&#8230;<\/p>\n","protected":false},"author":1,"featured_media":95635,"comment_status":"open","ping_status":"open","sticky":false,"template":"","format":"standard","meta":{"footnotes":""},"categories":[6909,97,900,75],"tags":[160,460,13641,5652],"class_list":["post-95633","post","type-post","status-publish","format-standard","has-post-thumbnail","hentry","category-actualidad","category-alcoy","category-educacion","category-noticias","tag-alcoi","tag-caritas","tag-economat","tag-sant-vicent-de-paul"],"yoast_head":"<!-- This site is optimized with the Yoast SEO plugin v27.3 - https:\/\/yoast.com\/product\/yoast-seo-wordpress\/ -->\n<title>Una cadena humana acosta aliments des del col\u00b7legi Sant Vicent de Pa\u00fcl fins a l\u2019Economat de C\u00e0ritas Alcoi - COPE Alcoy<\/title>\n<meta name=\"description\" content=\"Unes 700 persones formen una cadena humana per portar aliments des del col\u00b7legi Sant Vicent de Pa\u00fcl fins l\u2019Economat de C\u00e0ritas\" \/>\n<meta name=\"robots\" content=\"index, follow, max-snippet:-1, max-image-preview:large, max-video-preview:-1\" \/>\n<link rel=\"canonical\" href=\"https:\/\/www.copealcoy.es\/es\/una-cadena-humana-acosta-aliments-des-del-col%c2%b7legi-sant-vicent-de-paul-fins-a-leconomat-de-caritas-alcoi\/\" \/>\n<meta property=\"og:locale\" content=\"es_ES\" \/>\n<meta property=\"og:type\" content=\"article\" \/>\n<meta property=\"og:title\" content=\"Una cadena humana acosta aliments des del col\u00b7legi Sant Vicent de Pa\u00fcl fins a l\u2019Economat de C\u00e0ritas Alcoi - COPE Alcoy\" \/>\n<meta property=\"og:description\" content=\"Unes 700 persones formen una cadena humana per portar aliments des del col\u00b7legi Sant Vicent de Pa\u00fcl fins l\u2019Economat de C\u00e0ritas\" \/>\n<meta property=\"og:url\" content=\"https:\/\/www.copealcoy.es\/es\/una-cadena-humana-acosta-aliments-des-del-col%c2%b7legi-sant-vicent-de-paul-fins-a-leconomat-de-caritas-alcoi\/\" \/>\n<meta property=\"og:site_name\" content=\"COPE Alcoy\" \/>\n<meta property=\"article:published_time\" content=\"2022-12-23T17:32:55+00:00\" \/>\n<meta property=\"article:modified_time\" content=\"2022-12-24T08:28:28+00:00\" \/>\n<meta property=\"og:image\" content=\"https:\/\/www.copealcoy.es\/wp-content\/uploads\/2022\/12\/IMG_7336-scaled-e1671816742412.jpg\" \/>\n\t<meta property=\"og:image:width\" content=\"640\" \/>\n\t<meta property=\"og:image:height\" content=\"341\" \/>\n\t<meta property=\"og:image:type\" content=\"image\/jpeg\" \/>\n<meta name=\"author\" content=\"Cope Alcoy\" \/>\n<meta name=\"twitter:label1\" content=\"Escrito por\" \/>\n\t<meta name=\"twitter:data1\" content=\"Cope Alcoy\" \/>\n\t<meta name=\"twitter:label2\" content=\"Tiempo de lectura\" \/>\n\t<meta name=\"twitter:data2\" content=\"2 minutos\" \/>\n<script type=\"application\/ld+json\" class=\"yoast-schema-graph\">{\"@context\":\"https:\\\/\\\/schema.org\",\"@graph\":[{\"@type\":\"Article\",\"@id\":\"https:\\\/\\\/www.copealcoy.es\\\/es\\\/una-cadena-humana-acosta-aliments-des-del-col%c2%b7legi-sant-vicent-de-paul-fins-a-leconomat-de-caritas-alcoi\\\/#article\",\"isPartOf\":{\"@id\":\"https:\\\/\\\/www.copealcoy.es\\\/es\\\/una-cadena-humana-acosta-aliments-des-del-col%c2%b7legi-sant-vicent-de-paul-fins-a-leconomat-de-caritas-alcoi\\\/\"},\"author\":{\"name\":\"Cope Alcoy\",\"@id\":\"https:\\\/\\\/www.copealcoy.es\\\/es\\\/#\\\/schema\\\/person\\\/e777c87fa024e57d40170af9df39882c\"},\"headline\":\"Una cadena humana acosta aliments des del col\u00b7legi Sant Vicent de Pa\u00fcl fins a l\u2019Economat de C\u00e0ritas Alcoi\",\"datePublished\":\"2022-12-23T17:32:55+00:00\",\"dateModified\":\"2022-12-24T08:28:28+00:00\",\"mainEntityOfPage\":{\"@id\":\"https:\\\/\\\/www.copealcoy.es\\\/es\\\/una-cadena-humana-acosta-aliments-des-del-col%c2%b7legi-sant-vicent-de-paul-fins-a-leconomat-de-caritas-alcoi\\\/\"},\"wordCount\":370,\"commentCount\":0,\"image\":{\"@id\":\"https:\\\/\\\/www.copealcoy.es\\\/es\\\/una-cadena-humana-acosta-aliments-des-del-col%c2%b7legi-sant-vicent-de-paul-fins-a-leconomat-de-caritas-alcoi\\\/#primaryimage\"},\"thumbnailUrl\":\"https:\\\/\\\/www.copealcoy.es\\\/wp-content\\\/uploads\\\/2022\\\/12\\\/IMG_7336-scaled-e1671816742412.jpg\",\"keywords\":[\"Alcoi\",\"C\u00e1ritas\",\"Economat\",\"Sant Vicent de Pa\u00fal\"],\"articleSection\":[\"Actualidad\",\"Alcoy\",\"Educaci\u00f3n\",\"Noticias\"],\"inLanguage\":\"es\"},{\"@type\":\"WebPage\",\"@id\":\"https:\\\/\\\/www.copealcoy.es\\\/es\\\/una-cadena-humana-acosta-aliments-des-del-col%c2%b7legi-sant-vicent-de-paul-fins-a-leconomat-de-caritas-alcoi\\\/\",\"url\":\"https:\\\/\\\/www.copealcoy.es\\\/es\\\/una-cadena-humana-acosta-aliments-des-del-col%c2%b7legi-sant-vicent-de-paul-fins-a-leconomat-de-caritas-alcoi\\\/\",\"name\":\"Una cadena humana acosta aliments des del col\u00b7legi Sant Vicent de Pa\u00fcl fins a l\u2019Economat de C\u00e0ritas Alcoi - COPE Alcoy\",\"isPartOf\":{\"@id\":\"https:\\\/\\\/www.copealcoy.es\\\/es\\\/#website\"},\"primaryImageOfPage\":{\"@id\":\"https:\\\/\\\/www.copealcoy.es\\\/es\\\/una-cadena-humana-acosta-aliments-des-del-col%c2%b7legi-sant-vicent-de-paul-fins-a-leconomat-de-caritas-alcoi\\\/#primaryimage\"},\"image\":{\"@id\":\"https:\\\/\\\/www.copealcoy.es\\\/es\\\/una-cadena-humana-acosta-aliments-des-del-col%c2%b7legi-sant-vicent-de-paul-fins-a-leconomat-de-caritas-alcoi\\\/#primaryimage\"},\"thumbnailUrl\":\"https:\\\/\\\/www.copealcoy.es\\\/wp-content\\\/uploads\\\/2022\\\/12\\\/IMG_7336-scaled-e1671816742412.jpg\",\"datePublished\":\"2022-12-23T17:32:55+00:00\",\"dateModified\":\"2022-12-24T08:28:28+00:00\",\"author\":{\"@id\":\"https:\\\/\\\/www.copealcoy.es\\\/es\\\/#\\\/schema\\\/person\\\/e777c87fa024e57d40170af9df39882c\"},\"description\":\"Unes 700 persones formen una cadena humana per portar aliments des del col\u00b7legi Sant Vicent de Pa\u00fcl fins l\u2019Economat de C\u00e0ritas\",\"breadcrumb\":{\"@id\":\"https:\\\/\\\/www.copealcoy.es\\\/es\\\/una-cadena-humana-acosta-aliments-des-del-col%c2%b7legi-sant-vicent-de-paul-fins-a-leconomat-de-caritas-alcoi\\\/#breadcrumb\"},\"inLanguage\":\"es\",\"potentialAction\":[{\"@type\":\"ReadAction\",\"target\":[\"https:\\\/\\\/www.copealcoy.es\\\/es\\\/una-cadena-humana-acosta-aliments-des-del-col%c2%b7legi-sant-vicent-de-paul-fins-a-leconomat-de-caritas-alcoi\\\/\"]}]},{\"@type\":\"ImageObject\",\"inLanguage\":\"es\",\"@id\":\"https:\\\/\\\/www.copealcoy.es\\\/es\\\/una-cadena-humana-acosta-aliments-des-del-col%c2%b7legi-sant-vicent-de-paul-fins-a-leconomat-de-caritas-alcoi\\\/#primaryimage\",\"url\":\"https:\\\/\\\/www.copealcoy.es\\\/wp-content\\\/uploads\\\/2022\\\/12\\\/IMG_7336-scaled-e1671816742412.jpg\",\"contentUrl\":\"https:\\\/\\\/www.copealcoy.es\\\/wp-content\\\/uploads\\\/2022\\\/12\\\/IMG_7336-scaled-e1671816742412.jpg\",\"width\":640,\"height\":341},{\"@type\":\"BreadcrumbList\",\"@id\":\"https:\\\/\\\/www.copealcoy.es\\\/es\\\/una-cadena-humana-acosta-aliments-des-del-col%c2%b7legi-sant-vicent-de-paul-fins-a-leconomat-de-caritas-alcoi\\\/#breadcrumb\",\"itemListElement\":[{\"@type\":\"ListItem\",\"position\":1,\"name\":\"Portada\",\"item\":\"https:\\\/\\\/www.copealcoy.es\\\/es\\\/\"},{\"@type\":\"ListItem\",\"position\":2,\"name\":\"Una cadena humana acosta aliments des del col\u00b7legi Sant Vicent de Pa\u00fcl fins a l\u2019Economat de C\u00e0ritas Alcoi\"}]},{\"@type\":\"WebSite\",\"@id\":\"https:\\\/\\\/www.copealcoy.es\\\/es\\\/#website\",\"url\":\"https:\\\/\\\/www.copealcoy.es\\\/es\\\/\",\"name\":\"COPE Alcoy\",\"description\":\"Emisora COPE de radio local con emisi\u00f3n online. Pont de Sant Jordi 8-10 03803 Alcoy\",\"potentialAction\":[{\"@type\":\"SearchAction\",\"target\":{\"@type\":\"EntryPoint\",\"urlTemplate\":\"https:\\\/\\\/www.copealcoy.es\\\/es\\\/?s={search_term_string}\"},\"query-input\":{\"@type\":\"PropertyValueSpecification\",\"valueRequired\":true,\"valueName\":\"search_term_string\"}}],\"inLanguage\":\"es\"},{\"@type\":\"Person\",\"@id\":\"https:\\\/\\\/www.copealcoy.es\\\/es\\\/#\\\/schema\\\/person\\\/e777c87fa024e57d40170af9df39882c\",\"name\":\"Cope Alcoy\",\"image\":{\"@type\":\"ImageObject\",\"inLanguage\":\"es\",\"@id\":\"https:\\\/\\\/secure.gravatar.com\\\/avatar\\\/bb65d0283347e303893ba14f0692005417c1e0e690a325a4c5d8bb2b3943ee14?s=96&d=mm&r=g\",\"url\":\"https:\\\/\\\/secure.gravatar.com\\\/avatar\\\/bb65d0283347e303893ba14f0692005417c1e0e690a325a4c5d8bb2b3943ee14?s=96&d=mm&r=g\",\"contentUrl\":\"https:\\\/\\\/secure.gravatar.com\\\/avatar\\\/bb65d0283347e303893ba14f0692005417c1e0e690a325a4c5d8bb2b3943ee14?s=96&d=mm&r=g\",\"caption\":\"Cope Alcoy\"}}]}<\/script>\n<!-- \/ Yoast SEO plugin. -->","yoast_head_json":{"title":"Una cadena humana acosta aliments des del col\u00b7legi Sant Vicent de Pa\u00fcl fins a l\u2019Economat de C\u00e0ritas Alcoi - COPE Alcoy","description":"Unes 700 persones formen una cadena humana per portar aliments des del col\u00b7legi Sant Vicent de Pa\u00fcl fins l\u2019Economat de C\u00e0ritas","robots":{"index":"index","follow":"follow","max-snippet":"max-snippet:-1","max-image-preview":"max-image-preview:large","max-video-preview":"max-video-preview:-1"},"canonical":"https:\/\/www.copealcoy.es\/es\/una-cadena-humana-acosta-aliments-des-del-col%c2%b7legi-sant-vicent-de-paul-fins-a-leconomat-de-caritas-alcoi\/","og_locale":"es_ES","og_type":"article","og_title":"Una cadena humana acosta aliments des del col\u00b7legi Sant Vicent de Pa\u00fcl fins a l\u2019Economat de C\u00e0ritas Alcoi - COPE Alcoy","og_description":"Unes 700 persones formen una cadena humana per portar aliments des del col\u00b7legi Sant Vicent de Pa\u00fcl fins l\u2019Economat de C\u00e0ritas","og_url":"https:\/\/www.copealcoy.es\/es\/una-cadena-humana-acosta-aliments-des-del-col%c2%b7legi-sant-vicent-de-paul-fins-a-leconomat-de-caritas-alcoi\/","og_site_name":"COPE Alcoy","article_published_time":"2022-12-23T17:32:55+00:00","article_modified_time":"2022-12-24T08:28:28+00:00","og_image":[{"width":640,"height":341,"url":"https:\/\/www.copealcoy.es\/wp-content\/uploads\/2022\/12\/IMG_7336-scaled-e1671816742412.jpg","type":"image\/jpeg"}],"author":"Cope Alcoy","twitter_misc":{"Escrito por":"Cope Alcoy","Tiempo de lectura":"2 minutos"},"schema":{"@context":"https:\/\/schema.org","@graph":[{"@type":"Article","@id":"https:\/\/www.copealcoy.es\/es\/una-cadena-humana-acosta-aliments-des-del-col%c2%b7legi-sant-vicent-de-paul-fins-a-leconomat-de-caritas-alcoi\/#article","isPartOf":{"@id":"https:\/\/www.copealcoy.es\/es\/una-cadena-humana-acosta-aliments-des-del-col%c2%b7legi-sant-vicent-de-paul-fins-a-leconomat-de-caritas-alcoi\/"},"author":{"name":"Cope Alcoy","@id":"https:\/\/www.copealcoy.es\/es\/#\/schema\/person\/e777c87fa024e57d40170af9df39882c"},"headline":"Una cadena humana acosta aliments des del col\u00b7legi Sant Vicent de Pa\u00fcl fins a l\u2019Economat de C\u00e0ritas Alcoi","datePublished":"2022-12-23T17:32:55+00:00","dateModified":"2022-12-24T08:28:28+00:00","mainEntityOfPage":{"@id":"https:\/\/www.copealcoy.es\/es\/una-cadena-humana-acosta-aliments-des-del-col%c2%b7legi-sant-vicent-de-paul-fins-a-leconomat-de-caritas-alcoi\/"},"wordCount":370,"commentCount":0,"image":{"@id":"https:\/\/www.copealcoy.es\/es\/una-cadena-humana-acosta-aliments-des-del-col%c2%b7legi-sant-vicent-de-paul-fins-a-leconomat-de-caritas-alcoi\/#primaryimage"},"thumbnailUrl":"https:\/\/www.copealcoy.es\/wp-content\/uploads\/2022\/12\/IMG_7336-scaled-e1671816742412.jpg","keywords":["Alcoi","C\u00e1ritas","Economat","Sant Vicent de Pa\u00fal"],"articleSection":["Actualidad","Alcoy","Educaci\u00f3n","Noticias"],"inLanguage":"es"},{"@type":"WebPage","@id":"https:\/\/www.copealcoy.es\/es\/una-cadena-humana-acosta-aliments-des-del-col%c2%b7legi-sant-vicent-de-paul-fins-a-leconomat-de-caritas-alcoi\/","url":"https:\/\/www.copealcoy.es\/es\/una-cadena-humana-acosta-aliments-des-del-col%c2%b7legi-sant-vicent-de-paul-fins-a-leconomat-de-caritas-alcoi\/","name":"Una cadena humana acosta aliments des del col\u00b7legi Sant Vicent de Pa\u00fcl fins a l\u2019Economat de C\u00e0ritas Alcoi - COPE Alcoy","isPartOf":{"@id":"https:\/\/www.copealcoy.es\/es\/#website"},"primaryImageOfPage":{"@id":"https:\/\/www.copealcoy.es\/es\/una-cadena-humana-acosta-aliments-des-del-col%c2%b7legi-sant-vicent-de-paul-fins-a-leconomat-de-caritas-alcoi\/#primaryimage"},"image":{"@id":"https:\/\/www.copealcoy.es\/es\/una-cadena-humana-acosta-aliments-des-del-col%c2%b7legi-sant-vicent-de-paul-fins-a-leconomat-de-caritas-alcoi\/#primaryimage"},"thumbnailUrl":"https:\/\/www.copealcoy.es\/wp-content\/uploads\/2022\/12\/IMG_7336-scaled-e1671816742412.jpg","datePublished":"2022-12-23T17:32:55+00:00","dateModified":"2022-12-24T08:28:28+00:00","author":{"@id":"https:\/\/www.copealcoy.es\/es\/#\/schema\/person\/e777c87fa024e57d40170af9df39882c"},"description":"Unes 700 persones formen una cadena humana per portar aliments des del col\u00b7legi Sant Vicent de Pa\u00fcl fins l\u2019Economat de C\u00e0ritas","breadcrumb":{"@id":"https:\/\/www.copealcoy.es\/es\/una-cadena-humana-acosta-aliments-des-del-col%c2%b7legi-sant-vicent-de-paul-fins-a-leconomat-de-caritas-alcoi\/#breadcrumb"},"inLanguage":"es","potentialAction":[{"@type":"ReadAction","target":["https:\/\/www.copealcoy.es\/es\/una-cadena-humana-acosta-aliments-des-del-col%c2%b7legi-sant-vicent-de-paul-fins-a-leconomat-de-caritas-alcoi\/"]}]},{"@type":"ImageObject","inLanguage":"es","@id":"https:\/\/www.copealcoy.es\/es\/una-cadena-humana-acosta-aliments-des-del-col%c2%b7legi-sant-vicent-de-paul-fins-a-leconomat-de-caritas-alcoi\/#primaryimage","url":"https:\/\/www.copealcoy.es\/wp-content\/uploads\/2022\/12\/IMG_7336-scaled-e1671816742412.jpg","contentUrl":"https:\/\/www.copealcoy.es\/wp-content\/uploads\/2022\/12\/IMG_7336-scaled-e1671816742412.jpg","width":640,"height":341},{"@type":"BreadcrumbList","@id":"https:\/\/www.copealcoy.es\/es\/una-cadena-humana-acosta-aliments-des-del-col%c2%b7legi-sant-vicent-de-paul-fins-a-leconomat-de-caritas-alcoi\/#breadcrumb","itemListElement":[{"@type":"ListItem","position":1,"name":"Portada","item":"https:\/\/www.copealcoy.es\/es\/"},{"@type":"ListItem","position":2,"name":"Una cadena humana acosta aliments des del col\u00b7legi Sant Vicent de Pa\u00fcl fins a l\u2019Economat de C\u00e0ritas Alcoi"}]},{"@type":"WebSite","@id":"https:\/\/www.copealcoy.es\/es\/#website","url":"https:\/\/www.copealcoy.es\/es\/","name":"COPE Alcoy","description":"Emisora COPE de radio local con emisi\u00f3n online. Pont de Sant Jordi 8-10 03803 Alcoy","potentialAction":[{"@type":"SearchAction","target":{"@type":"EntryPoint","urlTemplate":"https:\/\/www.copealcoy.es\/es\/?s={search_term_string}"},"query-input":{"@type":"PropertyValueSpecification","valueRequired":true,"valueName":"search_term_string"}}],"inLanguage":"es"},{"@type":"Person","@id":"https:\/\/www.copealcoy.es\/es\/#\/schema\/person\/e777c87fa024e57d40170af9df39882c","name":"Cope Alcoy","image":{"@type":"ImageObject","inLanguage":"es","@id":"https:\/\/secure.gravatar.com\/avatar\/bb65d0283347e303893ba14f0692005417c1e0e690a325a4c5d8bb2b3943ee14?s=96&d=mm&r=g","url":"https:\/\/secure.gravatar.com\/avatar\/bb65d0283347e303893ba14f0692005417c1e0e690a325a4c5d8bb2b3943ee14?s=96&d=mm&r=g","contentUrl":"https:\/\/secure.gravatar.com\/avatar\/bb65d0283347e303893ba14f0692005417c1e0e690a325a4c5d8bb2b3943ee14?s=96&d=mm&r=g","caption":"Cope Alcoy"}}]}},"_links":{"self":[{"href":"https:\/\/www.copealcoy.es\/es\/wp-json\/wp\/v2\/posts\/95633","targetHints":{"allow":["GET"]}}],"collection":[{"href":"https:\/\/www.copealcoy.es\/es\/wp-json\/wp\/v2\/posts"}],"about":[{"href":"https:\/\/www.copealcoy.es\/es\/wp-json\/wp\/v2\/types\/post"}],"author":[{"embeddable":true,"href":"https:\/\/www.copealcoy.es\/es\/wp-json\/wp\/v2\/users\/1"}],"replies":[{"embeddable":true,"href":"https:\/\/www.copealcoy.es\/es\/wp-json\/wp\/v2\/comments?post=95633"}],"version-history":[{"count":0,"href":"https:\/\/www.copealcoy.es\/es\/wp-json\/wp\/v2\/posts\/95633\/revisions"}],"wp:featuredmedia":[{"embeddable":true,"href":"https:\/\/www.copealcoy.es\/es\/wp-json\/wp\/v2\/media\/95635"}],"wp:attachment":[{"href":"https:\/\/www.copealcoy.es\/es\/wp-json\/wp\/v2\/media?parent=95633"}],"wp:term":[{"taxonomy":"category","embeddable":true,"href":"https:\/\/www.copealcoy.es\/es\/wp-json\/wp\/v2\/categories?post=95633"},{"taxonomy":"post_tag","embeddable":true,"href":"https:\/\/www.copealcoy.es\/es\/wp-json\/wp\/v2\/tags?post=95633"}],"curies":[{"name":"wp","href":"https:\/\/api.w.org\/{rel}","templated":true}]}}