{"id":95612,"date":"2022-12-27T11:15:09","date_gmt":"2022-12-27T10:15:09","guid":{"rendered":"https:\/\/www.copealcoy.es\/?p=95612"},"modified":"2022-12-27T12:10:35","modified_gmt":"2022-12-27T11:10:35","slug":"avanca-el-proces-per-a-la-construccio-duna-rotonda-en-lentrada-nord-dalcoi","status":"publish","type":"post","link":"https:\/\/www.copealcoy.es\/es\/avanca-el-proces-per-a-la-construccio-duna-rotonda-en-lentrada-nord-dalcoi\/","title":{"rendered":"Avan\u00e7a el proc\u00e9s per a la construcci\u00f3 d&#8217;una rotonda en l&#8217;entrada nord d&#8217;Alcoi"},"content":{"rendered":"<p><span style=\"color: #000080;\"><a style=\"color: #000080;\" href=\"https:\/\/www.alcoi.org\/ca\/portal\/index.html\" target=\"_blank\" rel=\"noopener\">Alcoi<\/a><\/span> comptar\u00e0 amb una <strong>nova rotonda en l&#8217;entrada nord<\/strong> de la ciutat, en l&#8217;<strong>avinguda de Val\u00e8ncia<\/strong>. Una inversi\u00f3 d mig mili\u00f3 d&#8217;euros, aproximadament, que seran a c\u00e0rrec del <strong>Ministeri de Transports, Mobilitat i Agenda Urbana<\/strong>.<\/p>\n<p>Aix\u00ed es va aprovar en el <strong>Ple Extraordinari de l&#8217;Ajuntament d&#8217;Alcoi<\/strong> d&#8217;aquest divendres 23 de desembre. La proposta va contar amb els vots a favor de tots el grups pol\u00edtics menys Guanyar Alcoy, que es va abstindre.<\/p>\n<p>A banda de la construcci\u00f3 de la carretera, el text contempla la cessi\u00f3 al Consistori de tram de la carretera N-340 en el seu pas per Alcoy, on es durant a terme les obres.<\/p>\n<p><strong>Toni Franc\u00e9s<\/strong>, alcalde de la ciutat, ha destacat en declaracions a <strong>Cope Alcoi<\/strong> la import\u00e0ncia del projecte. &#8220;Es tracta d&#8217;una rotonda molt reivindicada i necess\u00e0ria, ja que \u00e9s un dels principals accessos a la ciutat i a un dels pol\u00edgons industrials m\u00e9s importants d&#8217;Alcoi. Prompte sera una realitat&#8221;. Des de l&#8217;Ajuntament expliquen que la construcci\u00f3 d&#8217;una rotonda permetr\u00e0 reordenar el tr\u00e0nsit i suposar\u00e0 una infraestructura que impulsar\u00e0 la mobilitat sostenible i millorar\u00e0 la seguretat vi\u00e0ria.<\/p>\n<p><strong>Els detalls del projecte<\/strong><\/p>\n<p>I per a poder construir la rotonda, a m\u00e9s, s&#8217;ha de reurbanitzar la zona. Es dotar\u00e0 a l&#8217;entorn de voreres amb un ample m\u00ednim de 1,80 metres. Tamb\u00e9 s&#8217;inclour\u00e0 un carril bici de dos metres d&#8217;ample al llarg del contorn de la glorieta. El que es pret\u00e9n generar amb aquests canvis, en relaci\u00f3 amb la Xarxa de Carreteres de l&#8217;Estat, \u00e9s un entorn urb\u00e0 m\u00e9s accessible, inclusiu i sostenible. Tot a\u00e7\u00f2 amb l&#8217;objectiu que persegueix el Consistori de la descarbonitzaci\u00f3 de la mobilitat urbana i la millora de la qualitat de l&#8217;aire a trav\u00e9s de la potenciaci\u00f3 dels trajectes a peu i amb bicicleta.<\/p>\n<p>Ara, el pr\u00f2xim pas \u00e9s <strong>la licitaci\u00f3 de l&#8217;execuci\u00f3 de les obres<\/strong>.<\/p>\n","protected":false},"excerpt":{"rendered":"<p>Alcoi comptar\u00e0 amb una nova rotonda en l&#8217;entrada nord de la ciutat, en l&#8217;avinguda de Val\u00e8ncia. Una inversi\u00f3 d mig&#8230;<\/p>\n","protected":false},"author":1,"featured_media":95658,"comment_status":"open","ping_status":"open","sticky":false,"template":"","format":"standard","meta":{"footnotes":""},"categories":[6909,97,75],"tags":[160,13642,9800,13643],"class_list":["post-95612","post","type-post","status-publish","format-standard","has-post-thumbnail","hentry","category-actualidad","category-alcoy","category-noticias","tag-alcoi","tag-ministeri-de-transports","tag-mobilitat","tag-rotonda-nord"],"yoast_head":"<!-- This site is optimized with the Yoast SEO plugin v27.3 - https:\/\/yoast.com\/product\/yoast-seo-wordpress\/ -->\n<title>Avan\u00e7a el proc\u00e9s per a la construcci\u00f3 d&#039;una rotonda en l&#039;entrada nord d&#039;Alcoi - COPE Alcoy<\/title>\n<meta name=\"description\" content=\"Alcoi comptar\u00e0 amb una nova rotonda en l&#039;entrada nord de la ciutat, en l&#039;avinguda de Val\u00e8ncia. Una inversi\u00f3 d mig mili\u00f3 d&#039;euros, aproximadament, que seran a c\u00e0rrec del Ministeri de Transports, Mobilitat i Agenda Urbana.\" \/>\n<meta name=\"robots\" content=\"index, follow, max-snippet:-1, max-image-preview:large, max-video-preview:-1\" \/>\n<link rel=\"canonical\" href=\"https:\/\/www.copealcoy.es\/es\/avanca-el-proces-per-a-la-construccio-duna-rotonda-en-lentrada-nord-dalcoi\/\" \/>\n<meta property=\"og:locale\" content=\"es_ES\" \/>\n<meta property=\"og:type\" content=\"article\" \/>\n<meta property=\"og:title\" content=\"Avan\u00e7a el proc\u00e9s per a la construcci\u00f3 d&#039;una rotonda en l&#039;entrada nord d&#039;Alcoi - COPE Alcoy\" \/>\n<meta property=\"og:description\" content=\"Alcoi comptar\u00e0 amb una nova rotonda en l&#039;entrada nord de la ciutat, en l&#039;avinguda de Val\u00e8ncia. Una inversi\u00f3 d mig mili\u00f3 d&#039;euros, aproximadament, que seran a c\u00e0rrec del Ministeri de Transports, Mobilitat i Agenda Urbana.\" \/>\n<meta property=\"og:url\" content=\"https:\/\/www.copealcoy.es\/es\/avanca-el-proces-per-a-la-construccio-duna-rotonda-en-lentrada-nord-dalcoi\/\" \/>\n<meta property=\"og:site_name\" content=\"COPE Alcoy\" \/>\n<meta property=\"article:published_time\" content=\"2022-12-27T10:15:09+00:00\" \/>\n<meta property=\"article:modified_time\" content=\"2022-12-27T11:10:35+00:00\" \/>\n<meta property=\"og:image\" content=\"https:\/\/www.copealcoy.es\/wp-content\/uploads\/2022\/12\/rotonda-norte.jpg\" \/>\n\t<meta property=\"og:image:width\" content=\"1169\" \/>\n\t<meta property=\"og:image:height\" content=\"783\" \/>\n\t<meta property=\"og:image:type\" content=\"image\/jpeg\" \/>\n<meta name=\"author\" content=\"Cope Alcoy\" \/>\n<meta name=\"twitter:label1\" content=\"Escrito por\" \/>\n\t<meta name=\"twitter:data1\" content=\"Cope Alcoy\" \/>\n\t<meta name=\"twitter:label2\" content=\"Tiempo de lectura\" \/>\n\t<meta name=\"twitter:data2\" content=\"2 minutos\" \/>\n<script type=\"application\/ld+json\" class=\"yoast-schema-graph\">{\"@context\":\"https:\\\/\\\/schema.org\",\"@graph\":[{\"@type\":\"Article\",\"@id\":\"https:\\\/\\\/www.copealcoy.es\\\/es\\\/avanca-el-proces-per-a-la-construccio-duna-rotonda-en-lentrada-nord-dalcoi\\\/#article\",\"isPartOf\":{\"@id\":\"https:\\\/\\\/www.copealcoy.es\\\/es\\\/avanca-el-proces-per-a-la-construccio-duna-rotonda-en-lentrada-nord-dalcoi\\\/\"},\"author\":{\"name\":\"Cope Alcoy\",\"@id\":\"https:\\\/\\\/www.copealcoy.es\\\/es\\\/#\\\/schema\\\/person\\\/e777c87fa024e57d40170af9df39882c\"},\"headline\":\"Avan\u00e7a el proc\u00e9s per a la construcci\u00f3 d&#8217;una rotonda en l&#8217;entrada nord d&#8217;Alcoi\",\"datePublished\":\"2022-12-27T10:15:09+00:00\",\"dateModified\":\"2022-12-27T11:10:35+00:00\",\"mainEntityOfPage\":{\"@id\":\"https:\\\/\\\/www.copealcoy.es\\\/es\\\/avanca-el-proces-per-a-la-construccio-duna-rotonda-en-lentrada-nord-dalcoi\\\/\"},\"wordCount\":351,\"commentCount\":0,\"image\":{\"@id\":\"https:\\\/\\\/www.copealcoy.es\\\/es\\\/avanca-el-proces-per-a-la-construccio-duna-rotonda-en-lentrada-nord-dalcoi\\\/#primaryimage\"},\"thumbnailUrl\":\"https:\\\/\\\/www.copealcoy.es\\\/wp-content\\\/uploads\\\/2022\\\/12\\\/rotonda-norte.jpg\",\"keywords\":[\"Alcoi\",\"Ministeri de Transports\",\"mobilitat\",\"rotonda nord\"],\"articleSection\":[\"Actualidad\",\"Alcoy\",\"Noticias\"],\"inLanguage\":\"es\"},{\"@type\":\"WebPage\",\"@id\":\"https:\\\/\\\/www.copealcoy.es\\\/es\\\/avanca-el-proces-per-a-la-construccio-duna-rotonda-en-lentrada-nord-dalcoi\\\/\",\"url\":\"https:\\\/\\\/www.copealcoy.es\\\/es\\\/avanca-el-proces-per-a-la-construccio-duna-rotonda-en-lentrada-nord-dalcoi\\\/\",\"name\":\"Avan\u00e7a el proc\u00e9s per a la construcci\u00f3 d'una rotonda en l'entrada nord d'Alcoi - COPE Alcoy\",\"isPartOf\":{\"@id\":\"https:\\\/\\\/www.copealcoy.es\\\/es\\\/#website\"},\"primaryImageOfPage\":{\"@id\":\"https:\\\/\\\/www.copealcoy.es\\\/es\\\/avanca-el-proces-per-a-la-construccio-duna-rotonda-en-lentrada-nord-dalcoi\\\/#primaryimage\"},\"image\":{\"@id\":\"https:\\\/\\\/www.copealcoy.es\\\/es\\\/avanca-el-proces-per-a-la-construccio-duna-rotonda-en-lentrada-nord-dalcoi\\\/#primaryimage\"},\"thumbnailUrl\":\"https:\\\/\\\/www.copealcoy.es\\\/wp-content\\\/uploads\\\/2022\\\/12\\\/rotonda-norte.jpg\",\"datePublished\":\"2022-12-27T10:15:09+00:00\",\"dateModified\":\"2022-12-27T11:10:35+00:00\",\"author\":{\"@id\":\"https:\\\/\\\/www.copealcoy.es\\\/es\\\/#\\\/schema\\\/person\\\/e777c87fa024e57d40170af9df39882c\"},\"description\":\"Alcoi comptar\u00e0 amb una nova rotonda en l'entrada nord de la ciutat, en l'avinguda de Val\u00e8ncia. Una inversi\u00f3 d mig mili\u00f3 d'euros, aproximadament, que seran a c\u00e0rrec del Ministeri de Transports, Mobilitat i Agenda Urbana.\",\"breadcrumb\":{\"@id\":\"https:\\\/\\\/www.copealcoy.es\\\/es\\\/avanca-el-proces-per-a-la-construccio-duna-rotonda-en-lentrada-nord-dalcoi\\\/#breadcrumb\"},\"inLanguage\":\"es\",\"potentialAction\":[{\"@type\":\"ReadAction\",\"target\":[\"https:\\\/\\\/www.copealcoy.es\\\/es\\\/avanca-el-proces-per-a-la-construccio-duna-rotonda-en-lentrada-nord-dalcoi\\\/\"]}]},{\"@type\":\"ImageObject\",\"inLanguage\":\"es\",\"@id\":\"https:\\\/\\\/www.copealcoy.es\\\/es\\\/avanca-el-proces-per-a-la-construccio-duna-rotonda-en-lentrada-nord-dalcoi\\\/#primaryimage\",\"url\":\"https:\\\/\\\/www.copealcoy.es\\\/wp-content\\\/uploads\\\/2022\\\/12\\\/rotonda-norte.jpg\",\"contentUrl\":\"https:\\\/\\\/www.copealcoy.es\\\/wp-content\\\/uploads\\\/2022\\\/12\\\/rotonda-norte.jpg\",\"width\":1169,\"height\":783},{\"@type\":\"BreadcrumbList\",\"@id\":\"https:\\\/\\\/www.copealcoy.es\\\/es\\\/avanca-el-proces-per-a-la-construccio-duna-rotonda-en-lentrada-nord-dalcoi\\\/#breadcrumb\",\"itemListElement\":[{\"@type\":\"ListItem\",\"position\":1,\"name\":\"Portada\",\"item\":\"https:\\\/\\\/www.copealcoy.es\\\/es\\\/\"},{\"@type\":\"ListItem\",\"position\":2,\"name\":\"Avan\u00e7a el proc\u00e9s per a la construcci\u00f3 d&#8217;una rotonda en l&#8217;entrada nord d&#8217;Alcoi\"}]},{\"@type\":\"WebSite\",\"@id\":\"https:\\\/\\\/www.copealcoy.es\\\/es\\\/#website\",\"url\":\"https:\\\/\\\/www.copealcoy.es\\\/es\\\/\",\"name\":\"COPE Alcoy\",\"description\":\"Emisora COPE de radio local con emisi\u00f3n online. Pont de Sant Jordi 8-10 03803 Alcoy\",\"potentialAction\":[{\"@type\":\"SearchAction\",\"target\":{\"@type\":\"EntryPoint\",\"urlTemplate\":\"https:\\\/\\\/www.copealcoy.es\\\/es\\\/?s={search_term_string}\"},\"query-input\":{\"@type\":\"PropertyValueSpecification\",\"valueRequired\":true,\"valueName\":\"search_term_string\"}}],\"inLanguage\":\"es\"},{\"@type\":\"Person\",\"@id\":\"https:\\\/\\\/www.copealcoy.es\\\/es\\\/#\\\/schema\\\/person\\\/e777c87fa024e57d40170af9df39882c\",\"name\":\"Cope Alcoy\",\"image\":{\"@type\":\"ImageObject\",\"inLanguage\":\"es\",\"@id\":\"https:\\\/\\\/secure.gravatar.com\\\/avatar\\\/bb65d0283347e303893ba14f0692005417c1e0e690a325a4c5d8bb2b3943ee14?s=96&d=mm&r=g\",\"url\":\"https:\\\/\\\/secure.gravatar.com\\\/avatar\\\/bb65d0283347e303893ba14f0692005417c1e0e690a325a4c5d8bb2b3943ee14?s=96&d=mm&r=g\",\"contentUrl\":\"https:\\\/\\\/secure.gravatar.com\\\/avatar\\\/bb65d0283347e303893ba14f0692005417c1e0e690a325a4c5d8bb2b3943ee14?s=96&d=mm&r=g\",\"caption\":\"Cope Alcoy\"}}]}<\/script>\n<!-- \/ Yoast SEO plugin. -->","yoast_head_json":{"title":"Avan\u00e7a el proc\u00e9s per a la construcci\u00f3 d'una rotonda en l'entrada nord d'Alcoi - COPE Alcoy","description":"Alcoi comptar\u00e0 amb una nova rotonda en l'entrada nord de la ciutat, en l'avinguda de Val\u00e8ncia. Una inversi\u00f3 d mig mili\u00f3 d'euros, aproximadament, que seran a c\u00e0rrec del Ministeri de Transports, Mobilitat i Agenda Urbana.","robots":{"index":"index","follow":"follow","max-snippet":"max-snippet:-1","max-image-preview":"max-image-preview:large","max-video-preview":"max-video-preview:-1"},"canonical":"https:\/\/www.copealcoy.es\/es\/avanca-el-proces-per-a-la-construccio-duna-rotonda-en-lentrada-nord-dalcoi\/","og_locale":"es_ES","og_type":"article","og_title":"Avan\u00e7a el proc\u00e9s per a la construcci\u00f3 d'una rotonda en l'entrada nord d'Alcoi - COPE Alcoy","og_description":"Alcoi comptar\u00e0 amb una nova rotonda en l'entrada nord de la ciutat, en l'avinguda de Val\u00e8ncia. Una inversi\u00f3 d mig mili\u00f3 d'euros, aproximadament, que seran a c\u00e0rrec del Ministeri de Transports, Mobilitat i Agenda Urbana.","og_url":"https:\/\/www.copealcoy.es\/es\/avanca-el-proces-per-a-la-construccio-duna-rotonda-en-lentrada-nord-dalcoi\/","og_site_name":"COPE Alcoy","article_published_time":"2022-12-27T10:15:09+00:00","article_modified_time":"2022-12-27T11:10:35+00:00","og_image":[{"width":1169,"height":783,"url":"https:\/\/www.copealcoy.es\/wp-content\/uploads\/2022\/12\/rotonda-norte.jpg","type":"image\/jpeg"}],"author":"Cope Alcoy","twitter_misc":{"Escrito por":"Cope Alcoy","Tiempo de lectura":"2 minutos"},"schema":{"@context":"https:\/\/schema.org","@graph":[{"@type":"Article","@id":"https:\/\/www.copealcoy.es\/es\/avanca-el-proces-per-a-la-construccio-duna-rotonda-en-lentrada-nord-dalcoi\/#article","isPartOf":{"@id":"https:\/\/www.copealcoy.es\/es\/avanca-el-proces-per-a-la-construccio-duna-rotonda-en-lentrada-nord-dalcoi\/"},"author":{"name":"Cope Alcoy","@id":"https:\/\/www.copealcoy.es\/es\/#\/schema\/person\/e777c87fa024e57d40170af9df39882c"},"headline":"Avan\u00e7a el proc\u00e9s per a la construcci\u00f3 d&#8217;una rotonda en l&#8217;entrada nord d&#8217;Alcoi","datePublished":"2022-12-27T10:15:09+00:00","dateModified":"2022-12-27T11:10:35+00:00","mainEntityOfPage":{"@id":"https:\/\/www.copealcoy.es\/es\/avanca-el-proces-per-a-la-construccio-duna-rotonda-en-lentrada-nord-dalcoi\/"},"wordCount":351,"commentCount":0,"image":{"@id":"https:\/\/www.copealcoy.es\/es\/avanca-el-proces-per-a-la-construccio-duna-rotonda-en-lentrada-nord-dalcoi\/#primaryimage"},"thumbnailUrl":"https:\/\/www.copealcoy.es\/wp-content\/uploads\/2022\/12\/rotonda-norte.jpg","keywords":["Alcoi","Ministeri de Transports","mobilitat","rotonda nord"],"articleSection":["Actualidad","Alcoy","Noticias"],"inLanguage":"es"},{"@type":"WebPage","@id":"https:\/\/www.copealcoy.es\/es\/avanca-el-proces-per-a-la-construccio-duna-rotonda-en-lentrada-nord-dalcoi\/","url":"https:\/\/www.copealcoy.es\/es\/avanca-el-proces-per-a-la-construccio-duna-rotonda-en-lentrada-nord-dalcoi\/","name":"Avan\u00e7a el proc\u00e9s per a la construcci\u00f3 d'una rotonda en l'entrada nord d'Alcoi - COPE Alcoy","isPartOf":{"@id":"https:\/\/www.copealcoy.es\/es\/#website"},"primaryImageOfPage":{"@id":"https:\/\/www.copealcoy.es\/es\/avanca-el-proces-per-a-la-construccio-duna-rotonda-en-lentrada-nord-dalcoi\/#primaryimage"},"image":{"@id":"https:\/\/www.copealcoy.es\/es\/avanca-el-proces-per-a-la-construccio-duna-rotonda-en-lentrada-nord-dalcoi\/#primaryimage"},"thumbnailUrl":"https:\/\/www.copealcoy.es\/wp-content\/uploads\/2022\/12\/rotonda-norte.jpg","datePublished":"2022-12-27T10:15:09+00:00","dateModified":"2022-12-27T11:10:35+00:00","author":{"@id":"https:\/\/www.copealcoy.es\/es\/#\/schema\/person\/e777c87fa024e57d40170af9df39882c"},"description":"Alcoi comptar\u00e0 amb una nova rotonda en l'entrada nord de la ciutat, en l'avinguda de Val\u00e8ncia. Una inversi\u00f3 d mig mili\u00f3 d'euros, aproximadament, que seran a c\u00e0rrec del Ministeri de Transports, Mobilitat i Agenda Urbana.","breadcrumb":{"@id":"https:\/\/www.copealcoy.es\/es\/avanca-el-proces-per-a-la-construccio-duna-rotonda-en-lentrada-nord-dalcoi\/#breadcrumb"},"inLanguage":"es","potentialAction":[{"@type":"ReadAction","target":["https:\/\/www.copealcoy.es\/es\/avanca-el-proces-per-a-la-construccio-duna-rotonda-en-lentrada-nord-dalcoi\/"]}]},{"@type":"ImageObject","inLanguage":"es","@id":"https:\/\/www.copealcoy.es\/es\/avanca-el-proces-per-a-la-construccio-duna-rotonda-en-lentrada-nord-dalcoi\/#primaryimage","url":"https:\/\/www.copealcoy.es\/wp-content\/uploads\/2022\/12\/rotonda-norte.jpg","contentUrl":"https:\/\/www.copealcoy.es\/wp-content\/uploads\/2022\/12\/rotonda-norte.jpg","width":1169,"height":783},{"@type":"BreadcrumbList","@id":"https:\/\/www.copealcoy.es\/es\/avanca-el-proces-per-a-la-construccio-duna-rotonda-en-lentrada-nord-dalcoi\/#breadcrumb","itemListElement":[{"@type":"ListItem","position":1,"name":"Portada","item":"https:\/\/www.copealcoy.es\/es\/"},{"@type":"ListItem","position":2,"name":"Avan\u00e7a el proc\u00e9s per a la construcci\u00f3 d&#8217;una rotonda en l&#8217;entrada nord d&#8217;Alcoi"}]},{"@type":"WebSite","@id":"https:\/\/www.copealcoy.es\/es\/#website","url":"https:\/\/www.copealcoy.es\/es\/","name":"COPE Alcoy","description":"Emisora COPE de radio local con emisi\u00f3n online. Pont de Sant Jordi 8-10 03803 Alcoy","potentialAction":[{"@type":"SearchAction","target":{"@type":"EntryPoint","urlTemplate":"https:\/\/www.copealcoy.es\/es\/?s={search_term_string}"},"query-input":{"@type":"PropertyValueSpecification","valueRequired":true,"valueName":"search_term_string"}}],"inLanguage":"es"},{"@type":"Person","@id":"https:\/\/www.copealcoy.es\/es\/#\/schema\/person\/e777c87fa024e57d40170af9df39882c","name":"Cope Alcoy","image":{"@type":"ImageObject","inLanguage":"es","@id":"https:\/\/secure.gravatar.com\/avatar\/bb65d0283347e303893ba14f0692005417c1e0e690a325a4c5d8bb2b3943ee14?s=96&d=mm&r=g","url":"https:\/\/secure.gravatar.com\/avatar\/bb65d0283347e303893ba14f0692005417c1e0e690a325a4c5d8bb2b3943ee14?s=96&d=mm&r=g","contentUrl":"https:\/\/secure.gravatar.com\/avatar\/bb65d0283347e303893ba14f0692005417c1e0e690a325a4c5d8bb2b3943ee14?s=96&d=mm&r=g","caption":"Cope Alcoy"}}]}},"_links":{"self":[{"href":"https:\/\/www.copealcoy.es\/es\/wp-json\/wp\/v2\/posts\/95612","targetHints":{"allow":["GET"]}}],"collection":[{"href":"https:\/\/www.copealcoy.es\/es\/wp-json\/wp\/v2\/posts"}],"about":[{"href":"https:\/\/www.copealcoy.es\/es\/wp-json\/wp\/v2\/types\/post"}],"author":[{"embeddable":true,"href":"https:\/\/www.copealcoy.es\/es\/wp-json\/wp\/v2\/users\/1"}],"replies":[{"embeddable":true,"href":"https:\/\/www.copealcoy.es\/es\/wp-json\/wp\/v2\/comments?post=95612"}],"version-history":[{"count":0,"href":"https:\/\/www.copealcoy.es\/es\/wp-json\/wp\/v2\/posts\/95612\/revisions"}],"wp:featuredmedia":[{"embeddable":true,"href":"https:\/\/www.copealcoy.es\/es\/wp-json\/wp\/v2\/media\/95658"}],"wp:attachment":[{"href":"https:\/\/www.copealcoy.es\/es\/wp-json\/wp\/v2\/media?parent=95612"}],"wp:term":[{"taxonomy":"category","embeddable":true,"href":"https:\/\/www.copealcoy.es\/es\/wp-json\/wp\/v2\/categories?post=95612"},{"taxonomy":"post_tag","embeddable":true,"href":"https:\/\/www.copealcoy.es\/es\/wp-json\/wp\/v2\/tags?post=95612"}],"curies":[{"name":"wp","href":"https:\/\/api.w.org\/{rel}","templated":true}]}}