{"id":95545,"date":"2022-12-21T07:59:52","date_gmt":"2022-12-21T06:59:52","guid":{"rendered":"https:\/\/www.copealcoy.es\/?p=95545"},"modified":"2022-12-21T20:16:59","modified_gmt":"2022-12-21T19:16:59","slug":"mes-seguretat-al-palau-comtal-de-cocentaina","status":"publish","type":"post","link":"https:\/\/www.copealcoy.es\/es\/mes-seguretat-al-palau-comtal-de-cocentaina\/","title":{"rendered":"M\u00e9s seguretat al Palau Comtal de Cocentaina"},"content":{"rendered":"<p style=\"text-align: justify;\"><span style=\"color: #000000;\">El <strong>Palau Comtal de Cocentaina <\/strong>ha vist refor\u00e7ada la seua seguretat. Aquest B\u00e9 d\u2019Inter\u00e9s Cultural compta des de fa uns dies amb <strong>un sistema de videovigil\u00e0ncia<\/strong> format per un total de 16 c\u00e0meres IP, les quals han estat distribu\u00efdes als accessos i als diferents espais museogr\u00e0fics que trobem dins de l&#8217;hist\u00f2ric edifici.<\/span><\/p>\n<p style=\"text-align: justify;\"><span style=\"color: #000000;\">Des del Consistori contest\u00e0 expliquen al respecte que a banda d&#8217;aquesta actuaci\u00f3, <strong>tamb\u00e9 s\u2019ha fet la compra de dispositius<\/strong> per a preservar i protegir les obres d\u2019art que es troben al mateix immoble. En aquest sentit, assenyalen que <strong>s&#8217;han col\u00b7locat term\u00f2metres i higr\u00f2metres<\/strong> aix\u00ed com tamb\u00e9 <strong>un projector<\/strong> que ha estat instal\u00b7lat a la Sala Daurada. Ac\u00ed, segons la informaci\u00f3 facilitada, <strong>es podr\u00e0 visualitzar d\u2019ara en avant un v\u00eddeo explicatiu<\/strong> d&#8217;un espai que compta amb unes excel\u00b7lents pintures murals.<\/span><\/p>\n<p style=\"text-align: justify;\"><span style=\"color: #000000;\">Aquests projectes <strong>han sigut possibles<\/strong> amb una inversi\u00f3 que ha arribat al Consistori procedent de les d\u2019ajudes per a museus i col\u00b7leccions museogr\u00e0fiques permanents reconegudes. Cocentaina <strong>fou beneficiada amb 10.000 euros<\/strong> per a aquesta finalitat, l&#8217;import m\u00e0xim de la subvenci\u00f3.<\/span><\/p>\n<p style=\"text-align: justify;\"><span style=\"color: #000000;\">El regidor de Cultura i Patrimoni de<span style=\"color: #0000ff;\"> <a style=\"color: #0000ff;\" href=\"https:\/\/www.cocentaina.es\/\" target=\"_blank\" rel=\"noopener\"><strong>l&#8217;Ajuntament\u00a0de Cocentaina<\/strong><\/a><\/span>, <strong>Ivan Jover<\/strong>, ha recordat que les millores amb les quals s\u2019ha dotat al conjunt de l\u2019edifici del Palau Comtal, <strong>garantiran m\u00e9s seguretat a l\u2019edifici<\/strong>, per\u00f2 tamb\u00e9 permetran que les obres d\u2019art <strong>estiguen en unes condicions \u00f2ptimes<\/strong> de temperatura i humitat.<\/span><\/p>\n","protected":false},"excerpt":{"rendered":"<p>El Palau Comtal de Cocentaina ha vist refor\u00e7ada la seua seguretat. Aquest B\u00e9 d\u2019Inter\u00e9s Cultural compta des de fa uns&#8230;<\/p>\n","protected":false},"author":1,"featured_media":95546,"comment_status":"open","ping_status":"open","sticky":false,"template":"","format":"standard","meta":{"footnotes":""},"categories":[6909,98,75],"tags":[13633,132,782,12258],"class_list":["post-95545","post","type-post","status-publish","format-standard","has-post-thumbnail","hentry","category-actualidad","category-comarcas","category-noticias","tag-cameres","tag-cocentaina","tag-palau-comtal","tag-seguretat"],"yoast_head":"<!-- This site is optimized with the Yoast SEO plugin v27.3 - https:\/\/yoast.com\/product\/yoast-seo-wordpress\/ -->\n<title>M\u00e9s seguretat al Palau Comtal de Cocentaina - COPE Alcoy<\/title>\n<meta name=\"description\" content=\"El Palau Comtal de Cocentaina ha vist refor\u00e7ada la seua seguretat amb la col\u00b7locaci\u00f3 de c\u00e0meres i sensors en les sales expositives\" \/>\n<meta name=\"robots\" content=\"index, follow, max-snippet:-1, max-image-preview:large, max-video-preview:-1\" \/>\n<link rel=\"canonical\" href=\"https:\/\/www.copealcoy.es\/es\/mes-seguretat-al-palau-comtal-de-cocentaina\/\" \/>\n<meta property=\"og:locale\" content=\"es_ES\" \/>\n<meta property=\"og:type\" content=\"article\" \/>\n<meta property=\"og:title\" content=\"M\u00e9s seguretat al Palau Comtal de Cocentaina - COPE Alcoy\" \/>\n<meta property=\"og:description\" content=\"El Palau Comtal de Cocentaina ha vist refor\u00e7ada la seua seguretat amb la col\u00b7locaci\u00f3 de c\u00e0meres i sensors en les sales expositives\" \/>\n<meta property=\"og:url\" content=\"https:\/\/www.copealcoy.es\/es\/mes-seguretat-al-palau-comtal-de-cocentaina\/\" \/>\n<meta property=\"og:site_name\" content=\"COPE Alcoy\" \/>\n<meta property=\"article:published_time\" content=\"2022-12-21T06:59:52+00:00\" \/>\n<meta property=\"article:modified_time\" content=\"2022-12-21T19:16:59+00:00\" \/>\n<meta property=\"og:image\" content=\"https:\/\/www.copealcoy.es\/wp-content\/uploads\/2022\/12\/WhatsApp-Image-2022-12-16-at-14.14.12.jpeg\" \/>\n\t<meta property=\"og:image:width\" content=\"1187\" \/>\n\t<meta property=\"og:image:height\" content=\"648\" \/>\n\t<meta property=\"og:image:type\" content=\"image\/jpeg\" \/>\n<meta name=\"author\" content=\"Cope Alcoy\" \/>\n<meta name=\"twitter:label1\" content=\"Escrito por\" \/>\n\t<meta name=\"twitter:data1\" content=\"Cope Alcoy\" \/>\n\t<meta name=\"twitter:label2\" content=\"Tiempo de lectura\" \/>\n\t<meta name=\"twitter:data2\" content=\"2 minutos\" \/>\n<script type=\"application\/ld+json\" class=\"yoast-schema-graph\">{\"@context\":\"https:\\\/\\\/schema.org\",\"@graph\":[{\"@type\":\"Article\",\"@id\":\"https:\\\/\\\/www.copealcoy.es\\\/es\\\/mes-seguretat-al-palau-comtal-de-cocentaina\\\/#article\",\"isPartOf\":{\"@id\":\"https:\\\/\\\/www.copealcoy.es\\\/es\\\/mes-seguretat-al-palau-comtal-de-cocentaina\\\/\"},\"author\":{\"name\":\"Cope Alcoy\",\"@id\":\"https:\\\/\\\/www.copealcoy.es\\\/es\\\/#\\\/schema\\\/person\\\/e777c87fa024e57d40170af9df39882c\"},\"headline\":\"M\u00e9s seguretat al Palau Comtal de Cocentaina\",\"datePublished\":\"2022-12-21T06:59:52+00:00\",\"dateModified\":\"2022-12-21T19:16:59+00:00\",\"mainEntityOfPage\":{\"@id\":\"https:\\\/\\\/www.copealcoy.es\\\/es\\\/mes-seguretat-al-palau-comtal-de-cocentaina\\\/\"},\"wordCount\":259,\"commentCount\":0,\"image\":{\"@id\":\"https:\\\/\\\/www.copealcoy.es\\\/es\\\/mes-seguretat-al-palau-comtal-de-cocentaina\\\/#primaryimage\"},\"thumbnailUrl\":\"https:\\\/\\\/www.copealcoy.es\\\/wp-content\\\/uploads\\\/2022\\\/12\\\/WhatsApp-Image-2022-12-16-at-14.14.12.jpeg\",\"keywords\":[\"c\u00e0meres\",\"Cocentaina\",\"Palau Comtal\",\"seguretat\"],\"articleSection\":[\"Actualidad\",\"Comarcas\",\"Noticias\"],\"inLanguage\":\"es\"},{\"@type\":\"WebPage\",\"@id\":\"https:\\\/\\\/www.copealcoy.es\\\/es\\\/mes-seguretat-al-palau-comtal-de-cocentaina\\\/\",\"url\":\"https:\\\/\\\/www.copealcoy.es\\\/es\\\/mes-seguretat-al-palau-comtal-de-cocentaina\\\/\",\"name\":\"M\u00e9s seguretat al Palau Comtal de Cocentaina - COPE Alcoy\",\"isPartOf\":{\"@id\":\"https:\\\/\\\/www.copealcoy.es\\\/es\\\/#website\"},\"primaryImageOfPage\":{\"@id\":\"https:\\\/\\\/www.copealcoy.es\\\/es\\\/mes-seguretat-al-palau-comtal-de-cocentaina\\\/#primaryimage\"},\"image\":{\"@id\":\"https:\\\/\\\/www.copealcoy.es\\\/es\\\/mes-seguretat-al-palau-comtal-de-cocentaina\\\/#primaryimage\"},\"thumbnailUrl\":\"https:\\\/\\\/www.copealcoy.es\\\/wp-content\\\/uploads\\\/2022\\\/12\\\/WhatsApp-Image-2022-12-16-at-14.14.12.jpeg\",\"datePublished\":\"2022-12-21T06:59:52+00:00\",\"dateModified\":\"2022-12-21T19:16:59+00:00\",\"author\":{\"@id\":\"https:\\\/\\\/www.copealcoy.es\\\/es\\\/#\\\/schema\\\/person\\\/e777c87fa024e57d40170af9df39882c\"},\"description\":\"El Palau Comtal de Cocentaina ha vist refor\u00e7ada la seua seguretat amb la col\u00b7locaci\u00f3 de c\u00e0meres i sensors en les sales expositives\",\"breadcrumb\":{\"@id\":\"https:\\\/\\\/www.copealcoy.es\\\/es\\\/mes-seguretat-al-palau-comtal-de-cocentaina\\\/#breadcrumb\"},\"inLanguage\":\"es\",\"potentialAction\":[{\"@type\":\"ReadAction\",\"target\":[\"https:\\\/\\\/www.copealcoy.es\\\/es\\\/mes-seguretat-al-palau-comtal-de-cocentaina\\\/\"]}]},{\"@type\":\"ImageObject\",\"inLanguage\":\"es\",\"@id\":\"https:\\\/\\\/www.copealcoy.es\\\/es\\\/mes-seguretat-al-palau-comtal-de-cocentaina\\\/#primaryimage\",\"url\":\"https:\\\/\\\/www.copealcoy.es\\\/wp-content\\\/uploads\\\/2022\\\/12\\\/WhatsApp-Image-2022-12-16-at-14.14.12.jpeg\",\"contentUrl\":\"https:\\\/\\\/www.copealcoy.es\\\/wp-content\\\/uploads\\\/2022\\\/12\\\/WhatsApp-Image-2022-12-16-at-14.14.12.jpeg\",\"width\":1187,\"height\":648},{\"@type\":\"BreadcrumbList\",\"@id\":\"https:\\\/\\\/www.copealcoy.es\\\/es\\\/mes-seguretat-al-palau-comtal-de-cocentaina\\\/#breadcrumb\",\"itemListElement\":[{\"@type\":\"ListItem\",\"position\":1,\"name\":\"Portada\",\"item\":\"https:\\\/\\\/www.copealcoy.es\\\/es\\\/\"},{\"@type\":\"ListItem\",\"position\":2,\"name\":\"M\u00e9s seguretat al Palau Comtal de Cocentaina\"}]},{\"@type\":\"WebSite\",\"@id\":\"https:\\\/\\\/www.copealcoy.es\\\/es\\\/#website\",\"url\":\"https:\\\/\\\/www.copealcoy.es\\\/es\\\/\",\"name\":\"COPE Alcoy\",\"description\":\"Emisora COPE de radio local con emisi\u00f3n online. Pont de Sant Jordi 8-10 03803 Alcoy\",\"potentialAction\":[{\"@type\":\"SearchAction\",\"target\":{\"@type\":\"EntryPoint\",\"urlTemplate\":\"https:\\\/\\\/www.copealcoy.es\\\/es\\\/?s={search_term_string}\"},\"query-input\":{\"@type\":\"PropertyValueSpecification\",\"valueRequired\":true,\"valueName\":\"search_term_string\"}}],\"inLanguage\":\"es\"},{\"@type\":\"Person\",\"@id\":\"https:\\\/\\\/www.copealcoy.es\\\/es\\\/#\\\/schema\\\/person\\\/e777c87fa024e57d40170af9df39882c\",\"name\":\"Cope Alcoy\",\"image\":{\"@type\":\"ImageObject\",\"inLanguage\":\"es\",\"@id\":\"https:\\\/\\\/secure.gravatar.com\\\/avatar\\\/bb65d0283347e303893ba14f0692005417c1e0e690a325a4c5d8bb2b3943ee14?s=96&d=mm&r=g\",\"url\":\"https:\\\/\\\/secure.gravatar.com\\\/avatar\\\/bb65d0283347e303893ba14f0692005417c1e0e690a325a4c5d8bb2b3943ee14?s=96&d=mm&r=g\",\"contentUrl\":\"https:\\\/\\\/secure.gravatar.com\\\/avatar\\\/bb65d0283347e303893ba14f0692005417c1e0e690a325a4c5d8bb2b3943ee14?s=96&d=mm&r=g\",\"caption\":\"Cope Alcoy\"}}]}<\/script>\n<!-- \/ Yoast SEO plugin. -->","yoast_head_json":{"title":"M\u00e9s seguretat al Palau Comtal de Cocentaina - COPE Alcoy","description":"El Palau Comtal de Cocentaina ha vist refor\u00e7ada la seua seguretat amb la col\u00b7locaci\u00f3 de c\u00e0meres i sensors en les sales expositives","robots":{"index":"index","follow":"follow","max-snippet":"max-snippet:-1","max-image-preview":"max-image-preview:large","max-video-preview":"max-video-preview:-1"},"canonical":"https:\/\/www.copealcoy.es\/es\/mes-seguretat-al-palau-comtal-de-cocentaina\/","og_locale":"es_ES","og_type":"article","og_title":"M\u00e9s seguretat al Palau Comtal de Cocentaina - COPE Alcoy","og_description":"El Palau Comtal de Cocentaina ha vist refor\u00e7ada la seua seguretat amb la col\u00b7locaci\u00f3 de c\u00e0meres i sensors en les sales expositives","og_url":"https:\/\/www.copealcoy.es\/es\/mes-seguretat-al-palau-comtal-de-cocentaina\/","og_site_name":"COPE Alcoy","article_published_time":"2022-12-21T06:59:52+00:00","article_modified_time":"2022-12-21T19:16:59+00:00","og_image":[{"width":1187,"height":648,"url":"https:\/\/www.copealcoy.es\/wp-content\/uploads\/2022\/12\/WhatsApp-Image-2022-12-16-at-14.14.12.jpeg","type":"image\/jpeg"}],"author":"Cope Alcoy","twitter_misc":{"Escrito por":"Cope Alcoy","Tiempo de lectura":"2 minutos"},"schema":{"@context":"https:\/\/schema.org","@graph":[{"@type":"Article","@id":"https:\/\/www.copealcoy.es\/es\/mes-seguretat-al-palau-comtal-de-cocentaina\/#article","isPartOf":{"@id":"https:\/\/www.copealcoy.es\/es\/mes-seguretat-al-palau-comtal-de-cocentaina\/"},"author":{"name":"Cope Alcoy","@id":"https:\/\/www.copealcoy.es\/es\/#\/schema\/person\/e777c87fa024e57d40170af9df39882c"},"headline":"M\u00e9s seguretat al Palau Comtal de Cocentaina","datePublished":"2022-12-21T06:59:52+00:00","dateModified":"2022-12-21T19:16:59+00:00","mainEntityOfPage":{"@id":"https:\/\/www.copealcoy.es\/es\/mes-seguretat-al-palau-comtal-de-cocentaina\/"},"wordCount":259,"commentCount":0,"image":{"@id":"https:\/\/www.copealcoy.es\/es\/mes-seguretat-al-palau-comtal-de-cocentaina\/#primaryimage"},"thumbnailUrl":"https:\/\/www.copealcoy.es\/wp-content\/uploads\/2022\/12\/WhatsApp-Image-2022-12-16-at-14.14.12.jpeg","keywords":["c\u00e0meres","Cocentaina","Palau Comtal","seguretat"],"articleSection":["Actualidad","Comarcas","Noticias"],"inLanguage":"es"},{"@type":"WebPage","@id":"https:\/\/www.copealcoy.es\/es\/mes-seguretat-al-palau-comtal-de-cocentaina\/","url":"https:\/\/www.copealcoy.es\/es\/mes-seguretat-al-palau-comtal-de-cocentaina\/","name":"M\u00e9s seguretat al Palau Comtal de Cocentaina - COPE Alcoy","isPartOf":{"@id":"https:\/\/www.copealcoy.es\/es\/#website"},"primaryImageOfPage":{"@id":"https:\/\/www.copealcoy.es\/es\/mes-seguretat-al-palau-comtal-de-cocentaina\/#primaryimage"},"image":{"@id":"https:\/\/www.copealcoy.es\/es\/mes-seguretat-al-palau-comtal-de-cocentaina\/#primaryimage"},"thumbnailUrl":"https:\/\/www.copealcoy.es\/wp-content\/uploads\/2022\/12\/WhatsApp-Image-2022-12-16-at-14.14.12.jpeg","datePublished":"2022-12-21T06:59:52+00:00","dateModified":"2022-12-21T19:16:59+00:00","author":{"@id":"https:\/\/www.copealcoy.es\/es\/#\/schema\/person\/e777c87fa024e57d40170af9df39882c"},"description":"El Palau Comtal de Cocentaina ha vist refor\u00e7ada la seua seguretat amb la col\u00b7locaci\u00f3 de c\u00e0meres i sensors en les sales expositives","breadcrumb":{"@id":"https:\/\/www.copealcoy.es\/es\/mes-seguretat-al-palau-comtal-de-cocentaina\/#breadcrumb"},"inLanguage":"es","potentialAction":[{"@type":"ReadAction","target":["https:\/\/www.copealcoy.es\/es\/mes-seguretat-al-palau-comtal-de-cocentaina\/"]}]},{"@type":"ImageObject","inLanguage":"es","@id":"https:\/\/www.copealcoy.es\/es\/mes-seguretat-al-palau-comtal-de-cocentaina\/#primaryimage","url":"https:\/\/www.copealcoy.es\/wp-content\/uploads\/2022\/12\/WhatsApp-Image-2022-12-16-at-14.14.12.jpeg","contentUrl":"https:\/\/www.copealcoy.es\/wp-content\/uploads\/2022\/12\/WhatsApp-Image-2022-12-16-at-14.14.12.jpeg","width":1187,"height":648},{"@type":"BreadcrumbList","@id":"https:\/\/www.copealcoy.es\/es\/mes-seguretat-al-palau-comtal-de-cocentaina\/#breadcrumb","itemListElement":[{"@type":"ListItem","position":1,"name":"Portada","item":"https:\/\/www.copealcoy.es\/es\/"},{"@type":"ListItem","position":2,"name":"M\u00e9s seguretat al Palau Comtal de Cocentaina"}]},{"@type":"WebSite","@id":"https:\/\/www.copealcoy.es\/es\/#website","url":"https:\/\/www.copealcoy.es\/es\/","name":"COPE Alcoy","description":"Emisora COPE de radio local con emisi\u00f3n online. Pont de Sant Jordi 8-10 03803 Alcoy","potentialAction":[{"@type":"SearchAction","target":{"@type":"EntryPoint","urlTemplate":"https:\/\/www.copealcoy.es\/es\/?s={search_term_string}"},"query-input":{"@type":"PropertyValueSpecification","valueRequired":true,"valueName":"search_term_string"}}],"inLanguage":"es"},{"@type":"Person","@id":"https:\/\/www.copealcoy.es\/es\/#\/schema\/person\/e777c87fa024e57d40170af9df39882c","name":"Cope Alcoy","image":{"@type":"ImageObject","inLanguage":"es","@id":"https:\/\/secure.gravatar.com\/avatar\/bb65d0283347e303893ba14f0692005417c1e0e690a325a4c5d8bb2b3943ee14?s=96&d=mm&r=g","url":"https:\/\/secure.gravatar.com\/avatar\/bb65d0283347e303893ba14f0692005417c1e0e690a325a4c5d8bb2b3943ee14?s=96&d=mm&r=g","contentUrl":"https:\/\/secure.gravatar.com\/avatar\/bb65d0283347e303893ba14f0692005417c1e0e690a325a4c5d8bb2b3943ee14?s=96&d=mm&r=g","caption":"Cope Alcoy"}}]}},"_links":{"self":[{"href":"https:\/\/www.copealcoy.es\/es\/wp-json\/wp\/v2\/posts\/95545","targetHints":{"allow":["GET"]}}],"collection":[{"href":"https:\/\/www.copealcoy.es\/es\/wp-json\/wp\/v2\/posts"}],"about":[{"href":"https:\/\/www.copealcoy.es\/es\/wp-json\/wp\/v2\/types\/post"}],"author":[{"embeddable":true,"href":"https:\/\/www.copealcoy.es\/es\/wp-json\/wp\/v2\/users\/1"}],"replies":[{"embeddable":true,"href":"https:\/\/www.copealcoy.es\/es\/wp-json\/wp\/v2\/comments?post=95545"}],"version-history":[{"count":0,"href":"https:\/\/www.copealcoy.es\/es\/wp-json\/wp\/v2\/posts\/95545\/revisions"}],"wp:featuredmedia":[{"embeddable":true,"href":"https:\/\/www.copealcoy.es\/es\/wp-json\/wp\/v2\/media\/95546"}],"wp:attachment":[{"href":"https:\/\/www.copealcoy.es\/es\/wp-json\/wp\/v2\/media?parent=95545"}],"wp:term":[{"taxonomy":"category","embeddable":true,"href":"https:\/\/www.copealcoy.es\/es\/wp-json\/wp\/v2\/categories?post=95545"},{"taxonomy":"post_tag","embeddable":true,"href":"https:\/\/www.copealcoy.es\/es\/wp-json\/wp\/v2\/tags?post=95545"}],"curies":[{"name":"wp","href":"https:\/\/api.w.org\/{rel}","templated":true}]}}