{"id":95474,"date":"2022-12-20T15:46:10","date_gmt":"2022-12-20T14:46:10","guid":{"rendered":"https:\/\/www.copealcoy.es\/?p=95474"},"modified":"2022-12-20T15:53:46","modified_gmt":"2022-12-20T14:53:46","slug":"detinguts-a-alcoi-per-robar-en-ecoparcs-de-les-provincies-dalacant-i-valencia","status":"publish","type":"post","link":"https:\/\/www.copealcoy.es\/es\/detinguts-a-alcoi-per-robar-en-ecoparcs-de-les-provincies-dalacant-i-valencia\/","title":{"rendered":"Detinguts a Alcoi per robar en ecoparcs de les prov\u00edncies d&#8217;Alacant i Val\u00e8ncia"},"content":{"rendered":"<p style=\"text-align: justify;\">Agents de la <a href=\"https:\/\/www.guardiacivil.es\/es\/institucional\/directorio\/alicante\/cmda__alicante.html\" target=\"_blank\" rel=\"noopener\"><strong><span style=\"color: #0000ff;\">Gu\u00e0rdia Civil d&#8217;Alacant<\/span><\/strong><\/a> han detingut a dos homes com a <strong>presumptes autors de catorze delictes de robatoris amb for\u00e7a<\/strong> a les prov\u00edncies d&#8217;Alacant i Val\u00e8ncia. Els arrestats suposadament <strong>s&#8217;havien apropiat de material de reciclatge de punts nets i ecoparcs<\/strong>, que posteriorment venien en una chatarrer\u00eda d&#8217;Alcoi.<\/p>\n<p style=\"text-align: justify;\">Les investigacions de l&#8217;operaci\u00f3 &#8216;Ecopark&#8217; van tindre el seu origen el mes d&#8217;agost d&#8217;enguany, quan la Gu\u00e0rdia Civil <strong>va detectar un augment important en el nombre de robatoris<\/strong> a l&#8217;interior de punts nets i ecoparcs en diverses localitats de les prov\u00edncies d&#8217;Alacant i Val\u00e8ncia. Aquesta situaci\u00f3 <strong>va crear alarma<\/strong> entre les empreses que els gestionaven, segons ha informat l&#8217;institut armat en un comunicat.<\/p>\n<p style=\"text-align: justify;\">Seguidamente, l&#8217;equip ROCA de la Companyia de la Gu\u00e0rdia Civil d&#8217;Ibi <strong>va comen\u00e7ar l&#8217;operaci\u00f3<\/strong>. En una <strong>primera fase<\/strong>, els investigadors van analitzar tota la informaci\u00f3 obtinguda i es van posar en contacte durant mesos amb les respectives policies locals de les demarcacions afectades. Gr\u00e0cies a la informaci\u00f3 aportada per les Policies Locals de Banyeres de Mariola i de Muro, els agents van poder vincular a <strong>dos homes residents a Alcoi<\/strong> amb els delictes investigats. Una vegada identificats els dos sospitosos, i per mitj\u00e0 de nombroses vigil\u00e0ncies, els investigadors <strong>van obtindre informaci\u00f3 per a definir el modus operandi <\/strong>que utilitzaven.<\/p>\n<p style=\"text-align: justify;\">En una <strong>segona fase<\/strong> de l&#8217;operaci\u00f3, el 22 de novembre, els investigadors es van traslladar a Alcoi i van procedir a detindre als dos investigats quan circulaven en el vehicle que havien utilitzat per a la comissi\u00f3 dels robatoris.<\/p>\n<p style=\"text-align: justify;\">Als detinguts s<strong>e&#8217;ls han imputat 14 delictes de robatori amb for\u00e7a<\/strong> en punts nets i ecoparcs situats en les localitats alacantines de Banyeres de Mariola, Muro d&#8217;Alcoi, Saix i Salines, i en les valencianes d&#8217;Oliva i Ontinyent.<\/p>\n<p style=\"text-align: justify;\">Els arrestats, de 29 i 30 anys i amb multitud d&#8217;antecedents policials per fets similars, h<strong>an sigut posats a la disposici\u00f3 del Jutjat de Gu\u00e0rdia i Instrucci\u00f3 d&#8217;Alcoi<\/strong>. S&#8217;ha decretat <strong>la seua posada en llibertat amb mesures cautelars<\/strong>. A m\u00e9s, el vehicle utilitzat pels delinq\u00fcents, s&#8217;ha posat a la disposici\u00f3 de l&#8217;autoritat judicial.<\/p>\n","protected":false},"excerpt":{"rendered":"<p>Agents de la Gu\u00e0rdia Civil d&#8217;Alacant han detingut a dos homes com a presumptes autors de catorze delictes de robatoris&#8230;<\/p>\n","protected":false},"author":1,"featured_media":95475,"comment_status":"open","ping_status":"open","sticky":false,"template":"","format":"standard","meta":{"footnotes":""},"categories":[6909,97,75,80],"tags":[160,11393,13628,2187,13614],"class_list":["post-95474","post","type-post","status-publish","format-standard","has-post-thumbnail","hentry","category-actualidad","category-alcoy","category-noticias","category-sucesos","tag-alcoi","tag-detencio","tag-ecoparcs","tag-guardia-civil","tag-robatori"],"yoast_head":"<!-- This site is optimized with the Yoast SEO plugin v27.3 - https:\/\/yoast.com\/product\/yoast-seo-wordpress\/ -->\n<title>Detinguts a Alcoi per robar en ecoparcs de les prov\u00edncies d&#039;Alacant i Val\u00e8ncia - COPE Alcoy<\/title>\n<meta name=\"description\" content=\"Dos persones han sigut detingudes a #Alcoi per robar en ecoparcs de les prov\u00edncies d&#039;Alacant i Val\u00e8ncia durant els \u00faltims mesos\" \/>\n<meta name=\"robots\" content=\"index, follow, max-snippet:-1, max-image-preview:large, max-video-preview:-1\" \/>\n<link rel=\"canonical\" href=\"https:\/\/www.copealcoy.es\/es\/detinguts-a-alcoi-per-robar-en-ecoparcs-de-les-provincies-dalacant-i-valencia\/\" \/>\n<meta property=\"og:locale\" content=\"es_ES\" \/>\n<meta property=\"og:type\" content=\"article\" \/>\n<meta property=\"og:title\" content=\"Detinguts a Alcoi per robar en ecoparcs de les prov\u00edncies d&#039;Alacant i Val\u00e8ncia - COPE Alcoy\" \/>\n<meta property=\"og:description\" content=\"Dos persones han sigut detingudes a #Alcoi per robar en ecoparcs de les prov\u00edncies d&#039;Alacant i Val\u00e8ncia durant els \u00faltims mesos\" \/>\n<meta property=\"og:url\" content=\"https:\/\/www.copealcoy.es\/es\/detinguts-a-alcoi-per-robar-en-ecoparcs-de-les-provincies-dalacant-i-valencia\/\" \/>\n<meta property=\"og:site_name\" content=\"COPE Alcoy\" \/>\n<meta property=\"article:published_time\" content=\"2022-12-20T14:46:10+00:00\" \/>\n<meta property=\"article:modified_time\" content=\"2022-12-20T14:53:46+00:00\" \/>\n<meta property=\"og:image\" content=\"https:\/\/www.copealcoy.es\/wp-content\/uploads\/2022\/12\/YQ2BNQTFVRFCJARITRHON3LFXE.jpg\" \/>\n\t<meta property=\"og:image:width\" content=\"650\" \/>\n\t<meta property=\"og:image:height\" content=\"488\" \/>\n\t<meta property=\"og:image:type\" content=\"image\/jpeg\" \/>\n<meta name=\"author\" content=\"Cope Alcoy\" \/>\n<meta name=\"twitter:label1\" content=\"Escrito por\" \/>\n\t<meta name=\"twitter:data1\" content=\"Cope Alcoy\" \/>\n\t<meta name=\"twitter:label2\" content=\"Tiempo de lectura\" \/>\n\t<meta name=\"twitter:data2\" content=\"2 minutos\" \/>\n<script type=\"application\/ld+json\" class=\"yoast-schema-graph\">{\"@context\":\"https:\\\/\\\/schema.org\",\"@graph\":[{\"@type\":\"Article\",\"@id\":\"https:\\\/\\\/www.copealcoy.es\\\/es\\\/detinguts-a-alcoi-per-robar-en-ecoparcs-de-les-provincies-dalacant-i-valencia\\\/#article\",\"isPartOf\":{\"@id\":\"https:\\\/\\\/www.copealcoy.es\\\/es\\\/detinguts-a-alcoi-per-robar-en-ecoparcs-de-les-provincies-dalacant-i-valencia\\\/\"},\"author\":{\"name\":\"Cope Alcoy\",\"@id\":\"https:\\\/\\\/www.copealcoy.es\\\/es\\\/#\\\/schema\\\/person\\\/e777c87fa024e57d40170af9df39882c\"},\"headline\":\"Detinguts a Alcoi per robar en ecoparcs de les prov\u00edncies d&#8217;Alacant i Val\u00e8ncia\",\"datePublished\":\"2022-12-20T14:46:10+00:00\",\"dateModified\":\"2022-12-20T14:53:46+00:00\",\"mainEntityOfPage\":{\"@id\":\"https:\\\/\\\/www.copealcoy.es\\\/es\\\/detinguts-a-alcoi-per-robar-en-ecoparcs-de-les-provincies-dalacant-i-valencia\\\/\"},\"wordCount\":390,\"commentCount\":0,\"image\":{\"@id\":\"https:\\\/\\\/www.copealcoy.es\\\/es\\\/detinguts-a-alcoi-per-robar-en-ecoparcs-de-les-provincies-dalacant-i-valencia\\\/#primaryimage\"},\"thumbnailUrl\":\"https:\\\/\\\/www.copealcoy.es\\\/wp-content\\\/uploads\\\/2022\\\/12\\\/YQ2BNQTFVRFCJARITRHON3LFXE.jpg\",\"keywords\":[\"Alcoi\",\"detenci\u00f3\",\"Ecoparcs\",\"Guardia Civil\",\"robatori\"],\"articleSection\":[\"Actualidad\",\"Alcoy\",\"Noticias\",\"Sucesos\"],\"inLanguage\":\"es\"},{\"@type\":\"WebPage\",\"@id\":\"https:\\\/\\\/www.copealcoy.es\\\/es\\\/detinguts-a-alcoi-per-robar-en-ecoparcs-de-les-provincies-dalacant-i-valencia\\\/\",\"url\":\"https:\\\/\\\/www.copealcoy.es\\\/es\\\/detinguts-a-alcoi-per-robar-en-ecoparcs-de-les-provincies-dalacant-i-valencia\\\/\",\"name\":\"Detinguts a Alcoi per robar en ecoparcs de les prov\u00edncies d'Alacant i Val\u00e8ncia - COPE Alcoy\",\"isPartOf\":{\"@id\":\"https:\\\/\\\/www.copealcoy.es\\\/es\\\/#website\"},\"primaryImageOfPage\":{\"@id\":\"https:\\\/\\\/www.copealcoy.es\\\/es\\\/detinguts-a-alcoi-per-robar-en-ecoparcs-de-les-provincies-dalacant-i-valencia\\\/#primaryimage\"},\"image\":{\"@id\":\"https:\\\/\\\/www.copealcoy.es\\\/es\\\/detinguts-a-alcoi-per-robar-en-ecoparcs-de-les-provincies-dalacant-i-valencia\\\/#primaryimage\"},\"thumbnailUrl\":\"https:\\\/\\\/www.copealcoy.es\\\/wp-content\\\/uploads\\\/2022\\\/12\\\/YQ2BNQTFVRFCJARITRHON3LFXE.jpg\",\"datePublished\":\"2022-12-20T14:46:10+00:00\",\"dateModified\":\"2022-12-20T14:53:46+00:00\",\"author\":{\"@id\":\"https:\\\/\\\/www.copealcoy.es\\\/es\\\/#\\\/schema\\\/person\\\/e777c87fa024e57d40170af9df39882c\"},\"description\":\"Dos persones han sigut detingudes a #Alcoi per robar en ecoparcs de les prov\u00edncies d'Alacant i Val\u00e8ncia durant els \u00faltims mesos\",\"breadcrumb\":{\"@id\":\"https:\\\/\\\/www.copealcoy.es\\\/es\\\/detinguts-a-alcoi-per-robar-en-ecoparcs-de-les-provincies-dalacant-i-valencia\\\/#breadcrumb\"},\"inLanguage\":\"es\",\"potentialAction\":[{\"@type\":\"ReadAction\",\"target\":[\"https:\\\/\\\/www.copealcoy.es\\\/es\\\/detinguts-a-alcoi-per-robar-en-ecoparcs-de-les-provincies-dalacant-i-valencia\\\/\"]}]},{\"@type\":\"ImageObject\",\"inLanguage\":\"es\",\"@id\":\"https:\\\/\\\/www.copealcoy.es\\\/es\\\/detinguts-a-alcoi-per-robar-en-ecoparcs-de-les-provincies-dalacant-i-valencia\\\/#primaryimage\",\"url\":\"https:\\\/\\\/www.copealcoy.es\\\/wp-content\\\/uploads\\\/2022\\\/12\\\/YQ2BNQTFVRFCJARITRHON3LFXE.jpg\",\"contentUrl\":\"https:\\\/\\\/www.copealcoy.es\\\/wp-content\\\/uploads\\\/2022\\\/12\\\/YQ2BNQTFVRFCJARITRHON3LFXE.jpg\",\"width\":650,\"height\":488},{\"@type\":\"BreadcrumbList\",\"@id\":\"https:\\\/\\\/www.copealcoy.es\\\/es\\\/detinguts-a-alcoi-per-robar-en-ecoparcs-de-les-provincies-dalacant-i-valencia\\\/#breadcrumb\",\"itemListElement\":[{\"@type\":\"ListItem\",\"position\":1,\"name\":\"Portada\",\"item\":\"https:\\\/\\\/www.copealcoy.es\\\/es\\\/\"},{\"@type\":\"ListItem\",\"position\":2,\"name\":\"Detinguts a Alcoi per robar en ecoparcs de les prov\u00edncies d&#8217;Alacant i Val\u00e8ncia\"}]},{\"@type\":\"WebSite\",\"@id\":\"https:\\\/\\\/www.copealcoy.es\\\/es\\\/#website\",\"url\":\"https:\\\/\\\/www.copealcoy.es\\\/es\\\/\",\"name\":\"COPE Alcoy\",\"description\":\"Emisora COPE de radio local con emisi\u00f3n online. Pont de Sant Jordi 8-10 03803 Alcoy\",\"potentialAction\":[{\"@type\":\"SearchAction\",\"target\":{\"@type\":\"EntryPoint\",\"urlTemplate\":\"https:\\\/\\\/www.copealcoy.es\\\/es\\\/?s={search_term_string}\"},\"query-input\":{\"@type\":\"PropertyValueSpecification\",\"valueRequired\":true,\"valueName\":\"search_term_string\"}}],\"inLanguage\":\"es\"},{\"@type\":\"Person\",\"@id\":\"https:\\\/\\\/www.copealcoy.es\\\/es\\\/#\\\/schema\\\/person\\\/e777c87fa024e57d40170af9df39882c\",\"name\":\"Cope Alcoy\",\"image\":{\"@type\":\"ImageObject\",\"inLanguage\":\"es\",\"@id\":\"https:\\\/\\\/secure.gravatar.com\\\/avatar\\\/bb65d0283347e303893ba14f0692005417c1e0e690a325a4c5d8bb2b3943ee14?s=96&d=mm&r=g\",\"url\":\"https:\\\/\\\/secure.gravatar.com\\\/avatar\\\/bb65d0283347e303893ba14f0692005417c1e0e690a325a4c5d8bb2b3943ee14?s=96&d=mm&r=g\",\"contentUrl\":\"https:\\\/\\\/secure.gravatar.com\\\/avatar\\\/bb65d0283347e303893ba14f0692005417c1e0e690a325a4c5d8bb2b3943ee14?s=96&d=mm&r=g\",\"caption\":\"Cope Alcoy\"}}]}<\/script>\n<!-- \/ Yoast SEO plugin. -->","yoast_head_json":{"title":"Detinguts a Alcoi per robar en ecoparcs de les prov\u00edncies d'Alacant i Val\u00e8ncia - COPE Alcoy","description":"Dos persones han sigut detingudes a #Alcoi per robar en ecoparcs de les prov\u00edncies d'Alacant i Val\u00e8ncia durant els \u00faltims mesos","robots":{"index":"index","follow":"follow","max-snippet":"max-snippet:-1","max-image-preview":"max-image-preview:large","max-video-preview":"max-video-preview:-1"},"canonical":"https:\/\/www.copealcoy.es\/es\/detinguts-a-alcoi-per-robar-en-ecoparcs-de-les-provincies-dalacant-i-valencia\/","og_locale":"es_ES","og_type":"article","og_title":"Detinguts a Alcoi per robar en ecoparcs de les prov\u00edncies d'Alacant i Val\u00e8ncia - COPE Alcoy","og_description":"Dos persones han sigut detingudes a #Alcoi per robar en ecoparcs de les prov\u00edncies d'Alacant i Val\u00e8ncia durant els \u00faltims mesos","og_url":"https:\/\/www.copealcoy.es\/es\/detinguts-a-alcoi-per-robar-en-ecoparcs-de-les-provincies-dalacant-i-valencia\/","og_site_name":"COPE Alcoy","article_published_time":"2022-12-20T14:46:10+00:00","article_modified_time":"2022-12-20T14:53:46+00:00","og_image":[{"width":650,"height":488,"url":"https:\/\/www.copealcoy.es\/wp-content\/uploads\/2022\/12\/YQ2BNQTFVRFCJARITRHON3LFXE.jpg","type":"image\/jpeg"}],"author":"Cope Alcoy","twitter_misc":{"Escrito por":"Cope Alcoy","Tiempo de lectura":"2 minutos"},"schema":{"@context":"https:\/\/schema.org","@graph":[{"@type":"Article","@id":"https:\/\/www.copealcoy.es\/es\/detinguts-a-alcoi-per-robar-en-ecoparcs-de-les-provincies-dalacant-i-valencia\/#article","isPartOf":{"@id":"https:\/\/www.copealcoy.es\/es\/detinguts-a-alcoi-per-robar-en-ecoparcs-de-les-provincies-dalacant-i-valencia\/"},"author":{"name":"Cope Alcoy","@id":"https:\/\/www.copealcoy.es\/es\/#\/schema\/person\/e777c87fa024e57d40170af9df39882c"},"headline":"Detinguts a Alcoi per robar en ecoparcs de les prov\u00edncies d&#8217;Alacant i Val\u00e8ncia","datePublished":"2022-12-20T14:46:10+00:00","dateModified":"2022-12-20T14:53:46+00:00","mainEntityOfPage":{"@id":"https:\/\/www.copealcoy.es\/es\/detinguts-a-alcoi-per-robar-en-ecoparcs-de-les-provincies-dalacant-i-valencia\/"},"wordCount":390,"commentCount":0,"image":{"@id":"https:\/\/www.copealcoy.es\/es\/detinguts-a-alcoi-per-robar-en-ecoparcs-de-les-provincies-dalacant-i-valencia\/#primaryimage"},"thumbnailUrl":"https:\/\/www.copealcoy.es\/wp-content\/uploads\/2022\/12\/YQ2BNQTFVRFCJARITRHON3LFXE.jpg","keywords":["Alcoi","detenci\u00f3","Ecoparcs","Guardia Civil","robatori"],"articleSection":["Actualidad","Alcoy","Noticias","Sucesos"],"inLanguage":"es"},{"@type":"WebPage","@id":"https:\/\/www.copealcoy.es\/es\/detinguts-a-alcoi-per-robar-en-ecoparcs-de-les-provincies-dalacant-i-valencia\/","url":"https:\/\/www.copealcoy.es\/es\/detinguts-a-alcoi-per-robar-en-ecoparcs-de-les-provincies-dalacant-i-valencia\/","name":"Detinguts a Alcoi per robar en ecoparcs de les prov\u00edncies d'Alacant i Val\u00e8ncia - COPE Alcoy","isPartOf":{"@id":"https:\/\/www.copealcoy.es\/es\/#website"},"primaryImageOfPage":{"@id":"https:\/\/www.copealcoy.es\/es\/detinguts-a-alcoi-per-robar-en-ecoparcs-de-les-provincies-dalacant-i-valencia\/#primaryimage"},"image":{"@id":"https:\/\/www.copealcoy.es\/es\/detinguts-a-alcoi-per-robar-en-ecoparcs-de-les-provincies-dalacant-i-valencia\/#primaryimage"},"thumbnailUrl":"https:\/\/www.copealcoy.es\/wp-content\/uploads\/2022\/12\/YQ2BNQTFVRFCJARITRHON3LFXE.jpg","datePublished":"2022-12-20T14:46:10+00:00","dateModified":"2022-12-20T14:53:46+00:00","author":{"@id":"https:\/\/www.copealcoy.es\/es\/#\/schema\/person\/e777c87fa024e57d40170af9df39882c"},"description":"Dos persones han sigut detingudes a #Alcoi per robar en ecoparcs de les prov\u00edncies d'Alacant i Val\u00e8ncia durant els \u00faltims mesos","breadcrumb":{"@id":"https:\/\/www.copealcoy.es\/es\/detinguts-a-alcoi-per-robar-en-ecoparcs-de-les-provincies-dalacant-i-valencia\/#breadcrumb"},"inLanguage":"es","potentialAction":[{"@type":"ReadAction","target":["https:\/\/www.copealcoy.es\/es\/detinguts-a-alcoi-per-robar-en-ecoparcs-de-les-provincies-dalacant-i-valencia\/"]}]},{"@type":"ImageObject","inLanguage":"es","@id":"https:\/\/www.copealcoy.es\/es\/detinguts-a-alcoi-per-robar-en-ecoparcs-de-les-provincies-dalacant-i-valencia\/#primaryimage","url":"https:\/\/www.copealcoy.es\/wp-content\/uploads\/2022\/12\/YQ2BNQTFVRFCJARITRHON3LFXE.jpg","contentUrl":"https:\/\/www.copealcoy.es\/wp-content\/uploads\/2022\/12\/YQ2BNQTFVRFCJARITRHON3LFXE.jpg","width":650,"height":488},{"@type":"BreadcrumbList","@id":"https:\/\/www.copealcoy.es\/es\/detinguts-a-alcoi-per-robar-en-ecoparcs-de-les-provincies-dalacant-i-valencia\/#breadcrumb","itemListElement":[{"@type":"ListItem","position":1,"name":"Portada","item":"https:\/\/www.copealcoy.es\/es\/"},{"@type":"ListItem","position":2,"name":"Detinguts a Alcoi per robar en ecoparcs de les prov\u00edncies d&#8217;Alacant i Val\u00e8ncia"}]},{"@type":"WebSite","@id":"https:\/\/www.copealcoy.es\/es\/#website","url":"https:\/\/www.copealcoy.es\/es\/","name":"COPE Alcoy","description":"Emisora COPE de radio local con emisi\u00f3n online. Pont de Sant Jordi 8-10 03803 Alcoy","potentialAction":[{"@type":"SearchAction","target":{"@type":"EntryPoint","urlTemplate":"https:\/\/www.copealcoy.es\/es\/?s={search_term_string}"},"query-input":{"@type":"PropertyValueSpecification","valueRequired":true,"valueName":"search_term_string"}}],"inLanguage":"es"},{"@type":"Person","@id":"https:\/\/www.copealcoy.es\/es\/#\/schema\/person\/e777c87fa024e57d40170af9df39882c","name":"Cope Alcoy","image":{"@type":"ImageObject","inLanguage":"es","@id":"https:\/\/secure.gravatar.com\/avatar\/bb65d0283347e303893ba14f0692005417c1e0e690a325a4c5d8bb2b3943ee14?s=96&d=mm&r=g","url":"https:\/\/secure.gravatar.com\/avatar\/bb65d0283347e303893ba14f0692005417c1e0e690a325a4c5d8bb2b3943ee14?s=96&d=mm&r=g","contentUrl":"https:\/\/secure.gravatar.com\/avatar\/bb65d0283347e303893ba14f0692005417c1e0e690a325a4c5d8bb2b3943ee14?s=96&d=mm&r=g","caption":"Cope Alcoy"}}]}},"_links":{"self":[{"href":"https:\/\/www.copealcoy.es\/es\/wp-json\/wp\/v2\/posts\/95474","targetHints":{"allow":["GET"]}}],"collection":[{"href":"https:\/\/www.copealcoy.es\/es\/wp-json\/wp\/v2\/posts"}],"about":[{"href":"https:\/\/www.copealcoy.es\/es\/wp-json\/wp\/v2\/types\/post"}],"author":[{"embeddable":true,"href":"https:\/\/www.copealcoy.es\/es\/wp-json\/wp\/v2\/users\/1"}],"replies":[{"embeddable":true,"href":"https:\/\/www.copealcoy.es\/es\/wp-json\/wp\/v2\/comments?post=95474"}],"version-history":[{"count":0,"href":"https:\/\/www.copealcoy.es\/es\/wp-json\/wp\/v2\/posts\/95474\/revisions"}],"wp:featuredmedia":[{"embeddable":true,"href":"https:\/\/www.copealcoy.es\/es\/wp-json\/wp\/v2\/media\/95475"}],"wp:attachment":[{"href":"https:\/\/www.copealcoy.es\/es\/wp-json\/wp\/v2\/media?parent=95474"}],"wp:term":[{"taxonomy":"category","embeddable":true,"href":"https:\/\/www.copealcoy.es\/es\/wp-json\/wp\/v2\/categories?post=95474"},{"taxonomy":"post_tag","embeddable":true,"href":"https:\/\/www.copealcoy.es\/es\/wp-json\/wp\/v2\/tags?post=95474"}],"curies":[{"name":"wp","href":"https:\/\/api.w.org\/{rel}","templated":true}]}}