{"id":95465,"date":"2022-12-18T13:59:31","date_gmt":"2022-12-18T12:59:31","guid":{"rendered":"https:\/\/www.copealcoy.es\/?p=95465"},"modified":"2022-12-20T17:22:02","modified_gmt":"2022-12-20T16:22:02","slug":"quines-propostes-han-sigut-mes-votades-a-alcoi-en-la-campanya-dels-pressupostos-participatius","status":"publish","type":"post","link":"https:\/\/www.copealcoy.es\/es\/quines-propostes-han-sigut-mes-votades-a-alcoi-en-la-campanya-dels-pressupostos-participatius\/","title":{"rendered":"Quines propostes han sigut m\u00e9s votades a Alcoi en la campanya dels Pressupostos Participatius?"},"content":{"rendered":"<p style=\"text-align: justify;\">Els ve\u00efns i les ve\u00efnes d&#8217;Alcoi <strong>ja han escollit entre totes les propostes presentades enguany a la campanya dels Pressupostos Participatius<\/strong>, una iniciativa que ha registrat una implicaci\u00f3 del 8,79% de totes les persones majors de setze anys que podien votar (m\u00e9s de 52.000 habitants). Han sigut triades <strong>quatre propostes<\/strong>, de les quals dos s\u00f3n d&#8217;inversi\u00f3 i altres dos de despesa corrent.<\/p>\n<p style=\"text-align: justify;\">Quant a la despesa corrent destaca<strong> la creaci\u00f3 d&#8217;un tallafoc<\/strong>, amb un pressupost de 56.000 euros, i una iniciativa que va rebre 1020 vots sent aquesta una de les m\u00e9s votades dels Pressupostos Participatius dels \u00faltims anys segons ha assegurat la regidora Tere Sanjuan. En segon lloc, amb 30.000 euros i 769 sufragis, ha quedat<strong> la posada en marxa d&#8217;una programaci\u00f3 teatral infantil i juvenil<\/strong> a la ciutat en diverses modalitats. Pel que fa a propostes d&#8217;inversi\u00f3, cal apuntar que <strong>s&#8217;ha apostat per millorar l&#8217;accessibilitat d&#8217;Alcoi<\/strong> en diferents carrers i aquest projecte, que ha tingut 960 vots, suposaria un cost de 200.000 euros. Per \u00faltim ha quedat en segona posici\u00f3<strong> la iniciativa per a adequar les pistes de tenis<\/strong>, amb 829 sufragis, i 100.000 euros de pressupost.<\/p>\n<p style=\"text-align: justify;\">La <strong>regidora de Participaci\u00f3 Ciutadana<\/strong> ha valorat molt positivament l&#8217;\u00edndex de participaci\u00f3 que ha registrat l&#8217;edici\u00f3 d&#8217;enguany de la campanya dels Pressupostos Participatius. A m\u00e9s recorda que des de l&#8217;any 2020 <strong>la xifra ha anat augmentant<\/strong> de manera progressiva &#8220;<em>en els primers sols va votar un 2,43% i, despr\u00e9s de la baixada que en 2020 va causar la pand\u00e8mia de la COVID-19, hem vist com en 2021 i 2022 la dada ha passat del 7,02% i en 2022 del 7,58%<\/em>&#8220;, detalla <strong>Tere <span class=\"hiddenSpellError\">Sanjuan<\/span><\/strong>.<\/p>\n<p style=\"text-align: justify;\">Des de la\u00a0posada en marxa dels Pressupostos Participatius s&#8217;han executat ja <strong>el\u00a0<span class=\"hiddenGrammarError\">80&#8217;55%<\/span>\u00a0de les propostes presentades<\/strong>. Queden per realitzar algunes que, per exemple, aniran a Rodes, la L\u00ednia d\u2019autob\u00fas al Poliesportiu (a partir del pr\u00f2xim gener) o la passarel\u00b7la a Cervantes que ja est\u00e0 en proc\u00e9s.<\/p>\n","protected":false},"excerpt":{"rendered":"<p>Els ve\u00efns i les ve\u00efnes d&#8217;Alcoi ja han escollit entre totes les propostes presentades enguany a la campanya dels Pressupostos&#8230;<\/p>\n","protected":false},"author":1,"featured_media":76821,"comment_status":"open","ping_status":"open","sticky":false,"template":"","format":"standard","meta":{"footnotes":""},"categories":[6909,97,75,79],"tags":[160,9579,9669,6962],"class_list":["post-95465","post","type-post","status-publish","format-standard","has-post-thumbnail","hentry","category-actualidad","category-alcoy","category-noticias","category-politicayeconomia","tag-alcoi","tag-campanya","tag-pressupostos-participatius","tag-tere-sanjuan"],"yoast_head":"<!-- This site is optimized with the Yoast SEO plugin v27.3 - https:\/\/yoast.com\/product\/yoast-seo-wordpress\/ -->\n<title>Quines propostes han sigut m\u00e9s votades a Alcoi en la campanya dels Pressupostos Participatius? - COPE Alcoy<\/title>\n<meta name=\"robots\" content=\"index, follow, max-snippet:-1, max-image-preview:large, max-video-preview:-1\" \/>\n<link rel=\"canonical\" href=\"https:\/\/www.copealcoy.es\/es\/quines-propostes-han-sigut-mes-votades-a-alcoi-en-la-campanya-dels-pressupostos-participatius\/\" \/>\n<meta property=\"og:locale\" content=\"es_ES\" \/>\n<meta property=\"og:type\" content=\"article\" \/>\n<meta property=\"og:title\" content=\"Quines propostes han sigut m\u00e9s votades a Alcoi en la campanya dels Pressupostos Participatius? - COPE Alcoy\" \/>\n<meta property=\"og:description\" content=\"Els ve\u00efns i les ve\u00efnes d&#8217;Alcoi ja han escollit entre totes les propostes presentades enguany a la campanya dels Pressupostos...\" \/>\n<meta property=\"og:url\" content=\"https:\/\/www.copealcoy.es\/es\/quines-propostes-han-sigut-mes-votades-a-alcoi-en-la-campanya-dels-pressupostos-participatius\/\" \/>\n<meta property=\"og:site_name\" content=\"COPE Alcoy\" \/>\n<meta property=\"article:published_time\" content=\"2022-12-18T12:59:31+00:00\" \/>\n<meta property=\"article:modified_time\" content=\"2022-12-20T16:22:02+00:00\" \/>\n<meta property=\"og:image\" content=\"https:\/\/www.copealcoy.es\/wp-content\/uploads\/2021\/08\/ajuntament-2-e1629909036832.jpg\" \/>\n\t<meta property=\"og:image:width\" content=\"960\" \/>\n\t<meta property=\"og:image:height\" content=\"532\" \/>\n\t<meta property=\"og:image:type\" content=\"image\/jpeg\" \/>\n<meta name=\"author\" content=\"Cope Alcoy\" \/>\n<meta name=\"twitter:label1\" content=\"Escrito por\" \/>\n\t<meta name=\"twitter:data1\" content=\"Cope Alcoy\" \/>\n\t<meta name=\"twitter:label2\" content=\"Tiempo de lectura\" \/>\n\t<meta name=\"twitter:data2\" content=\"2 minutos\" \/>\n<script type=\"application\/ld+json\" class=\"yoast-schema-graph\">{\"@context\":\"https:\\\/\\\/schema.org\",\"@graph\":[{\"@type\":\"Article\",\"@id\":\"https:\\\/\\\/www.copealcoy.es\\\/es\\\/quines-propostes-han-sigut-mes-votades-a-alcoi-en-la-campanya-dels-pressupostos-participatius\\\/#article\",\"isPartOf\":{\"@id\":\"https:\\\/\\\/www.copealcoy.es\\\/es\\\/quines-propostes-han-sigut-mes-votades-a-alcoi-en-la-campanya-dels-pressupostos-participatius\\\/\"},\"author\":{\"name\":\"Cope Alcoy\",\"@id\":\"https:\\\/\\\/www.copealcoy.es\\\/es\\\/#\\\/schema\\\/person\\\/e777c87fa024e57d40170af9df39882c\"},\"headline\":\"Quines propostes han sigut m\u00e9s votades a Alcoi en la campanya dels Pressupostos Participatius?\",\"datePublished\":\"2022-12-18T12:59:31+00:00\",\"dateModified\":\"2022-12-20T16:22:02+00:00\",\"mainEntityOfPage\":{\"@id\":\"https:\\\/\\\/www.copealcoy.es\\\/es\\\/quines-propostes-han-sigut-mes-votades-a-alcoi-en-la-campanya-dels-pressupostos-participatius\\\/\"},\"wordCount\":343,\"commentCount\":0,\"image\":{\"@id\":\"https:\\\/\\\/www.copealcoy.es\\\/es\\\/quines-propostes-han-sigut-mes-votades-a-alcoi-en-la-campanya-dels-pressupostos-participatius\\\/#primaryimage\"},\"thumbnailUrl\":\"https:\\\/\\\/www.copealcoy.es\\\/wp-content\\\/uploads\\\/2021\\\/08\\\/ajuntament-2-e1629909036832.jpg\",\"keywords\":[\"Alcoi\",\"campanya\",\"Pressupostos Participatius\",\"Tere Sanjuan\"],\"articleSection\":[\"Actualidad\",\"Alcoy\",\"Noticias\",\"Pol\u00edtica y Econom\u00eda\"],\"inLanguage\":\"es\"},{\"@type\":\"WebPage\",\"@id\":\"https:\\\/\\\/www.copealcoy.es\\\/es\\\/quines-propostes-han-sigut-mes-votades-a-alcoi-en-la-campanya-dels-pressupostos-participatius\\\/\",\"url\":\"https:\\\/\\\/www.copealcoy.es\\\/es\\\/quines-propostes-han-sigut-mes-votades-a-alcoi-en-la-campanya-dels-pressupostos-participatius\\\/\",\"name\":\"Quines propostes han sigut m\u00e9s votades a Alcoi en la campanya dels Pressupostos Participatius? - COPE Alcoy\",\"isPartOf\":{\"@id\":\"https:\\\/\\\/www.copealcoy.es\\\/es\\\/#website\"},\"primaryImageOfPage\":{\"@id\":\"https:\\\/\\\/www.copealcoy.es\\\/es\\\/quines-propostes-han-sigut-mes-votades-a-alcoi-en-la-campanya-dels-pressupostos-participatius\\\/#primaryimage\"},\"image\":{\"@id\":\"https:\\\/\\\/www.copealcoy.es\\\/es\\\/quines-propostes-han-sigut-mes-votades-a-alcoi-en-la-campanya-dels-pressupostos-participatius\\\/#primaryimage\"},\"thumbnailUrl\":\"https:\\\/\\\/www.copealcoy.es\\\/wp-content\\\/uploads\\\/2021\\\/08\\\/ajuntament-2-e1629909036832.jpg\",\"datePublished\":\"2022-12-18T12:59:31+00:00\",\"dateModified\":\"2022-12-20T16:22:02+00:00\",\"author\":{\"@id\":\"https:\\\/\\\/www.copealcoy.es\\\/es\\\/#\\\/schema\\\/person\\\/e777c87fa024e57d40170af9df39882c\"},\"breadcrumb\":{\"@id\":\"https:\\\/\\\/www.copealcoy.es\\\/es\\\/quines-propostes-han-sigut-mes-votades-a-alcoi-en-la-campanya-dels-pressupostos-participatius\\\/#breadcrumb\"},\"inLanguage\":\"es\",\"potentialAction\":[{\"@type\":\"ReadAction\",\"target\":[\"https:\\\/\\\/www.copealcoy.es\\\/es\\\/quines-propostes-han-sigut-mes-votades-a-alcoi-en-la-campanya-dels-pressupostos-participatius\\\/\"]}]},{\"@type\":\"ImageObject\",\"inLanguage\":\"es\",\"@id\":\"https:\\\/\\\/www.copealcoy.es\\\/es\\\/quines-propostes-han-sigut-mes-votades-a-alcoi-en-la-campanya-dels-pressupostos-participatius\\\/#primaryimage\",\"url\":\"https:\\\/\\\/www.copealcoy.es\\\/wp-content\\\/uploads\\\/2021\\\/08\\\/ajuntament-2-e1629909036832.jpg\",\"contentUrl\":\"https:\\\/\\\/www.copealcoy.es\\\/wp-content\\\/uploads\\\/2021\\\/08\\\/ajuntament-2-e1629909036832.jpg\",\"width\":960,\"height\":532},{\"@type\":\"BreadcrumbList\",\"@id\":\"https:\\\/\\\/www.copealcoy.es\\\/es\\\/quines-propostes-han-sigut-mes-votades-a-alcoi-en-la-campanya-dels-pressupostos-participatius\\\/#breadcrumb\",\"itemListElement\":[{\"@type\":\"ListItem\",\"position\":1,\"name\":\"Portada\",\"item\":\"https:\\\/\\\/www.copealcoy.es\\\/es\\\/\"},{\"@type\":\"ListItem\",\"position\":2,\"name\":\"Quines propostes han sigut m\u00e9s votades a Alcoi en la campanya dels Pressupostos Participatius?\"}]},{\"@type\":\"WebSite\",\"@id\":\"https:\\\/\\\/www.copealcoy.es\\\/es\\\/#website\",\"url\":\"https:\\\/\\\/www.copealcoy.es\\\/es\\\/\",\"name\":\"COPE Alcoy\",\"description\":\"Emisora COPE de radio local con emisi\u00f3n online. Pont de Sant Jordi 8-10 03803 Alcoy\",\"potentialAction\":[{\"@type\":\"SearchAction\",\"target\":{\"@type\":\"EntryPoint\",\"urlTemplate\":\"https:\\\/\\\/www.copealcoy.es\\\/es\\\/?s={search_term_string}\"},\"query-input\":{\"@type\":\"PropertyValueSpecification\",\"valueRequired\":true,\"valueName\":\"search_term_string\"}}],\"inLanguage\":\"es\"},{\"@type\":\"Person\",\"@id\":\"https:\\\/\\\/www.copealcoy.es\\\/es\\\/#\\\/schema\\\/person\\\/e777c87fa024e57d40170af9df39882c\",\"name\":\"Cope Alcoy\",\"image\":{\"@type\":\"ImageObject\",\"inLanguage\":\"es\",\"@id\":\"https:\\\/\\\/secure.gravatar.com\\\/avatar\\\/bb65d0283347e303893ba14f0692005417c1e0e690a325a4c5d8bb2b3943ee14?s=96&d=mm&r=g\",\"url\":\"https:\\\/\\\/secure.gravatar.com\\\/avatar\\\/bb65d0283347e303893ba14f0692005417c1e0e690a325a4c5d8bb2b3943ee14?s=96&d=mm&r=g\",\"contentUrl\":\"https:\\\/\\\/secure.gravatar.com\\\/avatar\\\/bb65d0283347e303893ba14f0692005417c1e0e690a325a4c5d8bb2b3943ee14?s=96&d=mm&r=g\",\"caption\":\"Cope Alcoy\"}}]}<\/script>\n<!-- \/ Yoast SEO plugin. -->","yoast_head_json":{"title":"Quines propostes han sigut m\u00e9s votades a Alcoi en la campanya dels Pressupostos Participatius? - COPE Alcoy","robots":{"index":"index","follow":"follow","max-snippet":"max-snippet:-1","max-image-preview":"max-image-preview:large","max-video-preview":"max-video-preview:-1"},"canonical":"https:\/\/www.copealcoy.es\/es\/quines-propostes-han-sigut-mes-votades-a-alcoi-en-la-campanya-dels-pressupostos-participatius\/","og_locale":"es_ES","og_type":"article","og_title":"Quines propostes han sigut m\u00e9s votades a Alcoi en la campanya dels Pressupostos Participatius? - COPE Alcoy","og_description":"Els ve\u00efns i les ve\u00efnes d&#8217;Alcoi ja han escollit entre totes les propostes presentades enguany a la campanya dels Pressupostos...","og_url":"https:\/\/www.copealcoy.es\/es\/quines-propostes-han-sigut-mes-votades-a-alcoi-en-la-campanya-dels-pressupostos-participatius\/","og_site_name":"COPE Alcoy","article_published_time":"2022-12-18T12:59:31+00:00","article_modified_time":"2022-12-20T16:22:02+00:00","og_image":[{"width":960,"height":532,"url":"https:\/\/www.copealcoy.es\/wp-content\/uploads\/2021\/08\/ajuntament-2-e1629909036832.jpg","type":"image\/jpeg"}],"author":"Cope Alcoy","twitter_misc":{"Escrito por":"Cope Alcoy","Tiempo de lectura":"2 minutos"},"schema":{"@context":"https:\/\/schema.org","@graph":[{"@type":"Article","@id":"https:\/\/www.copealcoy.es\/es\/quines-propostes-han-sigut-mes-votades-a-alcoi-en-la-campanya-dels-pressupostos-participatius\/#article","isPartOf":{"@id":"https:\/\/www.copealcoy.es\/es\/quines-propostes-han-sigut-mes-votades-a-alcoi-en-la-campanya-dels-pressupostos-participatius\/"},"author":{"name":"Cope Alcoy","@id":"https:\/\/www.copealcoy.es\/es\/#\/schema\/person\/e777c87fa024e57d40170af9df39882c"},"headline":"Quines propostes han sigut m\u00e9s votades a Alcoi en la campanya dels Pressupostos Participatius?","datePublished":"2022-12-18T12:59:31+00:00","dateModified":"2022-12-20T16:22:02+00:00","mainEntityOfPage":{"@id":"https:\/\/www.copealcoy.es\/es\/quines-propostes-han-sigut-mes-votades-a-alcoi-en-la-campanya-dels-pressupostos-participatius\/"},"wordCount":343,"commentCount":0,"image":{"@id":"https:\/\/www.copealcoy.es\/es\/quines-propostes-han-sigut-mes-votades-a-alcoi-en-la-campanya-dels-pressupostos-participatius\/#primaryimage"},"thumbnailUrl":"https:\/\/www.copealcoy.es\/wp-content\/uploads\/2021\/08\/ajuntament-2-e1629909036832.jpg","keywords":["Alcoi","campanya","Pressupostos Participatius","Tere Sanjuan"],"articleSection":["Actualidad","Alcoy","Noticias","Pol\u00edtica y Econom\u00eda"],"inLanguage":"es"},{"@type":"WebPage","@id":"https:\/\/www.copealcoy.es\/es\/quines-propostes-han-sigut-mes-votades-a-alcoi-en-la-campanya-dels-pressupostos-participatius\/","url":"https:\/\/www.copealcoy.es\/es\/quines-propostes-han-sigut-mes-votades-a-alcoi-en-la-campanya-dels-pressupostos-participatius\/","name":"Quines propostes han sigut m\u00e9s votades a Alcoi en la campanya dels Pressupostos Participatius? - COPE Alcoy","isPartOf":{"@id":"https:\/\/www.copealcoy.es\/es\/#website"},"primaryImageOfPage":{"@id":"https:\/\/www.copealcoy.es\/es\/quines-propostes-han-sigut-mes-votades-a-alcoi-en-la-campanya-dels-pressupostos-participatius\/#primaryimage"},"image":{"@id":"https:\/\/www.copealcoy.es\/es\/quines-propostes-han-sigut-mes-votades-a-alcoi-en-la-campanya-dels-pressupostos-participatius\/#primaryimage"},"thumbnailUrl":"https:\/\/www.copealcoy.es\/wp-content\/uploads\/2021\/08\/ajuntament-2-e1629909036832.jpg","datePublished":"2022-12-18T12:59:31+00:00","dateModified":"2022-12-20T16:22:02+00:00","author":{"@id":"https:\/\/www.copealcoy.es\/es\/#\/schema\/person\/e777c87fa024e57d40170af9df39882c"},"breadcrumb":{"@id":"https:\/\/www.copealcoy.es\/es\/quines-propostes-han-sigut-mes-votades-a-alcoi-en-la-campanya-dels-pressupostos-participatius\/#breadcrumb"},"inLanguage":"es","potentialAction":[{"@type":"ReadAction","target":["https:\/\/www.copealcoy.es\/es\/quines-propostes-han-sigut-mes-votades-a-alcoi-en-la-campanya-dels-pressupostos-participatius\/"]}]},{"@type":"ImageObject","inLanguage":"es","@id":"https:\/\/www.copealcoy.es\/es\/quines-propostes-han-sigut-mes-votades-a-alcoi-en-la-campanya-dels-pressupostos-participatius\/#primaryimage","url":"https:\/\/www.copealcoy.es\/wp-content\/uploads\/2021\/08\/ajuntament-2-e1629909036832.jpg","contentUrl":"https:\/\/www.copealcoy.es\/wp-content\/uploads\/2021\/08\/ajuntament-2-e1629909036832.jpg","width":960,"height":532},{"@type":"BreadcrumbList","@id":"https:\/\/www.copealcoy.es\/es\/quines-propostes-han-sigut-mes-votades-a-alcoi-en-la-campanya-dels-pressupostos-participatius\/#breadcrumb","itemListElement":[{"@type":"ListItem","position":1,"name":"Portada","item":"https:\/\/www.copealcoy.es\/es\/"},{"@type":"ListItem","position":2,"name":"Quines propostes han sigut m\u00e9s votades a Alcoi en la campanya dels Pressupostos Participatius?"}]},{"@type":"WebSite","@id":"https:\/\/www.copealcoy.es\/es\/#website","url":"https:\/\/www.copealcoy.es\/es\/","name":"COPE Alcoy","description":"Emisora COPE de radio local con emisi\u00f3n online. Pont de Sant Jordi 8-10 03803 Alcoy","potentialAction":[{"@type":"SearchAction","target":{"@type":"EntryPoint","urlTemplate":"https:\/\/www.copealcoy.es\/es\/?s={search_term_string}"},"query-input":{"@type":"PropertyValueSpecification","valueRequired":true,"valueName":"search_term_string"}}],"inLanguage":"es"},{"@type":"Person","@id":"https:\/\/www.copealcoy.es\/es\/#\/schema\/person\/e777c87fa024e57d40170af9df39882c","name":"Cope Alcoy","image":{"@type":"ImageObject","inLanguage":"es","@id":"https:\/\/secure.gravatar.com\/avatar\/bb65d0283347e303893ba14f0692005417c1e0e690a325a4c5d8bb2b3943ee14?s=96&d=mm&r=g","url":"https:\/\/secure.gravatar.com\/avatar\/bb65d0283347e303893ba14f0692005417c1e0e690a325a4c5d8bb2b3943ee14?s=96&d=mm&r=g","contentUrl":"https:\/\/secure.gravatar.com\/avatar\/bb65d0283347e303893ba14f0692005417c1e0e690a325a4c5d8bb2b3943ee14?s=96&d=mm&r=g","caption":"Cope Alcoy"}}]}},"_links":{"self":[{"href":"https:\/\/www.copealcoy.es\/es\/wp-json\/wp\/v2\/posts\/95465","targetHints":{"allow":["GET"]}}],"collection":[{"href":"https:\/\/www.copealcoy.es\/es\/wp-json\/wp\/v2\/posts"}],"about":[{"href":"https:\/\/www.copealcoy.es\/es\/wp-json\/wp\/v2\/types\/post"}],"author":[{"embeddable":true,"href":"https:\/\/www.copealcoy.es\/es\/wp-json\/wp\/v2\/users\/1"}],"replies":[{"embeddable":true,"href":"https:\/\/www.copealcoy.es\/es\/wp-json\/wp\/v2\/comments?post=95465"}],"version-history":[{"count":0,"href":"https:\/\/www.copealcoy.es\/es\/wp-json\/wp\/v2\/posts\/95465\/revisions"}],"wp:featuredmedia":[{"embeddable":true,"href":"https:\/\/www.copealcoy.es\/es\/wp-json\/wp\/v2\/media\/76821"}],"wp:attachment":[{"href":"https:\/\/www.copealcoy.es\/es\/wp-json\/wp\/v2\/media?parent=95465"}],"wp:term":[{"taxonomy":"category","embeddable":true,"href":"https:\/\/www.copealcoy.es\/es\/wp-json\/wp\/v2\/categories?post=95465"},{"taxonomy":"post_tag","embeddable":true,"href":"https:\/\/www.copealcoy.es\/es\/wp-json\/wp\/v2\/tags?post=95465"}],"curies":[{"name":"wp","href":"https:\/\/api.w.org\/{rel}","templated":true}]}}