{"id":95453,"date":"2022-12-20T14:02:07","date_gmt":"2022-12-20T13:02:07","guid":{"rendered":"https:\/\/www.copealcoy.es\/?p=95453"},"modified":"2022-12-20T14:06:24","modified_gmt":"2022-12-20T13:06:24","slug":"el-futur-parc-tecnologic-de-rodes-dalcoi-inspira-a-altres-ciutats","status":"publish","type":"post","link":"https:\/\/www.copealcoy.es\/es\/el-futur-parc-tecnologic-de-rodes-dalcoi-inspira-a-altres-ciutats\/","title":{"rendered":"El futur parc tecnol\u00f2gic de Rodes d&#8217;Alcoi inspira a altres ciutats"},"content":{"rendered":"<p><strong>M\u00farcia<\/strong> es fixa en el futur parc tecnol\u00f2gic de Rodes per a dur a terme un projecte similar. Aquest dilluns <strong>19 de desembre<\/strong>, <strong>Alcoi<\/strong> ha rebut la visita d&#8217;una delegaci\u00f3 del Govern murci\u00e0 per a con\u00e9ixer les particularitats t\u00e8cniques i patrimonials del projecte de Rodes que <span style=\"color: #000080;\"><a style=\"color: #000080;\" href=\"https:\/\/www.copealcoy.es\/rodes-comenca-a-ser-una-realitat\/\" target=\"_blank\" rel=\"noopener\">ja est\u00e0 en marxa<\/a><\/span>.<\/p>\n<p>I \u00e9s que M\u00farcia vol implementar una estrat\u00e8gia similar a la de l&#8217;Ajuntament d&#8217;Alcoi. En concret, un projecte de l&#8217;<strong>Ag\u00e8ncia de Transformaci\u00f3 Digital<\/strong>, per al qual han volgut con\u00e9ixer les caracter\u00edstiques del parc tecnol\u00f2gic en el que ja treballen des del Consistori alcoi\u00e0.<\/p>\n<p>La comitiva -formada per la directora general de Patrimoni de la Comunitat de M\u00farcia, <strong>Mar\u00eda Dolores S\u00e1nchez Alcorc\u00f3n<\/strong>; el director general d&#8217;Inform\u00e0tica, <strong>Javier Mart\u00ednez Gilabert<\/strong>, i el subdirector general d&#8217;Inform\u00e0tica i personal t\u00e8cnic dels dos departaments- s&#8217;ha reunit amb l&#8217;alcalde d&#8217;Alcoi, <strong>Toni Franc\u00e9s<\/strong>. En aquest encontre s&#8217;ha tractat com s&#8217;han tingut en compte els aspectes de conservaci\u00f3 de patrimoni i com aquests s&#8217;han articulat dins del projecte. Tamb\u00e9 s&#8217;han explicat les necessitats tecnol\u00f2giques de l&#8217;espai de cara a la gesti\u00f3 futura de les dades i la informaci\u00f3.<\/p>\n<p>A m\u00e9s, s&#8217;ha realitzat una visita al complex per a comprovar l&#8217;entorn d&#8217;aquest, la seua distribuci\u00f3 i els usos previstos en cadascuna de les \u00e0rees.<\/p>\n<p>Franc\u00e9s ha destacat la import\u00e0ncia del parc -incl\u00fas fora de la ciutat- que aquesta visita evidencia. &#8220;\u00c9s un projecte de refer\u00e8ncia pel que fa al contingut i tamb\u00e9 com a exemple d\u2019edifici Intel\u00b7ligent. Aquest parc tecnol\u00f2gic ser\u00e0 un dels complexes m\u00e9s avan\u00e7ats de la Comunitat Valenciana i ja podem comprovar com desperta inter\u00e8s fins i tot abans d\u2019estar finalitzat&#8221;.<\/p>\n<p>Les obres centrals del parc estan valorades en 7 milions d&#8217;euros. D&#8217;aquests, 2,6 milions han sigut aportats per la <strong>Generalitat Valenciana<\/strong>. La <strong>Uni\u00f3 Europea<\/strong>, a trav\u00e9s dels <strong>Fons Europeus de Desenvolupament Regional (FEDER)<\/strong>, contribuir\u00e0 amb 3,7 milions, mentre que l&#8217;Ajuntament d&#8217;Alcoi invertir\u00e0 900.000 euros.<\/p>\n","protected":false},"excerpt":{"rendered":"<p>M\u00farcia es fixa en el futur parc tecnol\u00f2gic de Rodes per a dur a terme un projecte similar. Aquest dilluns&#8230;<\/p>\n","protected":false},"author":1,"featured_media":95467,"comment_status":"open","ping_status":"open","sticky":false,"template":"","format":"standard","meta":{"footnotes":""},"categories":[6909,97,75],"tags":[13435,13627,13626,803],"class_list":["post-95453","post","type-post","status-publish","format-standard","has-post-thumbnail","hentry","category-actualidad","category-alcoy","category-noticias","tag-ajuntament-dalcoi","tag-murcia","tag-parc-tecnologic","tag-rodes"],"yoast_head":"<!-- This site is optimized with the Yoast SEO plugin v27.3 - https:\/\/yoast.com\/product\/yoast-seo-wordpress\/ -->\n<title>El futur parc tecnol\u00f2gic de Rodes d&#039;Alcoi inspira a altres ciutats - COPE Alcoy<\/title>\n<meta name=\"robots\" content=\"index, follow, max-snippet:-1, max-image-preview:large, max-video-preview:-1\" \/>\n<link rel=\"canonical\" href=\"https:\/\/www.copealcoy.es\/es\/el-futur-parc-tecnologic-de-rodes-dalcoi-inspira-a-altres-ciutats\/\" \/>\n<meta property=\"og:locale\" content=\"es_ES\" \/>\n<meta property=\"og:type\" content=\"article\" \/>\n<meta property=\"og:title\" content=\"El futur parc tecnol\u00f2gic de Rodes d&#039;Alcoi inspira a altres ciutats - COPE Alcoy\" \/>\n<meta property=\"og:description\" content=\"M\u00farcia es fixa en el futur parc tecnol\u00f2gic de Rodes per a dur a terme un projecte similar. Aquest dilluns...\" \/>\n<meta property=\"og:url\" content=\"https:\/\/www.copealcoy.es\/es\/el-futur-parc-tecnologic-de-rodes-dalcoi-inspira-a-altres-ciutats\/\" \/>\n<meta property=\"og:site_name\" content=\"COPE Alcoy\" \/>\n<meta property=\"article:published_time\" content=\"2022-12-20T13:02:07+00:00\" \/>\n<meta property=\"article:modified_time\" content=\"2022-12-20T13:06:24+00:00\" \/>\n<meta property=\"og:image\" content=\"https:\/\/www.copealcoy.es\/wp-content\/uploads\/2022\/12\/WhatsApp-Image-2022-12-20-at-13.59.44.jpeg\" \/>\n\t<meta property=\"og:image:width\" content=\"1440\" \/>\n\t<meta property=\"og:image:height\" content=\"1080\" \/>\n\t<meta property=\"og:image:type\" content=\"image\/jpeg\" \/>\n<meta name=\"author\" content=\"Cope Alcoy\" \/>\n<meta name=\"twitter:label1\" content=\"Escrito por\" \/>\n\t<meta name=\"twitter:data1\" content=\"Cope Alcoy\" \/>\n\t<meta name=\"twitter:label2\" content=\"Tiempo de lectura\" \/>\n\t<meta name=\"twitter:data2\" content=\"2 minutos\" \/>\n<script type=\"application\/ld+json\" class=\"yoast-schema-graph\">{\"@context\":\"https:\\\/\\\/schema.org\",\"@graph\":[{\"@type\":\"Article\",\"@id\":\"https:\\\/\\\/www.copealcoy.es\\\/es\\\/el-futur-parc-tecnologic-de-rodes-dalcoi-inspira-a-altres-ciutats\\\/#article\",\"isPartOf\":{\"@id\":\"https:\\\/\\\/www.copealcoy.es\\\/es\\\/el-futur-parc-tecnologic-de-rodes-dalcoi-inspira-a-altres-ciutats\\\/\"},\"author\":{\"name\":\"Cope Alcoy\",\"@id\":\"https:\\\/\\\/www.copealcoy.es\\\/es\\\/#\\\/schema\\\/person\\\/e777c87fa024e57d40170af9df39882c\"},\"headline\":\"El futur parc tecnol\u00f2gic de Rodes d&#8217;Alcoi inspira a altres ciutats\",\"datePublished\":\"2022-12-20T13:02:07+00:00\",\"dateModified\":\"2022-12-20T13:06:24+00:00\",\"mainEntityOfPage\":{\"@id\":\"https:\\\/\\\/www.copealcoy.es\\\/es\\\/el-futur-parc-tecnologic-de-rodes-dalcoi-inspira-a-altres-ciutats\\\/\"},\"wordCount\":370,\"commentCount\":0,\"image\":{\"@id\":\"https:\\\/\\\/www.copealcoy.es\\\/es\\\/el-futur-parc-tecnologic-de-rodes-dalcoi-inspira-a-altres-ciutats\\\/#primaryimage\"},\"thumbnailUrl\":\"https:\\\/\\\/www.copealcoy.es\\\/wp-content\\\/uploads\\\/2022\\\/12\\\/WhatsApp-Image-2022-12-20-at-13.59.44.jpeg\",\"keywords\":[\"Ajuntament d'Alcoi\",\"M\u00farcia\",\"parc tecnol\u00f2gic\",\"Rodes\"],\"articleSection\":[\"Actualidad\",\"Alcoy\",\"Noticias\"],\"inLanguage\":\"es\"},{\"@type\":\"WebPage\",\"@id\":\"https:\\\/\\\/www.copealcoy.es\\\/es\\\/el-futur-parc-tecnologic-de-rodes-dalcoi-inspira-a-altres-ciutats\\\/\",\"url\":\"https:\\\/\\\/www.copealcoy.es\\\/es\\\/el-futur-parc-tecnologic-de-rodes-dalcoi-inspira-a-altres-ciutats\\\/\",\"name\":\"El futur parc tecnol\u00f2gic de Rodes d'Alcoi inspira a altres ciutats - COPE Alcoy\",\"isPartOf\":{\"@id\":\"https:\\\/\\\/www.copealcoy.es\\\/es\\\/#website\"},\"primaryImageOfPage\":{\"@id\":\"https:\\\/\\\/www.copealcoy.es\\\/es\\\/el-futur-parc-tecnologic-de-rodes-dalcoi-inspira-a-altres-ciutats\\\/#primaryimage\"},\"image\":{\"@id\":\"https:\\\/\\\/www.copealcoy.es\\\/es\\\/el-futur-parc-tecnologic-de-rodes-dalcoi-inspira-a-altres-ciutats\\\/#primaryimage\"},\"thumbnailUrl\":\"https:\\\/\\\/www.copealcoy.es\\\/wp-content\\\/uploads\\\/2022\\\/12\\\/WhatsApp-Image-2022-12-20-at-13.59.44.jpeg\",\"datePublished\":\"2022-12-20T13:02:07+00:00\",\"dateModified\":\"2022-12-20T13:06:24+00:00\",\"author\":{\"@id\":\"https:\\\/\\\/www.copealcoy.es\\\/es\\\/#\\\/schema\\\/person\\\/e777c87fa024e57d40170af9df39882c\"},\"breadcrumb\":{\"@id\":\"https:\\\/\\\/www.copealcoy.es\\\/es\\\/el-futur-parc-tecnologic-de-rodes-dalcoi-inspira-a-altres-ciutats\\\/#breadcrumb\"},\"inLanguage\":\"es\",\"potentialAction\":[{\"@type\":\"ReadAction\",\"target\":[\"https:\\\/\\\/www.copealcoy.es\\\/es\\\/el-futur-parc-tecnologic-de-rodes-dalcoi-inspira-a-altres-ciutats\\\/\"]}]},{\"@type\":\"ImageObject\",\"inLanguage\":\"es\",\"@id\":\"https:\\\/\\\/www.copealcoy.es\\\/es\\\/el-futur-parc-tecnologic-de-rodes-dalcoi-inspira-a-altres-ciutats\\\/#primaryimage\",\"url\":\"https:\\\/\\\/www.copealcoy.es\\\/wp-content\\\/uploads\\\/2022\\\/12\\\/WhatsApp-Image-2022-12-20-at-13.59.44.jpeg\",\"contentUrl\":\"https:\\\/\\\/www.copealcoy.es\\\/wp-content\\\/uploads\\\/2022\\\/12\\\/WhatsApp-Image-2022-12-20-at-13.59.44.jpeg\",\"width\":1440,\"height\":1080},{\"@type\":\"BreadcrumbList\",\"@id\":\"https:\\\/\\\/www.copealcoy.es\\\/es\\\/el-futur-parc-tecnologic-de-rodes-dalcoi-inspira-a-altres-ciutats\\\/#breadcrumb\",\"itemListElement\":[{\"@type\":\"ListItem\",\"position\":1,\"name\":\"Portada\",\"item\":\"https:\\\/\\\/www.copealcoy.es\\\/es\\\/\"},{\"@type\":\"ListItem\",\"position\":2,\"name\":\"El futur parc tecnol\u00f2gic de Rodes d&#8217;Alcoi inspira a altres ciutats\"}]},{\"@type\":\"WebSite\",\"@id\":\"https:\\\/\\\/www.copealcoy.es\\\/es\\\/#website\",\"url\":\"https:\\\/\\\/www.copealcoy.es\\\/es\\\/\",\"name\":\"COPE Alcoy\",\"description\":\"Emisora COPE de radio local con emisi\u00f3n online. Pont de Sant Jordi 8-10 03803 Alcoy\",\"potentialAction\":[{\"@type\":\"SearchAction\",\"target\":{\"@type\":\"EntryPoint\",\"urlTemplate\":\"https:\\\/\\\/www.copealcoy.es\\\/es\\\/?s={search_term_string}\"},\"query-input\":{\"@type\":\"PropertyValueSpecification\",\"valueRequired\":true,\"valueName\":\"search_term_string\"}}],\"inLanguage\":\"es\"},{\"@type\":\"Person\",\"@id\":\"https:\\\/\\\/www.copealcoy.es\\\/es\\\/#\\\/schema\\\/person\\\/e777c87fa024e57d40170af9df39882c\",\"name\":\"Cope Alcoy\",\"image\":{\"@type\":\"ImageObject\",\"inLanguage\":\"es\",\"@id\":\"https:\\\/\\\/secure.gravatar.com\\\/avatar\\\/bb65d0283347e303893ba14f0692005417c1e0e690a325a4c5d8bb2b3943ee14?s=96&d=mm&r=g\",\"url\":\"https:\\\/\\\/secure.gravatar.com\\\/avatar\\\/bb65d0283347e303893ba14f0692005417c1e0e690a325a4c5d8bb2b3943ee14?s=96&d=mm&r=g\",\"contentUrl\":\"https:\\\/\\\/secure.gravatar.com\\\/avatar\\\/bb65d0283347e303893ba14f0692005417c1e0e690a325a4c5d8bb2b3943ee14?s=96&d=mm&r=g\",\"caption\":\"Cope Alcoy\"}}]}<\/script>\n<!-- \/ Yoast SEO plugin. -->","yoast_head_json":{"title":"El futur parc tecnol\u00f2gic de Rodes d'Alcoi inspira a altres ciutats - COPE Alcoy","robots":{"index":"index","follow":"follow","max-snippet":"max-snippet:-1","max-image-preview":"max-image-preview:large","max-video-preview":"max-video-preview:-1"},"canonical":"https:\/\/www.copealcoy.es\/es\/el-futur-parc-tecnologic-de-rodes-dalcoi-inspira-a-altres-ciutats\/","og_locale":"es_ES","og_type":"article","og_title":"El futur parc tecnol\u00f2gic de Rodes d'Alcoi inspira a altres ciutats - COPE Alcoy","og_description":"M\u00farcia es fixa en el futur parc tecnol\u00f2gic de Rodes per a dur a terme un projecte similar. Aquest dilluns...","og_url":"https:\/\/www.copealcoy.es\/es\/el-futur-parc-tecnologic-de-rodes-dalcoi-inspira-a-altres-ciutats\/","og_site_name":"COPE Alcoy","article_published_time":"2022-12-20T13:02:07+00:00","article_modified_time":"2022-12-20T13:06:24+00:00","og_image":[{"width":1440,"height":1080,"url":"https:\/\/www.copealcoy.es\/wp-content\/uploads\/2022\/12\/WhatsApp-Image-2022-12-20-at-13.59.44.jpeg","type":"image\/jpeg"}],"author":"Cope Alcoy","twitter_misc":{"Escrito por":"Cope Alcoy","Tiempo de lectura":"2 minutos"},"schema":{"@context":"https:\/\/schema.org","@graph":[{"@type":"Article","@id":"https:\/\/www.copealcoy.es\/es\/el-futur-parc-tecnologic-de-rodes-dalcoi-inspira-a-altres-ciutats\/#article","isPartOf":{"@id":"https:\/\/www.copealcoy.es\/es\/el-futur-parc-tecnologic-de-rodes-dalcoi-inspira-a-altres-ciutats\/"},"author":{"name":"Cope Alcoy","@id":"https:\/\/www.copealcoy.es\/es\/#\/schema\/person\/e777c87fa024e57d40170af9df39882c"},"headline":"El futur parc tecnol\u00f2gic de Rodes d&#8217;Alcoi inspira a altres ciutats","datePublished":"2022-12-20T13:02:07+00:00","dateModified":"2022-12-20T13:06:24+00:00","mainEntityOfPage":{"@id":"https:\/\/www.copealcoy.es\/es\/el-futur-parc-tecnologic-de-rodes-dalcoi-inspira-a-altres-ciutats\/"},"wordCount":370,"commentCount":0,"image":{"@id":"https:\/\/www.copealcoy.es\/es\/el-futur-parc-tecnologic-de-rodes-dalcoi-inspira-a-altres-ciutats\/#primaryimage"},"thumbnailUrl":"https:\/\/www.copealcoy.es\/wp-content\/uploads\/2022\/12\/WhatsApp-Image-2022-12-20-at-13.59.44.jpeg","keywords":["Ajuntament d'Alcoi","M\u00farcia","parc tecnol\u00f2gic","Rodes"],"articleSection":["Actualidad","Alcoy","Noticias"],"inLanguage":"es"},{"@type":"WebPage","@id":"https:\/\/www.copealcoy.es\/es\/el-futur-parc-tecnologic-de-rodes-dalcoi-inspira-a-altres-ciutats\/","url":"https:\/\/www.copealcoy.es\/es\/el-futur-parc-tecnologic-de-rodes-dalcoi-inspira-a-altres-ciutats\/","name":"El futur parc tecnol\u00f2gic de Rodes d'Alcoi inspira a altres ciutats - COPE Alcoy","isPartOf":{"@id":"https:\/\/www.copealcoy.es\/es\/#website"},"primaryImageOfPage":{"@id":"https:\/\/www.copealcoy.es\/es\/el-futur-parc-tecnologic-de-rodes-dalcoi-inspira-a-altres-ciutats\/#primaryimage"},"image":{"@id":"https:\/\/www.copealcoy.es\/es\/el-futur-parc-tecnologic-de-rodes-dalcoi-inspira-a-altres-ciutats\/#primaryimage"},"thumbnailUrl":"https:\/\/www.copealcoy.es\/wp-content\/uploads\/2022\/12\/WhatsApp-Image-2022-12-20-at-13.59.44.jpeg","datePublished":"2022-12-20T13:02:07+00:00","dateModified":"2022-12-20T13:06:24+00:00","author":{"@id":"https:\/\/www.copealcoy.es\/es\/#\/schema\/person\/e777c87fa024e57d40170af9df39882c"},"breadcrumb":{"@id":"https:\/\/www.copealcoy.es\/es\/el-futur-parc-tecnologic-de-rodes-dalcoi-inspira-a-altres-ciutats\/#breadcrumb"},"inLanguage":"es","potentialAction":[{"@type":"ReadAction","target":["https:\/\/www.copealcoy.es\/es\/el-futur-parc-tecnologic-de-rodes-dalcoi-inspira-a-altres-ciutats\/"]}]},{"@type":"ImageObject","inLanguage":"es","@id":"https:\/\/www.copealcoy.es\/es\/el-futur-parc-tecnologic-de-rodes-dalcoi-inspira-a-altres-ciutats\/#primaryimage","url":"https:\/\/www.copealcoy.es\/wp-content\/uploads\/2022\/12\/WhatsApp-Image-2022-12-20-at-13.59.44.jpeg","contentUrl":"https:\/\/www.copealcoy.es\/wp-content\/uploads\/2022\/12\/WhatsApp-Image-2022-12-20-at-13.59.44.jpeg","width":1440,"height":1080},{"@type":"BreadcrumbList","@id":"https:\/\/www.copealcoy.es\/es\/el-futur-parc-tecnologic-de-rodes-dalcoi-inspira-a-altres-ciutats\/#breadcrumb","itemListElement":[{"@type":"ListItem","position":1,"name":"Portada","item":"https:\/\/www.copealcoy.es\/es\/"},{"@type":"ListItem","position":2,"name":"El futur parc tecnol\u00f2gic de Rodes d&#8217;Alcoi inspira a altres ciutats"}]},{"@type":"WebSite","@id":"https:\/\/www.copealcoy.es\/es\/#website","url":"https:\/\/www.copealcoy.es\/es\/","name":"COPE Alcoy","description":"Emisora COPE de radio local con emisi\u00f3n online. Pont de Sant Jordi 8-10 03803 Alcoy","potentialAction":[{"@type":"SearchAction","target":{"@type":"EntryPoint","urlTemplate":"https:\/\/www.copealcoy.es\/es\/?s={search_term_string}"},"query-input":{"@type":"PropertyValueSpecification","valueRequired":true,"valueName":"search_term_string"}}],"inLanguage":"es"},{"@type":"Person","@id":"https:\/\/www.copealcoy.es\/es\/#\/schema\/person\/e777c87fa024e57d40170af9df39882c","name":"Cope Alcoy","image":{"@type":"ImageObject","inLanguage":"es","@id":"https:\/\/secure.gravatar.com\/avatar\/bb65d0283347e303893ba14f0692005417c1e0e690a325a4c5d8bb2b3943ee14?s=96&d=mm&r=g","url":"https:\/\/secure.gravatar.com\/avatar\/bb65d0283347e303893ba14f0692005417c1e0e690a325a4c5d8bb2b3943ee14?s=96&d=mm&r=g","contentUrl":"https:\/\/secure.gravatar.com\/avatar\/bb65d0283347e303893ba14f0692005417c1e0e690a325a4c5d8bb2b3943ee14?s=96&d=mm&r=g","caption":"Cope Alcoy"}}]}},"_links":{"self":[{"href":"https:\/\/www.copealcoy.es\/es\/wp-json\/wp\/v2\/posts\/95453","targetHints":{"allow":["GET"]}}],"collection":[{"href":"https:\/\/www.copealcoy.es\/es\/wp-json\/wp\/v2\/posts"}],"about":[{"href":"https:\/\/www.copealcoy.es\/es\/wp-json\/wp\/v2\/types\/post"}],"author":[{"embeddable":true,"href":"https:\/\/www.copealcoy.es\/es\/wp-json\/wp\/v2\/users\/1"}],"replies":[{"embeddable":true,"href":"https:\/\/www.copealcoy.es\/es\/wp-json\/wp\/v2\/comments?post=95453"}],"version-history":[{"count":0,"href":"https:\/\/www.copealcoy.es\/es\/wp-json\/wp\/v2\/posts\/95453\/revisions"}],"wp:featuredmedia":[{"embeddable":true,"href":"https:\/\/www.copealcoy.es\/es\/wp-json\/wp\/v2\/media\/95467"}],"wp:attachment":[{"href":"https:\/\/www.copealcoy.es\/es\/wp-json\/wp\/v2\/media?parent=95453"}],"wp:term":[{"taxonomy":"category","embeddable":true,"href":"https:\/\/www.copealcoy.es\/es\/wp-json\/wp\/v2\/categories?post=95453"},{"taxonomy":"post_tag","embeddable":true,"href":"https:\/\/www.copealcoy.es\/es\/wp-json\/wp\/v2\/tags?post=95453"}],"curies":[{"name":"wp","href":"https:\/\/api.w.org\/{rel}","templated":true}]}}