{"id":95442,"date":"2022-12-20T13:16:10","date_gmt":"2022-12-20T12:16:10","guid":{"rendered":"https:\/\/www.copealcoy.es\/?p=95442"},"modified":"2022-12-20T14:12:10","modified_gmt":"2022-12-20T13:12:10","slug":"les-empreses-dalcoi-i-comarca-tanquen-un-any-satisfactori-a-pesar-de-la-crisi-energetica","status":"publish","type":"post","link":"https:\/\/www.copealcoy.es\/es\/les-empreses-dalcoi-i-comarca-tanquen-un-any-satisfactori-a-pesar-de-la-crisi-energetica\/","title":{"rendered":"Les empreses d&#8217;Alcoi i comarca tanquen un any satisfactori a pesar de la crisi energ\u00e8tica"},"content":{"rendered":"<p style=\"text-align: justify;\">Les empreses d&#8217;Alcoi i comarca han sabut sobreposar-se a la pand\u00e8mia i la crisi energ\u00e8tica, i tanquen un 2022 amb &#8216;bons resultats&#8217;. Aix\u00ed ho ha confirmat, en declaracions a <strong>Cope Alcoi<\/strong>, <strong>Nacho G\u00f3mez<\/strong>, president de <strong>FEDAC<\/strong>, la Federaci\u00f3 Empresarial Alcoi\u00e0-Comtat. &#8220;Podem estar contents pel que fa als resultats i a com ha funcionat l&#8217;\u00e0mbit empresarial i comercial de la ciutat&#8221;.<\/p>\n<p style=\"text-align: justify;\">G\u00f3mez assegura que la recuperaci\u00f3 despr\u00e9s de la pand\u00e8mia ha sigut r\u00e0pida, malgrat els problemes ocasionats per l&#8217;encariment de preus, com el de l&#8217;energia i les mat\u00e8ries primes. &#8220;Moltes empreses han hagut de buscar solucions que igual no s\u00f3n del grat de tots, per\u00f2 que han perm\u00e9s mantindre el treball en les empreses&#8221;, ha explicat el responsable de FEDAC.<\/p>\n<p style=\"text-align: justify;\">I aquestes mesures s&#8217;han degut a que, en moltes ocasions, els costos de producci\u00f3 han sigut majors als beneficis. &#8220;Han hagut de reduir costos amb ERTEs o mesures temporals per a mantindre a flotaci\u00f3 l&#8217;empresa i esperar que passen aquestes dificultats econ\u00f2miques pel preu de mat\u00e8ries primeres i l&#8217;energia&#8221;, conta G\u00f3mez.<\/p>\n<p style=\"text-align: justify;\">Algunes empreses s&#8217;han vist obligades a tancar, s\u00ed, per\u00f2 des de FEDAC destaquen que aquests tancaments no han sigut dr\u00e0stics i que les empreses -en la seua majoria- han sabut superar les dificultats.<\/p>\n<p style=\"text-align: justify;\">Aix\u00f2 s\u00ed, a\u00e7\u00f2 no significa que no hi haja marge de millora. &#8220;S\u00ed que \u00e9s veritat que necessitem que per a l&#8217;any que ve es seguisca treballant en la <span style=\"color: #000080;\"><a style=\"color: #000080;\" href=\"https:\/\/www.copealcoy.es\/alcoi-podria-tindre-una-area-industrial-nova-de-mes-dun-milio-de-metres-quadrats\/\" target=\"_blank\" rel=\"noopener\">cerca de s\u00f2l industrial<\/a><\/span>. Tenim moltes empreses que s&#8217;han plantejat traslladar-se o que <span style=\"color: #000080;\"><a style=\"color: #000080;\" href=\"https:\/\/www.copealcoy.es\/dues-empreses-del-sector-del-transport-marxen-dalcoi\/\" target=\"_blank\" rel=\"noopener\">s&#8217;han marxat<\/a><\/span> perqu\u00e8 ac\u00ed no els \u00e9s possible cr\u00e9ixer.&#8221;<\/p>\n<p style=\"text-align: justify;\">I, al fer balan\u00e7 de l&#8217;any, des de FEDAC creuen que ha sigut m\u00e9s nociva, per exemple, la demora de l&#8217;aprovaci\u00f3 del <strong>Pla General d&#8217;Ordenaci\u00f3 Urbana (PGOU)<\/strong> que les mesures que han pres les empreses per a superar la crisi energ\u00e8tica.<\/p>\n<p style=\"text-align: justify;\"><strong>Ajudes de les Administracions<\/strong><\/p>\n<p style=\"text-align: justify;\">En aquest sentit, i per a fer front a una pand\u00e8mia com la del coronavirus, l&#8217;associaci\u00f3 empresarial agraeix totes les ajudes que s&#8217;han prestat a nivell d&#8217;<strong>Ajuntament d&#8217;Alcoi<\/strong>, <strong>Diputaci\u00f3 d&#8217;Alacant<\/strong> i <strong>Generalitat Valenciana<\/strong>. &#8220;Gr\u00e0cies a aquestes mesures hem tingut un impuls per a eixir d&#8217;aquesta crisi&#8221;.<\/p>\n<p style=\"text-align: justify;\">No obstant, i encara que ha hagut una s\u00e8rie d&#8217;ajudes tamb\u00e9 per a superar les dificultats produ\u00efdes per l&#8217;augment dels preus de l&#8217;energia, aquestes \u00faltimes han sigut insuficients.<\/p>\n<p style=\"text-align: justify;\">Tot i aix\u00ed, el balan\u00e7 que fa FEDAC \u00e9s positiu. &#8220;Pensem que estem en una gran comarca i que hem sabut reinventar-nos, transformar-nos i superar totes les crisis a les quals ens hem enfrontat. Realment jo crec que, gr\u00e0cies al car\u00e0cter empresarial de la comarca, les hem afrontades b\u00e9 i esperem continuar evolucionant i transformar la nostra ind\u00fastria per a que siga m\u00e9s innovadora i tecnol\u00f2gica&#8221;, analitza G\u00f3mez.<\/p>\n","protected":false},"excerpt":{"rendered":"<p>Les empreses d&#8217;Alcoi i comarca han sabut sobreposar-se a la pand\u00e8mia i la crisi energ\u00e8tica, i tanquen un 2022 amb&#8230;<\/p>\n","protected":false},"author":1,"featured_media":83030,"comment_status":"open","ping_status":"open","sticky":false,"template":"","format":"standard","meta":{"footnotes":""},"categories":[6909,97,75,79,125],"tags":[13624,7875,743,7149],"class_list":["post-95442","post","type-post","status-publish","format-standard","has-post-thumbnail","hentry","category-actualidad","category-alcoy","category-noticias","category-politicayeconomia","category-portada","tag-balanc-anual","tag-empreses","tag-fedac","tag-sector-empresarial"],"yoast_head":"<!-- This site is optimized with the Yoast SEO plugin v27.3 - https:\/\/yoast.com\/product\/yoast-seo-wordpress\/ -->\n<title>Les empreses d&#039;Alcoi i comarca tanquen un any satisfactori a pesar de la crisi energ\u00e8tica - COPE Alcoy<\/title>\n<meta name=\"robots\" content=\"index, follow, max-snippet:-1, max-image-preview:large, max-video-preview:-1\" \/>\n<link rel=\"canonical\" href=\"https:\/\/www.copealcoy.es\/es\/les-empreses-dalcoi-i-comarca-tanquen-un-any-satisfactori-a-pesar-de-la-crisi-energetica\/\" \/>\n<meta property=\"og:locale\" content=\"es_ES\" \/>\n<meta property=\"og:type\" content=\"article\" \/>\n<meta property=\"og:title\" content=\"Les empreses d&#039;Alcoi i comarca tanquen un any satisfactori a pesar de la crisi energ\u00e8tica - COPE Alcoy\" \/>\n<meta property=\"og:description\" content=\"Les empreses d&#8217;Alcoi i comarca han sabut sobreposar-se a la pand\u00e8mia i la crisi energ\u00e8tica, i tanquen un 2022 amb...\" \/>\n<meta property=\"og:url\" content=\"https:\/\/www.copealcoy.es\/es\/les-empreses-dalcoi-i-comarca-tanquen-un-any-satisfactori-a-pesar-de-la-crisi-energetica\/\" \/>\n<meta property=\"og:site_name\" content=\"COPE Alcoy\" \/>\n<meta property=\"article:published_time\" content=\"2022-12-20T12:16:10+00:00\" \/>\n<meta property=\"article:modified_time\" content=\"2022-12-20T13:12:10+00:00\" \/>\n<meta property=\"og:image\" content=\"https:\/\/www.copealcoy.es\/wp-content\/uploads\/2022\/01\/Beniata-y-rotonda-de-acceso-sur.jpg\" \/>\n\t<meta property=\"og:image:width\" content=\"803\" \/>\n\t<meta property=\"og:image:height\" content=\"483\" \/>\n\t<meta property=\"og:image:type\" content=\"image\/jpeg\" \/>\n<meta name=\"author\" content=\"Cope Alcoy\" \/>\n<meta name=\"twitter:label1\" content=\"Escrito por\" \/>\n\t<meta name=\"twitter:data1\" content=\"Cope Alcoy\" \/>\n\t<meta name=\"twitter:label2\" content=\"Tiempo de lectura\" \/>\n\t<meta name=\"twitter:data2\" content=\"3 minutos\" \/>\n<script type=\"application\/ld+json\" class=\"yoast-schema-graph\">{\"@context\":\"https:\\\/\\\/schema.org\",\"@graph\":[{\"@type\":\"Article\",\"@id\":\"https:\\\/\\\/www.copealcoy.es\\\/es\\\/les-empreses-dalcoi-i-comarca-tanquen-un-any-satisfactori-a-pesar-de-la-crisi-energetica\\\/#article\",\"isPartOf\":{\"@id\":\"https:\\\/\\\/www.copealcoy.es\\\/es\\\/les-empreses-dalcoi-i-comarca-tanquen-un-any-satisfactori-a-pesar-de-la-crisi-energetica\\\/\"},\"author\":{\"name\":\"Cope Alcoy\",\"@id\":\"https:\\\/\\\/www.copealcoy.es\\\/es\\\/#\\\/schema\\\/person\\\/e777c87fa024e57d40170af9df39882c\"},\"headline\":\"Les empreses d&#8217;Alcoi i comarca tanquen un any satisfactori a pesar de la crisi energ\u00e8tica\",\"datePublished\":\"2022-12-20T12:16:10+00:00\",\"dateModified\":\"2022-12-20T13:12:10+00:00\",\"mainEntityOfPage\":{\"@id\":\"https:\\\/\\\/www.copealcoy.es\\\/es\\\/les-empreses-dalcoi-i-comarca-tanquen-un-any-satisfactori-a-pesar-de-la-crisi-energetica\\\/\"},\"wordCount\":509,\"commentCount\":0,\"image\":{\"@id\":\"https:\\\/\\\/www.copealcoy.es\\\/es\\\/les-empreses-dalcoi-i-comarca-tanquen-un-any-satisfactori-a-pesar-de-la-crisi-energetica\\\/#primaryimage\"},\"thumbnailUrl\":\"https:\\\/\\\/www.copealcoy.es\\\/wp-content\\\/uploads\\\/2022\\\/01\\\/Beniata-y-rotonda-de-acceso-sur.jpg\",\"keywords\":[\"balan\u00e7 anual\",\"empreses\",\"FEDAC\",\"sector empresarial\"],\"articleSection\":[\"Actualidad\",\"Alcoy\",\"Noticias\",\"Pol\u00edtica y Econom\u00eda\",\"Portada\"],\"inLanguage\":\"es\"},{\"@type\":\"WebPage\",\"@id\":\"https:\\\/\\\/www.copealcoy.es\\\/es\\\/les-empreses-dalcoi-i-comarca-tanquen-un-any-satisfactori-a-pesar-de-la-crisi-energetica\\\/\",\"url\":\"https:\\\/\\\/www.copealcoy.es\\\/es\\\/les-empreses-dalcoi-i-comarca-tanquen-un-any-satisfactori-a-pesar-de-la-crisi-energetica\\\/\",\"name\":\"Les empreses d'Alcoi i comarca tanquen un any satisfactori a pesar de la crisi energ\u00e8tica - COPE Alcoy\",\"isPartOf\":{\"@id\":\"https:\\\/\\\/www.copealcoy.es\\\/es\\\/#website\"},\"primaryImageOfPage\":{\"@id\":\"https:\\\/\\\/www.copealcoy.es\\\/es\\\/les-empreses-dalcoi-i-comarca-tanquen-un-any-satisfactori-a-pesar-de-la-crisi-energetica\\\/#primaryimage\"},\"image\":{\"@id\":\"https:\\\/\\\/www.copealcoy.es\\\/es\\\/les-empreses-dalcoi-i-comarca-tanquen-un-any-satisfactori-a-pesar-de-la-crisi-energetica\\\/#primaryimage\"},\"thumbnailUrl\":\"https:\\\/\\\/www.copealcoy.es\\\/wp-content\\\/uploads\\\/2022\\\/01\\\/Beniata-y-rotonda-de-acceso-sur.jpg\",\"datePublished\":\"2022-12-20T12:16:10+00:00\",\"dateModified\":\"2022-12-20T13:12:10+00:00\",\"author\":{\"@id\":\"https:\\\/\\\/www.copealcoy.es\\\/es\\\/#\\\/schema\\\/person\\\/e777c87fa024e57d40170af9df39882c\"},\"breadcrumb\":{\"@id\":\"https:\\\/\\\/www.copealcoy.es\\\/es\\\/les-empreses-dalcoi-i-comarca-tanquen-un-any-satisfactori-a-pesar-de-la-crisi-energetica\\\/#breadcrumb\"},\"inLanguage\":\"es\",\"potentialAction\":[{\"@type\":\"ReadAction\",\"target\":[\"https:\\\/\\\/www.copealcoy.es\\\/es\\\/les-empreses-dalcoi-i-comarca-tanquen-un-any-satisfactori-a-pesar-de-la-crisi-energetica\\\/\"]}]},{\"@type\":\"ImageObject\",\"inLanguage\":\"es\",\"@id\":\"https:\\\/\\\/www.copealcoy.es\\\/es\\\/les-empreses-dalcoi-i-comarca-tanquen-un-any-satisfactori-a-pesar-de-la-crisi-energetica\\\/#primaryimage\",\"url\":\"https:\\\/\\\/www.copealcoy.es\\\/wp-content\\\/uploads\\\/2022\\\/01\\\/Beniata-y-rotonda-de-acceso-sur.jpg\",\"contentUrl\":\"https:\\\/\\\/www.copealcoy.es\\\/wp-content\\\/uploads\\\/2022\\\/01\\\/Beniata-y-rotonda-de-acceso-sur.jpg\",\"width\":803,\"height\":483},{\"@type\":\"BreadcrumbList\",\"@id\":\"https:\\\/\\\/www.copealcoy.es\\\/es\\\/les-empreses-dalcoi-i-comarca-tanquen-un-any-satisfactori-a-pesar-de-la-crisi-energetica\\\/#breadcrumb\",\"itemListElement\":[{\"@type\":\"ListItem\",\"position\":1,\"name\":\"Portada\",\"item\":\"https:\\\/\\\/www.copealcoy.es\\\/es\\\/\"},{\"@type\":\"ListItem\",\"position\":2,\"name\":\"Les empreses d&#8217;Alcoi i comarca tanquen un any satisfactori a pesar de la crisi energ\u00e8tica\"}]},{\"@type\":\"WebSite\",\"@id\":\"https:\\\/\\\/www.copealcoy.es\\\/es\\\/#website\",\"url\":\"https:\\\/\\\/www.copealcoy.es\\\/es\\\/\",\"name\":\"COPE Alcoy\",\"description\":\"Emisora COPE de radio local con emisi\u00f3n online. Pont de Sant Jordi 8-10 03803 Alcoy\",\"potentialAction\":[{\"@type\":\"SearchAction\",\"target\":{\"@type\":\"EntryPoint\",\"urlTemplate\":\"https:\\\/\\\/www.copealcoy.es\\\/es\\\/?s={search_term_string}\"},\"query-input\":{\"@type\":\"PropertyValueSpecification\",\"valueRequired\":true,\"valueName\":\"search_term_string\"}}],\"inLanguage\":\"es\"},{\"@type\":\"Person\",\"@id\":\"https:\\\/\\\/www.copealcoy.es\\\/es\\\/#\\\/schema\\\/person\\\/e777c87fa024e57d40170af9df39882c\",\"name\":\"Cope Alcoy\",\"image\":{\"@type\":\"ImageObject\",\"inLanguage\":\"es\",\"@id\":\"https:\\\/\\\/secure.gravatar.com\\\/avatar\\\/bb65d0283347e303893ba14f0692005417c1e0e690a325a4c5d8bb2b3943ee14?s=96&d=mm&r=g\",\"url\":\"https:\\\/\\\/secure.gravatar.com\\\/avatar\\\/bb65d0283347e303893ba14f0692005417c1e0e690a325a4c5d8bb2b3943ee14?s=96&d=mm&r=g\",\"contentUrl\":\"https:\\\/\\\/secure.gravatar.com\\\/avatar\\\/bb65d0283347e303893ba14f0692005417c1e0e690a325a4c5d8bb2b3943ee14?s=96&d=mm&r=g\",\"caption\":\"Cope Alcoy\"}}]}<\/script>\n<!-- \/ Yoast SEO plugin. -->","yoast_head_json":{"title":"Les empreses d'Alcoi i comarca tanquen un any satisfactori a pesar de la crisi energ\u00e8tica - COPE Alcoy","robots":{"index":"index","follow":"follow","max-snippet":"max-snippet:-1","max-image-preview":"max-image-preview:large","max-video-preview":"max-video-preview:-1"},"canonical":"https:\/\/www.copealcoy.es\/es\/les-empreses-dalcoi-i-comarca-tanquen-un-any-satisfactori-a-pesar-de-la-crisi-energetica\/","og_locale":"es_ES","og_type":"article","og_title":"Les empreses d'Alcoi i comarca tanquen un any satisfactori a pesar de la crisi energ\u00e8tica - COPE Alcoy","og_description":"Les empreses d&#8217;Alcoi i comarca han sabut sobreposar-se a la pand\u00e8mia i la crisi energ\u00e8tica, i tanquen un 2022 amb...","og_url":"https:\/\/www.copealcoy.es\/es\/les-empreses-dalcoi-i-comarca-tanquen-un-any-satisfactori-a-pesar-de-la-crisi-energetica\/","og_site_name":"COPE Alcoy","article_published_time":"2022-12-20T12:16:10+00:00","article_modified_time":"2022-12-20T13:12:10+00:00","og_image":[{"width":803,"height":483,"url":"https:\/\/www.copealcoy.es\/wp-content\/uploads\/2022\/01\/Beniata-y-rotonda-de-acceso-sur.jpg","type":"image\/jpeg"}],"author":"Cope Alcoy","twitter_misc":{"Escrito por":"Cope Alcoy","Tiempo de lectura":"3 minutos"},"schema":{"@context":"https:\/\/schema.org","@graph":[{"@type":"Article","@id":"https:\/\/www.copealcoy.es\/es\/les-empreses-dalcoi-i-comarca-tanquen-un-any-satisfactori-a-pesar-de-la-crisi-energetica\/#article","isPartOf":{"@id":"https:\/\/www.copealcoy.es\/es\/les-empreses-dalcoi-i-comarca-tanquen-un-any-satisfactori-a-pesar-de-la-crisi-energetica\/"},"author":{"name":"Cope Alcoy","@id":"https:\/\/www.copealcoy.es\/es\/#\/schema\/person\/e777c87fa024e57d40170af9df39882c"},"headline":"Les empreses d&#8217;Alcoi i comarca tanquen un any satisfactori a pesar de la crisi energ\u00e8tica","datePublished":"2022-12-20T12:16:10+00:00","dateModified":"2022-12-20T13:12:10+00:00","mainEntityOfPage":{"@id":"https:\/\/www.copealcoy.es\/es\/les-empreses-dalcoi-i-comarca-tanquen-un-any-satisfactori-a-pesar-de-la-crisi-energetica\/"},"wordCount":509,"commentCount":0,"image":{"@id":"https:\/\/www.copealcoy.es\/es\/les-empreses-dalcoi-i-comarca-tanquen-un-any-satisfactori-a-pesar-de-la-crisi-energetica\/#primaryimage"},"thumbnailUrl":"https:\/\/www.copealcoy.es\/wp-content\/uploads\/2022\/01\/Beniata-y-rotonda-de-acceso-sur.jpg","keywords":["balan\u00e7 anual","empreses","FEDAC","sector empresarial"],"articleSection":["Actualidad","Alcoy","Noticias","Pol\u00edtica y Econom\u00eda","Portada"],"inLanguage":"es"},{"@type":"WebPage","@id":"https:\/\/www.copealcoy.es\/es\/les-empreses-dalcoi-i-comarca-tanquen-un-any-satisfactori-a-pesar-de-la-crisi-energetica\/","url":"https:\/\/www.copealcoy.es\/es\/les-empreses-dalcoi-i-comarca-tanquen-un-any-satisfactori-a-pesar-de-la-crisi-energetica\/","name":"Les empreses d'Alcoi i comarca tanquen un any satisfactori a pesar de la crisi energ\u00e8tica - COPE Alcoy","isPartOf":{"@id":"https:\/\/www.copealcoy.es\/es\/#website"},"primaryImageOfPage":{"@id":"https:\/\/www.copealcoy.es\/es\/les-empreses-dalcoi-i-comarca-tanquen-un-any-satisfactori-a-pesar-de-la-crisi-energetica\/#primaryimage"},"image":{"@id":"https:\/\/www.copealcoy.es\/es\/les-empreses-dalcoi-i-comarca-tanquen-un-any-satisfactori-a-pesar-de-la-crisi-energetica\/#primaryimage"},"thumbnailUrl":"https:\/\/www.copealcoy.es\/wp-content\/uploads\/2022\/01\/Beniata-y-rotonda-de-acceso-sur.jpg","datePublished":"2022-12-20T12:16:10+00:00","dateModified":"2022-12-20T13:12:10+00:00","author":{"@id":"https:\/\/www.copealcoy.es\/es\/#\/schema\/person\/e777c87fa024e57d40170af9df39882c"},"breadcrumb":{"@id":"https:\/\/www.copealcoy.es\/es\/les-empreses-dalcoi-i-comarca-tanquen-un-any-satisfactori-a-pesar-de-la-crisi-energetica\/#breadcrumb"},"inLanguage":"es","potentialAction":[{"@type":"ReadAction","target":["https:\/\/www.copealcoy.es\/es\/les-empreses-dalcoi-i-comarca-tanquen-un-any-satisfactori-a-pesar-de-la-crisi-energetica\/"]}]},{"@type":"ImageObject","inLanguage":"es","@id":"https:\/\/www.copealcoy.es\/es\/les-empreses-dalcoi-i-comarca-tanquen-un-any-satisfactori-a-pesar-de-la-crisi-energetica\/#primaryimage","url":"https:\/\/www.copealcoy.es\/wp-content\/uploads\/2022\/01\/Beniata-y-rotonda-de-acceso-sur.jpg","contentUrl":"https:\/\/www.copealcoy.es\/wp-content\/uploads\/2022\/01\/Beniata-y-rotonda-de-acceso-sur.jpg","width":803,"height":483},{"@type":"BreadcrumbList","@id":"https:\/\/www.copealcoy.es\/es\/les-empreses-dalcoi-i-comarca-tanquen-un-any-satisfactori-a-pesar-de-la-crisi-energetica\/#breadcrumb","itemListElement":[{"@type":"ListItem","position":1,"name":"Portada","item":"https:\/\/www.copealcoy.es\/es\/"},{"@type":"ListItem","position":2,"name":"Les empreses d&#8217;Alcoi i comarca tanquen un any satisfactori a pesar de la crisi energ\u00e8tica"}]},{"@type":"WebSite","@id":"https:\/\/www.copealcoy.es\/es\/#website","url":"https:\/\/www.copealcoy.es\/es\/","name":"COPE Alcoy","description":"Emisora COPE de radio local con emisi\u00f3n online. Pont de Sant Jordi 8-10 03803 Alcoy","potentialAction":[{"@type":"SearchAction","target":{"@type":"EntryPoint","urlTemplate":"https:\/\/www.copealcoy.es\/es\/?s={search_term_string}"},"query-input":{"@type":"PropertyValueSpecification","valueRequired":true,"valueName":"search_term_string"}}],"inLanguage":"es"},{"@type":"Person","@id":"https:\/\/www.copealcoy.es\/es\/#\/schema\/person\/e777c87fa024e57d40170af9df39882c","name":"Cope Alcoy","image":{"@type":"ImageObject","inLanguage":"es","@id":"https:\/\/secure.gravatar.com\/avatar\/bb65d0283347e303893ba14f0692005417c1e0e690a325a4c5d8bb2b3943ee14?s=96&d=mm&r=g","url":"https:\/\/secure.gravatar.com\/avatar\/bb65d0283347e303893ba14f0692005417c1e0e690a325a4c5d8bb2b3943ee14?s=96&d=mm&r=g","contentUrl":"https:\/\/secure.gravatar.com\/avatar\/bb65d0283347e303893ba14f0692005417c1e0e690a325a4c5d8bb2b3943ee14?s=96&d=mm&r=g","caption":"Cope Alcoy"}}]}},"_links":{"self":[{"href":"https:\/\/www.copealcoy.es\/es\/wp-json\/wp\/v2\/posts\/95442","targetHints":{"allow":["GET"]}}],"collection":[{"href":"https:\/\/www.copealcoy.es\/es\/wp-json\/wp\/v2\/posts"}],"about":[{"href":"https:\/\/www.copealcoy.es\/es\/wp-json\/wp\/v2\/types\/post"}],"author":[{"embeddable":true,"href":"https:\/\/www.copealcoy.es\/es\/wp-json\/wp\/v2\/users\/1"}],"replies":[{"embeddable":true,"href":"https:\/\/www.copealcoy.es\/es\/wp-json\/wp\/v2\/comments?post=95442"}],"version-history":[{"count":0,"href":"https:\/\/www.copealcoy.es\/es\/wp-json\/wp\/v2\/posts\/95442\/revisions"}],"wp:featuredmedia":[{"embeddable":true,"href":"https:\/\/www.copealcoy.es\/es\/wp-json\/wp\/v2\/media\/83030"}],"wp:attachment":[{"href":"https:\/\/www.copealcoy.es\/es\/wp-json\/wp\/v2\/media?parent=95442"}],"wp:term":[{"taxonomy":"category","embeddable":true,"href":"https:\/\/www.copealcoy.es\/es\/wp-json\/wp\/v2\/categories?post=95442"},{"taxonomy":"post_tag","embeddable":true,"href":"https:\/\/www.copealcoy.es\/es\/wp-json\/wp\/v2\/tags?post=95442"}],"curies":[{"name":"wp","href":"https:\/\/api.w.org\/{rel}","templated":true}]}}