{"id":95307,"date":"2022-12-16T08:00:48","date_gmt":"2022-12-16T07:00:48","guid":{"rendered":"https:\/\/www.copealcoy.es\/?p=95307"},"modified":"2022-12-16T13:39:31","modified_gmt":"2022-12-16T12:39:31","slug":"vicent-molina-candidat-de-compromis-a-lalcaldia-de-muro","status":"publish","type":"post","link":"https:\/\/www.copealcoy.es\/es\/vicent-molina-candidat-de-compromis-a-lalcaldia-de-muro\/","title":{"rendered":"Vicent Molina, candidat de Comprom\u00eds a l&#8217;alcaldia de Muro"},"content":{"rendered":"<p>Ser la for\u00e7a m\u00e9s votada i recuperar l&#8217;alcaldia. Aquest \u00e9s l&#8217;objectiu que es marca <strong>Vicent Molina<\/strong>, candidat de <strong>Comprom\u00eds<\/strong>, de cara les pr\u00f2ximes municipals de <strong>maig de 2023<\/strong>.<\/p>\n<p>&#8220;Tenim projecte de poble. Volem posar-lo en pr\u00e0ctica i reactivar el poble de Muro i que torne a ser eixe referent que ha sigut&#8221;, ha assegurat Molina en declaracions a <strong>Cope Alcoi<\/strong>. I \u00e9s que el candidat ja va estar en l&#8217;alcaldia la passada legislatura, per\u00f2 la va perdre en les eleccions de 2019 al ser investit <strong>Gabriel Tom\u00e0s<\/strong>, d&#8217;<strong>Esquerra Unida Pa\u00eds Valenci\u00e0 (EUPV)<\/strong>, amb els vots a favor de <strong>PP<\/strong> i <strong>Ciudadanos<\/strong>. Tot a\u00e7\u00f2, a pesar d&#8217;haver sigut <span style=\"color: #000080;\"><a style=\"color: #000080;\" href=\"https:\/\/www.copealcoy.es\/compromis-muro-se-impone-en-las-elecciones-municipales\/\" target=\"_blank\" rel=\"noopener\">Comprom\u00eds la formaci\u00f3 m\u00e9s votada<\/a><\/span>.<\/p>\n<p>Entre els seus objectius, Molina insisteix en la necessitat de &#8216;reactivar el poble&#8217;. &#8220;Muro ha passat de ser un poble referent en la comarca a un poble dormitori, que ha perdut molt dinamisme i que s&#8217;ha quedat estancat&#8221;, lamenta el candidat.<\/p>\n<p>&#8220;No tenim s\u00f2l industrial. El tenim planificat, per\u00f2 no desenvolupat&#8221;. I \u00e9s que Molina assegura que l&#8217;actual Ajuntament, en aquesta legislatura, s&#8217;ha ocupat exclusivament del dia a dia. Unes pol\u00edtique que, segons el candidat, no s&#8217;han dut a terme amb massa efectivitat. &#8220;Fins i tot les pol\u00edtiques de reacci\u00f3 r\u00e0pida no s&#8217;han desenvolupat i les de planificaci\u00f3 son inexistents&#8221;.<\/p>\n<p>I una de les accions m\u00e9s concretes que vol dur a terme Molina en la pr\u00f2xima legislatura, si \u00e9s triat alcalde, \u00e9s recuperar la participaci\u00f3 del poble. &#8220;Aix\u00f2 provoca cert dinamisme. S&#8217;hem d&#8217;ocupar de la cultura, l&#8217;esport, l&#8217;educaci\u00f3 i la joventut, i que la ciutadania siga part\u00edcip d&#8217;eixe canvi. El projecte l&#8217;hem de fer entre tots, no val una pol\u00edtica de dalt cap a baix&#8221;.<\/p>\n<p><strong>Presentaci\u00f3 de la candidatura<\/strong><\/p>\n<p>L&#8217;acte de presentaci\u00f3 de la candidatura de Vicent Molina tindr\u00e0 lloc aquest divendres <strong>16 de desembre a les set de la vesprada<\/strong>. Estaran presents <strong>Joan Baldov\u00ed<\/strong>, diputat en el Congr\u00e9s per Comprom\u00eds; <strong>J\u00falia Company<\/strong>, directora general de l&#8217;Institut Valenci\u00e0 de la Competitivitat (IVACE), i <strong>Rafael Climent<\/strong>, conseller d&#8217;Economia Sostenible.<\/p>\n<p>Molina anima als ve\u00efns a participar en l&#8217;acte. &#8220;Convidem a tota la comarca a vindre. Tindrem un acte en el que donarem tamb\u00e9 participaci\u00f3 a tots els que assistisquen. Entre tots intentarem plasmar tots eixos objectius que ens marquem&#8221;.<\/p>\n","protected":false},"excerpt":{"rendered":"<p>Ser la for\u00e7a m\u00e9s votada i recuperar l&#8217;alcaldia. Aquest \u00e9s l&#8217;objectiu que es marca Vicent Molina, candidat de Comprom\u00eds, de&#8230;<\/p>\n","protected":false},"author":1,"featured_media":51398,"comment_status":"open","ping_status":"open","sticky":false,"template":"","format":"standard","meta":{"footnotes":""},"categories":[6909,98,75],"tags":[236,8771,13382,135],"class_list":["post-95307","post","type-post","status-publish","format-standard","has-post-thumbnail","hentry","category-actualidad","category-comarcas","category-noticias","tag-comarca","tag-compromis-muro","tag-eleccions-municipals-2023","tag-muro"],"yoast_head":"<!-- This site is optimized with the Yoast SEO plugin v27.3 - https:\/\/yoast.com\/product\/yoast-seo-wordpress\/ -->\n<title>Vicent Molina, candidat de Comprom\u00eds a l&#039;alcaldia de Muro - COPE Alcoy<\/title>\n<meta name=\"description\" content=\"Ser la for\u00e7a m\u00e9s votada i recuperar l&#039;alcaldia. Aquest \u00e9s l&#039;objectiu que es marca Vicent Molina, candidat de Comprom\u00eds, de cara les pr\u00f2ximes municipals de maig de 2023.\" \/>\n<meta name=\"robots\" content=\"index, follow, max-snippet:-1, max-image-preview:large, max-video-preview:-1\" \/>\n<link rel=\"canonical\" href=\"https:\/\/www.copealcoy.es\/es\/vicent-molina-candidat-de-compromis-a-lalcaldia-de-muro\/\" \/>\n<meta property=\"og:locale\" content=\"es_ES\" \/>\n<meta property=\"og:type\" content=\"article\" \/>\n<meta property=\"og:title\" content=\"Vicent Molina, candidat de Comprom\u00eds a l&#039;alcaldia de Muro - COPE Alcoy\" \/>\n<meta property=\"og:description\" content=\"Ser la for\u00e7a m\u00e9s votada i recuperar l&#039;alcaldia. Aquest \u00e9s l&#039;objectiu que es marca Vicent Molina, candidat de Comprom\u00eds, de cara les pr\u00f2ximes municipals de maig de 2023.\" \/>\n<meta property=\"og:url\" content=\"https:\/\/www.copealcoy.es\/es\/vicent-molina-candidat-de-compromis-a-lalcaldia-de-muro\/\" \/>\n<meta property=\"og:site_name\" content=\"COPE Alcoy\" \/>\n<meta property=\"article:published_time\" content=\"2022-12-16T07:00:48+00:00\" \/>\n<meta property=\"article:modified_time\" content=\"2022-12-16T12:39:31+00:00\" \/>\n<meta property=\"og:image\" content=\"https:\/\/www.copealcoy.es\/wp-content\/uploads\/2019\/05\/IMG_8376-e1558713249853-1-scaled.jpg\" \/>\n\t<meta property=\"og:image:width\" content=\"2560\" \/>\n\t<meta property=\"og:image:height\" content=\"1503\" \/>\n\t<meta property=\"og:image:type\" content=\"image\/jpeg\" \/>\n<meta name=\"author\" content=\"Cope Alcoy\" \/>\n<meta name=\"twitter:label1\" content=\"Escrito por\" \/>\n\t<meta name=\"twitter:data1\" content=\"Cope Alcoy\" \/>\n\t<meta name=\"twitter:label2\" content=\"Tiempo de lectura\" \/>\n\t<meta name=\"twitter:data2\" content=\"2 minutos\" \/>\n<script type=\"application\/ld+json\" class=\"yoast-schema-graph\">{\"@context\":\"https:\\\/\\\/schema.org\",\"@graph\":[{\"@type\":\"Article\",\"@id\":\"https:\\\/\\\/www.copealcoy.es\\\/es\\\/vicent-molina-candidat-de-compromis-a-lalcaldia-de-muro\\\/#article\",\"isPartOf\":{\"@id\":\"https:\\\/\\\/www.copealcoy.es\\\/es\\\/vicent-molina-candidat-de-compromis-a-lalcaldia-de-muro\\\/\"},\"author\":{\"name\":\"Cope Alcoy\",\"@id\":\"https:\\\/\\\/www.copealcoy.es\\\/es\\\/#\\\/schema\\\/person\\\/e777c87fa024e57d40170af9df39882c\"},\"headline\":\"Vicent Molina, candidat de Comprom\u00eds a l&#8217;alcaldia de Muro\",\"datePublished\":\"2022-12-16T07:00:48+00:00\",\"dateModified\":\"2022-12-16T12:39:31+00:00\",\"mainEntityOfPage\":{\"@id\":\"https:\\\/\\\/www.copealcoy.es\\\/es\\\/vicent-molina-candidat-de-compromis-a-lalcaldia-de-muro\\\/\"},\"wordCount\":418,\"commentCount\":0,\"image\":{\"@id\":\"https:\\\/\\\/www.copealcoy.es\\\/es\\\/vicent-molina-candidat-de-compromis-a-lalcaldia-de-muro\\\/#primaryimage\"},\"thumbnailUrl\":\"https:\\\/\\\/www.copealcoy.es\\\/wp-content\\\/uploads\\\/2019\\\/05\\\/IMG_8376-e1558713249853-1-scaled.jpg\",\"keywords\":[\"Comarca\",\"Comprom\u00eds Muro\",\"Eleccions Municipals 2023\",\"Muro\"],\"articleSection\":[\"Actualidad\",\"Comarcas\",\"Noticias\"],\"inLanguage\":\"es\"},{\"@type\":\"WebPage\",\"@id\":\"https:\\\/\\\/www.copealcoy.es\\\/es\\\/vicent-molina-candidat-de-compromis-a-lalcaldia-de-muro\\\/\",\"url\":\"https:\\\/\\\/www.copealcoy.es\\\/es\\\/vicent-molina-candidat-de-compromis-a-lalcaldia-de-muro\\\/\",\"name\":\"Vicent Molina, candidat de Comprom\u00eds a l'alcaldia de Muro - COPE Alcoy\",\"isPartOf\":{\"@id\":\"https:\\\/\\\/www.copealcoy.es\\\/es\\\/#website\"},\"primaryImageOfPage\":{\"@id\":\"https:\\\/\\\/www.copealcoy.es\\\/es\\\/vicent-molina-candidat-de-compromis-a-lalcaldia-de-muro\\\/#primaryimage\"},\"image\":{\"@id\":\"https:\\\/\\\/www.copealcoy.es\\\/es\\\/vicent-molina-candidat-de-compromis-a-lalcaldia-de-muro\\\/#primaryimage\"},\"thumbnailUrl\":\"https:\\\/\\\/www.copealcoy.es\\\/wp-content\\\/uploads\\\/2019\\\/05\\\/IMG_8376-e1558713249853-1-scaled.jpg\",\"datePublished\":\"2022-12-16T07:00:48+00:00\",\"dateModified\":\"2022-12-16T12:39:31+00:00\",\"author\":{\"@id\":\"https:\\\/\\\/www.copealcoy.es\\\/es\\\/#\\\/schema\\\/person\\\/e777c87fa024e57d40170af9df39882c\"},\"description\":\"Ser la for\u00e7a m\u00e9s votada i recuperar l'alcaldia. Aquest \u00e9s l'objectiu que es marca Vicent Molina, candidat de Comprom\u00eds, de cara les pr\u00f2ximes municipals de maig de 2023.\",\"breadcrumb\":{\"@id\":\"https:\\\/\\\/www.copealcoy.es\\\/es\\\/vicent-molina-candidat-de-compromis-a-lalcaldia-de-muro\\\/#breadcrumb\"},\"inLanguage\":\"es\",\"potentialAction\":[{\"@type\":\"ReadAction\",\"target\":[\"https:\\\/\\\/www.copealcoy.es\\\/es\\\/vicent-molina-candidat-de-compromis-a-lalcaldia-de-muro\\\/\"]}]},{\"@type\":\"ImageObject\",\"inLanguage\":\"es\",\"@id\":\"https:\\\/\\\/www.copealcoy.es\\\/es\\\/vicent-molina-candidat-de-compromis-a-lalcaldia-de-muro\\\/#primaryimage\",\"url\":\"https:\\\/\\\/www.copealcoy.es\\\/wp-content\\\/uploads\\\/2019\\\/05\\\/IMG_8376-e1558713249853-1-scaled.jpg\",\"contentUrl\":\"https:\\\/\\\/www.copealcoy.es\\\/wp-content\\\/uploads\\\/2019\\\/05\\\/IMG_8376-e1558713249853-1-scaled.jpg\",\"width\":2560,\"height\":1503,\"caption\":\"Vicent Molina en su entrevista en Cope Alcoy este viernes \\\/ Foto: G.Pascual\"},{\"@type\":\"BreadcrumbList\",\"@id\":\"https:\\\/\\\/www.copealcoy.es\\\/es\\\/vicent-molina-candidat-de-compromis-a-lalcaldia-de-muro\\\/#breadcrumb\",\"itemListElement\":[{\"@type\":\"ListItem\",\"position\":1,\"name\":\"Portada\",\"item\":\"https:\\\/\\\/www.copealcoy.es\\\/es\\\/\"},{\"@type\":\"ListItem\",\"position\":2,\"name\":\"Vicent Molina, candidat de Comprom\u00eds a l&#8217;alcaldia de Muro\"}]},{\"@type\":\"WebSite\",\"@id\":\"https:\\\/\\\/www.copealcoy.es\\\/es\\\/#website\",\"url\":\"https:\\\/\\\/www.copealcoy.es\\\/es\\\/\",\"name\":\"COPE Alcoy\",\"description\":\"Emisora COPE de radio local con emisi\u00f3n online. Pont de Sant Jordi 8-10 03803 Alcoy\",\"potentialAction\":[{\"@type\":\"SearchAction\",\"target\":{\"@type\":\"EntryPoint\",\"urlTemplate\":\"https:\\\/\\\/www.copealcoy.es\\\/es\\\/?s={search_term_string}\"},\"query-input\":{\"@type\":\"PropertyValueSpecification\",\"valueRequired\":true,\"valueName\":\"search_term_string\"}}],\"inLanguage\":\"es\"},{\"@type\":\"Person\",\"@id\":\"https:\\\/\\\/www.copealcoy.es\\\/es\\\/#\\\/schema\\\/person\\\/e777c87fa024e57d40170af9df39882c\",\"name\":\"Cope Alcoy\",\"image\":{\"@type\":\"ImageObject\",\"inLanguage\":\"es\",\"@id\":\"https:\\\/\\\/secure.gravatar.com\\\/avatar\\\/bb65d0283347e303893ba14f0692005417c1e0e690a325a4c5d8bb2b3943ee14?s=96&d=mm&r=g\",\"url\":\"https:\\\/\\\/secure.gravatar.com\\\/avatar\\\/bb65d0283347e303893ba14f0692005417c1e0e690a325a4c5d8bb2b3943ee14?s=96&d=mm&r=g\",\"contentUrl\":\"https:\\\/\\\/secure.gravatar.com\\\/avatar\\\/bb65d0283347e303893ba14f0692005417c1e0e690a325a4c5d8bb2b3943ee14?s=96&d=mm&r=g\",\"caption\":\"Cope Alcoy\"}}]}<\/script>\n<!-- \/ Yoast SEO plugin. -->","yoast_head_json":{"title":"Vicent Molina, candidat de Comprom\u00eds a l'alcaldia de Muro - COPE Alcoy","description":"Ser la for\u00e7a m\u00e9s votada i recuperar l'alcaldia. Aquest \u00e9s l'objectiu que es marca Vicent Molina, candidat de Comprom\u00eds, de cara les pr\u00f2ximes municipals de maig de 2023.","robots":{"index":"index","follow":"follow","max-snippet":"max-snippet:-1","max-image-preview":"max-image-preview:large","max-video-preview":"max-video-preview:-1"},"canonical":"https:\/\/www.copealcoy.es\/es\/vicent-molina-candidat-de-compromis-a-lalcaldia-de-muro\/","og_locale":"es_ES","og_type":"article","og_title":"Vicent Molina, candidat de Comprom\u00eds a l'alcaldia de Muro - COPE Alcoy","og_description":"Ser la for\u00e7a m\u00e9s votada i recuperar l'alcaldia. Aquest \u00e9s l'objectiu que es marca Vicent Molina, candidat de Comprom\u00eds, de cara les pr\u00f2ximes municipals de maig de 2023.","og_url":"https:\/\/www.copealcoy.es\/es\/vicent-molina-candidat-de-compromis-a-lalcaldia-de-muro\/","og_site_name":"COPE Alcoy","article_published_time":"2022-12-16T07:00:48+00:00","article_modified_time":"2022-12-16T12:39:31+00:00","og_image":[{"width":2560,"height":1503,"url":"https:\/\/www.copealcoy.es\/wp-content\/uploads\/2019\/05\/IMG_8376-e1558713249853-1-scaled.jpg","type":"image\/jpeg"}],"author":"Cope Alcoy","twitter_misc":{"Escrito por":"Cope Alcoy","Tiempo de lectura":"2 minutos"},"schema":{"@context":"https:\/\/schema.org","@graph":[{"@type":"Article","@id":"https:\/\/www.copealcoy.es\/es\/vicent-molina-candidat-de-compromis-a-lalcaldia-de-muro\/#article","isPartOf":{"@id":"https:\/\/www.copealcoy.es\/es\/vicent-molina-candidat-de-compromis-a-lalcaldia-de-muro\/"},"author":{"name":"Cope Alcoy","@id":"https:\/\/www.copealcoy.es\/es\/#\/schema\/person\/e777c87fa024e57d40170af9df39882c"},"headline":"Vicent Molina, candidat de Comprom\u00eds a l&#8217;alcaldia de Muro","datePublished":"2022-12-16T07:00:48+00:00","dateModified":"2022-12-16T12:39:31+00:00","mainEntityOfPage":{"@id":"https:\/\/www.copealcoy.es\/es\/vicent-molina-candidat-de-compromis-a-lalcaldia-de-muro\/"},"wordCount":418,"commentCount":0,"image":{"@id":"https:\/\/www.copealcoy.es\/es\/vicent-molina-candidat-de-compromis-a-lalcaldia-de-muro\/#primaryimage"},"thumbnailUrl":"https:\/\/www.copealcoy.es\/wp-content\/uploads\/2019\/05\/IMG_8376-e1558713249853-1-scaled.jpg","keywords":["Comarca","Comprom\u00eds Muro","Eleccions Municipals 2023","Muro"],"articleSection":["Actualidad","Comarcas","Noticias"],"inLanguage":"es"},{"@type":"WebPage","@id":"https:\/\/www.copealcoy.es\/es\/vicent-molina-candidat-de-compromis-a-lalcaldia-de-muro\/","url":"https:\/\/www.copealcoy.es\/es\/vicent-molina-candidat-de-compromis-a-lalcaldia-de-muro\/","name":"Vicent Molina, candidat de Comprom\u00eds a l'alcaldia de Muro - COPE Alcoy","isPartOf":{"@id":"https:\/\/www.copealcoy.es\/es\/#website"},"primaryImageOfPage":{"@id":"https:\/\/www.copealcoy.es\/es\/vicent-molina-candidat-de-compromis-a-lalcaldia-de-muro\/#primaryimage"},"image":{"@id":"https:\/\/www.copealcoy.es\/es\/vicent-molina-candidat-de-compromis-a-lalcaldia-de-muro\/#primaryimage"},"thumbnailUrl":"https:\/\/www.copealcoy.es\/wp-content\/uploads\/2019\/05\/IMG_8376-e1558713249853-1-scaled.jpg","datePublished":"2022-12-16T07:00:48+00:00","dateModified":"2022-12-16T12:39:31+00:00","author":{"@id":"https:\/\/www.copealcoy.es\/es\/#\/schema\/person\/e777c87fa024e57d40170af9df39882c"},"description":"Ser la for\u00e7a m\u00e9s votada i recuperar l'alcaldia. Aquest \u00e9s l'objectiu que es marca Vicent Molina, candidat de Comprom\u00eds, de cara les pr\u00f2ximes municipals de maig de 2023.","breadcrumb":{"@id":"https:\/\/www.copealcoy.es\/es\/vicent-molina-candidat-de-compromis-a-lalcaldia-de-muro\/#breadcrumb"},"inLanguage":"es","potentialAction":[{"@type":"ReadAction","target":["https:\/\/www.copealcoy.es\/es\/vicent-molina-candidat-de-compromis-a-lalcaldia-de-muro\/"]}]},{"@type":"ImageObject","inLanguage":"es","@id":"https:\/\/www.copealcoy.es\/es\/vicent-molina-candidat-de-compromis-a-lalcaldia-de-muro\/#primaryimage","url":"https:\/\/www.copealcoy.es\/wp-content\/uploads\/2019\/05\/IMG_8376-e1558713249853-1-scaled.jpg","contentUrl":"https:\/\/www.copealcoy.es\/wp-content\/uploads\/2019\/05\/IMG_8376-e1558713249853-1-scaled.jpg","width":2560,"height":1503,"caption":"Vicent Molina en su entrevista en Cope Alcoy este viernes \/ Foto: G.Pascual"},{"@type":"BreadcrumbList","@id":"https:\/\/www.copealcoy.es\/es\/vicent-molina-candidat-de-compromis-a-lalcaldia-de-muro\/#breadcrumb","itemListElement":[{"@type":"ListItem","position":1,"name":"Portada","item":"https:\/\/www.copealcoy.es\/es\/"},{"@type":"ListItem","position":2,"name":"Vicent Molina, candidat de Comprom\u00eds a l&#8217;alcaldia de Muro"}]},{"@type":"WebSite","@id":"https:\/\/www.copealcoy.es\/es\/#website","url":"https:\/\/www.copealcoy.es\/es\/","name":"COPE Alcoy","description":"Emisora COPE de radio local con emisi\u00f3n online. Pont de Sant Jordi 8-10 03803 Alcoy","potentialAction":[{"@type":"SearchAction","target":{"@type":"EntryPoint","urlTemplate":"https:\/\/www.copealcoy.es\/es\/?s={search_term_string}"},"query-input":{"@type":"PropertyValueSpecification","valueRequired":true,"valueName":"search_term_string"}}],"inLanguage":"es"},{"@type":"Person","@id":"https:\/\/www.copealcoy.es\/es\/#\/schema\/person\/e777c87fa024e57d40170af9df39882c","name":"Cope Alcoy","image":{"@type":"ImageObject","inLanguage":"es","@id":"https:\/\/secure.gravatar.com\/avatar\/bb65d0283347e303893ba14f0692005417c1e0e690a325a4c5d8bb2b3943ee14?s=96&d=mm&r=g","url":"https:\/\/secure.gravatar.com\/avatar\/bb65d0283347e303893ba14f0692005417c1e0e690a325a4c5d8bb2b3943ee14?s=96&d=mm&r=g","contentUrl":"https:\/\/secure.gravatar.com\/avatar\/bb65d0283347e303893ba14f0692005417c1e0e690a325a4c5d8bb2b3943ee14?s=96&d=mm&r=g","caption":"Cope Alcoy"}}]}},"_links":{"self":[{"href":"https:\/\/www.copealcoy.es\/es\/wp-json\/wp\/v2\/posts\/95307","targetHints":{"allow":["GET"]}}],"collection":[{"href":"https:\/\/www.copealcoy.es\/es\/wp-json\/wp\/v2\/posts"}],"about":[{"href":"https:\/\/www.copealcoy.es\/es\/wp-json\/wp\/v2\/types\/post"}],"author":[{"embeddable":true,"href":"https:\/\/www.copealcoy.es\/es\/wp-json\/wp\/v2\/users\/1"}],"replies":[{"embeddable":true,"href":"https:\/\/www.copealcoy.es\/es\/wp-json\/wp\/v2\/comments?post=95307"}],"version-history":[{"count":0,"href":"https:\/\/www.copealcoy.es\/es\/wp-json\/wp\/v2\/posts\/95307\/revisions"}],"wp:featuredmedia":[{"embeddable":true,"href":"https:\/\/www.copealcoy.es\/es\/wp-json\/wp\/v2\/media\/51398"}],"wp:attachment":[{"href":"https:\/\/www.copealcoy.es\/es\/wp-json\/wp\/v2\/media?parent=95307"}],"wp:term":[{"taxonomy":"category","embeddable":true,"href":"https:\/\/www.copealcoy.es\/es\/wp-json\/wp\/v2\/categories?post=95307"},{"taxonomy":"post_tag","embeddable":true,"href":"https:\/\/www.copealcoy.es\/es\/wp-json\/wp\/v2\/tags?post=95307"}],"curies":[{"name":"wp","href":"https:\/\/api.w.org\/{rel}","templated":true}]}}