{"id":95278,"date":"2022-12-15T12:16:57","date_gmt":"2022-12-15T11:16:57","guid":{"rendered":"https:\/\/www.copealcoy.es\/?p=95278"},"modified":"2022-12-15T13:12:11","modified_gmt":"2022-12-15T12:12:11","slug":"liciten-la-recuperacio-de-la-torre-portal-de-cocentaina-de-les-antigues-muralles-dalcoi","status":"publish","type":"post","link":"https:\/\/www.copealcoy.es\/es\/liciten-la-recuperacio-de-la-torre-portal-de-cocentaina-de-les-antigues-muralles-dalcoi\/","title":{"rendered":"Liciten la recuperaci\u00f3 de la Torre-Portal de Cocentaina de les antigues muralles d&#8217;Alcoi"},"content":{"rendered":"<p style=\"text-align: justify;\">L&#8217;<a href=\"https:\/\/www.alcoi.org\/ca\/portal\/index.html\"><span style=\"color: #0000ff;\"><strong>Ajuntament d&#8217;Alcoi<\/strong><\/span><\/a> ha anunciat <strong>la licitaci\u00f3 de les obres per a la recuperaci\u00f3 de la Torre-Portal de Cocentaina<\/strong> per <strong>un import que est\u00e0 al voltant dels 146.000 euros (IVA incl\u00f2s)<\/strong>. A partir d&#8217;ara <strong>les ofertes \u00e9s\u00a0<span class=\"hiddenSpellError\">podran<\/span> presentar fins el 3 de gener<\/strong> i l&#8217;empresa adjudicat\u00e0ria <strong>tindr\u00e0 un termini de quatre mesos<\/strong> per a executar aquesta intervenci\u00f3 que permetr\u00e0 recuperar el patrimoni de la capital de l&#8217;Alcoi\u00e0.<\/p>\n<p style=\"text-align: justify;\">Des del Consistori de la ciutat\u00a0 expliquen que les obres plantejades <strong>contemplen condicionar tota la zona i consolidar plataformes, murs de contenci\u00f3 i tancaments<\/strong>. A m\u00e9s <strong>es consolidaran les restes de muralla, els antics murs o la barbacana del segle XIII<\/strong>. Per altre costat <strong>es vol millorar tota la fusteria i la serralleria, aix\u00ed com la instal\u00b7laci\u00f3 de panells i d&#8217;un nou sistema de drenatge i d&#8217;il\u00b7luminaci\u00f3<\/strong>. Amb aquest projecte <strong>es consolidaran les restes i tamb\u00e9 es crear\u00e0 un espai<\/strong> que articule tots els elements per tal que els visitants puguen gaudir d&#8217;ells &#8220;<em>amb aquests treballs farem valdre una part molt important de la nostra hist\u00f2ria i recuperarem part de la configuraci\u00f3 original de la ciutat, que havia quedat oculta a causa del pas del temps i a la transformaci\u00f3 urban\u00edstica. Cal tindre en compte que aquest projecte s\u2019ha endarrerit m\u00e9s del que estava previst a causa dels resultats de les diferents campanyes arqueol\u00f2giques que han obligat a modificar el projecte original i a fer-ne un de nou que arreplegara el plantejament del nou escenari interpretatiu de les restes i de les seues cronologies<\/em>&#8220;, afirma la regidora de Patrimoni; <strong>Lorena <span class=\"hiddenSpellError\">Zamorano<\/span><\/strong>.<\/p>\n<p style=\"text-align: justify;\">La intervenci\u00f3 <strong>s&#8217;inclou en la l\u00ednia dels Pressupostos Participatius de l&#8217;Ajuntament d&#8217;Alcoi<\/strong> i forma part de <strong>l&#8217;Estrat\u00e8gia de Desenvolupament Urb\u00e0 Sostenible i Integrat (<span class=\"hiddenSpellError\">EDUSI<\/span>)\u00a0<span class=\"hiddenSpellError\">Alcoidem\u00e0<\/span><\/strong>. Per aquest motiu <strong>est\u00e0 cofinan\u00e7ada al 50% pel Fons Europeu de Desenvolupament Regional FEDER<\/strong>, en el marc del <strong>programa Operatiu\u00a0<span class=\"hiddenSpellError\">Plurirregional<\/span>\u00a0d&#8217;Espanya 2014-2020<\/strong>.<\/p>\n","protected":false},"excerpt":{"rendered":"<p>L&#8217;Ajuntament d&#8217;Alcoi ha anunciat la licitaci\u00f3 de les obres per a la recuperaci\u00f3 de la Torre-Portal de Cocentaina per un&#8230;<\/p>\n","protected":false},"author":1,"featured_media":95279,"comment_status":"open","ping_status":"open","sticky":false,"template":"","format":"standard","meta":{"footnotes":""},"categories":[6909,97,75,79],"tags":[9761,160,7769,1796,7770,13606],"class_list":["post-95278","post","type-post","status-publish","format-standard","has-post-thumbnail","hentry","category-actualidad","category-alcoy","category-noticias","category-politicayeconomia","tag-ajuntament","tag-alcoi","tag-licitacio","tag-lorena-zamorano","tag-obres","tag-torre-portal"],"yoast_head":"<!-- This site is optimized with the Yoast SEO plugin v27.3 - https:\/\/yoast.com\/product\/yoast-seo-wordpress\/ -->\n<title>Liciten la recuperaci\u00f3 de la Torre-Portal de Cocentaina de les antigues muralles d&#039;Alcoi - COPE Alcoy<\/title>\n<meta name=\"description\" content=\"L&#039;Ajuntament d&#039;Alcoi ha anunciat la licitaci\u00f3 de les obres per a la recuperaci\u00f3 de la Torre-Portal de Cocentaina\" \/>\n<meta name=\"robots\" content=\"index, follow, max-snippet:-1, max-image-preview:large, max-video-preview:-1\" \/>\n<link rel=\"canonical\" href=\"https:\/\/www.copealcoy.es\/es\/liciten-la-recuperacio-de-la-torre-portal-de-cocentaina-de-les-antigues-muralles-dalcoi\/\" \/>\n<meta property=\"og:locale\" content=\"es_ES\" \/>\n<meta property=\"og:type\" content=\"article\" \/>\n<meta property=\"og:title\" content=\"Liciten la recuperaci\u00f3 de la Torre-Portal de Cocentaina de les antigues muralles d&#039;Alcoi - COPE Alcoy\" \/>\n<meta property=\"og:description\" content=\"L&#039;Ajuntament d&#039;Alcoi ha anunciat la licitaci\u00f3 de les obres per a la recuperaci\u00f3 de la Torre-Portal de Cocentaina\" \/>\n<meta property=\"og:url\" content=\"https:\/\/www.copealcoy.es\/es\/liciten-la-recuperacio-de-la-torre-portal-de-cocentaina-de-les-antigues-muralles-dalcoi\/\" \/>\n<meta property=\"og:site_name\" content=\"COPE Alcoy\" \/>\n<meta property=\"article:published_time\" content=\"2022-12-15T11:16:57+00:00\" \/>\n<meta property=\"article:modified_time\" content=\"2022-12-15T12:12:11+00:00\" \/>\n<meta property=\"og:image\" content=\"https:\/\/www.copealcoy.es\/wp-content\/uploads\/2022\/12\/nova-torre.jpg\" \/>\n\t<meta property=\"og:image:width\" content=\"503\" \/>\n\t<meta property=\"og:image:height\" content=\"255\" \/>\n\t<meta property=\"og:image:type\" content=\"image\/jpeg\" \/>\n<meta name=\"author\" content=\"Cope Alcoy\" \/>\n<meta name=\"twitter:label1\" content=\"Escrito por\" \/>\n\t<meta name=\"twitter:data1\" content=\"Cope Alcoy\" \/>\n\t<meta name=\"twitter:label2\" content=\"Tiempo de lectura\" \/>\n\t<meta name=\"twitter:data2\" content=\"2 minutos\" \/>\n<script type=\"application\/ld+json\" class=\"yoast-schema-graph\">{\"@context\":\"https:\\\/\\\/schema.org\",\"@graph\":[{\"@type\":\"Article\",\"@id\":\"https:\\\/\\\/www.copealcoy.es\\\/es\\\/liciten-la-recuperacio-de-la-torre-portal-de-cocentaina-de-les-antigues-muralles-dalcoi\\\/#article\",\"isPartOf\":{\"@id\":\"https:\\\/\\\/www.copealcoy.es\\\/es\\\/liciten-la-recuperacio-de-la-torre-portal-de-cocentaina-de-les-antigues-muralles-dalcoi\\\/\"},\"author\":{\"name\":\"Cope Alcoy\",\"@id\":\"https:\\\/\\\/www.copealcoy.es\\\/es\\\/#\\\/schema\\\/person\\\/e777c87fa024e57d40170af9df39882c\"},\"headline\":\"Liciten la recuperaci\u00f3 de la Torre-Portal de Cocentaina de les antigues muralles d&#8217;Alcoi\",\"datePublished\":\"2022-12-15T11:16:57+00:00\",\"dateModified\":\"2022-12-15T12:12:11+00:00\",\"mainEntityOfPage\":{\"@id\":\"https:\\\/\\\/www.copealcoy.es\\\/es\\\/liciten-la-recuperacio-de-la-torre-portal-de-cocentaina-de-les-antigues-muralles-dalcoi\\\/\"},\"wordCount\":343,\"commentCount\":0,\"image\":{\"@id\":\"https:\\\/\\\/www.copealcoy.es\\\/es\\\/liciten-la-recuperacio-de-la-torre-portal-de-cocentaina-de-les-antigues-muralles-dalcoi\\\/#primaryimage\"},\"thumbnailUrl\":\"https:\\\/\\\/www.copealcoy.es\\\/wp-content\\\/uploads\\\/2022\\\/12\\\/nova-torre.jpg\",\"keywords\":[\"Ajuntament\",\"Alcoi\",\"Licitaci\u00f3\",\"Lorena Zamorano\",\"obres\",\"Torre-Portal\"],\"articleSection\":[\"Actualidad\",\"Alcoy\",\"Noticias\",\"Pol\u00edtica y Econom\u00eda\"],\"inLanguage\":\"es\"},{\"@type\":\"WebPage\",\"@id\":\"https:\\\/\\\/www.copealcoy.es\\\/es\\\/liciten-la-recuperacio-de-la-torre-portal-de-cocentaina-de-les-antigues-muralles-dalcoi\\\/\",\"url\":\"https:\\\/\\\/www.copealcoy.es\\\/es\\\/liciten-la-recuperacio-de-la-torre-portal-de-cocentaina-de-les-antigues-muralles-dalcoi\\\/\",\"name\":\"Liciten la recuperaci\u00f3 de la Torre-Portal de Cocentaina de les antigues muralles d'Alcoi - COPE Alcoy\",\"isPartOf\":{\"@id\":\"https:\\\/\\\/www.copealcoy.es\\\/es\\\/#website\"},\"primaryImageOfPage\":{\"@id\":\"https:\\\/\\\/www.copealcoy.es\\\/es\\\/liciten-la-recuperacio-de-la-torre-portal-de-cocentaina-de-les-antigues-muralles-dalcoi\\\/#primaryimage\"},\"image\":{\"@id\":\"https:\\\/\\\/www.copealcoy.es\\\/es\\\/liciten-la-recuperacio-de-la-torre-portal-de-cocentaina-de-les-antigues-muralles-dalcoi\\\/#primaryimage\"},\"thumbnailUrl\":\"https:\\\/\\\/www.copealcoy.es\\\/wp-content\\\/uploads\\\/2022\\\/12\\\/nova-torre.jpg\",\"datePublished\":\"2022-12-15T11:16:57+00:00\",\"dateModified\":\"2022-12-15T12:12:11+00:00\",\"author\":{\"@id\":\"https:\\\/\\\/www.copealcoy.es\\\/es\\\/#\\\/schema\\\/person\\\/e777c87fa024e57d40170af9df39882c\"},\"description\":\"L'Ajuntament d'Alcoi ha anunciat la licitaci\u00f3 de les obres per a la recuperaci\u00f3 de la Torre-Portal de Cocentaina\",\"breadcrumb\":{\"@id\":\"https:\\\/\\\/www.copealcoy.es\\\/es\\\/liciten-la-recuperacio-de-la-torre-portal-de-cocentaina-de-les-antigues-muralles-dalcoi\\\/#breadcrumb\"},\"inLanguage\":\"es\",\"potentialAction\":[{\"@type\":\"ReadAction\",\"target\":[\"https:\\\/\\\/www.copealcoy.es\\\/es\\\/liciten-la-recuperacio-de-la-torre-portal-de-cocentaina-de-les-antigues-muralles-dalcoi\\\/\"]}]},{\"@type\":\"ImageObject\",\"inLanguage\":\"es\",\"@id\":\"https:\\\/\\\/www.copealcoy.es\\\/es\\\/liciten-la-recuperacio-de-la-torre-portal-de-cocentaina-de-les-antigues-muralles-dalcoi\\\/#primaryimage\",\"url\":\"https:\\\/\\\/www.copealcoy.es\\\/wp-content\\\/uploads\\\/2022\\\/12\\\/nova-torre.jpg\",\"contentUrl\":\"https:\\\/\\\/www.copealcoy.es\\\/wp-content\\\/uploads\\\/2022\\\/12\\\/nova-torre.jpg\",\"width\":503,\"height\":255},{\"@type\":\"BreadcrumbList\",\"@id\":\"https:\\\/\\\/www.copealcoy.es\\\/es\\\/liciten-la-recuperacio-de-la-torre-portal-de-cocentaina-de-les-antigues-muralles-dalcoi\\\/#breadcrumb\",\"itemListElement\":[{\"@type\":\"ListItem\",\"position\":1,\"name\":\"Portada\",\"item\":\"https:\\\/\\\/www.copealcoy.es\\\/es\\\/\"},{\"@type\":\"ListItem\",\"position\":2,\"name\":\"Liciten la recuperaci\u00f3 de la Torre-Portal de Cocentaina de les antigues muralles d&#8217;Alcoi\"}]},{\"@type\":\"WebSite\",\"@id\":\"https:\\\/\\\/www.copealcoy.es\\\/es\\\/#website\",\"url\":\"https:\\\/\\\/www.copealcoy.es\\\/es\\\/\",\"name\":\"COPE Alcoy\",\"description\":\"Emisora COPE de radio local con emisi\u00f3n online. Pont de Sant Jordi 8-10 03803 Alcoy\",\"potentialAction\":[{\"@type\":\"SearchAction\",\"target\":{\"@type\":\"EntryPoint\",\"urlTemplate\":\"https:\\\/\\\/www.copealcoy.es\\\/es\\\/?s={search_term_string}\"},\"query-input\":{\"@type\":\"PropertyValueSpecification\",\"valueRequired\":true,\"valueName\":\"search_term_string\"}}],\"inLanguage\":\"es\"},{\"@type\":\"Person\",\"@id\":\"https:\\\/\\\/www.copealcoy.es\\\/es\\\/#\\\/schema\\\/person\\\/e777c87fa024e57d40170af9df39882c\",\"name\":\"Cope Alcoy\",\"image\":{\"@type\":\"ImageObject\",\"inLanguage\":\"es\",\"@id\":\"https:\\\/\\\/secure.gravatar.com\\\/avatar\\\/bb65d0283347e303893ba14f0692005417c1e0e690a325a4c5d8bb2b3943ee14?s=96&d=mm&r=g\",\"url\":\"https:\\\/\\\/secure.gravatar.com\\\/avatar\\\/bb65d0283347e303893ba14f0692005417c1e0e690a325a4c5d8bb2b3943ee14?s=96&d=mm&r=g\",\"contentUrl\":\"https:\\\/\\\/secure.gravatar.com\\\/avatar\\\/bb65d0283347e303893ba14f0692005417c1e0e690a325a4c5d8bb2b3943ee14?s=96&d=mm&r=g\",\"caption\":\"Cope Alcoy\"}}]}<\/script>\n<!-- \/ Yoast SEO plugin. -->","yoast_head_json":{"title":"Liciten la recuperaci\u00f3 de la Torre-Portal de Cocentaina de les antigues muralles d'Alcoi - COPE Alcoy","description":"L'Ajuntament d'Alcoi ha anunciat la licitaci\u00f3 de les obres per a la recuperaci\u00f3 de la Torre-Portal de Cocentaina","robots":{"index":"index","follow":"follow","max-snippet":"max-snippet:-1","max-image-preview":"max-image-preview:large","max-video-preview":"max-video-preview:-1"},"canonical":"https:\/\/www.copealcoy.es\/es\/liciten-la-recuperacio-de-la-torre-portal-de-cocentaina-de-les-antigues-muralles-dalcoi\/","og_locale":"es_ES","og_type":"article","og_title":"Liciten la recuperaci\u00f3 de la Torre-Portal de Cocentaina de les antigues muralles d'Alcoi - COPE Alcoy","og_description":"L'Ajuntament d'Alcoi ha anunciat la licitaci\u00f3 de les obres per a la recuperaci\u00f3 de la Torre-Portal de Cocentaina","og_url":"https:\/\/www.copealcoy.es\/es\/liciten-la-recuperacio-de-la-torre-portal-de-cocentaina-de-les-antigues-muralles-dalcoi\/","og_site_name":"COPE Alcoy","article_published_time":"2022-12-15T11:16:57+00:00","article_modified_time":"2022-12-15T12:12:11+00:00","og_image":[{"width":503,"height":255,"url":"https:\/\/www.copealcoy.es\/wp-content\/uploads\/2022\/12\/nova-torre.jpg","type":"image\/jpeg"}],"author":"Cope Alcoy","twitter_misc":{"Escrito por":"Cope Alcoy","Tiempo de lectura":"2 minutos"},"schema":{"@context":"https:\/\/schema.org","@graph":[{"@type":"Article","@id":"https:\/\/www.copealcoy.es\/es\/liciten-la-recuperacio-de-la-torre-portal-de-cocentaina-de-les-antigues-muralles-dalcoi\/#article","isPartOf":{"@id":"https:\/\/www.copealcoy.es\/es\/liciten-la-recuperacio-de-la-torre-portal-de-cocentaina-de-les-antigues-muralles-dalcoi\/"},"author":{"name":"Cope Alcoy","@id":"https:\/\/www.copealcoy.es\/es\/#\/schema\/person\/e777c87fa024e57d40170af9df39882c"},"headline":"Liciten la recuperaci\u00f3 de la Torre-Portal de Cocentaina de les antigues muralles d&#8217;Alcoi","datePublished":"2022-12-15T11:16:57+00:00","dateModified":"2022-12-15T12:12:11+00:00","mainEntityOfPage":{"@id":"https:\/\/www.copealcoy.es\/es\/liciten-la-recuperacio-de-la-torre-portal-de-cocentaina-de-les-antigues-muralles-dalcoi\/"},"wordCount":343,"commentCount":0,"image":{"@id":"https:\/\/www.copealcoy.es\/es\/liciten-la-recuperacio-de-la-torre-portal-de-cocentaina-de-les-antigues-muralles-dalcoi\/#primaryimage"},"thumbnailUrl":"https:\/\/www.copealcoy.es\/wp-content\/uploads\/2022\/12\/nova-torre.jpg","keywords":["Ajuntament","Alcoi","Licitaci\u00f3","Lorena Zamorano","obres","Torre-Portal"],"articleSection":["Actualidad","Alcoy","Noticias","Pol\u00edtica y Econom\u00eda"],"inLanguage":"es"},{"@type":"WebPage","@id":"https:\/\/www.copealcoy.es\/es\/liciten-la-recuperacio-de-la-torre-portal-de-cocentaina-de-les-antigues-muralles-dalcoi\/","url":"https:\/\/www.copealcoy.es\/es\/liciten-la-recuperacio-de-la-torre-portal-de-cocentaina-de-les-antigues-muralles-dalcoi\/","name":"Liciten la recuperaci\u00f3 de la Torre-Portal de Cocentaina de les antigues muralles d'Alcoi - COPE Alcoy","isPartOf":{"@id":"https:\/\/www.copealcoy.es\/es\/#website"},"primaryImageOfPage":{"@id":"https:\/\/www.copealcoy.es\/es\/liciten-la-recuperacio-de-la-torre-portal-de-cocentaina-de-les-antigues-muralles-dalcoi\/#primaryimage"},"image":{"@id":"https:\/\/www.copealcoy.es\/es\/liciten-la-recuperacio-de-la-torre-portal-de-cocentaina-de-les-antigues-muralles-dalcoi\/#primaryimage"},"thumbnailUrl":"https:\/\/www.copealcoy.es\/wp-content\/uploads\/2022\/12\/nova-torre.jpg","datePublished":"2022-12-15T11:16:57+00:00","dateModified":"2022-12-15T12:12:11+00:00","author":{"@id":"https:\/\/www.copealcoy.es\/es\/#\/schema\/person\/e777c87fa024e57d40170af9df39882c"},"description":"L'Ajuntament d'Alcoi ha anunciat la licitaci\u00f3 de les obres per a la recuperaci\u00f3 de la Torre-Portal de Cocentaina","breadcrumb":{"@id":"https:\/\/www.copealcoy.es\/es\/liciten-la-recuperacio-de-la-torre-portal-de-cocentaina-de-les-antigues-muralles-dalcoi\/#breadcrumb"},"inLanguage":"es","potentialAction":[{"@type":"ReadAction","target":["https:\/\/www.copealcoy.es\/es\/liciten-la-recuperacio-de-la-torre-portal-de-cocentaina-de-les-antigues-muralles-dalcoi\/"]}]},{"@type":"ImageObject","inLanguage":"es","@id":"https:\/\/www.copealcoy.es\/es\/liciten-la-recuperacio-de-la-torre-portal-de-cocentaina-de-les-antigues-muralles-dalcoi\/#primaryimage","url":"https:\/\/www.copealcoy.es\/wp-content\/uploads\/2022\/12\/nova-torre.jpg","contentUrl":"https:\/\/www.copealcoy.es\/wp-content\/uploads\/2022\/12\/nova-torre.jpg","width":503,"height":255},{"@type":"BreadcrumbList","@id":"https:\/\/www.copealcoy.es\/es\/liciten-la-recuperacio-de-la-torre-portal-de-cocentaina-de-les-antigues-muralles-dalcoi\/#breadcrumb","itemListElement":[{"@type":"ListItem","position":1,"name":"Portada","item":"https:\/\/www.copealcoy.es\/es\/"},{"@type":"ListItem","position":2,"name":"Liciten la recuperaci\u00f3 de la Torre-Portal de Cocentaina de les antigues muralles d&#8217;Alcoi"}]},{"@type":"WebSite","@id":"https:\/\/www.copealcoy.es\/es\/#website","url":"https:\/\/www.copealcoy.es\/es\/","name":"COPE Alcoy","description":"Emisora COPE de radio local con emisi\u00f3n online. Pont de Sant Jordi 8-10 03803 Alcoy","potentialAction":[{"@type":"SearchAction","target":{"@type":"EntryPoint","urlTemplate":"https:\/\/www.copealcoy.es\/es\/?s={search_term_string}"},"query-input":{"@type":"PropertyValueSpecification","valueRequired":true,"valueName":"search_term_string"}}],"inLanguage":"es"},{"@type":"Person","@id":"https:\/\/www.copealcoy.es\/es\/#\/schema\/person\/e777c87fa024e57d40170af9df39882c","name":"Cope Alcoy","image":{"@type":"ImageObject","inLanguage":"es","@id":"https:\/\/secure.gravatar.com\/avatar\/bb65d0283347e303893ba14f0692005417c1e0e690a325a4c5d8bb2b3943ee14?s=96&d=mm&r=g","url":"https:\/\/secure.gravatar.com\/avatar\/bb65d0283347e303893ba14f0692005417c1e0e690a325a4c5d8bb2b3943ee14?s=96&d=mm&r=g","contentUrl":"https:\/\/secure.gravatar.com\/avatar\/bb65d0283347e303893ba14f0692005417c1e0e690a325a4c5d8bb2b3943ee14?s=96&d=mm&r=g","caption":"Cope Alcoy"}}]}},"_links":{"self":[{"href":"https:\/\/www.copealcoy.es\/es\/wp-json\/wp\/v2\/posts\/95278","targetHints":{"allow":["GET"]}}],"collection":[{"href":"https:\/\/www.copealcoy.es\/es\/wp-json\/wp\/v2\/posts"}],"about":[{"href":"https:\/\/www.copealcoy.es\/es\/wp-json\/wp\/v2\/types\/post"}],"author":[{"embeddable":true,"href":"https:\/\/www.copealcoy.es\/es\/wp-json\/wp\/v2\/users\/1"}],"replies":[{"embeddable":true,"href":"https:\/\/www.copealcoy.es\/es\/wp-json\/wp\/v2\/comments?post=95278"}],"version-history":[{"count":0,"href":"https:\/\/www.copealcoy.es\/es\/wp-json\/wp\/v2\/posts\/95278\/revisions"}],"wp:featuredmedia":[{"embeddable":true,"href":"https:\/\/www.copealcoy.es\/es\/wp-json\/wp\/v2\/media\/95279"}],"wp:attachment":[{"href":"https:\/\/www.copealcoy.es\/es\/wp-json\/wp\/v2\/media?parent=95278"}],"wp:term":[{"taxonomy":"category","embeddable":true,"href":"https:\/\/www.copealcoy.es\/es\/wp-json\/wp\/v2\/categories?post=95278"},{"taxonomy":"post_tag","embeddable":true,"href":"https:\/\/www.copealcoy.es\/es\/wp-json\/wp\/v2\/tags?post=95278"}],"curies":[{"name":"wp","href":"https:\/\/api.w.org\/{rel}","templated":true}]}}