{"id":95269,"date":"2022-12-15T11:19:54","date_gmt":"2022-12-15T10:19:54","guid":{"rendered":"https:\/\/www.copealcoy.es\/?p=95269"},"modified":"2022-12-15T11:59:35","modified_gmt":"2022-12-15T10:59:35","slug":"cocentaina-estrena-enguany-betlem-a-la-placa-del-pla","status":"publish","type":"post","link":"https:\/\/www.copealcoy.es\/es\/cocentaina-estrena-enguany-betlem-a-la-placa-del-pla\/","title":{"rendered":"Cocentaina estrena enguany Betlem a la pla\u00e7a del Pla"},"content":{"rendered":"<p style=\"text-align: justify;\">Les <strong>Festes de Nadal<\/strong> porten enguany <strong>destacades novetats als carrers de Cocentaina<\/strong> relacionades amb l&#8217;ornamentaci\u00f3 i amb <strong>una iniciativa que s&#8217;ha fet realitat despr\u00e9s de proposar-la els ve\u00efns i les ve\u00efnes del municipi<\/strong>. I \u00e9s que ahir va quedar instal\u00b7lat a la pla\u00e7a del Pla un nou Betlem, <strong>amb figures a grand\u00e0ria natural<\/strong>, que <strong>substituir\u00e0 a partir d&#8217;ara el naixement de v\u00edmet<\/strong> que es col\u00b7locava anteriorment en l&#8217;esmentat enclavament de la Vila Comtal per aquestes dates i que quedava il-luminat durant les nits.<\/p>\n<p style=\"text-align: justify;\">El nou naixement es va muntar ahir a la part baixa del Pla, davant del Monestir de la Mare de D\u00e9u del Miracle i pr\u00e0cticament al costat del Palau Comtal, i <strong>compta amb cinc elements que representen a la Sagrada Fam\u00edlia<\/strong>. D&#8217;aquesta forma podem veure a la Verge Maria, Sant Josep o el Jesuset al costat de la burreta o el bou. Tots ells estan emmarcats dins d&#8217;un estable. A m\u00e9s l&#8217;escenari on se situa <strong>est\u00e0 decorat amb elements nadalencs i amb llums<\/strong> per a real\u00e7ar el betlem durant les pr\u00f2ximes setmanes &#8220;<em>el pesebre ha pogut ser realitat despr\u00e9s d&#8217;haver-se presentat la proposta a l&#8217;\u00faltima edici\u00f3 dels pressupostos participatius i resultar la m\u00e9s votada. Per a fer el Betlem hem comptat amb el treball d&#8217;un artista faller i les figures estan constru\u00efdes en fusta amb un lacat resistent. Amb aquesta intervenci\u00f3 volem que cada element no es fa\u00e7a mal b\u00e9 davant les possibles inclem\u00e8ncies meteorol\u00f2giques<\/em>&#8220;, afirma al respecte la regidora de Participaci\u00f3 Ciutadana; Maite Valls.<\/p>\n<p style=\"text-align: justify;\">Des de <a href=\"https:\/\/www.cocentaina.es\/\"><strong><span style=\"color: #0000ff;\">l&#8217;Ajuntament de Cocentaina<\/span> <\/strong><\/a>animen a contestans i gent de les nostres comarques <strong>a visitar durant aquest Nadal el nou Betlem<\/strong> que ja llueix al Pla. Tamb\u00e9 <strong>fan una crida a la responsabilitat<\/strong> per tal que respecten unes figures que a partir d&#8217;ara formaran part del patrimoni de la capital del Comtat.<\/p>\n","protected":false},"excerpt":{"rendered":"<p>Les Festes de Nadal porten enguany destacades novetats als carrers de Cocentaina relacionades amb l&#8217;ornamentaci\u00f3 i amb una iniciativa que&#8230;<\/p>\n","protected":false},"author":1,"featured_media":95270,"comment_status":"open","ping_status":"open","sticky":false,"template":"","format":"standard","meta":{"footnotes":""},"categories":[6909,98,75],"tags":[12160,132,336,13605,782],"class_list":["post-95269","post","type-post","status-publish","format-standard","has-post-thumbnail","hentry","category-actualidad","category-comarcas","category-noticias","tag-betlem","tag-cocentaina","tag-nadal","tag-naixement","tag-palau-comtal"],"yoast_head":"<!-- This site is optimized with the Yoast SEO plugin v27.3 - https:\/\/yoast.com\/product\/yoast-seo-wordpress\/ -->\n<title>Cocentaina estrena enguany Betlem a la pla\u00e7a del Pla - COPE Alcoy<\/title>\n<meta name=\"description\" content=\"Cocentaina estrena enguany un Betlem a la pla\u00e7a del Pla amb figures a mida natural, una proposta dels Pressupostos Participatius\" \/>\n<meta name=\"robots\" content=\"index, follow, max-snippet:-1, max-image-preview:large, max-video-preview:-1\" \/>\n<link rel=\"canonical\" href=\"https:\/\/www.copealcoy.es\/es\/cocentaina-estrena-enguany-betlem-a-la-placa-del-pla\/\" \/>\n<meta property=\"og:locale\" content=\"es_ES\" \/>\n<meta property=\"og:type\" content=\"article\" \/>\n<meta property=\"og:title\" content=\"Cocentaina estrena enguany Betlem a la pla\u00e7a del Pla - COPE Alcoy\" \/>\n<meta property=\"og:description\" content=\"Cocentaina estrena enguany un Betlem a la pla\u00e7a del Pla amb figures a mida natural, una proposta dels Pressupostos Participatius\" \/>\n<meta property=\"og:url\" content=\"https:\/\/www.copealcoy.es\/es\/cocentaina-estrena-enguany-betlem-a-la-placa-del-pla\/\" \/>\n<meta property=\"og:site_name\" content=\"COPE Alcoy\" \/>\n<meta property=\"article:published_time\" content=\"2022-12-15T10:19:54+00:00\" \/>\n<meta property=\"article:modified_time\" content=\"2022-12-15T10:59:35+00:00\" \/>\n<meta property=\"og:image\" content=\"https:\/\/www.copealcoy.es\/wp-content\/uploads\/2022\/12\/unnamed-8-e1671099580136.jpg\" \/>\n\t<meta property=\"og:image:width\" content=\"640\" \/>\n\t<meta property=\"og:image:height\" content=\"385\" \/>\n\t<meta property=\"og:image:type\" content=\"image\/jpeg\" \/>\n<meta name=\"author\" content=\"Cope Alcoy\" \/>\n<meta name=\"twitter:label1\" content=\"Escrito por\" \/>\n\t<meta name=\"twitter:data1\" content=\"Cope Alcoy\" \/>\n\t<meta name=\"twitter:label2\" content=\"Tiempo de lectura\" \/>\n\t<meta name=\"twitter:data2\" content=\"2 minutos\" \/>\n<script type=\"application\/ld+json\" class=\"yoast-schema-graph\">{\"@context\":\"https:\\\/\\\/schema.org\",\"@graph\":[{\"@type\":\"Article\",\"@id\":\"https:\\\/\\\/www.copealcoy.es\\\/es\\\/cocentaina-estrena-enguany-betlem-a-la-placa-del-pla\\\/#article\",\"isPartOf\":{\"@id\":\"https:\\\/\\\/www.copealcoy.es\\\/es\\\/cocentaina-estrena-enguany-betlem-a-la-placa-del-pla\\\/\"},\"author\":{\"name\":\"Cope Alcoy\",\"@id\":\"https:\\\/\\\/www.copealcoy.es\\\/es\\\/#\\\/schema\\\/person\\\/e777c87fa024e57d40170af9df39882c\"},\"headline\":\"Cocentaina estrena enguany Betlem a la pla\u00e7a del Pla\",\"datePublished\":\"2022-12-15T10:19:54+00:00\",\"dateModified\":\"2022-12-15T10:59:35+00:00\",\"mainEntityOfPage\":{\"@id\":\"https:\\\/\\\/www.copealcoy.es\\\/es\\\/cocentaina-estrena-enguany-betlem-a-la-placa-del-pla\\\/\"},\"wordCount\":343,\"commentCount\":0,\"image\":{\"@id\":\"https:\\\/\\\/www.copealcoy.es\\\/es\\\/cocentaina-estrena-enguany-betlem-a-la-placa-del-pla\\\/#primaryimage\"},\"thumbnailUrl\":\"https:\\\/\\\/www.copealcoy.es\\\/wp-content\\\/uploads\\\/2022\\\/12\\\/unnamed-8-e1671099580136.jpg\",\"keywords\":[\"Betlem\",\"Cocentaina\",\"Nadal\",\"naixement\",\"Palau Comtal\"],\"articleSection\":[\"Actualidad\",\"Comarcas\",\"Noticias\"],\"inLanguage\":\"es\"},{\"@type\":\"WebPage\",\"@id\":\"https:\\\/\\\/www.copealcoy.es\\\/es\\\/cocentaina-estrena-enguany-betlem-a-la-placa-del-pla\\\/\",\"url\":\"https:\\\/\\\/www.copealcoy.es\\\/es\\\/cocentaina-estrena-enguany-betlem-a-la-placa-del-pla\\\/\",\"name\":\"Cocentaina estrena enguany Betlem a la pla\u00e7a del Pla - COPE Alcoy\",\"isPartOf\":{\"@id\":\"https:\\\/\\\/www.copealcoy.es\\\/es\\\/#website\"},\"primaryImageOfPage\":{\"@id\":\"https:\\\/\\\/www.copealcoy.es\\\/es\\\/cocentaina-estrena-enguany-betlem-a-la-placa-del-pla\\\/#primaryimage\"},\"image\":{\"@id\":\"https:\\\/\\\/www.copealcoy.es\\\/es\\\/cocentaina-estrena-enguany-betlem-a-la-placa-del-pla\\\/#primaryimage\"},\"thumbnailUrl\":\"https:\\\/\\\/www.copealcoy.es\\\/wp-content\\\/uploads\\\/2022\\\/12\\\/unnamed-8-e1671099580136.jpg\",\"datePublished\":\"2022-12-15T10:19:54+00:00\",\"dateModified\":\"2022-12-15T10:59:35+00:00\",\"author\":{\"@id\":\"https:\\\/\\\/www.copealcoy.es\\\/es\\\/#\\\/schema\\\/person\\\/e777c87fa024e57d40170af9df39882c\"},\"description\":\"Cocentaina estrena enguany un Betlem a la pla\u00e7a del Pla amb figures a mida natural, una proposta dels Pressupostos Participatius\",\"breadcrumb\":{\"@id\":\"https:\\\/\\\/www.copealcoy.es\\\/es\\\/cocentaina-estrena-enguany-betlem-a-la-placa-del-pla\\\/#breadcrumb\"},\"inLanguage\":\"es\",\"potentialAction\":[{\"@type\":\"ReadAction\",\"target\":[\"https:\\\/\\\/www.copealcoy.es\\\/es\\\/cocentaina-estrena-enguany-betlem-a-la-placa-del-pla\\\/\"]}]},{\"@type\":\"ImageObject\",\"inLanguage\":\"es\",\"@id\":\"https:\\\/\\\/www.copealcoy.es\\\/es\\\/cocentaina-estrena-enguany-betlem-a-la-placa-del-pla\\\/#primaryimage\",\"url\":\"https:\\\/\\\/www.copealcoy.es\\\/wp-content\\\/uploads\\\/2022\\\/12\\\/unnamed-8-e1671099580136.jpg\",\"contentUrl\":\"https:\\\/\\\/www.copealcoy.es\\\/wp-content\\\/uploads\\\/2022\\\/12\\\/unnamed-8-e1671099580136.jpg\",\"width\":640,\"height\":385},{\"@type\":\"BreadcrumbList\",\"@id\":\"https:\\\/\\\/www.copealcoy.es\\\/es\\\/cocentaina-estrena-enguany-betlem-a-la-placa-del-pla\\\/#breadcrumb\",\"itemListElement\":[{\"@type\":\"ListItem\",\"position\":1,\"name\":\"Portada\",\"item\":\"https:\\\/\\\/www.copealcoy.es\\\/es\\\/\"},{\"@type\":\"ListItem\",\"position\":2,\"name\":\"Cocentaina estrena enguany Betlem a la pla\u00e7a del Pla\"}]},{\"@type\":\"WebSite\",\"@id\":\"https:\\\/\\\/www.copealcoy.es\\\/es\\\/#website\",\"url\":\"https:\\\/\\\/www.copealcoy.es\\\/es\\\/\",\"name\":\"COPE Alcoy\",\"description\":\"Emisora COPE de radio local con emisi\u00f3n online. Pont de Sant Jordi 8-10 03803 Alcoy\",\"potentialAction\":[{\"@type\":\"SearchAction\",\"target\":{\"@type\":\"EntryPoint\",\"urlTemplate\":\"https:\\\/\\\/www.copealcoy.es\\\/es\\\/?s={search_term_string}\"},\"query-input\":{\"@type\":\"PropertyValueSpecification\",\"valueRequired\":true,\"valueName\":\"search_term_string\"}}],\"inLanguage\":\"es\"},{\"@type\":\"Person\",\"@id\":\"https:\\\/\\\/www.copealcoy.es\\\/es\\\/#\\\/schema\\\/person\\\/e777c87fa024e57d40170af9df39882c\",\"name\":\"Cope Alcoy\",\"image\":{\"@type\":\"ImageObject\",\"inLanguage\":\"es\",\"@id\":\"https:\\\/\\\/secure.gravatar.com\\\/avatar\\\/bb65d0283347e303893ba14f0692005417c1e0e690a325a4c5d8bb2b3943ee14?s=96&d=mm&r=g\",\"url\":\"https:\\\/\\\/secure.gravatar.com\\\/avatar\\\/bb65d0283347e303893ba14f0692005417c1e0e690a325a4c5d8bb2b3943ee14?s=96&d=mm&r=g\",\"contentUrl\":\"https:\\\/\\\/secure.gravatar.com\\\/avatar\\\/bb65d0283347e303893ba14f0692005417c1e0e690a325a4c5d8bb2b3943ee14?s=96&d=mm&r=g\",\"caption\":\"Cope Alcoy\"}}]}<\/script>\n<!-- \/ Yoast SEO plugin. -->","yoast_head_json":{"title":"Cocentaina estrena enguany Betlem a la pla\u00e7a del Pla - COPE Alcoy","description":"Cocentaina estrena enguany un Betlem a la pla\u00e7a del Pla amb figures a mida natural, una proposta dels Pressupostos Participatius","robots":{"index":"index","follow":"follow","max-snippet":"max-snippet:-1","max-image-preview":"max-image-preview:large","max-video-preview":"max-video-preview:-1"},"canonical":"https:\/\/www.copealcoy.es\/es\/cocentaina-estrena-enguany-betlem-a-la-placa-del-pla\/","og_locale":"es_ES","og_type":"article","og_title":"Cocentaina estrena enguany Betlem a la pla\u00e7a del Pla - COPE Alcoy","og_description":"Cocentaina estrena enguany un Betlem a la pla\u00e7a del Pla amb figures a mida natural, una proposta dels Pressupostos Participatius","og_url":"https:\/\/www.copealcoy.es\/es\/cocentaina-estrena-enguany-betlem-a-la-placa-del-pla\/","og_site_name":"COPE Alcoy","article_published_time":"2022-12-15T10:19:54+00:00","article_modified_time":"2022-12-15T10:59:35+00:00","og_image":[{"width":640,"height":385,"url":"https:\/\/www.copealcoy.es\/wp-content\/uploads\/2022\/12\/unnamed-8-e1671099580136.jpg","type":"image\/jpeg"}],"author":"Cope Alcoy","twitter_misc":{"Escrito por":"Cope Alcoy","Tiempo de lectura":"2 minutos"},"schema":{"@context":"https:\/\/schema.org","@graph":[{"@type":"Article","@id":"https:\/\/www.copealcoy.es\/es\/cocentaina-estrena-enguany-betlem-a-la-placa-del-pla\/#article","isPartOf":{"@id":"https:\/\/www.copealcoy.es\/es\/cocentaina-estrena-enguany-betlem-a-la-placa-del-pla\/"},"author":{"name":"Cope Alcoy","@id":"https:\/\/www.copealcoy.es\/es\/#\/schema\/person\/e777c87fa024e57d40170af9df39882c"},"headline":"Cocentaina estrena enguany Betlem a la pla\u00e7a del Pla","datePublished":"2022-12-15T10:19:54+00:00","dateModified":"2022-12-15T10:59:35+00:00","mainEntityOfPage":{"@id":"https:\/\/www.copealcoy.es\/es\/cocentaina-estrena-enguany-betlem-a-la-placa-del-pla\/"},"wordCount":343,"commentCount":0,"image":{"@id":"https:\/\/www.copealcoy.es\/es\/cocentaina-estrena-enguany-betlem-a-la-placa-del-pla\/#primaryimage"},"thumbnailUrl":"https:\/\/www.copealcoy.es\/wp-content\/uploads\/2022\/12\/unnamed-8-e1671099580136.jpg","keywords":["Betlem","Cocentaina","Nadal","naixement","Palau Comtal"],"articleSection":["Actualidad","Comarcas","Noticias"],"inLanguage":"es"},{"@type":"WebPage","@id":"https:\/\/www.copealcoy.es\/es\/cocentaina-estrena-enguany-betlem-a-la-placa-del-pla\/","url":"https:\/\/www.copealcoy.es\/es\/cocentaina-estrena-enguany-betlem-a-la-placa-del-pla\/","name":"Cocentaina estrena enguany Betlem a la pla\u00e7a del Pla - COPE Alcoy","isPartOf":{"@id":"https:\/\/www.copealcoy.es\/es\/#website"},"primaryImageOfPage":{"@id":"https:\/\/www.copealcoy.es\/es\/cocentaina-estrena-enguany-betlem-a-la-placa-del-pla\/#primaryimage"},"image":{"@id":"https:\/\/www.copealcoy.es\/es\/cocentaina-estrena-enguany-betlem-a-la-placa-del-pla\/#primaryimage"},"thumbnailUrl":"https:\/\/www.copealcoy.es\/wp-content\/uploads\/2022\/12\/unnamed-8-e1671099580136.jpg","datePublished":"2022-12-15T10:19:54+00:00","dateModified":"2022-12-15T10:59:35+00:00","author":{"@id":"https:\/\/www.copealcoy.es\/es\/#\/schema\/person\/e777c87fa024e57d40170af9df39882c"},"description":"Cocentaina estrena enguany un Betlem a la pla\u00e7a del Pla amb figures a mida natural, una proposta dels Pressupostos Participatius","breadcrumb":{"@id":"https:\/\/www.copealcoy.es\/es\/cocentaina-estrena-enguany-betlem-a-la-placa-del-pla\/#breadcrumb"},"inLanguage":"es","potentialAction":[{"@type":"ReadAction","target":["https:\/\/www.copealcoy.es\/es\/cocentaina-estrena-enguany-betlem-a-la-placa-del-pla\/"]}]},{"@type":"ImageObject","inLanguage":"es","@id":"https:\/\/www.copealcoy.es\/es\/cocentaina-estrena-enguany-betlem-a-la-placa-del-pla\/#primaryimage","url":"https:\/\/www.copealcoy.es\/wp-content\/uploads\/2022\/12\/unnamed-8-e1671099580136.jpg","contentUrl":"https:\/\/www.copealcoy.es\/wp-content\/uploads\/2022\/12\/unnamed-8-e1671099580136.jpg","width":640,"height":385},{"@type":"BreadcrumbList","@id":"https:\/\/www.copealcoy.es\/es\/cocentaina-estrena-enguany-betlem-a-la-placa-del-pla\/#breadcrumb","itemListElement":[{"@type":"ListItem","position":1,"name":"Portada","item":"https:\/\/www.copealcoy.es\/es\/"},{"@type":"ListItem","position":2,"name":"Cocentaina estrena enguany Betlem a la pla\u00e7a del Pla"}]},{"@type":"WebSite","@id":"https:\/\/www.copealcoy.es\/es\/#website","url":"https:\/\/www.copealcoy.es\/es\/","name":"COPE Alcoy","description":"Emisora COPE de radio local con emisi\u00f3n online. Pont de Sant Jordi 8-10 03803 Alcoy","potentialAction":[{"@type":"SearchAction","target":{"@type":"EntryPoint","urlTemplate":"https:\/\/www.copealcoy.es\/es\/?s={search_term_string}"},"query-input":{"@type":"PropertyValueSpecification","valueRequired":true,"valueName":"search_term_string"}}],"inLanguage":"es"},{"@type":"Person","@id":"https:\/\/www.copealcoy.es\/es\/#\/schema\/person\/e777c87fa024e57d40170af9df39882c","name":"Cope Alcoy","image":{"@type":"ImageObject","inLanguage":"es","@id":"https:\/\/secure.gravatar.com\/avatar\/bb65d0283347e303893ba14f0692005417c1e0e690a325a4c5d8bb2b3943ee14?s=96&d=mm&r=g","url":"https:\/\/secure.gravatar.com\/avatar\/bb65d0283347e303893ba14f0692005417c1e0e690a325a4c5d8bb2b3943ee14?s=96&d=mm&r=g","contentUrl":"https:\/\/secure.gravatar.com\/avatar\/bb65d0283347e303893ba14f0692005417c1e0e690a325a4c5d8bb2b3943ee14?s=96&d=mm&r=g","caption":"Cope Alcoy"}}]}},"_links":{"self":[{"href":"https:\/\/www.copealcoy.es\/es\/wp-json\/wp\/v2\/posts\/95269","targetHints":{"allow":["GET"]}}],"collection":[{"href":"https:\/\/www.copealcoy.es\/es\/wp-json\/wp\/v2\/posts"}],"about":[{"href":"https:\/\/www.copealcoy.es\/es\/wp-json\/wp\/v2\/types\/post"}],"author":[{"embeddable":true,"href":"https:\/\/www.copealcoy.es\/es\/wp-json\/wp\/v2\/users\/1"}],"replies":[{"embeddable":true,"href":"https:\/\/www.copealcoy.es\/es\/wp-json\/wp\/v2\/comments?post=95269"}],"version-history":[{"count":0,"href":"https:\/\/www.copealcoy.es\/es\/wp-json\/wp\/v2\/posts\/95269\/revisions"}],"wp:featuredmedia":[{"embeddable":true,"href":"https:\/\/www.copealcoy.es\/es\/wp-json\/wp\/v2\/media\/95270"}],"wp:attachment":[{"href":"https:\/\/www.copealcoy.es\/es\/wp-json\/wp\/v2\/media?parent=95269"}],"wp:term":[{"taxonomy":"category","embeddable":true,"href":"https:\/\/www.copealcoy.es\/es\/wp-json\/wp\/v2\/categories?post=95269"},{"taxonomy":"post_tag","embeddable":true,"href":"https:\/\/www.copealcoy.es\/es\/wp-json\/wp\/v2\/tags?post=95269"}],"curies":[{"name":"wp","href":"https:\/\/api.w.org\/{rel}","templated":true}]}}