{"id":9526,"date":"2015-01-08T06:37:32","date_gmt":"2015-01-08T06:37:32","guid":{"rendered":"http:\/\/copealcoi.es\/new\/?p=9526"},"modified":"2015-01-07T19:50:26","modified_gmt":"2015-01-07T19:50:26","slug":"el-traslado-de-los-juzgados-mas-cerca-2","status":"publish","type":"post","link":"https:\/\/www.copealcoy.es\/es\/el-traslado-de-los-juzgados-mas-cerca-2\/","title":{"rendered":"El traslado de los juzgados m\u00e1s cerca"},"content":{"rendered":"<p style=\"text-align: justify;\">El Gobierno Municipal de Alcoy conf\u00eda en que durante este mes se lleve a cabo el esperado traslado de los juzgados al edificio a la Verge Mar\u00eda seg\u00fan ha manifestado el alcalde, Antonio Franc\u00e9s, en declaraciones al peri\u00f3dico El Nostre. El primer edil explica que toda la documentaci\u00f3n entre el Ayuntamiento y la Conseller\u00eda ya est\u00e1 tramitada y que tan solo quedan algunos temas pendientes as\u00ed como la firma del convenio entre las dos administraciones que podr\u00eda materializarse en los pr\u00f3ximos d\u00edas.<\/p>\n<p style=\"text-align: justify;\">Recordar que tanto el Consistorio como la Generalitat han llegado a un acuerdo por el cual Justicia pagar\u00e1 anualmente un alquiler de 30.000 euros por un periodo de dos a\u00f1os que se puede prorrogar durante dos m\u00e1s. En ese periodo de tiempo el objetivo que se persigue es que se negocie para alcanzar una soluci\u00f3n que permita usar definitivamente las instalaciones de la Placeta de la Mare de D\u00e9u que en su d\u00eda rehabilit\u00f3 el Ayuntamiento.<\/p>\n<p style=\"text-align: justify;\">Indicar que una vez se firme el convenio la Conseller\u00eda acondicionar\u00e1 las nuevas instalaciones para que en un breve espacio de tiempo pueda empezar el cambio de las dependencias judiciales desde la Plaza Al-Azraq al nuevo inmueble.<\/p>\n","protected":false},"excerpt":{"rendered":"<p>El Gobierno Municipal de Alcoy conf\u00eda en que durante este mes se lleve a cabo el esperado traslado de los&#8230;<\/p>\n","protected":false},"author":1,"featured_media":9152,"comment_status":"open","ping_status":"open","sticky":false,"template":"","format":"standard","meta":{"footnotes":""},"categories":[97,75,125],"tags":[1494,440,245,185],"class_list":["post-9526","post","type-post","status-publish","format-standard","has-post-thumbnail","hentry","category-alcoy","category-noticias","category-portada","tag-alcoy","tag-justicia","tag-juzgados","tag-traslado"],"yoast_head":"<!-- This site is optimized with the Yoast SEO plugin v27.3 - https:\/\/yoast.com\/product\/yoast-seo-wordpress\/ -->\n<title>El traslado de los juzgados m\u00e1s cerca - COPE Alcoy<\/title>\n<meta name=\"robots\" content=\"index, follow, max-snippet:-1, max-image-preview:large, max-video-preview:-1\" \/>\n<link rel=\"canonical\" href=\"https:\/\/www.copealcoy.es\/es\/el-traslado-de-los-juzgados-mas-cerca-2\/\" \/>\n<meta property=\"og:locale\" content=\"es_ES\" \/>\n<meta property=\"og:type\" content=\"article\" \/>\n<meta property=\"og:title\" content=\"El traslado de los juzgados m\u00e1s cerca - COPE Alcoy\" \/>\n<meta property=\"og:description\" content=\"El Gobierno Municipal de Alcoy conf\u00eda en que durante este mes se lleve a cabo el esperado traslado de los...\" \/>\n<meta property=\"og:url\" content=\"https:\/\/www.copealcoy.es\/es\/el-traslado-de-los-juzgados-mas-cerca-2\/\" \/>\n<meta property=\"og:site_name\" content=\"COPE Alcoy\" \/>\n<meta property=\"article:published_time\" content=\"2015-01-08T06:37:32+00:00\" \/>\n<meta property=\"og:image\" content=\"https:\/\/www.copealcoy.es\/wp-content\/uploads\/2014\/12\/image109.jpg\" \/>\n\t<meta property=\"og:image:width\" content=\"300\" \/>\n\t<meta property=\"og:image:height\" content=\"230\" \/>\n\t<meta property=\"og:image:type\" content=\"image\/jpeg\" \/>\n<meta name=\"author\" content=\"Cope Alcoy\" \/>\n<meta name=\"twitter:label1\" content=\"Escrito por\" \/>\n\t<meta name=\"twitter:data1\" content=\"Cope Alcoy\" \/>\n\t<meta name=\"twitter:label2\" content=\"Tiempo de lectura\" \/>\n\t<meta name=\"twitter:data2\" content=\"1 minuto\" \/>\n<script type=\"application\/ld+json\" class=\"yoast-schema-graph\">{\"@context\":\"https:\\\/\\\/schema.org\",\"@graph\":[{\"@type\":\"Article\",\"@id\":\"https:\\\/\\\/www.copealcoy.es\\\/es\\\/el-traslado-de-los-juzgados-mas-cerca-2\\\/#article\",\"isPartOf\":{\"@id\":\"https:\\\/\\\/www.copealcoy.es\\\/es\\\/el-traslado-de-los-juzgados-mas-cerca-2\\\/\"},\"author\":{\"name\":\"Cope Alcoy\",\"@id\":\"https:\\\/\\\/www.copealcoy.es\\\/es\\\/#\\\/schema\\\/person\\\/e777c87fa024e57d40170af9df39882c\"},\"headline\":\"El traslado de los juzgados m\u00e1s cerca\",\"datePublished\":\"2015-01-08T06:37:32+00:00\",\"mainEntityOfPage\":{\"@id\":\"https:\\\/\\\/www.copealcoy.es\\\/es\\\/el-traslado-de-los-juzgados-mas-cerca-2\\\/\"},\"wordCount\":218,\"commentCount\":0,\"image\":{\"@id\":\"https:\\\/\\\/www.copealcoy.es\\\/es\\\/el-traslado-de-los-juzgados-mas-cerca-2\\\/#primaryimage\"},\"thumbnailUrl\":\"https:\\\/\\\/www.copealcoy.es\\\/wp-content\\\/uploads\\\/2014\\\/12\\\/image109.jpg\",\"keywords\":[\"Alcoy\",\"Justicia\",\"Juzgados\",\"Traslado\"],\"articleSection\":[\"Alcoy\",\"Noticias\",\"Portada\"],\"inLanguage\":\"es\"},{\"@type\":\"WebPage\",\"@id\":\"https:\\\/\\\/www.copealcoy.es\\\/es\\\/el-traslado-de-los-juzgados-mas-cerca-2\\\/\",\"url\":\"https:\\\/\\\/www.copealcoy.es\\\/es\\\/el-traslado-de-los-juzgados-mas-cerca-2\\\/\",\"name\":\"El traslado de los juzgados m\u00e1s cerca - COPE Alcoy\",\"isPartOf\":{\"@id\":\"https:\\\/\\\/www.copealcoy.es\\\/es\\\/#website\"},\"primaryImageOfPage\":{\"@id\":\"https:\\\/\\\/www.copealcoy.es\\\/es\\\/el-traslado-de-los-juzgados-mas-cerca-2\\\/#primaryimage\"},\"image\":{\"@id\":\"https:\\\/\\\/www.copealcoy.es\\\/es\\\/el-traslado-de-los-juzgados-mas-cerca-2\\\/#primaryimage\"},\"thumbnailUrl\":\"https:\\\/\\\/www.copealcoy.es\\\/wp-content\\\/uploads\\\/2014\\\/12\\\/image109.jpg\",\"datePublished\":\"2015-01-08T06:37:32+00:00\",\"author\":{\"@id\":\"https:\\\/\\\/www.copealcoy.es\\\/es\\\/#\\\/schema\\\/person\\\/e777c87fa024e57d40170af9df39882c\"},\"breadcrumb\":{\"@id\":\"https:\\\/\\\/www.copealcoy.es\\\/es\\\/el-traslado-de-los-juzgados-mas-cerca-2\\\/#breadcrumb\"},\"inLanguage\":\"es\",\"potentialAction\":[{\"@type\":\"ReadAction\",\"target\":[\"https:\\\/\\\/www.copealcoy.es\\\/es\\\/el-traslado-de-los-juzgados-mas-cerca-2\\\/\"]}]},{\"@type\":\"ImageObject\",\"inLanguage\":\"es\",\"@id\":\"https:\\\/\\\/www.copealcoy.es\\\/es\\\/el-traslado-de-los-juzgados-mas-cerca-2\\\/#primaryimage\",\"url\":\"https:\\\/\\\/www.copealcoy.es\\\/wp-content\\\/uploads\\\/2014\\\/12\\\/image109.jpg\",\"contentUrl\":\"https:\\\/\\\/www.copealcoy.es\\\/wp-content\\\/uploads\\\/2014\\\/12\\\/image109.jpg\",\"width\":300,\"height\":230,\"caption\":\"Palacio de Justicia de la Verge Mar\u00eda\"},{\"@type\":\"BreadcrumbList\",\"@id\":\"https:\\\/\\\/www.copealcoy.es\\\/es\\\/el-traslado-de-los-juzgados-mas-cerca-2\\\/#breadcrumb\",\"itemListElement\":[{\"@type\":\"ListItem\",\"position\":1,\"name\":\"Portada\",\"item\":\"https:\\\/\\\/www.copealcoy.es\\\/es\\\/\"},{\"@type\":\"ListItem\",\"position\":2,\"name\":\"El traslado de los juzgados m\u00e1s cerca\"}]},{\"@type\":\"WebSite\",\"@id\":\"https:\\\/\\\/www.copealcoy.es\\\/es\\\/#website\",\"url\":\"https:\\\/\\\/www.copealcoy.es\\\/es\\\/\",\"name\":\"COPE Alcoy\",\"description\":\"Emisora COPE de radio local con emisi\u00f3n online. Pont de Sant Jordi 8-10 03803 Alcoy\",\"potentialAction\":[{\"@type\":\"SearchAction\",\"target\":{\"@type\":\"EntryPoint\",\"urlTemplate\":\"https:\\\/\\\/www.copealcoy.es\\\/es\\\/?s={search_term_string}\"},\"query-input\":{\"@type\":\"PropertyValueSpecification\",\"valueRequired\":true,\"valueName\":\"search_term_string\"}}],\"inLanguage\":\"es\"},{\"@type\":\"Person\",\"@id\":\"https:\\\/\\\/www.copealcoy.es\\\/es\\\/#\\\/schema\\\/person\\\/e777c87fa024e57d40170af9df39882c\",\"name\":\"Cope Alcoy\",\"image\":{\"@type\":\"ImageObject\",\"inLanguage\":\"es\",\"@id\":\"https:\\\/\\\/secure.gravatar.com\\\/avatar\\\/bb65d0283347e303893ba14f0692005417c1e0e690a325a4c5d8bb2b3943ee14?s=96&d=mm&r=g\",\"url\":\"https:\\\/\\\/secure.gravatar.com\\\/avatar\\\/bb65d0283347e303893ba14f0692005417c1e0e690a325a4c5d8bb2b3943ee14?s=96&d=mm&r=g\",\"contentUrl\":\"https:\\\/\\\/secure.gravatar.com\\\/avatar\\\/bb65d0283347e303893ba14f0692005417c1e0e690a325a4c5d8bb2b3943ee14?s=96&d=mm&r=g\",\"caption\":\"Cope Alcoy\"}}]}<\/script>\n<!-- \/ Yoast SEO plugin. -->","yoast_head_json":{"title":"El traslado de los juzgados m\u00e1s cerca - COPE Alcoy","robots":{"index":"index","follow":"follow","max-snippet":"max-snippet:-1","max-image-preview":"max-image-preview:large","max-video-preview":"max-video-preview:-1"},"canonical":"https:\/\/www.copealcoy.es\/es\/el-traslado-de-los-juzgados-mas-cerca-2\/","og_locale":"es_ES","og_type":"article","og_title":"El traslado de los juzgados m\u00e1s cerca - COPE Alcoy","og_description":"El Gobierno Municipal de Alcoy conf\u00eda en que durante este mes se lleve a cabo el esperado traslado de los...","og_url":"https:\/\/www.copealcoy.es\/es\/el-traslado-de-los-juzgados-mas-cerca-2\/","og_site_name":"COPE Alcoy","article_published_time":"2015-01-08T06:37:32+00:00","og_image":[{"width":300,"height":230,"url":"https:\/\/www.copealcoy.es\/wp-content\/uploads\/2014\/12\/image109.jpg","type":"image\/jpeg"}],"author":"Cope Alcoy","twitter_misc":{"Escrito por":"Cope Alcoy","Tiempo de lectura":"1 minuto"},"schema":{"@context":"https:\/\/schema.org","@graph":[{"@type":"Article","@id":"https:\/\/www.copealcoy.es\/es\/el-traslado-de-los-juzgados-mas-cerca-2\/#article","isPartOf":{"@id":"https:\/\/www.copealcoy.es\/es\/el-traslado-de-los-juzgados-mas-cerca-2\/"},"author":{"name":"Cope Alcoy","@id":"https:\/\/www.copealcoy.es\/es\/#\/schema\/person\/e777c87fa024e57d40170af9df39882c"},"headline":"El traslado de los juzgados m\u00e1s cerca","datePublished":"2015-01-08T06:37:32+00:00","mainEntityOfPage":{"@id":"https:\/\/www.copealcoy.es\/es\/el-traslado-de-los-juzgados-mas-cerca-2\/"},"wordCount":218,"commentCount":0,"image":{"@id":"https:\/\/www.copealcoy.es\/es\/el-traslado-de-los-juzgados-mas-cerca-2\/#primaryimage"},"thumbnailUrl":"https:\/\/www.copealcoy.es\/wp-content\/uploads\/2014\/12\/image109.jpg","keywords":["Alcoy","Justicia","Juzgados","Traslado"],"articleSection":["Alcoy","Noticias","Portada"],"inLanguage":"es"},{"@type":"WebPage","@id":"https:\/\/www.copealcoy.es\/es\/el-traslado-de-los-juzgados-mas-cerca-2\/","url":"https:\/\/www.copealcoy.es\/es\/el-traslado-de-los-juzgados-mas-cerca-2\/","name":"El traslado de los juzgados m\u00e1s cerca - COPE Alcoy","isPartOf":{"@id":"https:\/\/www.copealcoy.es\/es\/#website"},"primaryImageOfPage":{"@id":"https:\/\/www.copealcoy.es\/es\/el-traslado-de-los-juzgados-mas-cerca-2\/#primaryimage"},"image":{"@id":"https:\/\/www.copealcoy.es\/es\/el-traslado-de-los-juzgados-mas-cerca-2\/#primaryimage"},"thumbnailUrl":"https:\/\/www.copealcoy.es\/wp-content\/uploads\/2014\/12\/image109.jpg","datePublished":"2015-01-08T06:37:32+00:00","author":{"@id":"https:\/\/www.copealcoy.es\/es\/#\/schema\/person\/e777c87fa024e57d40170af9df39882c"},"breadcrumb":{"@id":"https:\/\/www.copealcoy.es\/es\/el-traslado-de-los-juzgados-mas-cerca-2\/#breadcrumb"},"inLanguage":"es","potentialAction":[{"@type":"ReadAction","target":["https:\/\/www.copealcoy.es\/es\/el-traslado-de-los-juzgados-mas-cerca-2\/"]}]},{"@type":"ImageObject","inLanguage":"es","@id":"https:\/\/www.copealcoy.es\/es\/el-traslado-de-los-juzgados-mas-cerca-2\/#primaryimage","url":"https:\/\/www.copealcoy.es\/wp-content\/uploads\/2014\/12\/image109.jpg","contentUrl":"https:\/\/www.copealcoy.es\/wp-content\/uploads\/2014\/12\/image109.jpg","width":300,"height":230,"caption":"Palacio de Justicia de la Verge Mar\u00eda"},{"@type":"BreadcrumbList","@id":"https:\/\/www.copealcoy.es\/es\/el-traslado-de-los-juzgados-mas-cerca-2\/#breadcrumb","itemListElement":[{"@type":"ListItem","position":1,"name":"Portada","item":"https:\/\/www.copealcoy.es\/es\/"},{"@type":"ListItem","position":2,"name":"El traslado de los juzgados m\u00e1s cerca"}]},{"@type":"WebSite","@id":"https:\/\/www.copealcoy.es\/es\/#website","url":"https:\/\/www.copealcoy.es\/es\/","name":"COPE Alcoy","description":"Emisora COPE de radio local con emisi\u00f3n online. Pont de Sant Jordi 8-10 03803 Alcoy","potentialAction":[{"@type":"SearchAction","target":{"@type":"EntryPoint","urlTemplate":"https:\/\/www.copealcoy.es\/es\/?s={search_term_string}"},"query-input":{"@type":"PropertyValueSpecification","valueRequired":true,"valueName":"search_term_string"}}],"inLanguage":"es"},{"@type":"Person","@id":"https:\/\/www.copealcoy.es\/es\/#\/schema\/person\/e777c87fa024e57d40170af9df39882c","name":"Cope Alcoy","image":{"@type":"ImageObject","inLanguage":"es","@id":"https:\/\/secure.gravatar.com\/avatar\/bb65d0283347e303893ba14f0692005417c1e0e690a325a4c5d8bb2b3943ee14?s=96&d=mm&r=g","url":"https:\/\/secure.gravatar.com\/avatar\/bb65d0283347e303893ba14f0692005417c1e0e690a325a4c5d8bb2b3943ee14?s=96&d=mm&r=g","contentUrl":"https:\/\/secure.gravatar.com\/avatar\/bb65d0283347e303893ba14f0692005417c1e0e690a325a4c5d8bb2b3943ee14?s=96&d=mm&r=g","caption":"Cope Alcoy"}}]}},"_links":{"self":[{"href":"https:\/\/www.copealcoy.es\/es\/wp-json\/wp\/v2\/posts\/9526","targetHints":{"allow":["GET"]}}],"collection":[{"href":"https:\/\/www.copealcoy.es\/es\/wp-json\/wp\/v2\/posts"}],"about":[{"href":"https:\/\/www.copealcoy.es\/es\/wp-json\/wp\/v2\/types\/post"}],"author":[{"embeddable":true,"href":"https:\/\/www.copealcoy.es\/es\/wp-json\/wp\/v2\/users\/1"}],"replies":[{"embeddable":true,"href":"https:\/\/www.copealcoy.es\/es\/wp-json\/wp\/v2\/comments?post=9526"}],"version-history":[{"count":0,"href":"https:\/\/www.copealcoy.es\/es\/wp-json\/wp\/v2\/posts\/9526\/revisions"}],"wp:featuredmedia":[{"embeddable":true,"href":"https:\/\/www.copealcoy.es\/es\/wp-json\/wp\/v2\/media\/9152"}],"wp:attachment":[{"href":"https:\/\/www.copealcoy.es\/es\/wp-json\/wp\/v2\/media?parent=9526"}],"wp:term":[{"taxonomy":"category","embeddable":true,"href":"https:\/\/www.copealcoy.es\/es\/wp-json\/wp\/v2\/categories?post=9526"},{"taxonomy":"post_tag","embeddable":true,"href":"https:\/\/www.copealcoy.es\/es\/wp-json\/wp\/v2\/tags?post=9526"}],"curies":[{"name":"wp","href":"https:\/\/api.w.org\/{rel}","templated":true}]}}