{"id":95169,"date":"2022-12-13T17:38:06","date_gmt":"2022-12-13T16:38:06","guid":{"rendered":"https:\/\/www.copealcoy.es\/?p=95169"},"modified":"2022-12-13T19:15:49","modified_gmt":"2022-12-13T18:15:49","slug":"gran-acollida-de-la-nova-edicio-del-bo-consum-per-part-dels-comercos-dalcoi","status":"publish","type":"post","link":"https:\/\/www.copealcoy.es\/es\/gran-acollida-de-la-nova-edicio-del-bo-consum-per-part-dels-comercos-dalcoi\/","title":{"rendered":"Gran acollida de la nova edici\u00f3 del Bo Consum per part dels comer\u00e7os d&#8217;Alcoi"},"content":{"rendered":"<p style=\"text-align: justify;\">Aquest dijous 15 de desembre arrancar\u00e0 una nova campanya del <span style=\"color: #0000ff;\"><strong>Bo Consum &#8216;Reactivem Alcoi&#8217;<\/strong><\/span>, que estar\u00e0 disponible fins el 22 de desembre. Una iniciativa que <strong>t\u00e9 l&#8217;objectiu de potenciar el comer\u00e7 local de la ciutat<\/strong> i facilitar a les fam\u00edlies <strong>realitzar les seues compres<\/strong> de cara a les festes de Nadal.<\/p>\n<p>I pareix que la companya ha tingut bona acollida per part dels comerciants. &#8220;El 90% dels comer\u00e7os que van estar adherits en l&#8217;edici\u00f3 anterior, ja s&#8217;han interessat per tornar a participar&#8221;, ha assegurat la regidora de Comer\u00e7, <strong>Vanessa Molt\u00f3<\/strong>, que aquest dilluns es va reunir amb els comer\u00e7os.<\/p>\n<p style=\"text-align: justify;\">Els consumidors podran adquirir bons per valor de 20, 50 i 100 euros, fins a un import m\u00e0xim de 140 euros per persona, on l&#8217;Ajuntament finan\u00e7a el 50%. Aquests diners podran gastar-se en els comer\u00e7os locals que s&#8217;adherisquen a la campanya. &#8220;Un bo equival a una compra&#8221;, ha explicat Molt\u00f3. \u00c9s a dir, un bo nom\u00e9s es pot gastar en un comer\u00e7.<\/p>\n<p style=\"text-align: justify;\">La campanya compta amb el suport econ\u00f2mic de la <strong>Diputaci\u00f3 d&#8217;Alacant<\/strong>, amb una subvenci\u00f3 de 277.040 euros. Aix\u00ed ho va confirmar la regidora, preguntada pel <strong>Partit Popular<\/strong>, en el Ple de l&#8217;Ajuntament del passat 2 de desembre. El Consistori ser\u00e0 qui s&#8217;encarregue de la gesti\u00f3 de la plataforma per a comprar els bons.<\/p>\n<p>No obstant, es tracta d&#8217;una campanya de menor durada que l&#8217;anterior, per la qual cosa Molt\u00f3 anima als comer\u00e7os a adherir-se el m\u00e9s prompte possible. &#8220;Ser\u00e0 una campanya m\u00e9s curta, ja que l&#8217;Ajuntament ha de justificar les compres abans que acabe l&#8217;any&#8221;.<\/p>\n<p><span style=\"color: #333333;\"><strong>Adquirir el bons<\/strong><\/span><\/p>\n<p style=\"text-align: justify;\">La venda de bons s&#8217;habilitar\u00e0 el mateix 15 de desembre, a trav\u00e9s del portal web<strong> <span style=\"color: #0000ff;\"><a style=\"color: #0000ff;\" title=\"alcoibonoconsum.es (Obri en nova finestra)\" href=\"http:\/\/alcoibonoconsum.es\/\" target=\"_blank\" rel=\"noopener\" data-insuit-uuid=\"6037f1f3-d2fb-474d-9f8d-732a5797c981\">alcoibonoconsum.es<\/a>.<\/span><\/strong> A m\u00e9s hi haur\u00e0 venda presencial per als majors de 60 anys i les persones amb diversitat funcional. Aquesta tindr\u00e0 lloc el dia 20 de desembre, en l&#8217;Oficina de Comer\u00e7 situada al carrer Sant Francesc n\u00famero 38 d&#8217;Alcoi en horari de 10 a 14 hores.\u00a0 Per a la compra dels bons presencials, els consumidors <strong>hauran de personar-se amb targeta banc\u00e0ria per a fer el pagament<\/strong>.<\/p>\n<p style=\"text-align: justify;\">La campanya compta amb la col\u00b7laboraci\u00f3 de <strong>Facpyme<\/strong> (Federaci\u00f3 Alicantina de Comer\u00e7) i el suport d&#8217;entitats com <strong>ACECA<\/strong> (Associaci\u00f3 Comarcal d&#8217;Empresaris de Comer\u00e7), <strong>Federaci\u00f3 de Comer\u00e7<\/strong>, <strong>Cambra de Comer\u00e7<\/strong> i els <strong>mercats municipals<\/strong>. Aquesta edici\u00f3 se suma a la celebrada el passat octubre amb una gran repercussi\u00f3 econ\u00f2mica als comer\u00e7os d&#8217;Alcoi.<\/p>\n","protected":false},"excerpt":{"rendered":"<p>Aquest dijous 15 de desembre arrancar\u00e0 una nova campanya del Bo Consum &#8216;Reactivem Alcoi&#8217;, que estar\u00e0 disponible fins el 22&#8230;<\/p>\n","protected":false},"author":1,"featured_media":91997,"comment_status":"open","ping_status":"open","sticky":false,"template":"","format":"standard","meta":{"footnotes":""},"categories":[6909,97,75,79],"tags":[160,13174,336,9775],"class_list":["post-95169","post","type-post","status-publish","format-standard","has-post-thumbnail","hentry","category-actualidad","category-alcoy","category-noticias","category-politicayeconomia","tag-alcoi","tag-bo-consum","tag-nadal","tag-nova-campanya"],"yoast_head":"<!-- This site is optimized with the Yoast SEO plugin v27.3 - https:\/\/yoast.com\/product\/yoast-seo-wordpress\/ -->\n<title>Gran acollida de la nova edici\u00f3 del Bo Consum per part dels comer\u00e7os d&#039;Alcoi - COPE Alcoy<\/title>\n<meta name=\"description\" content=\"Aquest dijous 15 de desembre arrancar\u00e0 una nova campanya del &#039;Bo Consum Reactivem Alcoi&#039;, que estar\u00e0 disponible fins el 22 de desembre\" \/>\n<meta name=\"robots\" content=\"index, follow, max-snippet:-1, max-image-preview:large, max-video-preview:-1\" \/>\n<link rel=\"canonical\" href=\"https:\/\/www.copealcoy.es\/es\/gran-acollida-de-la-nova-edicio-del-bo-consum-per-part-dels-comercos-dalcoi\/\" \/>\n<meta property=\"og:locale\" content=\"es_ES\" \/>\n<meta property=\"og:type\" content=\"article\" \/>\n<meta property=\"og:title\" content=\"Gran acollida de la nova edici\u00f3 del Bo Consum per part dels comer\u00e7os d&#039;Alcoi - COPE Alcoy\" \/>\n<meta property=\"og:description\" content=\"Aquest dijous 15 de desembre arrancar\u00e0 una nova campanya del &#039;Bo Consum Reactivem Alcoi&#039;, que estar\u00e0 disponible fins el 22 de desembre\" \/>\n<meta property=\"og:url\" content=\"https:\/\/www.copealcoy.es\/es\/gran-acollida-de-la-nova-edicio-del-bo-consum-per-part-dels-comercos-dalcoi\/\" \/>\n<meta property=\"og:site_name\" content=\"COPE Alcoy\" \/>\n<meta property=\"article:published_time\" content=\"2022-12-13T16:38:06+00:00\" \/>\n<meta property=\"article:modified_time\" content=\"2022-12-13T18:15:49+00:00\" \/>\n<meta property=\"og:image\" content=\"https:\/\/www.copealcoy.es\/wp-content\/uploads\/2022\/09\/oficina-comerc.jpg\" \/>\n\t<meta property=\"og:image:width\" content=\"1200\" \/>\n\t<meta property=\"og:image:height\" content=\"900\" \/>\n\t<meta property=\"og:image:type\" content=\"image\/jpeg\" \/>\n<meta name=\"author\" content=\"Cope Alcoy\" \/>\n<meta name=\"twitter:label1\" content=\"Escrito por\" \/>\n\t<meta name=\"twitter:data1\" content=\"Cope Alcoy\" \/>\n\t<meta name=\"twitter:label2\" content=\"Tiempo de lectura\" \/>\n\t<meta name=\"twitter:data2\" content=\"2 minutos\" \/>\n<script type=\"application\/ld+json\" class=\"yoast-schema-graph\">{\"@context\":\"https:\\\/\\\/schema.org\",\"@graph\":[{\"@type\":\"Article\",\"@id\":\"https:\\\/\\\/www.copealcoy.es\\\/es\\\/gran-acollida-de-la-nova-edicio-del-bo-consum-per-part-dels-comercos-dalcoi\\\/#article\",\"isPartOf\":{\"@id\":\"https:\\\/\\\/www.copealcoy.es\\\/es\\\/gran-acollida-de-la-nova-edicio-del-bo-consum-per-part-dels-comercos-dalcoi\\\/\"},\"author\":{\"name\":\"Cope Alcoy\",\"@id\":\"https:\\\/\\\/www.copealcoy.es\\\/es\\\/#\\\/schema\\\/person\\\/e777c87fa024e57d40170af9df39882c\"},\"headline\":\"Gran acollida de la nova edici\u00f3 del Bo Consum per part dels comer\u00e7os d&#8217;Alcoi\",\"datePublished\":\"2022-12-13T16:38:06+00:00\",\"dateModified\":\"2022-12-13T18:15:49+00:00\",\"mainEntityOfPage\":{\"@id\":\"https:\\\/\\\/www.copealcoy.es\\\/es\\\/gran-acollida-de-la-nova-edicio-del-bo-consum-per-part-dels-comercos-dalcoi\\\/\"},\"wordCount\":428,\"commentCount\":0,\"image\":{\"@id\":\"https:\\\/\\\/www.copealcoy.es\\\/es\\\/gran-acollida-de-la-nova-edicio-del-bo-consum-per-part-dels-comercos-dalcoi\\\/#primaryimage\"},\"thumbnailUrl\":\"https:\\\/\\\/www.copealcoy.es\\\/wp-content\\\/uploads\\\/2022\\\/09\\\/oficina-comerc.jpg\",\"keywords\":[\"Alcoi\",\"bo consum\",\"Nadal\",\"nova campanya\"],\"articleSection\":[\"Actualidad\",\"Alcoy\",\"Noticias\",\"Pol\u00edtica y Econom\u00eda\"],\"inLanguage\":\"es\"},{\"@type\":\"WebPage\",\"@id\":\"https:\\\/\\\/www.copealcoy.es\\\/es\\\/gran-acollida-de-la-nova-edicio-del-bo-consum-per-part-dels-comercos-dalcoi\\\/\",\"url\":\"https:\\\/\\\/www.copealcoy.es\\\/es\\\/gran-acollida-de-la-nova-edicio-del-bo-consum-per-part-dels-comercos-dalcoi\\\/\",\"name\":\"Gran acollida de la nova edici\u00f3 del Bo Consum per part dels comer\u00e7os d'Alcoi - COPE Alcoy\",\"isPartOf\":{\"@id\":\"https:\\\/\\\/www.copealcoy.es\\\/es\\\/#website\"},\"primaryImageOfPage\":{\"@id\":\"https:\\\/\\\/www.copealcoy.es\\\/es\\\/gran-acollida-de-la-nova-edicio-del-bo-consum-per-part-dels-comercos-dalcoi\\\/#primaryimage\"},\"image\":{\"@id\":\"https:\\\/\\\/www.copealcoy.es\\\/es\\\/gran-acollida-de-la-nova-edicio-del-bo-consum-per-part-dels-comercos-dalcoi\\\/#primaryimage\"},\"thumbnailUrl\":\"https:\\\/\\\/www.copealcoy.es\\\/wp-content\\\/uploads\\\/2022\\\/09\\\/oficina-comerc.jpg\",\"datePublished\":\"2022-12-13T16:38:06+00:00\",\"dateModified\":\"2022-12-13T18:15:49+00:00\",\"author\":{\"@id\":\"https:\\\/\\\/www.copealcoy.es\\\/es\\\/#\\\/schema\\\/person\\\/e777c87fa024e57d40170af9df39882c\"},\"description\":\"Aquest dijous 15 de desembre arrancar\u00e0 una nova campanya del 'Bo Consum Reactivem Alcoi', que estar\u00e0 disponible fins el 22 de desembre\",\"breadcrumb\":{\"@id\":\"https:\\\/\\\/www.copealcoy.es\\\/es\\\/gran-acollida-de-la-nova-edicio-del-bo-consum-per-part-dels-comercos-dalcoi\\\/#breadcrumb\"},\"inLanguage\":\"es\",\"potentialAction\":[{\"@type\":\"ReadAction\",\"target\":[\"https:\\\/\\\/www.copealcoy.es\\\/es\\\/gran-acollida-de-la-nova-edicio-del-bo-consum-per-part-dels-comercos-dalcoi\\\/\"]}]},{\"@type\":\"ImageObject\",\"inLanguage\":\"es\",\"@id\":\"https:\\\/\\\/www.copealcoy.es\\\/es\\\/gran-acollida-de-la-nova-edicio-del-bo-consum-per-part-dels-comercos-dalcoi\\\/#primaryimage\",\"url\":\"https:\\\/\\\/www.copealcoy.es\\\/wp-content\\\/uploads\\\/2022\\\/09\\\/oficina-comerc.jpg\",\"contentUrl\":\"https:\\\/\\\/www.copealcoy.es\\\/wp-content\\\/uploads\\\/2022\\\/09\\\/oficina-comerc.jpg\",\"width\":1200,\"height\":900},{\"@type\":\"BreadcrumbList\",\"@id\":\"https:\\\/\\\/www.copealcoy.es\\\/es\\\/gran-acollida-de-la-nova-edicio-del-bo-consum-per-part-dels-comercos-dalcoi\\\/#breadcrumb\",\"itemListElement\":[{\"@type\":\"ListItem\",\"position\":1,\"name\":\"Portada\",\"item\":\"https:\\\/\\\/www.copealcoy.es\\\/es\\\/\"},{\"@type\":\"ListItem\",\"position\":2,\"name\":\"Gran acollida de la nova edici\u00f3 del Bo Consum per part dels comer\u00e7os d&#8217;Alcoi\"}]},{\"@type\":\"WebSite\",\"@id\":\"https:\\\/\\\/www.copealcoy.es\\\/es\\\/#website\",\"url\":\"https:\\\/\\\/www.copealcoy.es\\\/es\\\/\",\"name\":\"COPE Alcoy\",\"description\":\"Emisora COPE de radio local con emisi\u00f3n online. Pont de Sant Jordi 8-10 03803 Alcoy\",\"potentialAction\":[{\"@type\":\"SearchAction\",\"target\":{\"@type\":\"EntryPoint\",\"urlTemplate\":\"https:\\\/\\\/www.copealcoy.es\\\/es\\\/?s={search_term_string}\"},\"query-input\":{\"@type\":\"PropertyValueSpecification\",\"valueRequired\":true,\"valueName\":\"search_term_string\"}}],\"inLanguage\":\"es\"},{\"@type\":\"Person\",\"@id\":\"https:\\\/\\\/www.copealcoy.es\\\/es\\\/#\\\/schema\\\/person\\\/e777c87fa024e57d40170af9df39882c\",\"name\":\"Cope Alcoy\",\"image\":{\"@type\":\"ImageObject\",\"inLanguage\":\"es\",\"@id\":\"https:\\\/\\\/secure.gravatar.com\\\/avatar\\\/bb65d0283347e303893ba14f0692005417c1e0e690a325a4c5d8bb2b3943ee14?s=96&d=mm&r=g\",\"url\":\"https:\\\/\\\/secure.gravatar.com\\\/avatar\\\/bb65d0283347e303893ba14f0692005417c1e0e690a325a4c5d8bb2b3943ee14?s=96&d=mm&r=g\",\"contentUrl\":\"https:\\\/\\\/secure.gravatar.com\\\/avatar\\\/bb65d0283347e303893ba14f0692005417c1e0e690a325a4c5d8bb2b3943ee14?s=96&d=mm&r=g\",\"caption\":\"Cope Alcoy\"}}]}<\/script>\n<!-- \/ Yoast SEO plugin. -->","yoast_head_json":{"title":"Gran acollida de la nova edici\u00f3 del Bo Consum per part dels comer\u00e7os d'Alcoi - COPE Alcoy","description":"Aquest dijous 15 de desembre arrancar\u00e0 una nova campanya del 'Bo Consum Reactivem Alcoi', que estar\u00e0 disponible fins el 22 de desembre","robots":{"index":"index","follow":"follow","max-snippet":"max-snippet:-1","max-image-preview":"max-image-preview:large","max-video-preview":"max-video-preview:-1"},"canonical":"https:\/\/www.copealcoy.es\/es\/gran-acollida-de-la-nova-edicio-del-bo-consum-per-part-dels-comercos-dalcoi\/","og_locale":"es_ES","og_type":"article","og_title":"Gran acollida de la nova edici\u00f3 del Bo Consum per part dels comer\u00e7os d'Alcoi - COPE Alcoy","og_description":"Aquest dijous 15 de desembre arrancar\u00e0 una nova campanya del 'Bo Consum Reactivem Alcoi', que estar\u00e0 disponible fins el 22 de desembre","og_url":"https:\/\/www.copealcoy.es\/es\/gran-acollida-de-la-nova-edicio-del-bo-consum-per-part-dels-comercos-dalcoi\/","og_site_name":"COPE Alcoy","article_published_time":"2022-12-13T16:38:06+00:00","article_modified_time":"2022-12-13T18:15:49+00:00","og_image":[{"width":1200,"height":900,"url":"https:\/\/www.copealcoy.es\/wp-content\/uploads\/2022\/09\/oficina-comerc.jpg","type":"image\/jpeg"}],"author":"Cope Alcoy","twitter_misc":{"Escrito por":"Cope Alcoy","Tiempo de lectura":"2 minutos"},"schema":{"@context":"https:\/\/schema.org","@graph":[{"@type":"Article","@id":"https:\/\/www.copealcoy.es\/es\/gran-acollida-de-la-nova-edicio-del-bo-consum-per-part-dels-comercos-dalcoi\/#article","isPartOf":{"@id":"https:\/\/www.copealcoy.es\/es\/gran-acollida-de-la-nova-edicio-del-bo-consum-per-part-dels-comercos-dalcoi\/"},"author":{"name":"Cope Alcoy","@id":"https:\/\/www.copealcoy.es\/es\/#\/schema\/person\/e777c87fa024e57d40170af9df39882c"},"headline":"Gran acollida de la nova edici\u00f3 del Bo Consum per part dels comer\u00e7os d&#8217;Alcoi","datePublished":"2022-12-13T16:38:06+00:00","dateModified":"2022-12-13T18:15:49+00:00","mainEntityOfPage":{"@id":"https:\/\/www.copealcoy.es\/es\/gran-acollida-de-la-nova-edicio-del-bo-consum-per-part-dels-comercos-dalcoi\/"},"wordCount":428,"commentCount":0,"image":{"@id":"https:\/\/www.copealcoy.es\/es\/gran-acollida-de-la-nova-edicio-del-bo-consum-per-part-dels-comercos-dalcoi\/#primaryimage"},"thumbnailUrl":"https:\/\/www.copealcoy.es\/wp-content\/uploads\/2022\/09\/oficina-comerc.jpg","keywords":["Alcoi","bo consum","Nadal","nova campanya"],"articleSection":["Actualidad","Alcoy","Noticias","Pol\u00edtica y Econom\u00eda"],"inLanguage":"es"},{"@type":"WebPage","@id":"https:\/\/www.copealcoy.es\/es\/gran-acollida-de-la-nova-edicio-del-bo-consum-per-part-dels-comercos-dalcoi\/","url":"https:\/\/www.copealcoy.es\/es\/gran-acollida-de-la-nova-edicio-del-bo-consum-per-part-dels-comercos-dalcoi\/","name":"Gran acollida de la nova edici\u00f3 del Bo Consum per part dels comer\u00e7os d'Alcoi - COPE Alcoy","isPartOf":{"@id":"https:\/\/www.copealcoy.es\/es\/#website"},"primaryImageOfPage":{"@id":"https:\/\/www.copealcoy.es\/es\/gran-acollida-de-la-nova-edicio-del-bo-consum-per-part-dels-comercos-dalcoi\/#primaryimage"},"image":{"@id":"https:\/\/www.copealcoy.es\/es\/gran-acollida-de-la-nova-edicio-del-bo-consum-per-part-dels-comercos-dalcoi\/#primaryimage"},"thumbnailUrl":"https:\/\/www.copealcoy.es\/wp-content\/uploads\/2022\/09\/oficina-comerc.jpg","datePublished":"2022-12-13T16:38:06+00:00","dateModified":"2022-12-13T18:15:49+00:00","author":{"@id":"https:\/\/www.copealcoy.es\/es\/#\/schema\/person\/e777c87fa024e57d40170af9df39882c"},"description":"Aquest dijous 15 de desembre arrancar\u00e0 una nova campanya del 'Bo Consum Reactivem Alcoi', que estar\u00e0 disponible fins el 22 de desembre","breadcrumb":{"@id":"https:\/\/www.copealcoy.es\/es\/gran-acollida-de-la-nova-edicio-del-bo-consum-per-part-dels-comercos-dalcoi\/#breadcrumb"},"inLanguage":"es","potentialAction":[{"@type":"ReadAction","target":["https:\/\/www.copealcoy.es\/es\/gran-acollida-de-la-nova-edicio-del-bo-consum-per-part-dels-comercos-dalcoi\/"]}]},{"@type":"ImageObject","inLanguage":"es","@id":"https:\/\/www.copealcoy.es\/es\/gran-acollida-de-la-nova-edicio-del-bo-consum-per-part-dels-comercos-dalcoi\/#primaryimage","url":"https:\/\/www.copealcoy.es\/wp-content\/uploads\/2022\/09\/oficina-comerc.jpg","contentUrl":"https:\/\/www.copealcoy.es\/wp-content\/uploads\/2022\/09\/oficina-comerc.jpg","width":1200,"height":900},{"@type":"BreadcrumbList","@id":"https:\/\/www.copealcoy.es\/es\/gran-acollida-de-la-nova-edicio-del-bo-consum-per-part-dels-comercos-dalcoi\/#breadcrumb","itemListElement":[{"@type":"ListItem","position":1,"name":"Portada","item":"https:\/\/www.copealcoy.es\/es\/"},{"@type":"ListItem","position":2,"name":"Gran acollida de la nova edici\u00f3 del Bo Consum per part dels comer\u00e7os d&#8217;Alcoi"}]},{"@type":"WebSite","@id":"https:\/\/www.copealcoy.es\/es\/#website","url":"https:\/\/www.copealcoy.es\/es\/","name":"COPE Alcoy","description":"Emisora COPE de radio local con emisi\u00f3n online. Pont de Sant Jordi 8-10 03803 Alcoy","potentialAction":[{"@type":"SearchAction","target":{"@type":"EntryPoint","urlTemplate":"https:\/\/www.copealcoy.es\/es\/?s={search_term_string}"},"query-input":{"@type":"PropertyValueSpecification","valueRequired":true,"valueName":"search_term_string"}}],"inLanguage":"es"},{"@type":"Person","@id":"https:\/\/www.copealcoy.es\/es\/#\/schema\/person\/e777c87fa024e57d40170af9df39882c","name":"Cope Alcoy","image":{"@type":"ImageObject","inLanguage":"es","@id":"https:\/\/secure.gravatar.com\/avatar\/bb65d0283347e303893ba14f0692005417c1e0e690a325a4c5d8bb2b3943ee14?s=96&d=mm&r=g","url":"https:\/\/secure.gravatar.com\/avatar\/bb65d0283347e303893ba14f0692005417c1e0e690a325a4c5d8bb2b3943ee14?s=96&d=mm&r=g","contentUrl":"https:\/\/secure.gravatar.com\/avatar\/bb65d0283347e303893ba14f0692005417c1e0e690a325a4c5d8bb2b3943ee14?s=96&d=mm&r=g","caption":"Cope Alcoy"}}]}},"_links":{"self":[{"href":"https:\/\/www.copealcoy.es\/es\/wp-json\/wp\/v2\/posts\/95169","targetHints":{"allow":["GET"]}}],"collection":[{"href":"https:\/\/www.copealcoy.es\/es\/wp-json\/wp\/v2\/posts"}],"about":[{"href":"https:\/\/www.copealcoy.es\/es\/wp-json\/wp\/v2\/types\/post"}],"author":[{"embeddable":true,"href":"https:\/\/www.copealcoy.es\/es\/wp-json\/wp\/v2\/users\/1"}],"replies":[{"embeddable":true,"href":"https:\/\/www.copealcoy.es\/es\/wp-json\/wp\/v2\/comments?post=95169"}],"version-history":[{"count":0,"href":"https:\/\/www.copealcoy.es\/es\/wp-json\/wp\/v2\/posts\/95169\/revisions"}],"wp:featuredmedia":[{"embeddable":true,"href":"https:\/\/www.copealcoy.es\/es\/wp-json\/wp\/v2\/media\/91997"}],"wp:attachment":[{"href":"https:\/\/www.copealcoy.es\/es\/wp-json\/wp\/v2\/media?parent=95169"}],"wp:term":[{"taxonomy":"category","embeddable":true,"href":"https:\/\/www.copealcoy.es\/es\/wp-json\/wp\/v2\/categories?post=95169"},{"taxonomy":"post_tag","embeddable":true,"href":"https:\/\/www.copealcoy.es\/es\/wp-json\/wp\/v2\/tags?post=95169"}],"curies":[{"name":"wp","href":"https:\/\/api.w.org\/{rel}","templated":true}]}}