{"id":95123,"date":"2022-12-12T11:33:09","date_gmt":"2022-12-12T10:33:09","guid":{"rendered":"https:\/\/www.copealcoy.es\/?p=95123"},"modified":"2022-12-12T12:09:05","modified_gmt":"2022-12-12T11:09:05","slug":"una-nova-iniciativa-festera-amb-caracter-solidari-i-a-benefici-de-caritas-alcoi","status":"publish","type":"post","link":"https:\/\/www.copealcoy.es\/es\/una-nova-iniciativa-festera-amb-caracter-solidari-i-a-benefici-de-caritas-alcoi\/","title":{"rendered":"Una nova iniciativa festera amb car\u00e0cter solidari i a benefici de C\u00e0ritas Alcoi"},"content":{"rendered":"<p style=\"text-align: justify;\">La <span style=\"color: #0000ff;\"><a style=\"color: #0000ff;\" href=\"https:\/\/www.facebook.com\/filaalcodianos\"><strong>Fil\u00e0\u00a0<span class=\"hiddenSpellError\">Alcodianos<\/span><\/strong><\/a><\/span>\u00a0ostenta en 2023 el c\u00e0rrec d&#8217;<span class=\"hiddenSpellError\">alferesia cristiana <\/span><strong>en les nostres Festes de Moros i Cristians<\/strong> en honor a Sant Jordi i en aquest any tan especial <strong>Omar Castanyer\u00a0<span class=\"hiddenSpellError\">Pay\u00e0<\/span><\/strong> <strong>\u00e9s la persona encarregada de representar el personatge hist\u00f2ric de Moss\u00e9n <span class=\"hiddenSpellError\">Torregrosa<\/span><\/strong>. El protagonista <strong>ha impulsat diferents iniciatives solid\u00e0ries<\/strong> amb motiu de Nadal i ha passat per COPE ALCOI per a contar-nos tots els detalls de la proposta.<\/p>\n<p style=\"text-align: justify;\">Aquesta consisteix en <strong>una recollida de joguets<\/strong> que aniran destinats a C\u00e0ritas Alcoi per tal que puguen ser repartits entre les fam\u00edlies m\u00e9s desfavorides de la nostra ciutat. Tamb\u00e9 <strong>s&#8217;arreplega roba i llibres<\/strong> per a xiquets aix\u00ed com xiquetes &#8220;<em>s\u00ed que preguem que els objectes donats estiguen nous, seminous o en bon estat. Siguem emp\u00e0tics amb totes eixes persones que ho vagen a rebre<\/em>&#8220;, afirma Omar Castanyer. Els <strong>donatius<\/strong> es poden fer fins al 20 de desembre a la mateixa Fil\u00e0\u00a0<span class=\"hiddenSpellError\">Alcodianos<\/span>, en la pla\u00e7a\u00a0<span class=\"hiddenGreenError\">Moss\u00e8n<\/span>\u00a0Josep, els dilluns en horari de 20:<span class=\"hiddenGrammarError\">00h<\/span>\u00a0a 21:<span class=\"hiddenGrammarError\">30h<\/span>. Tamb\u00e9 <strong>es poden fer les aportacions<\/strong> al Restaurant de Torre de Cotes, cada dia excepte dimarts de 10:<span class=\"hiddenGrammarError\">30h<\/span>\u00a0a 17:<span class=\"hiddenGrammarError\">30h<\/span>, i a l&#8217;establiment Lola\u00a0<span class=\"hiddenSpellError\">Mond\u00e9jar<\/span>\u00a0<span class=\"hiddenSpellError\">Fotograf\u00eda<\/span>\u00a0en horari de mat\u00ed de 9:30 h a 14:<span class=\"hiddenGrammarError\">00h<\/span>. Omar Castanyer <strong>fa tamb\u00e9 una crida a la participaci\u00f3<\/strong> en aquesta campanya &#8220;<em>Alcoi sempre \u00e9s una ciutat solid\u00e0ria i ho demostra sempre aix\u00ed que esperem que molta gent fa\u00e7a la seua xicoteta aportaci\u00f3 per a les persones que mes ho necessiten en aquests moments<\/em>&#8220;, conclou.<\/p>\n<p style=\"text-align: justify;\">Cal destacar que aquesta activitat solid\u00e0ria <strong>se suma a altres que han tingut lloc recentment com l&#8217;XI marxa animal\u00edstica<\/strong>, a benefici de la &#8220;Protectora\u00a0<span class=\"hiddenGrammarError\">de Animales<\/span>\u00a0<span class=\"hiddenGrammarError\">y<\/span>\u00a0<span class=\"hiddenSpellError\">Plantas<\/span>\u00a0d&#8217;<span class=\"hiddenSpellError\">Alcoy<\/span>&#8220;, que va tindre lloc el diumenge 30 d&#8217;octubre. Tamb\u00e9 per a despr\u00e9s de Nadal est\u00e0 prevista <strong>una cal\u00e7otada solid\u00e0ria<\/strong> on la recaptaci\u00f3 obtinguda tamb\u00e9 anir\u00e0\u00a0destinada a fins solidaris.<\/p>\n<p style=\"text-align: justify;\">L&#8217;<strong>entrevista<\/strong> amb Omar Castanyer la pots escoltar ac\u00ed:<\/p>\n<p><iframe loading=\"lazy\" title=\"\u2018Mediod\u00eda Cope\u2019 Alcoi Divendres 9 De Desembre 2022 (13:20h)\" width=\"100%\" height=\"120\" src=\"https:\/\/www.mixcloud.com\/widget\/iframe\/?feed=https%3A%2F%2Fwww.mixcloud.com%2FCOPEAlcoy%2Fherrera-en-cope-alcoi-divendres-9-de-desembre-2022-1320h%2F&amp;hide_cover=1\" frameborder=\"0\"><\/iframe><\/p>\n","protected":false},"excerpt":{"rendered":"<p>La Fil\u00e0\u00a0Alcodianos\u00a0ostenta en 2023 el c\u00e0rrec d&#8217;alferesia cristiana en les nostres Festes de Moros i Cristians en honor a Sant&#8230;<\/p>\n","protected":false},"author":1,"featured_media":95124,"comment_status":"open","ping_status":"open","sticky":false,"template":"","format":"standard","meta":{"footnotes":""},"categories":[6909,97,78,75],"tags":[160,13329,13589,13587,13588],"class_list":["post-95123","post","type-post","status-publish","format-standard","has-post-thumbnail","hentry","category-actualidad","category-alcoy","category-fiestaycultura","category-noticias","tag-alcoi","tag-fila-alcodianos","tag-joguets","tag-omar-castanyer","tag-recollida-solidaria"],"yoast_head":"<!-- This site is optimized with the Yoast SEO plugin v27.3 - https:\/\/yoast.com\/product\/yoast-seo-wordpress\/ -->\n<title>Una nova iniciativa festera amb car\u00e0cter solidari i a benefici de C\u00e0ritas Alcoi - COPE Alcoy<\/title>\n<meta name=\"description\" content=\"La Fil\u00e0 Alcodianos i Moss\u00e9n Torregrossa 2023 han posat en marxa una recollida solid\u00e0ria de joguets a benefici de C\u00e0ritas Alcoi\" \/>\n<meta name=\"robots\" content=\"index, follow, max-snippet:-1, max-image-preview:large, max-video-preview:-1\" \/>\n<link rel=\"canonical\" href=\"https:\/\/www.copealcoy.es\/es\/una-nova-iniciativa-festera-amb-caracter-solidari-i-a-benefici-de-caritas-alcoi\/\" \/>\n<meta property=\"og:locale\" content=\"es_ES\" \/>\n<meta property=\"og:type\" content=\"article\" \/>\n<meta property=\"og:title\" content=\"Una nova iniciativa festera amb car\u00e0cter solidari i a benefici de C\u00e0ritas Alcoi - COPE Alcoy\" \/>\n<meta property=\"og:description\" content=\"La Fil\u00e0 Alcodianos i Moss\u00e9n Torregrossa 2023 han posat en marxa una recollida solid\u00e0ria de joguets a benefici de C\u00e0ritas Alcoi\" \/>\n<meta property=\"og:url\" content=\"https:\/\/www.copealcoy.es\/es\/una-nova-iniciativa-festera-amb-caracter-solidari-i-a-benefici-de-caritas-alcoi\/\" \/>\n<meta property=\"og:site_name\" content=\"COPE Alcoy\" \/>\n<meta property=\"article:published_time\" content=\"2022-12-12T10:33:09+00:00\" \/>\n<meta property=\"article:modified_time\" content=\"2022-12-12T11:09:05+00:00\" \/>\n<meta property=\"og:image\" content=\"https:\/\/www.copealcoy.es\/wp-content\/uploads\/2022\/12\/unnamed-5-scaled-e1670841168526.jpg\" \/>\n\t<meta property=\"og:image:width\" content=\"640\" \/>\n\t<meta property=\"og:image:height\" content=\"320\" \/>\n\t<meta property=\"og:image:type\" content=\"image\/jpeg\" \/>\n<meta name=\"author\" content=\"Cope Alcoy\" \/>\n<meta name=\"twitter:label1\" content=\"Escrito por\" \/>\n\t<meta name=\"twitter:data1\" content=\"Cope Alcoy\" \/>\n\t<meta name=\"twitter:label2\" content=\"Tiempo de lectura\" \/>\n\t<meta name=\"twitter:data2\" content=\"2 minutos\" \/>\n<script type=\"application\/ld+json\" class=\"yoast-schema-graph\">{\"@context\":\"https:\\\/\\\/schema.org\",\"@graph\":[{\"@type\":\"Article\",\"@id\":\"https:\\\/\\\/www.copealcoy.es\\\/es\\\/una-nova-iniciativa-festera-amb-caracter-solidari-i-a-benefici-de-caritas-alcoi\\\/#article\",\"isPartOf\":{\"@id\":\"https:\\\/\\\/www.copealcoy.es\\\/es\\\/una-nova-iniciativa-festera-amb-caracter-solidari-i-a-benefici-de-caritas-alcoi\\\/\"},\"author\":{\"name\":\"Cope Alcoy\",\"@id\":\"https:\\\/\\\/www.copealcoy.es\\\/es\\\/#\\\/schema\\\/person\\\/e777c87fa024e57d40170af9df39882c\"},\"headline\":\"Una nova iniciativa festera amb car\u00e0cter solidari i a benefici de C\u00e0ritas Alcoi\",\"datePublished\":\"2022-12-12T10:33:09+00:00\",\"dateModified\":\"2022-12-12T11:09:05+00:00\",\"mainEntityOfPage\":{\"@id\":\"https:\\\/\\\/www.copealcoy.es\\\/es\\\/una-nova-iniciativa-festera-amb-caracter-solidari-i-a-benefici-de-caritas-alcoi\\\/\"},\"wordCount\":357,\"commentCount\":0,\"image\":{\"@id\":\"https:\\\/\\\/www.copealcoy.es\\\/es\\\/una-nova-iniciativa-festera-amb-caracter-solidari-i-a-benefici-de-caritas-alcoi\\\/#primaryimage\"},\"thumbnailUrl\":\"https:\\\/\\\/www.copealcoy.es\\\/wp-content\\\/uploads\\\/2022\\\/12\\\/unnamed-5-scaled-e1670841168526.jpg\",\"keywords\":[\"Alcoi\",\"Fil\u00e0 Alcodianos\",\"joguets\",\"Omar Castanyer\",\"recollida solid\u00e0ria\"],\"articleSection\":[\"Actualidad\",\"Alcoy\",\"Fiesta y Cultura\",\"Noticias\"],\"inLanguage\":\"es\"},{\"@type\":\"WebPage\",\"@id\":\"https:\\\/\\\/www.copealcoy.es\\\/es\\\/una-nova-iniciativa-festera-amb-caracter-solidari-i-a-benefici-de-caritas-alcoi\\\/\",\"url\":\"https:\\\/\\\/www.copealcoy.es\\\/es\\\/una-nova-iniciativa-festera-amb-caracter-solidari-i-a-benefici-de-caritas-alcoi\\\/\",\"name\":\"Una nova iniciativa festera amb car\u00e0cter solidari i a benefici de C\u00e0ritas Alcoi - COPE Alcoy\",\"isPartOf\":{\"@id\":\"https:\\\/\\\/www.copealcoy.es\\\/es\\\/#website\"},\"primaryImageOfPage\":{\"@id\":\"https:\\\/\\\/www.copealcoy.es\\\/es\\\/una-nova-iniciativa-festera-amb-caracter-solidari-i-a-benefici-de-caritas-alcoi\\\/#primaryimage\"},\"image\":{\"@id\":\"https:\\\/\\\/www.copealcoy.es\\\/es\\\/una-nova-iniciativa-festera-amb-caracter-solidari-i-a-benefici-de-caritas-alcoi\\\/#primaryimage\"},\"thumbnailUrl\":\"https:\\\/\\\/www.copealcoy.es\\\/wp-content\\\/uploads\\\/2022\\\/12\\\/unnamed-5-scaled-e1670841168526.jpg\",\"datePublished\":\"2022-12-12T10:33:09+00:00\",\"dateModified\":\"2022-12-12T11:09:05+00:00\",\"author\":{\"@id\":\"https:\\\/\\\/www.copealcoy.es\\\/es\\\/#\\\/schema\\\/person\\\/e777c87fa024e57d40170af9df39882c\"},\"description\":\"La Fil\u00e0 Alcodianos i Moss\u00e9n Torregrossa 2023 han posat en marxa una recollida solid\u00e0ria de joguets a benefici de C\u00e0ritas Alcoi\",\"breadcrumb\":{\"@id\":\"https:\\\/\\\/www.copealcoy.es\\\/es\\\/una-nova-iniciativa-festera-amb-caracter-solidari-i-a-benefici-de-caritas-alcoi\\\/#breadcrumb\"},\"inLanguage\":\"es\",\"potentialAction\":[{\"@type\":\"ReadAction\",\"target\":[\"https:\\\/\\\/www.copealcoy.es\\\/es\\\/una-nova-iniciativa-festera-amb-caracter-solidari-i-a-benefici-de-caritas-alcoi\\\/\"]}]},{\"@type\":\"ImageObject\",\"inLanguage\":\"es\",\"@id\":\"https:\\\/\\\/www.copealcoy.es\\\/es\\\/una-nova-iniciativa-festera-amb-caracter-solidari-i-a-benefici-de-caritas-alcoi\\\/#primaryimage\",\"url\":\"https:\\\/\\\/www.copealcoy.es\\\/wp-content\\\/uploads\\\/2022\\\/12\\\/unnamed-5-scaled-e1670841168526.jpg\",\"contentUrl\":\"https:\\\/\\\/www.copealcoy.es\\\/wp-content\\\/uploads\\\/2022\\\/12\\\/unnamed-5-scaled-e1670841168526.jpg\",\"width\":640,\"height\":320},{\"@type\":\"BreadcrumbList\",\"@id\":\"https:\\\/\\\/www.copealcoy.es\\\/es\\\/una-nova-iniciativa-festera-amb-caracter-solidari-i-a-benefici-de-caritas-alcoi\\\/#breadcrumb\",\"itemListElement\":[{\"@type\":\"ListItem\",\"position\":1,\"name\":\"Portada\",\"item\":\"https:\\\/\\\/www.copealcoy.es\\\/es\\\/\"},{\"@type\":\"ListItem\",\"position\":2,\"name\":\"Una nova iniciativa festera amb car\u00e0cter solidari i a benefici de C\u00e0ritas Alcoi\"}]},{\"@type\":\"WebSite\",\"@id\":\"https:\\\/\\\/www.copealcoy.es\\\/es\\\/#website\",\"url\":\"https:\\\/\\\/www.copealcoy.es\\\/es\\\/\",\"name\":\"COPE Alcoy\",\"description\":\"Emisora COPE de radio local con emisi\u00f3n online. Pont de Sant Jordi 8-10 03803 Alcoy\",\"potentialAction\":[{\"@type\":\"SearchAction\",\"target\":{\"@type\":\"EntryPoint\",\"urlTemplate\":\"https:\\\/\\\/www.copealcoy.es\\\/es\\\/?s={search_term_string}\"},\"query-input\":{\"@type\":\"PropertyValueSpecification\",\"valueRequired\":true,\"valueName\":\"search_term_string\"}}],\"inLanguage\":\"es\"},{\"@type\":\"Person\",\"@id\":\"https:\\\/\\\/www.copealcoy.es\\\/es\\\/#\\\/schema\\\/person\\\/e777c87fa024e57d40170af9df39882c\",\"name\":\"Cope Alcoy\",\"image\":{\"@type\":\"ImageObject\",\"inLanguage\":\"es\",\"@id\":\"https:\\\/\\\/secure.gravatar.com\\\/avatar\\\/bb65d0283347e303893ba14f0692005417c1e0e690a325a4c5d8bb2b3943ee14?s=96&d=mm&r=g\",\"url\":\"https:\\\/\\\/secure.gravatar.com\\\/avatar\\\/bb65d0283347e303893ba14f0692005417c1e0e690a325a4c5d8bb2b3943ee14?s=96&d=mm&r=g\",\"contentUrl\":\"https:\\\/\\\/secure.gravatar.com\\\/avatar\\\/bb65d0283347e303893ba14f0692005417c1e0e690a325a4c5d8bb2b3943ee14?s=96&d=mm&r=g\",\"caption\":\"Cope Alcoy\"}}]}<\/script>\n<!-- \/ Yoast SEO plugin. -->","yoast_head_json":{"title":"Una nova iniciativa festera amb car\u00e0cter solidari i a benefici de C\u00e0ritas Alcoi - COPE Alcoy","description":"La Fil\u00e0 Alcodianos i Moss\u00e9n Torregrossa 2023 han posat en marxa una recollida solid\u00e0ria de joguets a benefici de C\u00e0ritas Alcoi","robots":{"index":"index","follow":"follow","max-snippet":"max-snippet:-1","max-image-preview":"max-image-preview:large","max-video-preview":"max-video-preview:-1"},"canonical":"https:\/\/www.copealcoy.es\/es\/una-nova-iniciativa-festera-amb-caracter-solidari-i-a-benefici-de-caritas-alcoi\/","og_locale":"es_ES","og_type":"article","og_title":"Una nova iniciativa festera amb car\u00e0cter solidari i a benefici de C\u00e0ritas Alcoi - COPE Alcoy","og_description":"La Fil\u00e0 Alcodianos i Moss\u00e9n Torregrossa 2023 han posat en marxa una recollida solid\u00e0ria de joguets a benefici de C\u00e0ritas Alcoi","og_url":"https:\/\/www.copealcoy.es\/es\/una-nova-iniciativa-festera-amb-caracter-solidari-i-a-benefici-de-caritas-alcoi\/","og_site_name":"COPE Alcoy","article_published_time":"2022-12-12T10:33:09+00:00","article_modified_time":"2022-12-12T11:09:05+00:00","og_image":[{"width":640,"height":320,"url":"https:\/\/www.copealcoy.es\/wp-content\/uploads\/2022\/12\/unnamed-5-scaled-e1670841168526.jpg","type":"image\/jpeg"}],"author":"Cope Alcoy","twitter_misc":{"Escrito por":"Cope Alcoy","Tiempo de lectura":"2 minutos"},"schema":{"@context":"https:\/\/schema.org","@graph":[{"@type":"Article","@id":"https:\/\/www.copealcoy.es\/es\/una-nova-iniciativa-festera-amb-caracter-solidari-i-a-benefici-de-caritas-alcoi\/#article","isPartOf":{"@id":"https:\/\/www.copealcoy.es\/es\/una-nova-iniciativa-festera-amb-caracter-solidari-i-a-benefici-de-caritas-alcoi\/"},"author":{"name":"Cope Alcoy","@id":"https:\/\/www.copealcoy.es\/es\/#\/schema\/person\/e777c87fa024e57d40170af9df39882c"},"headline":"Una nova iniciativa festera amb car\u00e0cter solidari i a benefici de C\u00e0ritas Alcoi","datePublished":"2022-12-12T10:33:09+00:00","dateModified":"2022-12-12T11:09:05+00:00","mainEntityOfPage":{"@id":"https:\/\/www.copealcoy.es\/es\/una-nova-iniciativa-festera-amb-caracter-solidari-i-a-benefici-de-caritas-alcoi\/"},"wordCount":357,"commentCount":0,"image":{"@id":"https:\/\/www.copealcoy.es\/es\/una-nova-iniciativa-festera-amb-caracter-solidari-i-a-benefici-de-caritas-alcoi\/#primaryimage"},"thumbnailUrl":"https:\/\/www.copealcoy.es\/wp-content\/uploads\/2022\/12\/unnamed-5-scaled-e1670841168526.jpg","keywords":["Alcoi","Fil\u00e0 Alcodianos","joguets","Omar Castanyer","recollida solid\u00e0ria"],"articleSection":["Actualidad","Alcoy","Fiesta y Cultura","Noticias"],"inLanguage":"es"},{"@type":"WebPage","@id":"https:\/\/www.copealcoy.es\/es\/una-nova-iniciativa-festera-amb-caracter-solidari-i-a-benefici-de-caritas-alcoi\/","url":"https:\/\/www.copealcoy.es\/es\/una-nova-iniciativa-festera-amb-caracter-solidari-i-a-benefici-de-caritas-alcoi\/","name":"Una nova iniciativa festera amb car\u00e0cter solidari i a benefici de C\u00e0ritas Alcoi - COPE Alcoy","isPartOf":{"@id":"https:\/\/www.copealcoy.es\/es\/#website"},"primaryImageOfPage":{"@id":"https:\/\/www.copealcoy.es\/es\/una-nova-iniciativa-festera-amb-caracter-solidari-i-a-benefici-de-caritas-alcoi\/#primaryimage"},"image":{"@id":"https:\/\/www.copealcoy.es\/es\/una-nova-iniciativa-festera-amb-caracter-solidari-i-a-benefici-de-caritas-alcoi\/#primaryimage"},"thumbnailUrl":"https:\/\/www.copealcoy.es\/wp-content\/uploads\/2022\/12\/unnamed-5-scaled-e1670841168526.jpg","datePublished":"2022-12-12T10:33:09+00:00","dateModified":"2022-12-12T11:09:05+00:00","author":{"@id":"https:\/\/www.copealcoy.es\/es\/#\/schema\/person\/e777c87fa024e57d40170af9df39882c"},"description":"La Fil\u00e0 Alcodianos i Moss\u00e9n Torregrossa 2023 han posat en marxa una recollida solid\u00e0ria de joguets a benefici de C\u00e0ritas Alcoi","breadcrumb":{"@id":"https:\/\/www.copealcoy.es\/es\/una-nova-iniciativa-festera-amb-caracter-solidari-i-a-benefici-de-caritas-alcoi\/#breadcrumb"},"inLanguage":"es","potentialAction":[{"@type":"ReadAction","target":["https:\/\/www.copealcoy.es\/es\/una-nova-iniciativa-festera-amb-caracter-solidari-i-a-benefici-de-caritas-alcoi\/"]}]},{"@type":"ImageObject","inLanguage":"es","@id":"https:\/\/www.copealcoy.es\/es\/una-nova-iniciativa-festera-amb-caracter-solidari-i-a-benefici-de-caritas-alcoi\/#primaryimage","url":"https:\/\/www.copealcoy.es\/wp-content\/uploads\/2022\/12\/unnamed-5-scaled-e1670841168526.jpg","contentUrl":"https:\/\/www.copealcoy.es\/wp-content\/uploads\/2022\/12\/unnamed-5-scaled-e1670841168526.jpg","width":640,"height":320},{"@type":"BreadcrumbList","@id":"https:\/\/www.copealcoy.es\/es\/una-nova-iniciativa-festera-amb-caracter-solidari-i-a-benefici-de-caritas-alcoi\/#breadcrumb","itemListElement":[{"@type":"ListItem","position":1,"name":"Portada","item":"https:\/\/www.copealcoy.es\/es\/"},{"@type":"ListItem","position":2,"name":"Una nova iniciativa festera amb car\u00e0cter solidari i a benefici de C\u00e0ritas Alcoi"}]},{"@type":"WebSite","@id":"https:\/\/www.copealcoy.es\/es\/#website","url":"https:\/\/www.copealcoy.es\/es\/","name":"COPE Alcoy","description":"Emisora COPE de radio local con emisi\u00f3n online. Pont de Sant Jordi 8-10 03803 Alcoy","potentialAction":[{"@type":"SearchAction","target":{"@type":"EntryPoint","urlTemplate":"https:\/\/www.copealcoy.es\/es\/?s={search_term_string}"},"query-input":{"@type":"PropertyValueSpecification","valueRequired":true,"valueName":"search_term_string"}}],"inLanguage":"es"},{"@type":"Person","@id":"https:\/\/www.copealcoy.es\/es\/#\/schema\/person\/e777c87fa024e57d40170af9df39882c","name":"Cope Alcoy","image":{"@type":"ImageObject","inLanguage":"es","@id":"https:\/\/secure.gravatar.com\/avatar\/bb65d0283347e303893ba14f0692005417c1e0e690a325a4c5d8bb2b3943ee14?s=96&d=mm&r=g","url":"https:\/\/secure.gravatar.com\/avatar\/bb65d0283347e303893ba14f0692005417c1e0e690a325a4c5d8bb2b3943ee14?s=96&d=mm&r=g","contentUrl":"https:\/\/secure.gravatar.com\/avatar\/bb65d0283347e303893ba14f0692005417c1e0e690a325a4c5d8bb2b3943ee14?s=96&d=mm&r=g","caption":"Cope Alcoy"}}]}},"_links":{"self":[{"href":"https:\/\/www.copealcoy.es\/es\/wp-json\/wp\/v2\/posts\/95123","targetHints":{"allow":["GET"]}}],"collection":[{"href":"https:\/\/www.copealcoy.es\/es\/wp-json\/wp\/v2\/posts"}],"about":[{"href":"https:\/\/www.copealcoy.es\/es\/wp-json\/wp\/v2\/types\/post"}],"author":[{"embeddable":true,"href":"https:\/\/www.copealcoy.es\/es\/wp-json\/wp\/v2\/users\/1"}],"replies":[{"embeddable":true,"href":"https:\/\/www.copealcoy.es\/es\/wp-json\/wp\/v2\/comments?post=95123"}],"version-history":[{"count":0,"href":"https:\/\/www.copealcoy.es\/es\/wp-json\/wp\/v2\/posts\/95123\/revisions"}],"wp:featuredmedia":[{"embeddable":true,"href":"https:\/\/www.copealcoy.es\/es\/wp-json\/wp\/v2\/media\/95124"}],"wp:attachment":[{"href":"https:\/\/www.copealcoy.es\/es\/wp-json\/wp\/v2\/media?parent=95123"}],"wp:term":[{"taxonomy":"category","embeddable":true,"href":"https:\/\/www.copealcoy.es\/es\/wp-json\/wp\/v2\/categories?post=95123"},{"taxonomy":"post_tag","embeddable":true,"href":"https:\/\/www.copealcoy.es\/es\/wp-json\/wp\/v2\/tags?post=95123"}],"curies":[{"name":"wp","href":"https:\/\/api.w.org\/{rel}","templated":true}]}}