{"id":95088,"date":"2022-12-09T16:35:36","date_gmt":"2022-12-09T15:35:36","guid":{"rendered":"https:\/\/www.copealcoy.es\/?p=95088"},"modified":"2022-12-09T16:55:15","modified_gmt":"2022-12-09T15:55:15","slug":"alcoi-amplia-el-llimit-de-renda-per-a-accedir-a-les-ajudes-per-al-pagament-de-serveis","status":"publish","type":"post","link":"https:\/\/www.copealcoy.es\/es\/alcoi-amplia-el-llimit-de-renda-per-a-accedir-a-les-ajudes-per-al-pagament-de-serveis\/","title":{"rendered":"Alcoi amplia el ll\u00edmit de renda per a accedir a les ajudes per al pagament de serveis"},"content":{"rendered":"<p style=\"text-align: justify;\">El ple de <a href=\"https:\/\/www.alcoi.org\/ca\/portal\/index.html\"><strong><span style=\"color: #0000ff;\">l&#8217;Ajuntament d&#8217;Alcoi<\/span><\/strong><\/a> va aprovar la passada setmana <strong>una modificaci\u00f3 del reglament d&#8217;ajudes econ\u00f2miques<\/strong>, el document que regula el pagament de serveis i subministraments b\u00e0sics de la llar a les fam\u00edlies en situaci\u00f3 de precarietat. Aquesta proposta <strong>va tirar endavant amb els vots favorables del Partit Socialista, Comprom\u00eds, Ciutadans, Podem Alcoi, Guanyar i el regidor No Adscrit<\/strong>. Per la seua banda Partit Popular i VOX es varen abstenir.<\/p>\n<p style=\"text-align: justify;\">Cal destacar que la iniciativa aprovada contempla <strong>ampliar el llindar de renda per a poder acollir-se a aquestes mesures dels 12.000 als 14.000 euros<\/strong> de renda anuals bruts per a tota la unitat familiar. D&#8217;aquesta manera, segons la informaci\u00f3 facilitada, <strong>els beneficiaris rebran una ajuda de 150 euros anuals amb car\u00e0cter general<\/strong> per a la unitat familiar que no supere els 14.000 euros bruts anuals. No obstant aix\u00f2, <strong>es fixen uns sup\u00f2sits que permeten elevar la quantitat als 200 euros anuals, que s\u00f3n per a les unitats familiars amb fill\/s o filla\/s menors de tres anys, unitats familiars amb discapacitats\/as amb minusvalideses iguals o superiors al 65%, unitats familiars amb v\u00edctimes per viol\u00e8ncia de g\u00e8nere i fam\u00edlies nombroses i monoparentals<\/strong>. En aquest sentit, destaquen des del Govern Municipal, que <strong>nom\u00e9s es podr\u00e0 rebre l&#8217;ajuda<\/strong> per un dels sup\u00f2sits regulats anteriorment i la mateixa ser\u00e0 compatible amb altres subvencions, ajudes, ingressos o recursos per a la mateixa o an\u00e0loga finalitat procedents de qualssevol administracions o ens p\u00fablics o privats &#8220;<em>continuem treballant perqu\u00e8 les fam\u00edlies puguen tindre en les seues llars cobertes els serveis m\u00ednims. Ara, hem fet un pas m\u00e9s i hem augmentat el llindar de renda, per a arribar a unitats familiars amb ingressos de fins a 14.000 euros. Amb aquestes ajudes podran contribuir al pagament dels rebuts de la llum i el gas, davant la pujada de preus de les diferents fonts d&#8217;energia que estem patint en aquests moments. Mesures que venen a sumar-se a la bonificaci\u00f3 del 60% en el rebut de la de fem o del primer tram de l&#8217;aigua<\/em>&#8220;, apunta la regidora d&#8217;Hisenda;<strong> Vanessa Molt\u00f3<\/strong>.<\/p>\n<p style=\"text-align: justify;\">Per altre costat <strong>s&#8217;ha augmentat el llindar de la renda per a poder acollir-se a la bonificaci\u00f3 del fem del 60%<\/strong> i del <strong>primer tram de l&#8217;aigua<\/strong>. L&#8217;objectiu, remarquen des de l&#8217;Ajuntament, \u00e9s garantir d&#8217;aquesta manera l&#8217;acc\u00e9s a serveis b\u00e0sics de les persones m\u00e9s vulnerables.<\/p>\n","protected":false},"excerpt":{"rendered":"<p>El ple de l&#8217;Ajuntament d&#8217;Alcoi va aprovar la passada setmana una modificaci\u00f3 del reglament d&#8217;ajudes econ\u00f2miques, el document que regula&#8230;<\/p>\n","protected":false},"author":1,"featured_media":76821,"comment_status":"open","ping_status":"open","sticky":false,"template":"","format":"standard","meta":{"footnotes":""},"categories":[6909,97,75,79],"tags":[12582,9761,160,13580,12761,13581],"class_list":["post-95088","post","type-post","status-publish","format-standard","has-post-thumbnail","hentry","category-actualidad","category-alcoy","category-noticias","category-politicayeconomia","tag-acces","tag-ajuntament","tag-alcoi","tag-llimit","tag-renda","tag-serveis-basics"],"yoast_head":"<!-- This site is optimized with the Yoast SEO plugin v27.3 - https:\/\/yoast.com\/product\/yoast-seo-wordpress\/ -->\n<title>Alcoi amplia el ll\u00edmit de renda per a accedir a les ajudes per al pagament de serveis - COPE Alcoy<\/title>\n<meta name=\"robots\" content=\"index, follow, max-snippet:-1, max-image-preview:large, max-video-preview:-1\" \/>\n<link rel=\"canonical\" href=\"https:\/\/www.copealcoy.es\/es\/alcoi-amplia-el-llimit-de-renda-per-a-accedir-a-les-ajudes-per-al-pagament-de-serveis\/\" \/>\n<meta property=\"og:locale\" content=\"es_ES\" \/>\n<meta property=\"og:type\" content=\"article\" \/>\n<meta property=\"og:title\" content=\"Alcoi amplia el ll\u00edmit de renda per a accedir a les ajudes per al pagament de serveis - COPE Alcoy\" \/>\n<meta property=\"og:description\" content=\"El ple de l&#8217;Ajuntament d&#8217;Alcoi va aprovar la passada setmana una modificaci\u00f3 del reglament d&#8217;ajudes econ\u00f2miques, el document que regula...\" \/>\n<meta property=\"og:url\" content=\"https:\/\/www.copealcoy.es\/es\/alcoi-amplia-el-llimit-de-renda-per-a-accedir-a-les-ajudes-per-al-pagament-de-serveis\/\" \/>\n<meta property=\"og:site_name\" content=\"COPE Alcoy\" \/>\n<meta property=\"article:published_time\" content=\"2022-12-09T15:35:36+00:00\" \/>\n<meta property=\"article:modified_time\" content=\"2022-12-09T15:55:15+00:00\" \/>\n<meta property=\"og:image\" content=\"https:\/\/www.copealcoy.es\/wp-content\/uploads\/2021\/08\/ajuntament-2-e1629909036832.jpg\" \/>\n\t<meta property=\"og:image:width\" content=\"960\" \/>\n\t<meta property=\"og:image:height\" content=\"532\" \/>\n\t<meta property=\"og:image:type\" content=\"image\/jpeg\" \/>\n<meta name=\"author\" content=\"Cope Alcoy\" \/>\n<meta name=\"twitter:label1\" content=\"Escrito por\" \/>\n\t<meta name=\"twitter:data1\" content=\"Cope Alcoy\" \/>\n\t<meta name=\"twitter:label2\" content=\"Tiempo de lectura\" \/>\n\t<meta name=\"twitter:data2\" content=\"2 minutos\" \/>\n<script type=\"application\/ld+json\" class=\"yoast-schema-graph\">{\"@context\":\"https:\\\/\\\/schema.org\",\"@graph\":[{\"@type\":\"Article\",\"@id\":\"https:\\\/\\\/www.copealcoy.es\\\/es\\\/alcoi-amplia-el-llimit-de-renda-per-a-accedir-a-les-ajudes-per-al-pagament-de-serveis\\\/#article\",\"isPartOf\":{\"@id\":\"https:\\\/\\\/www.copealcoy.es\\\/es\\\/alcoi-amplia-el-llimit-de-renda-per-a-accedir-a-les-ajudes-per-al-pagament-de-serveis\\\/\"},\"author\":{\"name\":\"Cope Alcoy\",\"@id\":\"https:\\\/\\\/www.copealcoy.es\\\/es\\\/#\\\/schema\\\/person\\\/e777c87fa024e57d40170af9df39882c\"},\"headline\":\"Alcoi amplia el ll\u00edmit de renda per a accedir a les ajudes per al pagament de serveis\",\"datePublished\":\"2022-12-09T15:35:36+00:00\",\"dateModified\":\"2022-12-09T15:55:15+00:00\",\"mainEntityOfPage\":{\"@id\":\"https:\\\/\\\/www.copealcoy.es\\\/es\\\/alcoi-amplia-el-llimit-de-renda-per-a-accedir-a-les-ajudes-per-al-pagament-de-serveis\\\/\"},\"wordCount\":431,\"commentCount\":0,\"image\":{\"@id\":\"https:\\\/\\\/www.copealcoy.es\\\/es\\\/alcoi-amplia-el-llimit-de-renda-per-a-accedir-a-les-ajudes-per-al-pagament-de-serveis\\\/#primaryimage\"},\"thumbnailUrl\":\"https:\\\/\\\/www.copealcoy.es\\\/wp-content\\\/uploads\\\/2021\\\/08\\\/ajuntament-2-e1629909036832.jpg\",\"keywords\":[\"acc\u00e9s\",\"Ajuntament\",\"Alcoi\",\"ll\u00edmit\",\"renda\",\"serveis b\u00e0sics\"],\"articleSection\":[\"Actualidad\",\"Alcoy\",\"Noticias\",\"Pol\u00edtica y Econom\u00eda\"],\"inLanguage\":\"es\"},{\"@type\":\"WebPage\",\"@id\":\"https:\\\/\\\/www.copealcoy.es\\\/es\\\/alcoi-amplia-el-llimit-de-renda-per-a-accedir-a-les-ajudes-per-al-pagament-de-serveis\\\/\",\"url\":\"https:\\\/\\\/www.copealcoy.es\\\/es\\\/alcoi-amplia-el-llimit-de-renda-per-a-accedir-a-les-ajudes-per-al-pagament-de-serveis\\\/\",\"name\":\"Alcoi amplia el ll\u00edmit de renda per a accedir a les ajudes per al pagament de serveis - COPE Alcoy\",\"isPartOf\":{\"@id\":\"https:\\\/\\\/www.copealcoy.es\\\/es\\\/#website\"},\"primaryImageOfPage\":{\"@id\":\"https:\\\/\\\/www.copealcoy.es\\\/es\\\/alcoi-amplia-el-llimit-de-renda-per-a-accedir-a-les-ajudes-per-al-pagament-de-serveis\\\/#primaryimage\"},\"image\":{\"@id\":\"https:\\\/\\\/www.copealcoy.es\\\/es\\\/alcoi-amplia-el-llimit-de-renda-per-a-accedir-a-les-ajudes-per-al-pagament-de-serveis\\\/#primaryimage\"},\"thumbnailUrl\":\"https:\\\/\\\/www.copealcoy.es\\\/wp-content\\\/uploads\\\/2021\\\/08\\\/ajuntament-2-e1629909036832.jpg\",\"datePublished\":\"2022-12-09T15:35:36+00:00\",\"dateModified\":\"2022-12-09T15:55:15+00:00\",\"author\":{\"@id\":\"https:\\\/\\\/www.copealcoy.es\\\/es\\\/#\\\/schema\\\/person\\\/e777c87fa024e57d40170af9df39882c\"},\"breadcrumb\":{\"@id\":\"https:\\\/\\\/www.copealcoy.es\\\/es\\\/alcoi-amplia-el-llimit-de-renda-per-a-accedir-a-les-ajudes-per-al-pagament-de-serveis\\\/#breadcrumb\"},\"inLanguage\":\"es\",\"potentialAction\":[{\"@type\":\"ReadAction\",\"target\":[\"https:\\\/\\\/www.copealcoy.es\\\/es\\\/alcoi-amplia-el-llimit-de-renda-per-a-accedir-a-les-ajudes-per-al-pagament-de-serveis\\\/\"]}]},{\"@type\":\"ImageObject\",\"inLanguage\":\"es\",\"@id\":\"https:\\\/\\\/www.copealcoy.es\\\/es\\\/alcoi-amplia-el-llimit-de-renda-per-a-accedir-a-les-ajudes-per-al-pagament-de-serveis\\\/#primaryimage\",\"url\":\"https:\\\/\\\/www.copealcoy.es\\\/wp-content\\\/uploads\\\/2021\\\/08\\\/ajuntament-2-e1629909036832.jpg\",\"contentUrl\":\"https:\\\/\\\/www.copealcoy.es\\\/wp-content\\\/uploads\\\/2021\\\/08\\\/ajuntament-2-e1629909036832.jpg\",\"width\":960,\"height\":532},{\"@type\":\"BreadcrumbList\",\"@id\":\"https:\\\/\\\/www.copealcoy.es\\\/es\\\/alcoi-amplia-el-llimit-de-renda-per-a-accedir-a-les-ajudes-per-al-pagament-de-serveis\\\/#breadcrumb\",\"itemListElement\":[{\"@type\":\"ListItem\",\"position\":1,\"name\":\"Portada\",\"item\":\"https:\\\/\\\/www.copealcoy.es\\\/es\\\/\"},{\"@type\":\"ListItem\",\"position\":2,\"name\":\"Alcoi amplia el ll\u00edmit de renda per a accedir a les ajudes per al pagament de serveis\"}]},{\"@type\":\"WebSite\",\"@id\":\"https:\\\/\\\/www.copealcoy.es\\\/es\\\/#website\",\"url\":\"https:\\\/\\\/www.copealcoy.es\\\/es\\\/\",\"name\":\"COPE Alcoy\",\"description\":\"Emisora COPE de radio local con emisi\u00f3n online. Pont de Sant Jordi 8-10 03803 Alcoy\",\"potentialAction\":[{\"@type\":\"SearchAction\",\"target\":{\"@type\":\"EntryPoint\",\"urlTemplate\":\"https:\\\/\\\/www.copealcoy.es\\\/es\\\/?s={search_term_string}\"},\"query-input\":{\"@type\":\"PropertyValueSpecification\",\"valueRequired\":true,\"valueName\":\"search_term_string\"}}],\"inLanguage\":\"es\"},{\"@type\":\"Person\",\"@id\":\"https:\\\/\\\/www.copealcoy.es\\\/es\\\/#\\\/schema\\\/person\\\/e777c87fa024e57d40170af9df39882c\",\"name\":\"Cope Alcoy\",\"image\":{\"@type\":\"ImageObject\",\"inLanguage\":\"es\",\"@id\":\"https:\\\/\\\/secure.gravatar.com\\\/avatar\\\/bb65d0283347e303893ba14f0692005417c1e0e690a325a4c5d8bb2b3943ee14?s=96&d=mm&r=g\",\"url\":\"https:\\\/\\\/secure.gravatar.com\\\/avatar\\\/bb65d0283347e303893ba14f0692005417c1e0e690a325a4c5d8bb2b3943ee14?s=96&d=mm&r=g\",\"contentUrl\":\"https:\\\/\\\/secure.gravatar.com\\\/avatar\\\/bb65d0283347e303893ba14f0692005417c1e0e690a325a4c5d8bb2b3943ee14?s=96&d=mm&r=g\",\"caption\":\"Cope Alcoy\"}}]}<\/script>\n<!-- \/ Yoast SEO plugin. -->","yoast_head_json":{"title":"Alcoi amplia el ll\u00edmit de renda per a accedir a les ajudes per al pagament de serveis - COPE Alcoy","robots":{"index":"index","follow":"follow","max-snippet":"max-snippet:-1","max-image-preview":"max-image-preview:large","max-video-preview":"max-video-preview:-1"},"canonical":"https:\/\/www.copealcoy.es\/es\/alcoi-amplia-el-llimit-de-renda-per-a-accedir-a-les-ajudes-per-al-pagament-de-serveis\/","og_locale":"es_ES","og_type":"article","og_title":"Alcoi amplia el ll\u00edmit de renda per a accedir a les ajudes per al pagament de serveis - COPE Alcoy","og_description":"El ple de l&#8217;Ajuntament d&#8217;Alcoi va aprovar la passada setmana una modificaci\u00f3 del reglament d&#8217;ajudes econ\u00f2miques, el document que regula...","og_url":"https:\/\/www.copealcoy.es\/es\/alcoi-amplia-el-llimit-de-renda-per-a-accedir-a-les-ajudes-per-al-pagament-de-serveis\/","og_site_name":"COPE Alcoy","article_published_time":"2022-12-09T15:35:36+00:00","article_modified_time":"2022-12-09T15:55:15+00:00","og_image":[{"width":960,"height":532,"url":"https:\/\/www.copealcoy.es\/wp-content\/uploads\/2021\/08\/ajuntament-2-e1629909036832.jpg","type":"image\/jpeg"}],"author":"Cope Alcoy","twitter_misc":{"Escrito por":"Cope Alcoy","Tiempo de lectura":"2 minutos"},"schema":{"@context":"https:\/\/schema.org","@graph":[{"@type":"Article","@id":"https:\/\/www.copealcoy.es\/es\/alcoi-amplia-el-llimit-de-renda-per-a-accedir-a-les-ajudes-per-al-pagament-de-serveis\/#article","isPartOf":{"@id":"https:\/\/www.copealcoy.es\/es\/alcoi-amplia-el-llimit-de-renda-per-a-accedir-a-les-ajudes-per-al-pagament-de-serveis\/"},"author":{"name":"Cope Alcoy","@id":"https:\/\/www.copealcoy.es\/es\/#\/schema\/person\/e777c87fa024e57d40170af9df39882c"},"headline":"Alcoi amplia el ll\u00edmit de renda per a accedir a les ajudes per al pagament de serveis","datePublished":"2022-12-09T15:35:36+00:00","dateModified":"2022-12-09T15:55:15+00:00","mainEntityOfPage":{"@id":"https:\/\/www.copealcoy.es\/es\/alcoi-amplia-el-llimit-de-renda-per-a-accedir-a-les-ajudes-per-al-pagament-de-serveis\/"},"wordCount":431,"commentCount":0,"image":{"@id":"https:\/\/www.copealcoy.es\/es\/alcoi-amplia-el-llimit-de-renda-per-a-accedir-a-les-ajudes-per-al-pagament-de-serveis\/#primaryimage"},"thumbnailUrl":"https:\/\/www.copealcoy.es\/wp-content\/uploads\/2021\/08\/ajuntament-2-e1629909036832.jpg","keywords":["acc\u00e9s","Ajuntament","Alcoi","ll\u00edmit","renda","serveis b\u00e0sics"],"articleSection":["Actualidad","Alcoy","Noticias","Pol\u00edtica y Econom\u00eda"],"inLanguage":"es"},{"@type":"WebPage","@id":"https:\/\/www.copealcoy.es\/es\/alcoi-amplia-el-llimit-de-renda-per-a-accedir-a-les-ajudes-per-al-pagament-de-serveis\/","url":"https:\/\/www.copealcoy.es\/es\/alcoi-amplia-el-llimit-de-renda-per-a-accedir-a-les-ajudes-per-al-pagament-de-serveis\/","name":"Alcoi amplia el ll\u00edmit de renda per a accedir a les ajudes per al pagament de serveis - COPE Alcoy","isPartOf":{"@id":"https:\/\/www.copealcoy.es\/es\/#website"},"primaryImageOfPage":{"@id":"https:\/\/www.copealcoy.es\/es\/alcoi-amplia-el-llimit-de-renda-per-a-accedir-a-les-ajudes-per-al-pagament-de-serveis\/#primaryimage"},"image":{"@id":"https:\/\/www.copealcoy.es\/es\/alcoi-amplia-el-llimit-de-renda-per-a-accedir-a-les-ajudes-per-al-pagament-de-serveis\/#primaryimage"},"thumbnailUrl":"https:\/\/www.copealcoy.es\/wp-content\/uploads\/2021\/08\/ajuntament-2-e1629909036832.jpg","datePublished":"2022-12-09T15:35:36+00:00","dateModified":"2022-12-09T15:55:15+00:00","author":{"@id":"https:\/\/www.copealcoy.es\/es\/#\/schema\/person\/e777c87fa024e57d40170af9df39882c"},"breadcrumb":{"@id":"https:\/\/www.copealcoy.es\/es\/alcoi-amplia-el-llimit-de-renda-per-a-accedir-a-les-ajudes-per-al-pagament-de-serveis\/#breadcrumb"},"inLanguage":"es","potentialAction":[{"@type":"ReadAction","target":["https:\/\/www.copealcoy.es\/es\/alcoi-amplia-el-llimit-de-renda-per-a-accedir-a-les-ajudes-per-al-pagament-de-serveis\/"]}]},{"@type":"ImageObject","inLanguage":"es","@id":"https:\/\/www.copealcoy.es\/es\/alcoi-amplia-el-llimit-de-renda-per-a-accedir-a-les-ajudes-per-al-pagament-de-serveis\/#primaryimage","url":"https:\/\/www.copealcoy.es\/wp-content\/uploads\/2021\/08\/ajuntament-2-e1629909036832.jpg","contentUrl":"https:\/\/www.copealcoy.es\/wp-content\/uploads\/2021\/08\/ajuntament-2-e1629909036832.jpg","width":960,"height":532},{"@type":"BreadcrumbList","@id":"https:\/\/www.copealcoy.es\/es\/alcoi-amplia-el-llimit-de-renda-per-a-accedir-a-les-ajudes-per-al-pagament-de-serveis\/#breadcrumb","itemListElement":[{"@type":"ListItem","position":1,"name":"Portada","item":"https:\/\/www.copealcoy.es\/es\/"},{"@type":"ListItem","position":2,"name":"Alcoi amplia el ll\u00edmit de renda per a accedir a les ajudes per al pagament de serveis"}]},{"@type":"WebSite","@id":"https:\/\/www.copealcoy.es\/es\/#website","url":"https:\/\/www.copealcoy.es\/es\/","name":"COPE Alcoy","description":"Emisora COPE de radio local con emisi\u00f3n online. Pont de Sant Jordi 8-10 03803 Alcoy","potentialAction":[{"@type":"SearchAction","target":{"@type":"EntryPoint","urlTemplate":"https:\/\/www.copealcoy.es\/es\/?s={search_term_string}"},"query-input":{"@type":"PropertyValueSpecification","valueRequired":true,"valueName":"search_term_string"}}],"inLanguage":"es"},{"@type":"Person","@id":"https:\/\/www.copealcoy.es\/es\/#\/schema\/person\/e777c87fa024e57d40170af9df39882c","name":"Cope Alcoy","image":{"@type":"ImageObject","inLanguage":"es","@id":"https:\/\/secure.gravatar.com\/avatar\/bb65d0283347e303893ba14f0692005417c1e0e690a325a4c5d8bb2b3943ee14?s=96&d=mm&r=g","url":"https:\/\/secure.gravatar.com\/avatar\/bb65d0283347e303893ba14f0692005417c1e0e690a325a4c5d8bb2b3943ee14?s=96&d=mm&r=g","contentUrl":"https:\/\/secure.gravatar.com\/avatar\/bb65d0283347e303893ba14f0692005417c1e0e690a325a4c5d8bb2b3943ee14?s=96&d=mm&r=g","caption":"Cope Alcoy"}}]}},"_links":{"self":[{"href":"https:\/\/www.copealcoy.es\/es\/wp-json\/wp\/v2\/posts\/95088","targetHints":{"allow":["GET"]}}],"collection":[{"href":"https:\/\/www.copealcoy.es\/es\/wp-json\/wp\/v2\/posts"}],"about":[{"href":"https:\/\/www.copealcoy.es\/es\/wp-json\/wp\/v2\/types\/post"}],"author":[{"embeddable":true,"href":"https:\/\/www.copealcoy.es\/es\/wp-json\/wp\/v2\/users\/1"}],"replies":[{"embeddable":true,"href":"https:\/\/www.copealcoy.es\/es\/wp-json\/wp\/v2\/comments?post=95088"}],"version-history":[{"count":0,"href":"https:\/\/www.copealcoy.es\/es\/wp-json\/wp\/v2\/posts\/95088\/revisions"}],"wp:featuredmedia":[{"embeddable":true,"href":"https:\/\/www.copealcoy.es\/es\/wp-json\/wp\/v2\/media\/76821"}],"wp:attachment":[{"href":"https:\/\/www.copealcoy.es\/es\/wp-json\/wp\/v2\/media?parent=95088"}],"wp:term":[{"taxonomy":"category","embeddable":true,"href":"https:\/\/www.copealcoy.es\/es\/wp-json\/wp\/v2\/categories?post=95088"},{"taxonomy":"post_tag","embeddable":true,"href":"https:\/\/www.copealcoy.es\/es\/wp-json\/wp\/v2\/tags?post=95088"}],"curies":[{"name":"wp","href":"https:\/\/api.w.org\/{rel}","templated":true}]}}