{"id":95017,"date":"2022-12-08T17:00:10","date_gmt":"2022-12-08T16:00:10","guid":{"rendered":"https:\/\/www.copealcoy.es\/?p=95017"},"modified":"2022-12-08T17:34:56","modified_gmt":"2022-12-08T16:34:56","slug":"les-llums-de-nadal-dalcoi-no-il%c2%b7luminen-a-gust-de-tots","status":"publish","type":"post","link":"https:\/\/www.copealcoy.es\/es\/les-llums-de-nadal-dalcoi-no-il%c2%b7luminen-a-gust-de-tots\/","title":{"rendered":"Les llums de Nadal d&#8217;Alcoi no il\u00b7luminen a gust de tots"},"content":{"rendered":"<p style=\"text-align: justify;\">Alcoi <strong>va donar la benvinguda a les festes de Nadal el passat dissabte<\/strong> i ho va fer amb <strong>l&#8217;encesa de la il\u00b7luminaci\u00f3 especial<\/strong> que <strong>ja est\u00e0 repartida pels principals carrers de la ciutat<\/strong>. Enguany <strong>trobem canvis significatius<\/strong>, ja que s&#8217;ha produ\u00eft una reducci\u00f3 d&#8217;elements ornamentals en algunes vies.<\/p>\n<p style=\"text-align: justify;\">L&#8217;explicaci\u00f3 la trobem en el fet que<strong><a href=\"https:\/\/www.copealcoy.es\/alcoi-podria-estalviar-mes-de-30-000-euros-en-les-llums-de-nadal-i-planteja-continuar-assumint-la-instal%c2%b7lacio\/\"><span style=\"color: #0000ff;\"> ha sigut l&#8217;Ajuntament qui ha assumit les tasques de muntatge i compra de l&#8217;enllumena<\/span><\/a>t<\/strong> donat que cap empresa es va presentar al concurs convocat a tal efecte pel Consistori. D&#8217;aquesta forma, als carrers del Centre per on transcorre la Cavalcada, <strong>trobem l&#8217;enramada inspirada en\u00a0<span class=\"hiddenGreenError\">el Nadal<\/span> Alcoi\u00e0<\/strong> que es va estrenar fa uns anys i que tan bona acceptaci\u00f3 ha tingut entre ve\u00efns, comerciants, hostalers o turistes. Per altre costat <strong>en carrers comercials com l&#8217;Alameda, Enten\u00e7a, Moss\u00e9n Torregrossa o Santa Rosa la decoraci\u00f3 \u00e9s inferior a altres anys<\/strong> i aix\u00f2 <strong>no ha agradat massa a molta gent segons les queixes manifestades en els \u00faltims dies<\/strong> a trav\u00e9s de plataformes com les xarxes socials. Tampoc convencen <strong>els motius decoratius col\u00b7locats a l&#8217;Avinguda de la Hispanitat, Batoi o el carrer Oliver<\/strong>. El fet que haja assumit el Consistori aquesta feina <strong>ha portat com a resultat que no hi haja llums en vies com G\u00f3ngora, Isabel La Cat\u00f2lica, alguns carrers de la Zona Nord o Sant Tom\u00e0s<\/strong> segons denunciava el candidat del PP a l&#8217;alcaldia d&#8217;Alcoi en les Eleccions Municipals de 2023; <span class=\"hiddenSpellError\">Carlos<\/span>\u00a0Pastor.<\/p>\n<p style=\"text-align: justify;\">Un altre element que troben a faltar molts alcoians i moltes alcoianes <strong>\u00e9s el gran arbre que en els \u00faltims anys il\u00b7luminava la Pla\u00e7a d&#8217;Espanya<\/strong> des del centre de La Bandeja. En aquest punt neur\u00e0lgic s\u00ed que trobem <strong>el cl\u00e0ssic naixement i el retaule del Tirisiti<\/strong> on, en aquest \u00faltim, <strong>han sigut refor\u00e7ades algunes figures<\/strong> per tal que enes puguem fer fotos amb total seguretat.<\/p>\n<div id='gallery-1' class='gallery galleryid-95017 gallery-columns-2 gallery-size-full'><figure class='gallery-item'>\n\t\t\t<div class='gallery-icon landscape'>\n\t\t\t\t<a href='https:\/\/www.copealcoy.es\/es\/les-llums-de-nadal-dalcoi-no-il%c2%b7luminen-a-gust-de-tots\/unnamed-1-64\/'><img loading=\"lazy\" decoding=\"async\" width=\"640\" height=\"480\" src=\"https:\/\/www.copealcoy.es\/wp-content\/uploads\/2022\/12\/unnamed-1-1-scaled-e1670515194225.jpg\" class=\"attachment-full size-full\" alt=\"\" aria-describedby=\"gallery-1-95018\" \/><\/a>\n\t\t\t<\/div>\n\t\t\t\t<figcaption class='wp-caption-text gallery-caption' id='gallery-1-95018'>\n\t\t\t\tLlums Nadal Alcoi 2022\n\t\t\t\t<\/figcaption><\/figure><figure class='gallery-item'>\n\t\t\t<div class='gallery-icon landscape'>\n\t\t\t\t<a href='https:\/\/www.copealcoy.es\/es\/les-llums-de-nadal-dalcoi-no-il%c2%b7luminen-a-gust-de-tots\/img-4153\/'><img loading=\"lazy\" decoding=\"async\" width=\"1440\" height=\"1080\" src=\"https:\/\/www.copealcoy.es\/wp-content\/uploads\/2022\/12\/IMG-4153-scaled.jpg\" class=\"attachment-full size-full\" alt=\"\" aria-describedby=\"gallery-1-95025\" srcset=\"https:\/\/www.copealcoy.es\/wp-content\/uploads\/2022\/12\/IMG-4153-scaled.jpg 1440w, https:\/\/www.copealcoy.es\/wp-content\/uploads\/2022\/12\/IMG-4153-768x576.jpg 768w, https:\/\/www.copealcoy.es\/wp-content\/uploads\/2022\/12\/IMG-4153-1536x1152.jpg 1536w, https:\/\/www.copealcoy.es\/wp-content\/uploads\/2022\/12\/IMG-4153-2048x1536.jpg 2048w\" sizes=\"auto, (max-width: 1440px) 100vw, 1440px\" \/><\/a>\n\t\t\t<\/div>\n\t\t\t\t<figcaption class='wp-caption-text gallery-caption' id='gallery-1-95025'>\n\t\t\t\tLlums Nadal Alcoi 2022\n\t\t\t\t<\/figcaption><\/figure><figure class='gallery-item'>\n\t\t\t<div class='gallery-icon landscape'>\n\t\t\t\t<a href='https:\/\/www.copealcoy.es\/es\/les-llums-de-nadal-dalcoi-no-il%c2%b7luminen-a-gust-de-tots\/img-4149\/'><img loading=\"lazy\" decoding=\"async\" width=\"1440\" height=\"1080\" src=\"https:\/\/www.copealcoy.es\/wp-content\/uploads\/2022\/12\/IMG-4149-scaled.jpg\" class=\"attachment-full size-full\" alt=\"\" aria-describedby=\"gallery-1-95027\" srcset=\"https:\/\/www.copealcoy.es\/wp-content\/uploads\/2022\/12\/IMG-4149-scaled.jpg 1440w, https:\/\/www.copealcoy.es\/wp-content\/uploads\/2022\/12\/IMG-4149-768x576.jpg 768w, https:\/\/www.copealcoy.es\/wp-content\/uploads\/2022\/12\/IMG-4149-1536x1152.jpg 1536w, https:\/\/www.copealcoy.es\/wp-content\/uploads\/2022\/12\/IMG-4149-2048x1536.jpg 2048w\" sizes=\"auto, (max-width: 1440px) 100vw, 1440px\" \/><\/a>\n\t\t\t<\/div>\n\t\t\t\t<figcaption class='wp-caption-text gallery-caption' id='gallery-1-95027'>\n\t\t\t\tLlums Nadal Alcoi 2022\n\t\t\t\t<\/figcaption><\/figure><figure class='gallery-item'>\n\t\t\t<div class='gallery-icon landscape'>\n\t\t\t\t<a href='https:\/\/www.copealcoy.es\/es\/les-llums-de-nadal-dalcoi-no-il%c2%b7luminen-a-gust-de-tots\/img-4157\/'><img loading=\"lazy\" decoding=\"async\" width=\"1440\" height=\"1080\" src=\"https:\/\/www.copealcoy.es\/wp-content\/uploads\/2022\/12\/IMG-4157-scaled.jpg\" class=\"attachment-full size-full\" alt=\"\" aria-describedby=\"gallery-1-95024\" srcset=\"https:\/\/www.copealcoy.es\/wp-content\/uploads\/2022\/12\/IMG-4157-scaled.jpg 1440w, https:\/\/www.copealcoy.es\/wp-content\/uploads\/2022\/12\/IMG-4157-768x576.jpg 768w, https:\/\/www.copealcoy.es\/wp-content\/uploads\/2022\/12\/IMG-4157-1536x1152.jpg 1536w, https:\/\/www.copealcoy.es\/wp-content\/uploads\/2022\/12\/IMG-4157-2048x1536.jpg 2048w\" sizes=\"auto, (max-width: 1440px) 100vw, 1440px\" \/><\/a>\n\t\t\t<\/div>\n\t\t\t\t<figcaption class='wp-caption-text gallery-caption' id='gallery-1-95024'>\n\t\t\t\tLlums Nadal Alcoi 2022\n\t\t\t\t<\/figcaption><\/figure><figure class='gallery-item'>\n\t\t\t<div class='gallery-icon landscape'>\n\t\t\t\t<a href='https:\/\/www.copealcoy.es\/es\/les-llums-de-nadal-dalcoi-no-il%c2%b7luminen-a-gust-de-tots\/img-4150\/'><img loading=\"lazy\" decoding=\"async\" width=\"1440\" height=\"1080\" src=\"https:\/\/www.copealcoy.es\/wp-content\/uploads\/2022\/12\/IMG-4150-scaled.jpg\" class=\"attachment-full size-full\" alt=\"\" aria-describedby=\"gallery-1-95026\" srcset=\"https:\/\/www.copealcoy.es\/wp-content\/uploads\/2022\/12\/IMG-4150-scaled.jpg 1440w, https:\/\/www.copealcoy.es\/wp-content\/uploads\/2022\/12\/IMG-4150-768x576.jpg 768w, https:\/\/www.copealcoy.es\/wp-content\/uploads\/2022\/12\/IMG-4150-1536x1152.jpg 1536w, https:\/\/www.copealcoy.es\/wp-content\/uploads\/2022\/12\/IMG-4150-2048x1536.jpg 2048w\" sizes=\"auto, (max-width: 1440px) 100vw, 1440px\" \/><\/a>\n\t\t\t<\/div>\n\t\t\t\t<figcaption class='wp-caption-text gallery-caption' id='gallery-1-95026'>\n\t\t\t\tLlums Nadal Alcoi 2022\n\t\t\t\t<\/figcaption><\/figure><figure class='gallery-item'>\n\t\t\t<div class='gallery-icon landscape'>\n\t\t\t\t<a href='https:\/\/www.copealcoy.es\/es\/les-llums-de-nadal-dalcoi-no-il%c2%b7luminen-a-gust-de-tots\/318971884_10224927708994239_2994103895865914910_n\/'><img loading=\"lazy\" decoding=\"async\" width=\"1440\" height=\"1080\" src=\"https:\/\/www.copealcoy.es\/wp-content\/uploads\/2022\/12\/318971884_10224927708994239_2994103895865914910_n-scaled.jpg\" class=\"attachment-full size-full\" alt=\"\" aria-describedby=\"gallery-1-95023\" srcset=\"https:\/\/www.copealcoy.es\/wp-content\/uploads\/2022\/12\/318971884_10224927708994239_2994103895865914910_n-scaled.jpg 1440w, https:\/\/www.copealcoy.es\/wp-content\/uploads\/2022\/12\/318971884_10224927708994239_2994103895865914910_n-768x576.jpg 768w, https:\/\/www.copealcoy.es\/wp-content\/uploads\/2022\/12\/318971884_10224927708994239_2994103895865914910_n-1536x1152.jpg 1536w\" sizes=\"auto, (max-width: 1440px) 100vw, 1440px\" \/><\/a>\n\t\t\t<\/div>\n\t\t\t\t<figcaption class='wp-caption-text gallery-caption' id='gallery-1-95023'>\n\t\t\t\tLlums Nadal Alcoi 2022\n\t\t\t\t<\/figcaption><\/figure>\n\t\t<\/div>\n\n","protected":false},"excerpt":{"rendered":"<p>Alcoi va donar la benvinguda a les festes de Nadal el passat dissabte i ho va fer amb l&#8217;encesa de&#8230;<\/p>\n","protected":false},"author":1,"featured_media":95018,"comment_status":"open","ping_status":"open","sticky":false,"template":"","format":"standard","meta":{"footnotes":""},"categories":[6909,97,78,75],"tags":[160,13571,12122,12121],"class_list":["post-95017","post","type-post","status-publish","format-standard","has-post-thumbnail","hentry","category-actualidad","category-alcoy","category-fiestaycultura","category-noticias","tag-alcoi","tag-decoracio","tag-encesa","tag-llums-de-nadal"],"yoast_head":"<!-- This site is optimized with the Yoast SEO plugin v27.3 - https:\/\/yoast.com\/product\/yoast-seo-wordpress\/ -->\n<title>Les llums de Nadal d&#039;Alcoi no il\u00b7luminen a gust de tots - COPE Alcoy<\/title>\n<meta name=\"description\" content=\"Alcoi va donar la benvinguda a les festes de Nadal el passat dissabte i ho va fer amb l&#039;encesa de la il\u00b7luminaci\u00f3 especial\" \/>\n<meta name=\"robots\" content=\"index, follow, max-snippet:-1, max-image-preview:large, max-video-preview:-1\" \/>\n<link rel=\"canonical\" href=\"https:\/\/www.copealcoy.es\/es\/les-llums-de-nadal-dalcoi-no-il%c2%b7luminen-a-gust-de-tots\/\" \/>\n<meta property=\"og:locale\" content=\"es_ES\" \/>\n<meta property=\"og:type\" content=\"article\" \/>\n<meta property=\"og:title\" content=\"Les llums de Nadal d&#039;Alcoi no il\u00b7luminen a gust de tots - COPE Alcoy\" \/>\n<meta property=\"og:description\" content=\"Alcoi va donar la benvinguda a les festes de Nadal el passat dissabte i ho va fer amb l&#039;encesa de la il\u00b7luminaci\u00f3 especial\" \/>\n<meta property=\"og:url\" content=\"https:\/\/www.copealcoy.es\/es\/les-llums-de-nadal-dalcoi-no-il%c2%b7luminen-a-gust-de-tots\/\" \/>\n<meta property=\"og:site_name\" content=\"COPE Alcoy\" \/>\n<meta property=\"article:published_time\" content=\"2022-12-08T16:00:10+00:00\" \/>\n<meta property=\"article:modified_time\" content=\"2022-12-08T16:34:56+00:00\" \/>\n<meta property=\"og:image\" content=\"https:\/\/www.copealcoy.es\/wp-content\/uploads\/2022\/12\/unnamed-1-1-scaled-e1670515194225.jpg\" \/>\n\t<meta property=\"og:image:width\" content=\"640\" \/>\n\t<meta property=\"og:image:height\" content=\"480\" \/>\n\t<meta property=\"og:image:type\" content=\"image\/jpeg\" \/>\n<meta name=\"author\" content=\"Cope Alcoy\" \/>\n<meta name=\"twitter:label1\" content=\"Escrito por\" \/>\n\t<meta name=\"twitter:data1\" content=\"Cope Alcoy\" \/>\n\t<meta name=\"twitter:label2\" content=\"Tiempo de lectura\" \/>\n\t<meta name=\"twitter:data2\" content=\"2 minutos\" \/>\n<script type=\"application\/ld+json\" class=\"yoast-schema-graph\">{\"@context\":\"https:\\\/\\\/schema.org\",\"@graph\":[{\"@type\":\"Article\",\"@id\":\"https:\\\/\\\/www.copealcoy.es\\\/es\\\/les-llums-de-nadal-dalcoi-no-il%c2%b7luminen-a-gust-de-tots\\\/#article\",\"isPartOf\":{\"@id\":\"https:\\\/\\\/www.copealcoy.es\\\/es\\\/les-llums-de-nadal-dalcoi-no-il%c2%b7luminen-a-gust-de-tots\\\/\"},\"author\":{\"name\":\"Cope Alcoy\",\"@id\":\"https:\\\/\\\/www.copealcoy.es\\\/es\\\/#\\\/schema\\\/person\\\/e777c87fa024e57d40170af9df39882c\"},\"headline\":\"Les llums de Nadal d&#8217;Alcoi no il\u00b7luminen a gust de tots\",\"datePublished\":\"2022-12-08T16:00:10+00:00\",\"dateModified\":\"2022-12-08T16:34:56+00:00\",\"mainEntityOfPage\":{\"@id\":\"https:\\\/\\\/www.copealcoy.es\\\/es\\\/les-llums-de-nadal-dalcoi-no-il%c2%b7luminen-a-gust-de-tots\\\/\"},\"wordCount\":347,\"commentCount\":0,\"image\":{\"@id\":\"https:\\\/\\\/www.copealcoy.es\\\/es\\\/les-llums-de-nadal-dalcoi-no-il%c2%b7luminen-a-gust-de-tots\\\/#primaryimage\"},\"thumbnailUrl\":\"https:\\\/\\\/www.copealcoy.es\\\/wp-content\\\/uploads\\\/2022\\\/12\\\/unnamed-1-1-scaled-e1670515194225.jpg\",\"keywords\":[\"Alcoi\",\"decoraci\u00f3\",\"encesa\",\"llums de Nadal\"],\"articleSection\":[\"Actualidad\",\"Alcoy\",\"Fiesta y Cultura\",\"Noticias\"],\"inLanguage\":\"es\"},{\"@type\":\"WebPage\",\"@id\":\"https:\\\/\\\/www.copealcoy.es\\\/es\\\/les-llums-de-nadal-dalcoi-no-il%c2%b7luminen-a-gust-de-tots\\\/\",\"url\":\"https:\\\/\\\/www.copealcoy.es\\\/es\\\/les-llums-de-nadal-dalcoi-no-il%c2%b7luminen-a-gust-de-tots\\\/\",\"name\":\"Les llums de Nadal d'Alcoi no il\u00b7luminen a gust de tots - COPE Alcoy\",\"isPartOf\":{\"@id\":\"https:\\\/\\\/www.copealcoy.es\\\/es\\\/#website\"},\"primaryImageOfPage\":{\"@id\":\"https:\\\/\\\/www.copealcoy.es\\\/es\\\/les-llums-de-nadal-dalcoi-no-il%c2%b7luminen-a-gust-de-tots\\\/#primaryimage\"},\"image\":{\"@id\":\"https:\\\/\\\/www.copealcoy.es\\\/es\\\/les-llums-de-nadal-dalcoi-no-il%c2%b7luminen-a-gust-de-tots\\\/#primaryimage\"},\"thumbnailUrl\":\"https:\\\/\\\/www.copealcoy.es\\\/wp-content\\\/uploads\\\/2022\\\/12\\\/unnamed-1-1-scaled-e1670515194225.jpg\",\"datePublished\":\"2022-12-08T16:00:10+00:00\",\"dateModified\":\"2022-12-08T16:34:56+00:00\",\"author\":{\"@id\":\"https:\\\/\\\/www.copealcoy.es\\\/es\\\/#\\\/schema\\\/person\\\/e777c87fa024e57d40170af9df39882c\"},\"description\":\"Alcoi va donar la benvinguda a les festes de Nadal el passat dissabte i ho va fer amb l'encesa de la il\u00b7luminaci\u00f3 especial\",\"breadcrumb\":{\"@id\":\"https:\\\/\\\/www.copealcoy.es\\\/es\\\/les-llums-de-nadal-dalcoi-no-il%c2%b7luminen-a-gust-de-tots\\\/#breadcrumb\"},\"inLanguage\":\"es\",\"potentialAction\":[{\"@type\":\"ReadAction\",\"target\":[\"https:\\\/\\\/www.copealcoy.es\\\/es\\\/les-llums-de-nadal-dalcoi-no-il%c2%b7luminen-a-gust-de-tots\\\/\"]}]},{\"@type\":\"ImageObject\",\"inLanguage\":\"es\",\"@id\":\"https:\\\/\\\/www.copealcoy.es\\\/es\\\/les-llums-de-nadal-dalcoi-no-il%c2%b7luminen-a-gust-de-tots\\\/#primaryimage\",\"url\":\"https:\\\/\\\/www.copealcoy.es\\\/wp-content\\\/uploads\\\/2022\\\/12\\\/unnamed-1-1-scaled-e1670515194225.jpg\",\"contentUrl\":\"https:\\\/\\\/www.copealcoy.es\\\/wp-content\\\/uploads\\\/2022\\\/12\\\/unnamed-1-1-scaled-e1670515194225.jpg\",\"width\":640,\"height\":480,\"caption\":\"Llums Nadal Alcoi 2022\"},{\"@type\":\"BreadcrumbList\",\"@id\":\"https:\\\/\\\/www.copealcoy.es\\\/es\\\/les-llums-de-nadal-dalcoi-no-il%c2%b7luminen-a-gust-de-tots\\\/#breadcrumb\",\"itemListElement\":[{\"@type\":\"ListItem\",\"position\":1,\"name\":\"Portada\",\"item\":\"https:\\\/\\\/www.copealcoy.es\\\/es\\\/\"},{\"@type\":\"ListItem\",\"position\":2,\"name\":\"Les llums de Nadal d&#8217;Alcoi no il\u00b7luminen a gust de tots\"}]},{\"@type\":\"WebSite\",\"@id\":\"https:\\\/\\\/www.copealcoy.es\\\/es\\\/#website\",\"url\":\"https:\\\/\\\/www.copealcoy.es\\\/es\\\/\",\"name\":\"COPE Alcoy\",\"description\":\"Emisora COPE de radio local con emisi\u00f3n online. Pont de Sant Jordi 8-10 03803 Alcoy\",\"potentialAction\":[{\"@type\":\"SearchAction\",\"target\":{\"@type\":\"EntryPoint\",\"urlTemplate\":\"https:\\\/\\\/www.copealcoy.es\\\/es\\\/?s={search_term_string}\"},\"query-input\":{\"@type\":\"PropertyValueSpecification\",\"valueRequired\":true,\"valueName\":\"search_term_string\"}}],\"inLanguage\":\"es\"},{\"@type\":\"Person\",\"@id\":\"https:\\\/\\\/www.copealcoy.es\\\/es\\\/#\\\/schema\\\/person\\\/e777c87fa024e57d40170af9df39882c\",\"name\":\"Cope Alcoy\",\"image\":{\"@type\":\"ImageObject\",\"inLanguage\":\"es\",\"@id\":\"https:\\\/\\\/secure.gravatar.com\\\/avatar\\\/bb65d0283347e303893ba14f0692005417c1e0e690a325a4c5d8bb2b3943ee14?s=96&d=mm&r=g\",\"url\":\"https:\\\/\\\/secure.gravatar.com\\\/avatar\\\/bb65d0283347e303893ba14f0692005417c1e0e690a325a4c5d8bb2b3943ee14?s=96&d=mm&r=g\",\"contentUrl\":\"https:\\\/\\\/secure.gravatar.com\\\/avatar\\\/bb65d0283347e303893ba14f0692005417c1e0e690a325a4c5d8bb2b3943ee14?s=96&d=mm&r=g\",\"caption\":\"Cope Alcoy\"}}]}<\/script>\n<!-- \/ Yoast SEO plugin. -->","yoast_head_json":{"title":"Les llums de Nadal d'Alcoi no il\u00b7luminen a gust de tots - COPE Alcoy","description":"Alcoi va donar la benvinguda a les festes de Nadal el passat dissabte i ho va fer amb l'encesa de la il\u00b7luminaci\u00f3 especial","robots":{"index":"index","follow":"follow","max-snippet":"max-snippet:-1","max-image-preview":"max-image-preview:large","max-video-preview":"max-video-preview:-1"},"canonical":"https:\/\/www.copealcoy.es\/es\/les-llums-de-nadal-dalcoi-no-il%c2%b7luminen-a-gust-de-tots\/","og_locale":"es_ES","og_type":"article","og_title":"Les llums de Nadal d'Alcoi no il\u00b7luminen a gust de tots - COPE Alcoy","og_description":"Alcoi va donar la benvinguda a les festes de Nadal el passat dissabte i ho va fer amb l'encesa de la il\u00b7luminaci\u00f3 especial","og_url":"https:\/\/www.copealcoy.es\/es\/les-llums-de-nadal-dalcoi-no-il%c2%b7luminen-a-gust-de-tots\/","og_site_name":"COPE Alcoy","article_published_time":"2022-12-08T16:00:10+00:00","article_modified_time":"2022-12-08T16:34:56+00:00","og_image":[{"width":640,"height":480,"url":"https:\/\/www.copealcoy.es\/wp-content\/uploads\/2022\/12\/unnamed-1-1-scaled-e1670515194225.jpg","type":"image\/jpeg"}],"author":"Cope Alcoy","twitter_misc":{"Escrito por":"Cope Alcoy","Tiempo de lectura":"2 minutos"},"schema":{"@context":"https:\/\/schema.org","@graph":[{"@type":"Article","@id":"https:\/\/www.copealcoy.es\/es\/les-llums-de-nadal-dalcoi-no-il%c2%b7luminen-a-gust-de-tots\/#article","isPartOf":{"@id":"https:\/\/www.copealcoy.es\/es\/les-llums-de-nadal-dalcoi-no-il%c2%b7luminen-a-gust-de-tots\/"},"author":{"name":"Cope Alcoy","@id":"https:\/\/www.copealcoy.es\/es\/#\/schema\/person\/e777c87fa024e57d40170af9df39882c"},"headline":"Les llums de Nadal d&#8217;Alcoi no il\u00b7luminen a gust de tots","datePublished":"2022-12-08T16:00:10+00:00","dateModified":"2022-12-08T16:34:56+00:00","mainEntityOfPage":{"@id":"https:\/\/www.copealcoy.es\/es\/les-llums-de-nadal-dalcoi-no-il%c2%b7luminen-a-gust-de-tots\/"},"wordCount":347,"commentCount":0,"image":{"@id":"https:\/\/www.copealcoy.es\/es\/les-llums-de-nadal-dalcoi-no-il%c2%b7luminen-a-gust-de-tots\/#primaryimage"},"thumbnailUrl":"https:\/\/www.copealcoy.es\/wp-content\/uploads\/2022\/12\/unnamed-1-1-scaled-e1670515194225.jpg","keywords":["Alcoi","decoraci\u00f3","encesa","llums de Nadal"],"articleSection":["Actualidad","Alcoy","Fiesta y Cultura","Noticias"],"inLanguage":"es"},{"@type":"WebPage","@id":"https:\/\/www.copealcoy.es\/es\/les-llums-de-nadal-dalcoi-no-il%c2%b7luminen-a-gust-de-tots\/","url":"https:\/\/www.copealcoy.es\/es\/les-llums-de-nadal-dalcoi-no-il%c2%b7luminen-a-gust-de-tots\/","name":"Les llums de Nadal d'Alcoi no il\u00b7luminen a gust de tots - COPE Alcoy","isPartOf":{"@id":"https:\/\/www.copealcoy.es\/es\/#website"},"primaryImageOfPage":{"@id":"https:\/\/www.copealcoy.es\/es\/les-llums-de-nadal-dalcoi-no-il%c2%b7luminen-a-gust-de-tots\/#primaryimage"},"image":{"@id":"https:\/\/www.copealcoy.es\/es\/les-llums-de-nadal-dalcoi-no-il%c2%b7luminen-a-gust-de-tots\/#primaryimage"},"thumbnailUrl":"https:\/\/www.copealcoy.es\/wp-content\/uploads\/2022\/12\/unnamed-1-1-scaled-e1670515194225.jpg","datePublished":"2022-12-08T16:00:10+00:00","dateModified":"2022-12-08T16:34:56+00:00","author":{"@id":"https:\/\/www.copealcoy.es\/es\/#\/schema\/person\/e777c87fa024e57d40170af9df39882c"},"description":"Alcoi va donar la benvinguda a les festes de Nadal el passat dissabte i ho va fer amb l'encesa de la il\u00b7luminaci\u00f3 especial","breadcrumb":{"@id":"https:\/\/www.copealcoy.es\/es\/les-llums-de-nadal-dalcoi-no-il%c2%b7luminen-a-gust-de-tots\/#breadcrumb"},"inLanguage":"es","potentialAction":[{"@type":"ReadAction","target":["https:\/\/www.copealcoy.es\/es\/les-llums-de-nadal-dalcoi-no-il%c2%b7luminen-a-gust-de-tots\/"]}]},{"@type":"ImageObject","inLanguage":"es","@id":"https:\/\/www.copealcoy.es\/es\/les-llums-de-nadal-dalcoi-no-il%c2%b7luminen-a-gust-de-tots\/#primaryimage","url":"https:\/\/www.copealcoy.es\/wp-content\/uploads\/2022\/12\/unnamed-1-1-scaled-e1670515194225.jpg","contentUrl":"https:\/\/www.copealcoy.es\/wp-content\/uploads\/2022\/12\/unnamed-1-1-scaled-e1670515194225.jpg","width":640,"height":480,"caption":"Llums Nadal Alcoi 2022"},{"@type":"BreadcrumbList","@id":"https:\/\/www.copealcoy.es\/es\/les-llums-de-nadal-dalcoi-no-il%c2%b7luminen-a-gust-de-tots\/#breadcrumb","itemListElement":[{"@type":"ListItem","position":1,"name":"Portada","item":"https:\/\/www.copealcoy.es\/es\/"},{"@type":"ListItem","position":2,"name":"Les llums de Nadal d&#8217;Alcoi no il\u00b7luminen a gust de tots"}]},{"@type":"WebSite","@id":"https:\/\/www.copealcoy.es\/es\/#website","url":"https:\/\/www.copealcoy.es\/es\/","name":"COPE Alcoy","description":"Emisora COPE de radio local con emisi\u00f3n online. Pont de Sant Jordi 8-10 03803 Alcoy","potentialAction":[{"@type":"SearchAction","target":{"@type":"EntryPoint","urlTemplate":"https:\/\/www.copealcoy.es\/es\/?s={search_term_string}"},"query-input":{"@type":"PropertyValueSpecification","valueRequired":true,"valueName":"search_term_string"}}],"inLanguage":"es"},{"@type":"Person","@id":"https:\/\/www.copealcoy.es\/es\/#\/schema\/person\/e777c87fa024e57d40170af9df39882c","name":"Cope Alcoy","image":{"@type":"ImageObject","inLanguage":"es","@id":"https:\/\/secure.gravatar.com\/avatar\/bb65d0283347e303893ba14f0692005417c1e0e690a325a4c5d8bb2b3943ee14?s=96&d=mm&r=g","url":"https:\/\/secure.gravatar.com\/avatar\/bb65d0283347e303893ba14f0692005417c1e0e690a325a4c5d8bb2b3943ee14?s=96&d=mm&r=g","contentUrl":"https:\/\/secure.gravatar.com\/avatar\/bb65d0283347e303893ba14f0692005417c1e0e690a325a4c5d8bb2b3943ee14?s=96&d=mm&r=g","caption":"Cope Alcoy"}}]}},"_links":{"self":[{"href":"https:\/\/www.copealcoy.es\/es\/wp-json\/wp\/v2\/posts\/95017","targetHints":{"allow":["GET"]}}],"collection":[{"href":"https:\/\/www.copealcoy.es\/es\/wp-json\/wp\/v2\/posts"}],"about":[{"href":"https:\/\/www.copealcoy.es\/es\/wp-json\/wp\/v2\/types\/post"}],"author":[{"embeddable":true,"href":"https:\/\/www.copealcoy.es\/es\/wp-json\/wp\/v2\/users\/1"}],"replies":[{"embeddable":true,"href":"https:\/\/www.copealcoy.es\/es\/wp-json\/wp\/v2\/comments?post=95017"}],"version-history":[{"count":0,"href":"https:\/\/www.copealcoy.es\/es\/wp-json\/wp\/v2\/posts\/95017\/revisions"}],"wp:featuredmedia":[{"embeddable":true,"href":"https:\/\/www.copealcoy.es\/es\/wp-json\/wp\/v2\/media\/95018"}],"wp:attachment":[{"href":"https:\/\/www.copealcoy.es\/es\/wp-json\/wp\/v2\/media?parent=95017"}],"wp:term":[{"taxonomy":"category","embeddable":true,"href":"https:\/\/www.copealcoy.es\/es\/wp-json\/wp\/v2\/categories?post=95017"},{"taxonomy":"post_tag","embeddable":true,"href":"https:\/\/www.copealcoy.es\/es\/wp-json\/wp\/v2\/tags?post=95017"}],"curies":[{"name":"wp","href":"https:\/\/api.w.org\/{rel}","templated":true}]}}