{"id":94991,"date":"2022-12-08T13:30:04","date_gmt":"2022-12-08T12:30:04","guid":{"rendered":"https:\/\/www.copealcoy.es\/?p=94991"},"modified":"2022-12-08T17:38:13","modified_gmt":"2022-12-08T16:38:13","slug":"el-partit-popular-diu-si-al-projecte-de-sol-empresarial-en-la-canal-sud-dalcoi","status":"publish","type":"post","link":"https:\/\/www.copealcoy.es\/es\/el-partit-popular-diu-si-al-projecte-de-sol-empresarial-en-la-canal-sud-dalcoi\/","title":{"rendered":"El Partit Popular diu s\u00ed al projecte de s\u00f2l empresarial en La Canal Sud d&#8217;Alcoi"},"content":{"rendered":"<p>Els <strong>populars<\/strong> ja s&#8217;han pronunciat sobre els <span style=\"color: #000080;\"><a style=\"color: #000080;\" href=\"https:\/\/www.copealcoy.es\/alcoi-podria-tindre-una-area-industrial-nova-de-mes-dun-milio-de-metres-quadrats\/\" target=\"_blank\" rel=\"noopener\">resultats de l&#8217;informe de cerca de s\u00f2l empresarial a Alcoi<\/a><\/span> que aquest dilluns presentaven l&#8217;<strong>Ajuntament<\/strong> i la <strong>Cambra de Comer\u00e7<\/strong>. La seua posici\u00f3 \u00e9s clara. Donaran suport a la creaci\u00f3 &#8216;urgent&#8217; de s\u00f2l empresarial en la <strong>zona sud de La Canal<\/strong>.<\/p>\n<p>Aix\u00ed ho han afirmat <strong>Carlos Pastor<\/strong>, candidat popular a l&#8217;alcaldia d&#8217;Alcoi, i <strong>Lirios Garc\u00eda<\/strong>, regidora de la formaci\u00f3. I \u00e9s que aquesta \u00e0rea que s&#8217;ha trobat en l&#8217;A-7 en direcci\u00f3 a Ibi, i que des de l&#8217;Ajuntament pretenen destinar a projectes empresarials &#8216;singulars&#8217;, no \u00e9s una altra que la zona sud de La Canal.<\/p>\n<p>Pastor ha mostrat el suport del partit a aquest projecte que pret\u00e9n ser una soluci\u00f3 a la situaci\u00f3 industrial d&#8217;Alcoi. Aix\u00f2 s\u00ed, amb una condici\u00f3: que es comence a treballar &#8216;immediatament&#8217;. &#8220;El govern comptar\u00e0 amb el suport del PP, sempre que hi haja una voluntat clara i decidida per part del Consistori per a desenvolupar com m\u00e9s prompte millor aquesta bossa de s\u00f2l i sempre que es comence a treballar ja en l&#8217;impuls d&#8217;un instrument urban\u00edstic que ha d&#8217;anar al marge del Pla General d&#8217;Ordenaci\u00f3 Urbana&#8221;. Un pla, el PGOU, que, recordem, est\u00e0 pendent d&#8217;aprovaci\u00f3.<\/p>\n<p>Garc\u00eda, per part seua, ha recriminat als socialistes que en dotze anys no s&#8217;haja posat soluci\u00f3 a la creaci\u00f3 de nou s\u00f2l industrial i, assegura, aquest projecte \u00e9s l&#8217;\u00fanica soluci\u00f3 viable. &#8220;En aquests moments no hi ha s\u00f2l industrial d&#8217;una m\u00ednima qualitat que puga oferir Alcoi a les empreses ac\u00ed situades o a les quals puguen vindre&#8221;.<\/p>\n<p>I, en aquest sentit, Garc\u00eda ha explicat que <strong>Pagos<\/strong>, el <strong>Cl\u00e9rigo<\/strong>, el projecte de <strong>pol\u00edgon mancomunat<\/strong> o <strong>Santiago Pay\u00e1<\/strong> no s\u00f3n opcions viables. &#8220;Ens han marejat amb l&#8217;opci\u00f3 de Pagos, amb informes de la Generalitat contraris i contundents i han estat esgrimint l&#8217;alternativa d&#8217;un s\u00f2l industrial mancomunat, que ha resultat inviable econ\u00f2micament&#8221;, afirma la regidora.<\/p>\n<p>Des de l&#8217;Ajuntament, no obstant aix\u00f2, asseguraven aquest dilluns que continuaran treballant en el desenvolupament d&#8217;aquests projectes que els populars no valoren com una opci\u00f3.<\/p>\n","protected":false},"excerpt":{"rendered":"<p>Els populars ja s&#8217;han pronunciat sobre els resultats de l&#8217;informe de cerca de s\u00f2l empresarial a Alcoi que aquest dilluns&#8230;<\/p>\n","protected":false},"author":1,"featured_media":94992,"comment_status":"open","ping_status":"open","sticky":false,"template":"","format":"standard","meta":{"footnotes":""},"categories":[6909,97,75,79,125],"tags":[160,13570,7856,13544],"class_list":["post-94991","post","type-post","status-publish","format-standard","has-post-thumbnail","hentry","category-actualidad","category-alcoy","category-noticias","category-politicayeconomia","category-portada","tag-alcoi","tag-la-canal-sud","tag-partit-popular","tag-sol-industrial"],"yoast_head":"<!-- This site is optimized with the Yoast SEO plugin v27.3 - https:\/\/yoast.com\/product\/yoast-seo-wordpress\/ -->\n<title>El Partit Popular diu s\u00ed al projecte de s\u00f2l empresarial en La Canal Sud d&#039;Alcoi - COPE Alcoy<\/title>\n<meta name=\"description\" content=\"Els populars ja s&#039;han pronunciat sobre els resultats de l&#039;informe de cerca de s\u00f2l empresarial a Alcoi que aquest dilluns presentaven l&#039;Ajuntament i la Cambra de Comer\u00e7. La seua posici\u00f3 \u00e9s clara. Donaran suport a la creaci\u00f3 &#039;urgent&#039; de s\u00f2l empresarial en la zona sud de La Canal.\" \/>\n<meta name=\"robots\" content=\"index, follow, max-snippet:-1, max-image-preview:large, max-video-preview:-1\" \/>\n<link rel=\"canonical\" href=\"https:\/\/www.copealcoy.es\/es\/el-partit-popular-diu-si-al-projecte-de-sol-empresarial-en-la-canal-sud-dalcoi\/\" \/>\n<meta property=\"og:locale\" content=\"es_ES\" \/>\n<meta property=\"og:type\" content=\"article\" \/>\n<meta property=\"og:title\" content=\"El Partit Popular diu s\u00ed al projecte de s\u00f2l empresarial en La Canal Sud d&#039;Alcoi - COPE Alcoy\" \/>\n<meta property=\"og:description\" content=\"Els populars ja s&#039;han pronunciat sobre els resultats de l&#039;informe de cerca de s\u00f2l empresarial a Alcoi que aquest dilluns presentaven l&#039;Ajuntament i la Cambra de Comer\u00e7. La seua posici\u00f3 \u00e9s clara. Donaran suport a la creaci\u00f3 &#039;urgent&#039; de s\u00f2l empresarial en la zona sud de La Canal.\" \/>\n<meta property=\"og:url\" content=\"https:\/\/www.copealcoy.es\/es\/el-partit-popular-diu-si-al-projecte-de-sol-empresarial-en-la-canal-sud-dalcoi\/\" \/>\n<meta property=\"og:site_name\" content=\"COPE Alcoy\" \/>\n<meta property=\"article:published_time\" content=\"2022-12-08T12:30:04+00:00\" \/>\n<meta property=\"article:modified_time\" content=\"2022-12-08T16:38:13+00:00\" \/>\n<meta property=\"og:image\" content=\"https:\/\/www.copealcoy.es\/wp-content\/uploads\/2022\/12\/WhatsApp-Image-2022-12-07-at-13.29.05-scaled.jpeg\" \/>\n\t<meta property=\"og:image:width\" content=\"1440\" \/>\n\t<meta property=\"og:image:height\" content=\"1080\" \/>\n\t<meta property=\"og:image:type\" content=\"image\/jpeg\" \/>\n<meta name=\"author\" content=\"Cope Alcoy\" \/>\n<meta name=\"twitter:label1\" content=\"Escrito por\" \/>\n\t<meta name=\"twitter:data1\" content=\"Cope Alcoy\" \/>\n\t<meta name=\"twitter:label2\" content=\"Tiempo de lectura\" \/>\n\t<meta name=\"twitter:data2\" content=\"2 minutos\" \/>\n<script type=\"application\/ld+json\" class=\"yoast-schema-graph\">{\"@context\":\"https:\\\/\\\/schema.org\",\"@graph\":[{\"@type\":\"Article\",\"@id\":\"https:\\\/\\\/www.copealcoy.es\\\/es\\\/el-partit-popular-diu-si-al-projecte-de-sol-empresarial-en-la-canal-sud-dalcoi\\\/#article\",\"isPartOf\":{\"@id\":\"https:\\\/\\\/www.copealcoy.es\\\/es\\\/el-partit-popular-diu-si-al-projecte-de-sol-empresarial-en-la-canal-sud-dalcoi\\\/\"},\"author\":{\"name\":\"Cope Alcoy\",\"@id\":\"https:\\\/\\\/www.copealcoy.es\\\/es\\\/#\\\/schema\\\/person\\\/e777c87fa024e57d40170af9df39882c\"},\"headline\":\"El Partit Popular diu s\u00ed al projecte de s\u00f2l empresarial en La Canal Sud d&#8217;Alcoi\",\"datePublished\":\"2022-12-08T12:30:04+00:00\",\"dateModified\":\"2022-12-08T16:38:13+00:00\",\"mainEntityOfPage\":{\"@id\":\"https:\\\/\\\/www.copealcoy.es\\\/es\\\/el-partit-popular-diu-si-al-projecte-de-sol-empresarial-en-la-canal-sud-dalcoi\\\/\"},\"wordCount\":390,\"commentCount\":0,\"image\":{\"@id\":\"https:\\\/\\\/www.copealcoy.es\\\/es\\\/el-partit-popular-diu-si-al-projecte-de-sol-empresarial-en-la-canal-sud-dalcoi\\\/#primaryimage\"},\"thumbnailUrl\":\"https:\\\/\\\/www.copealcoy.es\\\/wp-content\\\/uploads\\\/2022\\\/12\\\/WhatsApp-Image-2022-12-07-at-13.29.05-scaled.jpeg\",\"keywords\":[\"Alcoi\",\"La Canal Sud\",\"Partit Popular\",\"s\u00f2l industrial\"],\"articleSection\":[\"Actualidad\",\"Alcoy\",\"Noticias\",\"Pol\u00edtica y Econom\u00eda\",\"Portada\"],\"inLanguage\":\"es\"},{\"@type\":\"WebPage\",\"@id\":\"https:\\\/\\\/www.copealcoy.es\\\/es\\\/el-partit-popular-diu-si-al-projecte-de-sol-empresarial-en-la-canal-sud-dalcoi\\\/\",\"url\":\"https:\\\/\\\/www.copealcoy.es\\\/es\\\/el-partit-popular-diu-si-al-projecte-de-sol-empresarial-en-la-canal-sud-dalcoi\\\/\",\"name\":\"El Partit Popular diu s\u00ed al projecte de s\u00f2l empresarial en La Canal Sud d'Alcoi - COPE Alcoy\",\"isPartOf\":{\"@id\":\"https:\\\/\\\/www.copealcoy.es\\\/es\\\/#website\"},\"primaryImageOfPage\":{\"@id\":\"https:\\\/\\\/www.copealcoy.es\\\/es\\\/el-partit-popular-diu-si-al-projecte-de-sol-empresarial-en-la-canal-sud-dalcoi\\\/#primaryimage\"},\"image\":{\"@id\":\"https:\\\/\\\/www.copealcoy.es\\\/es\\\/el-partit-popular-diu-si-al-projecte-de-sol-empresarial-en-la-canal-sud-dalcoi\\\/#primaryimage\"},\"thumbnailUrl\":\"https:\\\/\\\/www.copealcoy.es\\\/wp-content\\\/uploads\\\/2022\\\/12\\\/WhatsApp-Image-2022-12-07-at-13.29.05-scaled.jpeg\",\"datePublished\":\"2022-12-08T12:30:04+00:00\",\"dateModified\":\"2022-12-08T16:38:13+00:00\",\"author\":{\"@id\":\"https:\\\/\\\/www.copealcoy.es\\\/es\\\/#\\\/schema\\\/person\\\/e777c87fa024e57d40170af9df39882c\"},\"description\":\"Els populars ja s'han pronunciat sobre els resultats de l'informe de cerca de s\u00f2l empresarial a Alcoi que aquest dilluns presentaven l'Ajuntament i la Cambra de Comer\u00e7. La seua posici\u00f3 \u00e9s clara. Donaran suport a la creaci\u00f3 'urgent' de s\u00f2l empresarial en la zona sud de La Canal.\",\"breadcrumb\":{\"@id\":\"https:\\\/\\\/www.copealcoy.es\\\/es\\\/el-partit-popular-diu-si-al-projecte-de-sol-empresarial-en-la-canal-sud-dalcoi\\\/#breadcrumb\"},\"inLanguage\":\"es\",\"potentialAction\":[{\"@type\":\"ReadAction\",\"target\":[\"https:\\\/\\\/www.copealcoy.es\\\/es\\\/el-partit-popular-diu-si-al-projecte-de-sol-empresarial-en-la-canal-sud-dalcoi\\\/\"]}]},{\"@type\":\"ImageObject\",\"inLanguage\":\"es\",\"@id\":\"https:\\\/\\\/www.copealcoy.es\\\/es\\\/el-partit-popular-diu-si-al-projecte-de-sol-empresarial-en-la-canal-sud-dalcoi\\\/#primaryimage\",\"url\":\"https:\\\/\\\/www.copealcoy.es\\\/wp-content\\\/uploads\\\/2022\\\/12\\\/WhatsApp-Image-2022-12-07-at-13.29.05-scaled.jpeg\",\"contentUrl\":\"https:\\\/\\\/www.copealcoy.es\\\/wp-content\\\/uploads\\\/2022\\\/12\\\/WhatsApp-Image-2022-12-07-at-13.29.05-scaled.jpeg\",\"width\":1440,\"height\":1080},{\"@type\":\"BreadcrumbList\",\"@id\":\"https:\\\/\\\/www.copealcoy.es\\\/es\\\/el-partit-popular-diu-si-al-projecte-de-sol-empresarial-en-la-canal-sud-dalcoi\\\/#breadcrumb\",\"itemListElement\":[{\"@type\":\"ListItem\",\"position\":1,\"name\":\"Portada\",\"item\":\"https:\\\/\\\/www.copealcoy.es\\\/es\\\/\"},{\"@type\":\"ListItem\",\"position\":2,\"name\":\"El Partit Popular diu s\u00ed al projecte de s\u00f2l empresarial en La Canal Sud d&#8217;Alcoi\"}]},{\"@type\":\"WebSite\",\"@id\":\"https:\\\/\\\/www.copealcoy.es\\\/es\\\/#website\",\"url\":\"https:\\\/\\\/www.copealcoy.es\\\/es\\\/\",\"name\":\"COPE Alcoy\",\"description\":\"Emisora COPE de radio local con emisi\u00f3n online. Pont de Sant Jordi 8-10 03803 Alcoy\",\"potentialAction\":[{\"@type\":\"SearchAction\",\"target\":{\"@type\":\"EntryPoint\",\"urlTemplate\":\"https:\\\/\\\/www.copealcoy.es\\\/es\\\/?s={search_term_string}\"},\"query-input\":{\"@type\":\"PropertyValueSpecification\",\"valueRequired\":true,\"valueName\":\"search_term_string\"}}],\"inLanguage\":\"es\"},{\"@type\":\"Person\",\"@id\":\"https:\\\/\\\/www.copealcoy.es\\\/es\\\/#\\\/schema\\\/person\\\/e777c87fa024e57d40170af9df39882c\",\"name\":\"Cope Alcoy\",\"image\":{\"@type\":\"ImageObject\",\"inLanguage\":\"es\",\"@id\":\"https:\\\/\\\/secure.gravatar.com\\\/avatar\\\/bb65d0283347e303893ba14f0692005417c1e0e690a325a4c5d8bb2b3943ee14?s=96&d=mm&r=g\",\"url\":\"https:\\\/\\\/secure.gravatar.com\\\/avatar\\\/bb65d0283347e303893ba14f0692005417c1e0e690a325a4c5d8bb2b3943ee14?s=96&d=mm&r=g\",\"contentUrl\":\"https:\\\/\\\/secure.gravatar.com\\\/avatar\\\/bb65d0283347e303893ba14f0692005417c1e0e690a325a4c5d8bb2b3943ee14?s=96&d=mm&r=g\",\"caption\":\"Cope Alcoy\"}}]}<\/script>\n<!-- \/ Yoast SEO plugin. -->","yoast_head_json":{"title":"El Partit Popular diu s\u00ed al projecte de s\u00f2l empresarial en La Canal Sud d'Alcoi - COPE Alcoy","description":"Els populars ja s'han pronunciat sobre els resultats de l'informe de cerca de s\u00f2l empresarial a Alcoi que aquest dilluns presentaven l'Ajuntament i la Cambra de Comer\u00e7. La seua posici\u00f3 \u00e9s clara. Donaran suport a la creaci\u00f3 'urgent' de s\u00f2l empresarial en la zona sud de La Canal.","robots":{"index":"index","follow":"follow","max-snippet":"max-snippet:-1","max-image-preview":"max-image-preview:large","max-video-preview":"max-video-preview:-1"},"canonical":"https:\/\/www.copealcoy.es\/es\/el-partit-popular-diu-si-al-projecte-de-sol-empresarial-en-la-canal-sud-dalcoi\/","og_locale":"es_ES","og_type":"article","og_title":"El Partit Popular diu s\u00ed al projecte de s\u00f2l empresarial en La Canal Sud d'Alcoi - COPE Alcoy","og_description":"Els populars ja s'han pronunciat sobre els resultats de l'informe de cerca de s\u00f2l empresarial a Alcoi que aquest dilluns presentaven l'Ajuntament i la Cambra de Comer\u00e7. La seua posici\u00f3 \u00e9s clara. Donaran suport a la creaci\u00f3 'urgent' de s\u00f2l empresarial en la zona sud de La Canal.","og_url":"https:\/\/www.copealcoy.es\/es\/el-partit-popular-diu-si-al-projecte-de-sol-empresarial-en-la-canal-sud-dalcoi\/","og_site_name":"COPE Alcoy","article_published_time":"2022-12-08T12:30:04+00:00","article_modified_time":"2022-12-08T16:38:13+00:00","og_image":[{"width":1440,"height":1080,"url":"https:\/\/www.copealcoy.es\/wp-content\/uploads\/2022\/12\/WhatsApp-Image-2022-12-07-at-13.29.05-scaled.jpeg","type":"image\/jpeg"}],"author":"Cope Alcoy","twitter_misc":{"Escrito por":"Cope Alcoy","Tiempo de lectura":"2 minutos"},"schema":{"@context":"https:\/\/schema.org","@graph":[{"@type":"Article","@id":"https:\/\/www.copealcoy.es\/es\/el-partit-popular-diu-si-al-projecte-de-sol-empresarial-en-la-canal-sud-dalcoi\/#article","isPartOf":{"@id":"https:\/\/www.copealcoy.es\/es\/el-partit-popular-diu-si-al-projecte-de-sol-empresarial-en-la-canal-sud-dalcoi\/"},"author":{"name":"Cope Alcoy","@id":"https:\/\/www.copealcoy.es\/es\/#\/schema\/person\/e777c87fa024e57d40170af9df39882c"},"headline":"El Partit Popular diu s\u00ed al projecte de s\u00f2l empresarial en La Canal Sud d&#8217;Alcoi","datePublished":"2022-12-08T12:30:04+00:00","dateModified":"2022-12-08T16:38:13+00:00","mainEntityOfPage":{"@id":"https:\/\/www.copealcoy.es\/es\/el-partit-popular-diu-si-al-projecte-de-sol-empresarial-en-la-canal-sud-dalcoi\/"},"wordCount":390,"commentCount":0,"image":{"@id":"https:\/\/www.copealcoy.es\/es\/el-partit-popular-diu-si-al-projecte-de-sol-empresarial-en-la-canal-sud-dalcoi\/#primaryimage"},"thumbnailUrl":"https:\/\/www.copealcoy.es\/wp-content\/uploads\/2022\/12\/WhatsApp-Image-2022-12-07-at-13.29.05-scaled.jpeg","keywords":["Alcoi","La Canal Sud","Partit Popular","s\u00f2l industrial"],"articleSection":["Actualidad","Alcoy","Noticias","Pol\u00edtica y Econom\u00eda","Portada"],"inLanguage":"es"},{"@type":"WebPage","@id":"https:\/\/www.copealcoy.es\/es\/el-partit-popular-diu-si-al-projecte-de-sol-empresarial-en-la-canal-sud-dalcoi\/","url":"https:\/\/www.copealcoy.es\/es\/el-partit-popular-diu-si-al-projecte-de-sol-empresarial-en-la-canal-sud-dalcoi\/","name":"El Partit Popular diu s\u00ed al projecte de s\u00f2l empresarial en La Canal Sud d'Alcoi - COPE Alcoy","isPartOf":{"@id":"https:\/\/www.copealcoy.es\/es\/#website"},"primaryImageOfPage":{"@id":"https:\/\/www.copealcoy.es\/es\/el-partit-popular-diu-si-al-projecte-de-sol-empresarial-en-la-canal-sud-dalcoi\/#primaryimage"},"image":{"@id":"https:\/\/www.copealcoy.es\/es\/el-partit-popular-diu-si-al-projecte-de-sol-empresarial-en-la-canal-sud-dalcoi\/#primaryimage"},"thumbnailUrl":"https:\/\/www.copealcoy.es\/wp-content\/uploads\/2022\/12\/WhatsApp-Image-2022-12-07-at-13.29.05-scaled.jpeg","datePublished":"2022-12-08T12:30:04+00:00","dateModified":"2022-12-08T16:38:13+00:00","author":{"@id":"https:\/\/www.copealcoy.es\/es\/#\/schema\/person\/e777c87fa024e57d40170af9df39882c"},"description":"Els populars ja s'han pronunciat sobre els resultats de l'informe de cerca de s\u00f2l empresarial a Alcoi que aquest dilluns presentaven l'Ajuntament i la Cambra de Comer\u00e7. La seua posici\u00f3 \u00e9s clara. Donaran suport a la creaci\u00f3 'urgent' de s\u00f2l empresarial en la zona sud de La Canal.","breadcrumb":{"@id":"https:\/\/www.copealcoy.es\/es\/el-partit-popular-diu-si-al-projecte-de-sol-empresarial-en-la-canal-sud-dalcoi\/#breadcrumb"},"inLanguage":"es","potentialAction":[{"@type":"ReadAction","target":["https:\/\/www.copealcoy.es\/es\/el-partit-popular-diu-si-al-projecte-de-sol-empresarial-en-la-canal-sud-dalcoi\/"]}]},{"@type":"ImageObject","inLanguage":"es","@id":"https:\/\/www.copealcoy.es\/es\/el-partit-popular-diu-si-al-projecte-de-sol-empresarial-en-la-canal-sud-dalcoi\/#primaryimage","url":"https:\/\/www.copealcoy.es\/wp-content\/uploads\/2022\/12\/WhatsApp-Image-2022-12-07-at-13.29.05-scaled.jpeg","contentUrl":"https:\/\/www.copealcoy.es\/wp-content\/uploads\/2022\/12\/WhatsApp-Image-2022-12-07-at-13.29.05-scaled.jpeg","width":1440,"height":1080},{"@type":"BreadcrumbList","@id":"https:\/\/www.copealcoy.es\/es\/el-partit-popular-diu-si-al-projecte-de-sol-empresarial-en-la-canal-sud-dalcoi\/#breadcrumb","itemListElement":[{"@type":"ListItem","position":1,"name":"Portada","item":"https:\/\/www.copealcoy.es\/es\/"},{"@type":"ListItem","position":2,"name":"El Partit Popular diu s\u00ed al projecte de s\u00f2l empresarial en La Canal Sud d&#8217;Alcoi"}]},{"@type":"WebSite","@id":"https:\/\/www.copealcoy.es\/es\/#website","url":"https:\/\/www.copealcoy.es\/es\/","name":"COPE Alcoy","description":"Emisora COPE de radio local con emisi\u00f3n online. Pont de Sant Jordi 8-10 03803 Alcoy","potentialAction":[{"@type":"SearchAction","target":{"@type":"EntryPoint","urlTemplate":"https:\/\/www.copealcoy.es\/es\/?s={search_term_string}"},"query-input":{"@type":"PropertyValueSpecification","valueRequired":true,"valueName":"search_term_string"}}],"inLanguage":"es"},{"@type":"Person","@id":"https:\/\/www.copealcoy.es\/es\/#\/schema\/person\/e777c87fa024e57d40170af9df39882c","name":"Cope Alcoy","image":{"@type":"ImageObject","inLanguage":"es","@id":"https:\/\/secure.gravatar.com\/avatar\/bb65d0283347e303893ba14f0692005417c1e0e690a325a4c5d8bb2b3943ee14?s=96&d=mm&r=g","url":"https:\/\/secure.gravatar.com\/avatar\/bb65d0283347e303893ba14f0692005417c1e0e690a325a4c5d8bb2b3943ee14?s=96&d=mm&r=g","contentUrl":"https:\/\/secure.gravatar.com\/avatar\/bb65d0283347e303893ba14f0692005417c1e0e690a325a4c5d8bb2b3943ee14?s=96&d=mm&r=g","caption":"Cope Alcoy"}}]}},"_links":{"self":[{"href":"https:\/\/www.copealcoy.es\/es\/wp-json\/wp\/v2\/posts\/94991","targetHints":{"allow":["GET"]}}],"collection":[{"href":"https:\/\/www.copealcoy.es\/es\/wp-json\/wp\/v2\/posts"}],"about":[{"href":"https:\/\/www.copealcoy.es\/es\/wp-json\/wp\/v2\/types\/post"}],"author":[{"embeddable":true,"href":"https:\/\/www.copealcoy.es\/es\/wp-json\/wp\/v2\/users\/1"}],"replies":[{"embeddable":true,"href":"https:\/\/www.copealcoy.es\/es\/wp-json\/wp\/v2\/comments?post=94991"}],"version-history":[{"count":0,"href":"https:\/\/www.copealcoy.es\/es\/wp-json\/wp\/v2\/posts\/94991\/revisions"}],"wp:featuredmedia":[{"embeddable":true,"href":"https:\/\/www.copealcoy.es\/es\/wp-json\/wp\/v2\/media\/94992"}],"wp:attachment":[{"href":"https:\/\/www.copealcoy.es\/es\/wp-json\/wp\/v2\/media?parent=94991"}],"wp:term":[{"taxonomy":"category","embeddable":true,"href":"https:\/\/www.copealcoy.es\/es\/wp-json\/wp\/v2\/categories?post=94991"},{"taxonomy":"post_tag","embeddable":true,"href":"https:\/\/www.copealcoy.es\/es\/wp-json\/wp\/v2\/tags?post=94991"}],"curies":[{"name":"wp","href":"https:\/\/api.w.org\/{rel}","templated":true}]}}