{"id":94979,"date":"2022-12-07T08:45:46","date_gmt":"2022-12-07T07:45:46","guid":{"rendered":"https:\/\/www.copealcoy.es\/?p=94979"},"modified":"2022-12-07T16:06:11","modified_gmt":"2022-12-07T15:06:11","slug":"alcoi-recorda-a-sant-maure-402-anys-despres-de-la-seua-eleccio-com-a-patro-de-la-ciutat","status":"publish","type":"post","link":"https:\/\/www.copealcoy.es\/es\/alcoi-recorda-a-sant-maure-402-anys-despres-de-la-seua-eleccio-com-a-patro-de-la-ciutat\/","title":{"rendered":"Alcoi recorda a Sant Maure 402 anys despr\u00e9s de la seua elecci\u00f3 com a patr\u00f3 de la ciutat"},"content":{"rendered":"<p style=\"text-align: justify;\">Alcoi va tancar el dilluns <strong>les festes patronals en honor a Sant Maure<\/strong> despr\u00e9s d&#8217;un intens mes on s&#8217;han celebrat nombrosos actes en el seu honor. La cloenda es va materialitzar amb <strong>una missa en record dels difunts<\/strong> de <a href=\"https:\/\/www.facebook.com\/AsociacionDeSanMauroMartir\"><span style=\"color: #0000ff;\"><strong>l&#8217;Associaci\u00f3 de Sant Maure<\/strong><\/span><\/a> i en acci\u00f3 de gr\u00e0cies per totes les activitats desenvolupades.<\/p>\n<p style=\"text-align: justify;\">Cal recordar que diumenge de mat\u00ed va tindre lloc <strong>la missa major en honor al patr\u00f3 d&#8217;Alcoi<\/strong> en un temple de Sant Maure i Sant Francesc completament abarrotat de fidels. L&#8217;eucaristia <strong>fou anunciada pels tocs manuals de campanes que va efectuar la Colla de Campaners d&#8217;Alcoi<\/strong> i durant la mateixa <strong>es va llegir l&#8217;acta original on va quedar plasmat en 1604 que Sant Maure havia sigut escollit com a patr\u00f3 de la ciutat<\/strong> del Serpis. Aquesta missa fou oficiada per <strong>Don\u00a0 <span class=\"hiddenSpellError\">Vicente<\/span>\u00a0Edgar Esteve<\/strong>, delegat Dioces\u00e0 de Lit\u00fargia i titular de la Parr\u00f2quia del Sagrat Cor de Jes\u00fas de Val\u00e8ncia, i a la mateixa van assistir representants de les entitats religioses d&#8217;Alcoi, nombrosos devots del Sant i bona part de la Corporaci\u00f3 Municipal encap\u00e7alada per l&#8217;alcalde; Toni Franc\u00e9s. La jornada va finalitzar amb <strong>un emotiu homenatge a la Confraria del Crist Jacent i la Verge dels Dolors<\/strong>, entitat aquesta que fou distingida amb el t\u00edtol d&#8217;Associat d&#8217;Honor de Sant Maure.<\/p>\n<p style=\"text-align: justify;\">D&#8217;aquesta forma finalitzaven <strong>uns dies que van arrancar dijous amb el tridu<\/strong>, predicat per Don Jes\u00fas <span class=\"hiddenSpellError\">Armando<\/span>\u00a0<span class=\"hiddenSpellError\">Fuentes<\/span>, i on va destacar <strong>una vig\u00edlia d&#8217;oraci\u00f3 davant el Sant\u00edssim Sagrament<\/strong> en la vesprada del dijous 1 de desembre. Ja divendres <strong>es va representar l&#8217;auto sacramental &#8216;Mauro, un Sant per a Alcoi&#8217;<\/strong> de la m\u00e0 del Grup Jove de Teatre de Sant Maure i dissabte <strong>se li va imposar la medalla del patr\u00f3 a <span class=\"hiddenSpellError\">Nicol\u00e1s<\/span>\u00a0S\u00e1nchez Linares<\/strong>; Sant\u00a0<span class=\"hiddenSpellError\">Jordiet<\/span>\u00a0per a les Festes de Moros i Cristians de 2023. Tamb\u00e9 van rebre aquest emblema,\u00a0xiquets o majors que porten el nom de Maure i no va faltar <strong>la process\u00f3 claustral<\/strong> per a traslladar el\u00a0cop\u00f3\u00a0amb les Sagrades Formes fins al tronc d&#8217;olivera ubicat al centre de l&#8217;altar major.<\/p>\n","protected":false},"excerpt":{"rendered":"<p>Alcoi va tancar el dilluns les festes patronals en honor a Sant Maure despr\u00e9s d&#8217;un intens mes on s&#8217;han celebrat&#8230;<\/p>\n","protected":false},"author":1,"featured_media":94980,"comment_status":"open","ping_status":"open","sticky":false,"template":"","format":"standard","meta":{"footnotes":""},"categories":[6909,97,75],"tags":[160,733,9733,9657,10435],"class_list":["post-94979","post","type-post","status-publish","format-standard","has-post-thumbnail","hentry","category-actualidad","category-alcoy","category-noticias","tag-alcoi","tag-festa","tag-patro","tag-sant-maure","tag-tradicio"],"yoast_head":"<!-- This site is optimized with the Yoast SEO plugin v27.3 - https:\/\/yoast.com\/product\/yoast-seo-wordpress\/ -->\n<title>Alcoi recorda a Sant Maure 402 anys despr\u00e9s de la seua elecci\u00f3 com a patr\u00f3 de la ciutat - COPE Alcoy<\/title>\n<meta name=\"description\" content=\"Alcoi va tancar el dilluns les festes patronals en honor a Sant Maure despr\u00e9s d&#039;un intens mes d&#039;actes en el seu honor\" \/>\n<meta name=\"robots\" content=\"index, follow, max-snippet:-1, max-image-preview:large, max-video-preview:-1\" \/>\n<link rel=\"canonical\" href=\"https:\/\/www.copealcoy.es\/es\/alcoi-recorda-a-sant-maure-402-anys-despres-de-la-seua-eleccio-com-a-patro-de-la-ciutat\/\" \/>\n<meta property=\"og:locale\" content=\"es_ES\" \/>\n<meta property=\"og:type\" content=\"article\" \/>\n<meta property=\"og:title\" content=\"Alcoi recorda a Sant Maure 402 anys despr\u00e9s de la seua elecci\u00f3 com a patr\u00f3 de la ciutat - COPE Alcoy\" \/>\n<meta property=\"og:description\" content=\"Alcoi va tancar el dilluns les festes patronals en honor a Sant Maure despr\u00e9s d&#039;un intens mes d&#039;actes en el seu honor\" \/>\n<meta property=\"og:url\" content=\"https:\/\/www.copealcoy.es\/es\/alcoi-recorda-a-sant-maure-402-anys-despres-de-la-seua-eleccio-com-a-patro-de-la-ciutat\/\" \/>\n<meta property=\"og:site_name\" content=\"COPE Alcoy\" \/>\n<meta property=\"article:published_time\" content=\"2022-12-07T07:45:46+00:00\" \/>\n<meta property=\"article:modified_time\" content=\"2022-12-07T15:06:11+00:00\" \/>\n<meta property=\"og:image\" content=\"https:\/\/www.copealcoy.es\/wp-content\/uploads\/2022\/12\/317898947_512178924275971_1327765814714312687_n-e1670350195129.jpg\" \/>\n\t<meta property=\"og:image:width\" content=\"640\" \/>\n\t<meta property=\"og:image:height\" content=\"480\" \/>\n\t<meta property=\"og:image:type\" content=\"image\/jpeg\" \/>\n<meta name=\"author\" content=\"Cope Alcoy\" \/>\n<meta name=\"twitter:label1\" content=\"Escrito por\" \/>\n\t<meta name=\"twitter:data1\" content=\"Cope Alcoy\" \/>\n\t<meta name=\"twitter:label2\" content=\"Tiempo de lectura\" \/>\n\t<meta name=\"twitter:data2\" content=\"2 minutos\" \/>\n<script type=\"application\/ld+json\" class=\"yoast-schema-graph\">{\"@context\":\"https:\\\/\\\/schema.org\",\"@graph\":[{\"@type\":\"Article\",\"@id\":\"https:\\\/\\\/www.copealcoy.es\\\/es\\\/alcoi-recorda-a-sant-maure-402-anys-despres-de-la-seua-eleccio-com-a-patro-de-la-ciutat\\\/#article\",\"isPartOf\":{\"@id\":\"https:\\\/\\\/www.copealcoy.es\\\/es\\\/alcoi-recorda-a-sant-maure-402-anys-despres-de-la-seua-eleccio-com-a-patro-de-la-ciutat\\\/\"},\"author\":{\"name\":\"Cope Alcoy\",\"@id\":\"https:\\\/\\\/www.copealcoy.es\\\/es\\\/#\\\/schema\\\/person\\\/e777c87fa024e57d40170af9df39882c\"},\"headline\":\"Alcoi recorda a Sant Maure 402 anys despr\u00e9s de la seua elecci\u00f3 com a patr\u00f3 de la ciutat\",\"datePublished\":\"2022-12-07T07:45:46+00:00\",\"dateModified\":\"2022-12-07T15:06:11+00:00\",\"mainEntityOfPage\":{\"@id\":\"https:\\\/\\\/www.copealcoy.es\\\/es\\\/alcoi-recorda-a-sant-maure-402-anys-despres-de-la-seua-eleccio-com-a-patro-de-la-ciutat\\\/\"},\"wordCount\":385,\"commentCount\":0,\"image\":{\"@id\":\"https:\\\/\\\/www.copealcoy.es\\\/es\\\/alcoi-recorda-a-sant-maure-402-anys-despres-de-la-seua-eleccio-com-a-patro-de-la-ciutat\\\/#primaryimage\"},\"thumbnailUrl\":\"https:\\\/\\\/www.copealcoy.es\\\/wp-content\\\/uploads\\\/2022\\\/12\\\/317898947_512178924275971_1327765814714312687_n-e1670350195129.jpg\",\"keywords\":[\"Alcoi\",\"Festa\",\"patr\u00f3\",\"Sant Maure\",\"tradici\u00f3\"],\"articleSection\":[\"Actualidad\",\"Alcoy\",\"Noticias\"],\"inLanguage\":\"es\"},{\"@type\":\"WebPage\",\"@id\":\"https:\\\/\\\/www.copealcoy.es\\\/es\\\/alcoi-recorda-a-sant-maure-402-anys-despres-de-la-seua-eleccio-com-a-patro-de-la-ciutat\\\/\",\"url\":\"https:\\\/\\\/www.copealcoy.es\\\/es\\\/alcoi-recorda-a-sant-maure-402-anys-despres-de-la-seua-eleccio-com-a-patro-de-la-ciutat\\\/\",\"name\":\"Alcoi recorda a Sant Maure 402 anys despr\u00e9s de la seua elecci\u00f3 com a patr\u00f3 de la ciutat - COPE Alcoy\",\"isPartOf\":{\"@id\":\"https:\\\/\\\/www.copealcoy.es\\\/es\\\/#website\"},\"primaryImageOfPage\":{\"@id\":\"https:\\\/\\\/www.copealcoy.es\\\/es\\\/alcoi-recorda-a-sant-maure-402-anys-despres-de-la-seua-eleccio-com-a-patro-de-la-ciutat\\\/#primaryimage\"},\"image\":{\"@id\":\"https:\\\/\\\/www.copealcoy.es\\\/es\\\/alcoi-recorda-a-sant-maure-402-anys-despres-de-la-seua-eleccio-com-a-patro-de-la-ciutat\\\/#primaryimage\"},\"thumbnailUrl\":\"https:\\\/\\\/www.copealcoy.es\\\/wp-content\\\/uploads\\\/2022\\\/12\\\/317898947_512178924275971_1327765814714312687_n-e1670350195129.jpg\",\"datePublished\":\"2022-12-07T07:45:46+00:00\",\"dateModified\":\"2022-12-07T15:06:11+00:00\",\"author\":{\"@id\":\"https:\\\/\\\/www.copealcoy.es\\\/es\\\/#\\\/schema\\\/person\\\/e777c87fa024e57d40170af9df39882c\"},\"description\":\"Alcoi va tancar el dilluns les festes patronals en honor a Sant Maure despr\u00e9s d'un intens mes d'actes en el seu honor\",\"breadcrumb\":{\"@id\":\"https:\\\/\\\/www.copealcoy.es\\\/es\\\/alcoi-recorda-a-sant-maure-402-anys-despres-de-la-seua-eleccio-com-a-patro-de-la-ciutat\\\/#breadcrumb\"},\"inLanguage\":\"es\",\"potentialAction\":[{\"@type\":\"ReadAction\",\"target\":[\"https:\\\/\\\/www.copealcoy.es\\\/es\\\/alcoi-recorda-a-sant-maure-402-anys-despres-de-la-seua-eleccio-com-a-patro-de-la-ciutat\\\/\"]}]},{\"@type\":\"ImageObject\",\"inLanguage\":\"es\",\"@id\":\"https:\\\/\\\/www.copealcoy.es\\\/es\\\/alcoi-recorda-a-sant-maure-402-anys-despres-de-la-seua-eleccio-com-a-patro-de-la-ciutat\\\/#primaryimage\",\"url\":\"https:\\\/\\\/www.copealcoy.es\\\/wp-content\\\/uploads\\\/2022\\\/12\\\/317898947_512178924275971_1327765814714312687_n-e1670350195129.jpg\",\"contentUrl\":\"https:\\\/\\\/www.copealcoy.es\\\/wp-content\\\/uploads\\\/2022\\\/12\\\/317898947_512178924275971_1327765814714312687_n-e1670350195129.jpg\",\"width\":640,\"height\":480},{\"@type\":\"BreadcrumbList\",\"@id\":\"https:\\\/\\\/www.copealcoy.es\\\/es\\\/alcoi-recorda-a-sant-maure-402-anys-despres-de-la-seua-eleccio-com-a-patro-de-la-ciutat\\\/#breadcrumb\",\"itemListElement\":[{\"@type\":\"ListItem\",\"position\":1,\"name\":\"Portada\",\"item\":\"https:\\\/\\\/www.copealcoy.es\\\/es\\\/\"},{\"@type\":\"ListItem\",\"position\":2,\"name\":\"Alcoi recorda a Sant Maure 402 anys despr\u00e9s de la seua elecci\u00f3 com a patr\u00f3 de la ciutat\"}]},{\"@type\":\"WebSite\",\"@id\":\"https:\\\/\\\/www.copealcoy.es\\\/es\\\/#website\",\"url\":\"https:\\\/\\\/www.copealcoy.es\\\/es\\\/\",\"name\":\"COPE Alcoy\",\"description\":\"Emisora COPE de radio local con emisi\u00f3n online. Pont de Sant Jordi 8-10 03803 Alcoy\",\"potentialAction\":[{\"@type\":\"SearchAction\",\"target\":{\"@type\":\"EntryPoint\",\"urlTemplate\":\"https:\\\/\\\/www.copealcoy.es\\\/es\\\/?s={search_term_string}\"},\"query-input\":{\"@type\":\"PropertyValueSpecification\",\"valueRequired\":true,\"valueName\":\"search_term_string\"}}],\"inLanguage\":\"es\"},{\"@type\":\"Person\",\"@id\":\"https:\\\/\\\/www.copealcoy.es\\\/es\\\/#\\\/schema\\\/person\\\/e777c87fa024e57d40170af9df39882c\",\"name\":\"Cope Alcoy\",\"image\":{\"@type\":\"ImageObject\",\"inLanguage\":\"es\",\"@id\":\"https:\\\/\\\/secure.gravatar.com\\\/avatar\\\/bb65d0283347e303893ba14f0692005417c1e0e690a325a4c5d8bb2b3943ee14?s=96&d=mm&r=g\",\"url\":\"https:\\\/\\\/secure.gravatar.com\\\/avatar\\\/bb65d0283347e303893ba14f0692005417c1e0e690a325a4c5d8bb2b3943ee14?s=96&d=mm&r=g\",\"contentUrl\":\"https:\\\/\\\/secure.gravatar.com\\\/avatar\\\/bb65d0283347e303893ba14f0692005417c1e0e690a325a4c5d8bb2b3943ee14?s=96&d=mm&r=g\",\"caption\":\"Cope Alcoy\"}}]}<\/script>\n<!-- \/ Yoast SEO plugin. -->","yoast_head_json":{"title":"Alcoi recorda a Sant Maure 402 anys despr\u00e9s de la seua elecci\u00f3 com a patr\u00f3 de la ciutat - COPE Alcoy","description":"Alcoi va tancar el dilluns les festes patronals en honor a Sant Maure despr\u00e9s d'un intens mes d'actes en el seu honor","robots":{"index":"index","follow":"follow","max-snippet":"max-snippet:-1","max-image-preview":"max-image-preview:large","max-video-preview":"max-video-preview:-1"},"canonical":"https:\/\/www.copealcoy.es\/es\/alcoi-recorda-a-sant-maure-402-anys-despres-de-la-seua-eleccio-com-a-patro-de-la-ciutat\/","og_locale":"es_ES","og_type":"article","og_title":"Alcoi recorda a Sant Maure 402 anys despr\u00e9s de la seua elecci\u00f3 com a patr\u00f3 de la ciutat - COPE Alcoy","og_description":"Alcoi va tancar el dilluns les festes patronals en honor a Sant Maure despr\u00e9s d'un intens mes d'actes en el seu honor","og_url":"https:\/\/www.copealcoy.es\/es\/alcoi-recorda-a-sant-maure-402-anys-despres-de-la-seua-eleccio-com-a-patro-de-la-ciutat\/","og_site_name":"COPE Alcoy","article_published_time":"2022-12-07T07:45:46+00:00","article_modified_time":"2022-12-07T15:06:11+00:00","og_image":[{"width":640,"height":480,"url":"https:\/\/www.copealcoy.es\/wp-content\/uploads\/2022\/12\/317898947_512178924275971_1327765814714312687_n-e1670350195129.jpg","type":"image\/jpeg"}],"author":"Cope Alcoy","twitter_misc":{"Escrito por":"Cope Alcoy","Tiempo de lectura":"2 minutos"},"schema":{"@context":"https:\/\/schema.org","@graph":[{"@type":"Article","@id":"https:\/\/www.copealcoy.es\/es\/alcoi-recorda-a-sant-maure-402-anys-despres-de-la-seua-eleccio-com-a-patro-de-la-ciutat\/#article","isPartOf":{"@id":"https:\/\/www.copealcoy.es\/es\/alcoi-recorda-a-sant-maure-402-anys-despres-de-la-seua-eleccio-com-a-patro-de-la-ciutat\/"},"author":{"name":"Cope Alcoy","@id":"https:\/\/www.copealcoy.es\/es\/#\/schema\/person\/e777c87fa024e57d40170af9df39882c"},"headline":"Alcoi recorda a Sant Maure 402 anys despr\u00e9s de la seua elecci\u00f3 com a patr\u00f3 de la ciutat","datePublished":"2022-12-07T07:45:46+00:00","dateModified":"2022-12-07T15:06:11+00:00","mainEntityOfPage":{"@id":"https:\/\/www.copealcoy.es\/es\/alcoi-recorda-a-sant-maure-402-anys-despres-de-la-seua-eleccio-com-a-patro-de-la-ciutat\/"},"wordCount":385,"commentCount":0,"image":{"@id":"https:\/\/www.copealcoy.es\/es\/alcoi-recorda-a-sant-maure-402-anys-despres-de-la-seua-eleccio-com-a-patro-de-la-ciutat\/#primaryimage"},"thumbnailUrl":"https:\/\/www.copealcoy.es\/wp-content\/uploads\/2022\/12\/317898947_512178924275971_1327765814714312687_n-e1670350195129.jpg","keywords":["Alcoi","Festa","patr\u00f3","Sant Maure","tradici\u00f3"],"articleSection":["Actualidad","Alcoy","Noticias"],"inLanguage":"es"},{"@type":"WebPage","@id":"https:\/\/www.copealcoy.es\/es\/alcoi-recorda-a-sant-maure-402-anys-despres-de-la-seua-eleccio-com-a-patro-de-la-ciutat\/","url":"https:\/\/www.copealcoy.es\/es\/alcoi-recorda-a-sant-maure-402-anys-despres-de-la-seua-eleccio-com-a-patro-de-la-ciutat\/","name":"Alcoi recorda a Sant Maure 402 anys despr\u00e9s de la seua elecci\u00f3 com a patr\u00f3 de la ciutat - COPE Alcoy","isPartOf":{"@id":"https:\/\/www.copealcoy.es\/es\/#website"},"primaryImageOfPage":{"@id":"https:\/\/www.copealcoy.es\/es\/alcoi-recorda-a-sant-maure-402-anys-despres-de-la-seua-eleccio-com-a-patro-de-la-ciutat\/#primaryimage"},"image":{"@id":"https:\/\/www.copealcoy.es\/es\/alcoi-recorda-a-sant-maure-402-anys-despres-de-la-seua-eleccio-com-a-patro-de-la-ciutat\/#primaryimage"},"thumbnailUrl":"https:\/\/www.copealcoy.es\/wp-content\/uploads\/2022\/12\/317898947_512178924275971_1327765814714312687_n-e1670350195129.jpg","datePublished":"2022-12-07T07:45:46+00:00","dateModified":"2022-12-07T15:06:11+00:00","author":{"@id":"https:\/\/www.copealcoy.es\/es\/#\/schema\/person\/e777c87fa024e57d40170af9df39882c"},"description":"Alcoi va tancar el dilluns les festes patronals en honor a Sant Maure despr\u00e9s d'un intens mes d'actes en el seu honor","breadcrumb":{"@id":"https:\/\/www.copealcoy.es\/es\/alcoi-recorda-a-sant-maure-402-anys-despres-de-la-seua-eleccio-com-a-patro-de-la-ciutat\/#breadcrumb"},"inLanguage":"es","potentialAction":[{"@type":"ReadAction","target":["https:\/\/www.copealcoy.es\/es\/alcoi-recorda-a-sant-maure-402-anys-despres-de-la-seua-eleccio-com-a-patro-de-la-ciutat\/"]}]},{"@type":"ImageObject","inLanguage":"es","@id":"https:\/\/www.copealcoy.es\/es\/alcoi-recorda-a-sant-maure-402-anys-despres-de-la-seua-eleccio-com-a-patro-de-la-ciutat\/#primaryimage","url":"https:\/\/www.copealcoy.es\/wp-content\/uploads\/2022\/12\/317898947_512178924275971_1327765814714312687_n-e1670350195129.jpg","contentUrl":"https:\/\/www.copealcoy.es\/wp-content\/uploads\/2022\/12\/317898947_512178924275971_1327765814714312687_n-e1670350195129.jpg","width":640,"height":480},{"@type":"BreadcrumbList","@id":"https:\/\/www.copealcoy.es\/es\/alcoi-recorda-a-sant-maure-402-anys-despres-de-la-seua-eleccio-com-a-patro-de-la-ciutat\/#breadcrumb","itemListElement":[{"@type":"ListItem","position":1,"name":"Portada","item":"https:\/\/www.copealcoy.es\/es\/"},{"@type":"ListItem","position":2,"name":"Alcoi recorda a Sant Maure 402 anys despr\u00e9s de la seua elecci\u00f3 com a patr\u00f3 de la ciutat"}]},{"@type":"WebSite","@id":"https:\/\/www.copealcoy.es\/es\/#website","url":"https:\/\/www.copealcoy.es\/es\/","name":"COPE Alcoy","description":"Emisora COPE de radio local con emisi\u00f3n online. Pont de Sant Jordi 8-10 03803 Alcoy","potentialAction":[{"@type":"SearchAction","target":{"@type":"EntryPoint","urlTemplate":"https:\/\/www.copealcoy.es\/es\/?s={search_term_string}"},"query-input":{"@type":"PropertyValueSpecification","valueRequired":true,"valueName":"search_term_string"}}],"inLanguage":"es"},{"@type":"Person","@id":"https:\/\/www.copealcoy.es\/es\/#\/schema\/person\/e777c87fa024e57d40170af9df39882c","name":"Cope Alcoy","image":{"@type":"ImageObject","inLanguage":"es","@id":"https:\/\/secure.gravatar.com\/avatar\/bb65d0283347e303893ba14f0692005417c1e0e690a325a4c5d8bb2b3943ee14?s=96&d=mm&r=g","url":"https:\/\/secure.gravatar.com\/avatar\/bb65d0283347e303893ba14f0692005417c1e0e690a325a4c5d8bb2b3943ee14?s=96&d=mm&r=g","contentUrl":"https:\/\/secure.gravatar.com\/avatar\/bb65d0283347e303893ba14f0692005417c1e0e690a325a4c5d8bb2b3943ee14?s=96&d=mm&r=g","caption":"Cope Alcoy"}}]}},"_links":{"self":[{"href":"https:\/\/www.copealcoy.es\/es\/wp-json\/wp\/v2\/posts\/94979","targetHints":{"allow":["GET"]}}],"collection":[{"href":"https:\/\/www.copealcoy.es\/es\/wp-json\/wp\/v2\/posts"}],"about":[{"href":"https:\/\/www.copealcoy.es\/es\/wp-json\/wp\/v2\/types\/post"}],"author":[{"embeddable":true,"href":"https:\/\/www.copealcoy.es\/es\/wp-json\/wp\/v2\/users\/1"}],"replies":[{"embeddable":true,"href":"https:\/\/www.copealcoy.es\/es\/wp-json\/wp\/v2\/comments?post=94979"}],"version-history":[{"count":0,"href":"https:\/\/www.copealcoy.es\/es\/wp-json\/wp\/v2\/posts\/94979\/revisions"}],"wp:featuredmedia":[{"embeddable":true,"href":"https:\/\/www.copealcoy.es\/es\/wp-json\/wp\/v2\/media\/94980"}],"wp:attachment":[{"href":"https:\/\/www.copealcoy.es\/es\/wp-json\/wp\/v2\/media?parent=94979"}],"wp:term":[{"taxonomy":"category","embeddable":true,"href":"https:\/\/www.copealcoy.es\/es\/wp-json\/wp\/v2\/categories?post=94979"},{"taxonomy":"post_tag","embeddable":true,"href":"https:\/\/www.copealcoy.es\/es\/wp-json\/wp\/v2\/tags?post=94979"}],"curies":[{"name":"wp","href":"https:\/\/api.w.org\/{rel}","templated":true}]}}