{"id":94971,"date":"2022-12-06T10:54:12","date_gmt":"2022-12-06T09:54:12","guid":{"rendered":"https:\/\/www.copealcoy.es\/?p=94971"},"modified":"2022-12-06T10:57:51","modified_gmt":"2022-12-06T09:57:51","slug":"detingut-a-alcoi-per-agredir-a-un-home-en-situacio-vulnerable","status":"publish","type":"post","link":"https:\/\/www.copealcoy.es\/es\/detingut-a-alcoi-per-agredir-a-un-home-en-situacio-vulnerable\/","title":{"rendered":"Detingut a Alcoi per agredir a un home en situaci\u00f3 vulnerable"},"content":{"rendered":"<p style=\"text-align: justify;\">Agents de la<span style=\"color: #0000ff;\"> <a style=\"color: #0000ff;\" href=\"https:\/\/www.policia.es\/_es\/index.php\"><strong>Policia Nacional<\/strong> <\/a><\/span>han detingut un jove a Alcoi en aquest pont festiu com a<strong> presumpte responsable de l&#8217;agressi\u00f3 a una persona vulnerable<\/strong> per a robar les seues pertinences en ple carrer. Els fets, segons la informaci\u00f3 facilitada, <strong>van oc\u00f3rrer en la matinada del passat diumenge 4 de desembre<\/strong> i l&#8217;acci\u00f3 violenta v<strong>a ser gravada per testimonis que es trobaven per la zona<\/strong>. Aquest v\u00eddeo <strong>fou dif\u00f3s despr\u00e9s a trav\u00e9s de diferents xarxes socials<\/strong>, generant una ampla repercussi\u00f3 i nombroses mostres de condemna.<\/p>\n<p style=\"text-align: justify;\">L&#8217;esmentada detenci\u00f3 es va produir despr\u00e9s que diversos testimonis <strong>gravaren el terrible succ\u00e9s<\/strong>. A les imatges es pot veure com l&#8217;individu <strong>ataca de forma arbitr\u00e0ria a la persona<\/strong>, tot i que encara no ha transcendit si va assaltar-lo per la seua discapacitat, cosa que suposaria un delicte d&#8217;odi envers una persona considerada vulnerable. L&#8217;agredit, com es veu en eixe enregistrament, <strong>va intentar tamb\u00e9 cobrir-se la cara<\/strong> amb les mans durant l&#8217;incident.<\/p>\n<p style=\"text-align: justify;\">En el v\u00eddeo gravat pot veure&#8217;s com l&#8217;agressor, que porta diversos tatuatges al cos i un particular cresp\u00f3 morat, <strong>assalta un home considerat vulnerable<\/strong>. L&#8217;individu <strong>acusa amb viol\u00e8ncia a la v\u00edctima de robar tel\u00e8fons m\u00f2bils<\/strong> a la nostra ciutat. Aix\u00f2 \u00e9s <strong>l&#8217;\u00faltim que s&#8217;ent\u00e9n a la gravaci\u00f3<\/strong>, perqu\u00e8 poc despr\u00e9s li propina una forta empenta i comen\u00e7a a colpejar-li amb una viol\u00e8ncia extrema. Li dona colps a la cara, que s\u00f3n els que <strong>provoquen que l&#8217;agredit caiga a terra<\/strong>, i es colpege contra les persianes d&#8217;un establiment comercial. L&#8217;atac no acaba ah\u00ed i <strong>l&#8217;arrestat li dona tamb\u00e9 dues puntades de peu al rostre a la v\u00edctima<\/strong>, un d&#8217;ells amb clara contund\u00e8ncia.<\/p>\n<p style=\"text-align: justify;\">L&#8217;arrest de l&#8217;agressor <strong>es va produir dilluns 5 de desembre<\/strong> tal com han informat els agents. El jove <strong>fou traslladat a comissaria<\/strong> on es troba sota cust\u00f2dia policial i s&#8217;espera que passe pr\u00f2ximament a disposici\u00f3 judicial.<\/p>\n","protected":false},"excerpt":{"rendered":"<p>Agents de la Policia Nacional han detingut un jove a Alcoi en aquest pont festiu com a presumpte responsable de&#8230;<\/p>\n","protected":false},"author":1,"featured_media":90182,"comment_status":"open","ping_status":"open","sticky":false,"template":"","format":"standard","meta":{"footnotes":""},"categories":[6909,75,79],"tags":[13567,160,11393,13568,13569],"class_list":["post-94971","post","type-post","status-publish","format-standard","has-post-thumbnail","hentry","category-actualidad","category-noticias","category-politicayeconomia","tag-agressio","tag-alcoi","tag-detencio","tag-persona","tag-situacio-vulnerable"],"yoast_head":"<!-- This site is optimized with the Yoast SEO plugin v27.3 - https:\/\/yoast.com\/product\/yoast-seo-wordpress\/ -->\n<title>Detingut a Alcoi per agredir a un home en situaci\u00f3 vulnerable - COPE Alcoy<\/title>\n<meta name=\"description\" content=\"Agents de la Policia Nacional han detingut un jove a Alcoi com a presumpte responsable de l&#039;agressi\u00f3 a una persona vulnerable\" \/>\n<meta name=\"robots\" content=\"index, follow, max-snippet:-1, max-image-preview:large, max-video-preview:-1\" \/>\n<link rel=\"canonical\" href=\"https:\/\/www.copealcoy.es\/es\/detingut-a-alcoi-per-agredir-a-un-home-en-situacio-vulnerable\/\" \/>\n<meta property=\"og:locale\" content=\"es_ES\" \/>\n<meta property=\"og:type\" content=\"article\" \/>\n<meta property=\"og:title\" content=\"Detingut a Alcoi per agredir a un home en situaci\u00f3 vulnerable - COPE Alcoy\" \/>\n<meta property=\"og:description\" content=\"Agents de la Policia Nacional han detingut un jove a Alcoi com a presumpte responsable de l&#039;agressi\u00f3 a una persona vulnerable\" \/>\n<meta property=\"og:url\" content=\"https:\/\/www.copealcoy.es\/es\/detingut-a-alcoi-per-agredir-a-un-home-en-situacio-vulnerable\/\" \/>\n<meta property=\"og:site_name\" content=\"COPE Alcoy\" \/>\n<meta property=\"article:published_time\" content=\"2022-12-06T09:54:12+00:00\" \/>\n<meta property=\"article:modified_time\" content=\"2022-12-06T09:57:51+00:00\" \/>\n<meta property=\"og:image\" content=\"https:\/\/www.copealcoy.es\/wp-content\/uploads\/2022\/07\/Foto-Archivo-Alcoy-scaled-e1662441708882.jpg\" \/>\n\t<meta property=\"og:image:width\" content=\"640\" \/>\n\t<meta property=\"og:image:height\" content=\"603\" \/>\n\t<meta property=\"og:image:type\" content=\"image\/jpeg\" \/>\n<meta name=\"author\" content=\"Cope Alcoy\" \/>\n<meta name=\"twitter:label1\" content=\"Escrito por\" \/>\n\t<meta name=\"twitter:data1\" content=\"Cope Alcoy\" \/>\n\t<meta name=\"twitter:label2\" content=\"Tiempo de lectura\" \/>\n\t<meta name=\"twitter:data2\" content=\"2 minutos\" \/>\n<script type=\"application\/ld+json\" class=\"yoast-schema-graph\">{\"@context\":\"https:\\\/\\\/schema.org\",\"@graph\":[{\"@type\":\"Article\",\"@id\":\"https:\\\/\\\/www.copealcoy.es\\\/es\\\/detingut-a-alcoi-per-agredir-a-un-home-en-situacio-vulnerable\\\/#article\",\"isPartOf\":{\"@id\":\"https:\\\/\\\/www.copealcoy.es\\\/es\\\/detingut-a-alcoi-per-agredir-a-un-home-en-situacio-vulnerable\\\/\"},\"author\":{\"name\":\"Cope Alcoy\",\"@id\":\"https:\\\/\\\/www.copealcoy.es\\\/es\\\/#\\\/schema\\\/person\\\/e777c87fa024e57d40170af9df39882c\"},\"headline\":\"Detingut a Alcoi per agredir a un home en situaci\u00f3 vulnerable\",\"datePublished\":\"2022-12-06T09:54:12+00:00\",\"dateModified\":\"2022-12-06T09:57:51+00:00\",\"mainEntityOfPage\":{\"@id\":\"https:\\\/\\\/www.copealcoy.es\\\/es\\\/detingut-a-alcoi-per-agredir-a-un-home-en-situacio-vulnerable\\\/\"},\"wordCount\":354,\"commentCount\":0,\"image\":{\"@id\":\"https:\\\/\\\/www.copealcoy.es\\\/es\\\/detingut-a-alcoi-per-agredir-a-un-home-en-situacio-vulnerable\\\/#primaryimage\"},\"thumbnailUrl\":\"https:\\\/\\\/www.copealcoy.es\\\/wp-content\\\/uploads\\\/2022\\\/07\\\/Foto-Archivo-Alcoy-scaled-e1662441708882.jpg\",\"keywords\":[\"agressi\u00f3\",\"Alcoi\",\"detenci\u00f3\",\"persona\",\"situaci\u00f3 vulnerable\"],\"articleSection\":[\"Actualidad\",\"Noticias\",\"Pol\u00edtica y Econom\u00eda\"],\"inLanguage\":\"es\"},{\"@type\":\"WebPage\",\"@id\":\"https:\\\/\\\/www.copealcoy.es\\\/es\\\/detingut-a-alcoi-per-agredir-a-un-home-en-situacio-vulnerable\\\/\",\"url\":\"https:\\\/\\\/www.copealcoy.es\\\/es\\\/detingut-a-alcoi-per-agredir-a-un-home-en-situacio-vulnerable\\\/\",\"name\":\"Detingut a Alcoi per agredir a un home en situaci\u00f3 vulnerable - COPE Alcoy\",\"isPartOf\":{\"@id\":\"https:\\\/\\\/www.copealcoy.es\\\/es\\\/#website\"},\"primaryImageOfPage\":{\"@id\":\"https:\\\/\\\/www.copealcoy.es\\\/es\\\/detingut-a-alcoi-per-agredir-a-un-home-en-situacio-vulnerable\\\/#primaryimage\"},\"image\":{\"@id\":\"https:\\\/\\\/www.copealcoy.es\\\/es\\\/detingut-a-alcoi-per-agredir-a-un-home-en-situacio-vulnerable\\\/#primaryimage\"},\"thumbnailUrl\":\"https:\\\/\\\/www.copealcoy.es\\\/wp-content\\\/uploads\\\/2022\\\/07\\\/Foto-Archivo-Alcoy-scaled-e1662441708882.jpg\",\"datePublished\":\"2022-12-06T09:54:12+00:00\",\"dateModified\":\"2022-12-06T09:57:51+00:00\",\"author\":{\"@id\":\"https:\\\/\\\/www.copealcoy.es\\\/es\\\/#\\\/schema\\\/person\\\/e777c87fa024e57d40170af9df39882c\"},\"description\":\"Agents de la Policia Nacional han detingut un jove a Alcoi com a presumpte responsable de l'agressi\u00f3 a una persona vulnerable\",\"breadcrumb\":{\"@id\":\"https:\\\/\\\/www.copealcoy.es\\\/es\\\/detingut-a-alcoi-per-agredir-a-un-home-en-situacio-vulnerable\\\/#breadcrumb\"},\"inLanguage\":\"es\",\"potentialAction\":[{\"@type\":\"ReadAction\",\"target\":[\"https:\\\/\\\/www.copealcoy.es\\\/es\\\/detingut-a-alcoi-per-agredir-a-un-home-en-situacio-vulnerable\\\/\"]}]},{\"@type\":\"ImageObject\",\"inLanguage\":\"es\",\"@id\":\"https:\\\/\\\/www.copealcoy.es\\\/es\\\/detingut-a-alcoi-per-agredir-a-un-home-en-situacio-vulnerable\\\/#primaryimage\",\"url\":\"https:\\\/\\\/www.copealcoy.es\\\/wp-content\\\/uploads\\\/2022\\\/07\\\/Foto-Archivo-Alcoy-scaled-e1662441708882.jpg\",\"contentUrl\":\"https:\\\/\\\/www.copealcoy.es\\\/wp-content\\\/uploads\\\/2022\\\/07\\\/Foto-Archivo-Alcoy-scaled-e1662441708882.jpg\",\"width\":640,\"height\":603},{\"@type\":\"BreadcrumbList\",\"@id\":\"https:\\\/\\\/www.copealcoy.es\\\/es\\\/detingut-a-alcoi-per-agredir-a-un-home-en-situacio-vulnerable\\\/#breadcrumb\",\"itemListElement\":[{\"@type\":\"ListItem\",\"position\":1,\"name\":\"Portada\",\"item\":\"https:\\\/\\\/www.copealcoy.es\\\/es\\\/\"},{\"@type\":\"ListItem\",\"position\":2,\"name\":\"Detingut a Alcoi per agredir a un home en situaci\u00f3 vulnerable\"}]},{\"@type\":\"WebSite\",\"@id\":\"https:\\\/\\\/www.copealcoy.es\\\/es\\\/#website\",\"url\":\"https:\\\/\\\/www.copealcoy.es\\\/es\\\/\",\"name\":\"COPE Alcoy\",\"description\":\"Emisora COPE de radio local con emisi\u00f3n online. Pont de Sant Jordi 8-10 03803 Alcoy\",\"potentialAction\":[{\"@type\":\"SearchAction\",\"target\":{\"@type\":\"EntryPoint\",\"urlTemplate\":\"https:\\\/\\\/www.copealcoy.es\\\/es\\\/?s={search_term_string}\"},\"query-input\":{\"@type\":\"PropertyValueSpecification\",\"valueRequired\":true,\"valueName\":\"search_term_string\"}}],\"inLanguage\":\"es\"},{\"@type\":\"Person\",\"@id\":\"https:\\\/\\\/www.copealcoy.es\\\/es\\\/#\\\/schema\\\/person\\\/e777c87fa024e57d40170af9df39882c\",\"name\":\"Cope Alcoy\",\"image\":{\"@type\":\"ImageObject\",\"inLanguage\":\"es\",\"@id\":\"https:\\\/\\\/secure.gravatar.com\\\/avatar\\\/bb65d0283347e303893ba14f0692005417c1e0e690a325a4c5d8bb2b3943ee14?s=96&d=mm&r=g\",\"url\":\"https:\\\/\\\/secure.gravatar.com\\\/avatar\\\/bb65d0283347e303893ba14f0692005417c1e0e690a325a4c5d8bb2b3943ee14?s=96&d=mm&r=g\",\"contentUrl\":\"https:\\\/\\\/secure.gravatar.com\\\/avatar\\\/bb65d0283347e303893ba14f0692005417c1e0e690a325a4c5d8bb2b3943ee14?s=96&d=mm&r=g\",\"caption\":\"Cope Alcoy\"}}]}<\/script>\n<!-- \/ Yoast SEO plugin. -->","yoast_head_json":{"title":"Detingut a Alcoi per agredir a un home en situaci\u00f3 vulnerable - COPE Alcoy","description":"Agents de la Policia Nacional han detingut un jove a Alcoi com a presumpte responsable de l'agressi\u00f3 a una persona vulnerable","robots":{"index":"index","follow":"follow","max-snippet":"max-snippet:-1","max-image-preview":"max-image-preview:large","max-video-preview":"max-video-preview:-1"},"canonical":"https:\/\/www.copealcoy.es\/es\/detingut-a-alcoi-per-agredir-a-un-home-en-situacio-vulnerable\/","og_locale":"es_ES","og_type":"article","og_title":"Detingut a Alcoi per agredir a un home en situaci\u00f3 vulnerable - COPE Alcoy","og_description":"Agents de la Policia Nacional han detingut un jove a Alcoi com a presumpte responsable de l'agressi\u00f3 a una persona vulnerable","og_url":"https:\/\/www.copealcoy.es\/es\/detingut-a-alcoi-per-agredir-a-un-home-en-situacio-vulnerable\/","og_site_name":"COPE Alcoy","article_published_time":"2022-12-06T09:54:12+00:00","article_modified_time":"2022-12-06T09:57:51+00:00","og_image":[{"width":640,"height":603,"url":"https:\/\/www.copealcoy.es\/wp-content\/uploads\/2022\/07\/Foto-Archivo-Alcoy-scaled-e1662441708882.jpg","type":"image\/jpeg"}],"author":"Cope Alcoy","twitter_misc":{"Escrito por":"Cope Alcoy","Tiempo de lectura":"2 minutos"},"schema":{"@context":"https:\/\/schema.org","@graph":[{"@type":"Article","@id":"https:\/\/www.copealcoy.es\/es\/detingut-a-alcoi-per-agredir-a-un-home-en-situacio-vulnerable\/#article","isPartOf":{"@id":"https:\/\/www.copealcoy.es\/es\/detingut-a-alcoi-per-agredir-a-un-home-en-situacio-vulnerable\/"},"author":{"name":"Cope Alcoy","@id":"https:\/\/www.copealcoy.es\/es\/#\/schema\/person\/e777c87fa024e57d40170af9df39882c"},"headline":"Detingut a Alcoi per agredir a un home en situaci\u00f3 vulnerable","datePublished":"2022-12-06T09:54:12+00:00","dateModified":"2022-12-06T09:57:51+00:00","mainEntityOfPage":{"@id":"https:\/\/www.copealcoy.es\/es\/detingut-a-alcoi-per-agredir-a-un-home-en-situacio-vulnerable\/"},"wordCount":354,"commentCount":0,"image":{"@id":"https:\/\/www.copealcoy.es\/es\/detingut-a-alcoi-per-agredir-a-un-home-en-situacio-vulnerable\/#primaryimage"},"thumbnailUrl":"https:\/\/www.copealcoy.es\/wp-content\/uploads\/2022\/07\/Foto-Archivo-Alcoy-scaled-e1662441708882.jpg","keywords":["agressi\u00f3","Alcoi","detenci\u00f3","persona","situaci\u00f3 vulnerable"],"articleSection":["Actualidad","Noticias","Pol\u00edtica y Econom\u00eda"],"inLanguage":"es"},{"@type":"WebPage","@id":"https:\/\/www.copealcoy.es\/es\/detingut-a-alcoi-per-agredir-a-un-home-en-situacio-vulnerable\/","url":"https:\/\/www.copealcoy.es\/es\/detingut-a-alcoi-per-agredir-a-un-home-en-situacio-vulnerable\/","name":"Detingut a Alcoi per agredir a un home en situaci\u00f3 vulnerable - COPE Alcoy","isPartOf":{"@id":"https:\/\/www.copealcoy.es\/es\/#website"},"primaryImageOfPage":{"@id":"https:\/\/www.copealcoy.es\/es\/detingut-a-alcoi-per-agredir-a-un-home-en-situacio-vulnerable\/#primaryimage"},"image":{"@id":"https:\/\/www.copealcoy.es\/es\/detingut-a-alcoi-per-agredir-a-un-home-en-situacio-vulnerable\/#primaryimage"},"thumbnailUrl":"https:\/\/www.copealcoy.es\/wp-content\/uploads\/2022\/07\/Foto-Archivo-Alcoy-scaled-e1662441708882.jpg","datePublished":"2022-12-06T09:54:12+00:00","dateModified":"2022-12-06T09:57:51+00:00","author":{"@id":"https:\/\/www.copealcoy.es\/es\/#\/schema\/person\/e777c87fa024e57d40170af9df39882c"},"description":"Agents de la Policia Nacional han detingut un jove a Alcoi com a presumpte responsable de l'agressi\u00f3 a una persona vulnerable","breadcrumb":{"@id":"https:\/\/www.copealcoy.es\/es\/detingut-a-alcoi-per-agredir-a-un-home-en-situacio-vulnerable\/#breadcrumb"},"inLanguage":"es","potentialAction":[{"@type":"ReadAction","target":["https:\/\/www.copealcoy.es\/es\/detingut-a-alcoi-per-agredir-a-un-home-en-situacio-vulnerable\/"]}]},{"@type":"ImageObject","inLanguage":"es","@id":"https:\/\/www.copealcoy.es\/es\/detingut-a-alcoi-per-agredir-a-un-home-en-situacio-vulnerable\/#primaryimage","url":"https:\/\/www.copealcoy.es\/wp-content\/uploads\/2022\/07\/Foto-Archivo-Alcoy-scaled-e1662441708882.jpg","contentUrl":"https:\/\/www.copealcoy.es\/wp-content\/uploads\/2022\/07\/Foto-Archivo-Alcoy-scaled-e1662441708882.jpg","width":640,"height":603},{"@type":"BreadcrumbList","@id":"https:\/\/www.copealcoy.es\/es\/detingut-a-alcoi-per-agredir-a-un-home-en-situacio-vulnerable\/#breadcrumb","itemListElement":[{"@type":"ListItem","position":1,"name":"Portada","item":"https:\/\/www.copealcoy.es\/es\/"},{"@type":"ListItem","position":2,"name":"Detingut a Alcoi per agredir a un home en situaci\u00f3 vulnerable"}]},{"@type":"WebSite","@id":"https:\/\/www.copealcoy.es\/es\/#website","url":"https:\/\/www.copealcoy.es\/es\/","name":"COPE Alcoy","description":"Emisora COPE de radio local con emisi\u00f3n online. Pont de Sant Jordi 8-10 03803 Alcoy","potentialAction":[{"@type":"SearchAction","target":{"@type":"EntryPoint","urlTemplate":"https:\/\/www.copealcoy.es\/es\/?s={search_term_string}"},"query-input":{"@type":"PropertyValueSpecification","valueRequired":true,"valueName":"search_term_string"}}],"inLanguage":"es"},{"@type":"Person","@id":"https:\/\/www.copealcoy.es\/es\/#\/schema\/person\/e777c87fa024e57d40170af9df39882c","name":"Cope Alcoy","image":{"@type":"ImageObject","inLanguage":"es","@id":"https:\/\/secure.gravatar.com\/avatar\/bb65d0283347e303893ba14f0692005417c1e0e690a325a4c5d8bb2b3943ee14?s=96&d=mm&r=g","url":"https:\/\/secure.gravatar.com\/avatar\/bb65d0283347e303893ba14f0692005417c1e0e690a325a4c5d8bb2b3943ee14?s=96&d=mm&r=g","contentUrl":"https:\/\/secure.gravatar.com\/avatar\/bb65d0283347e303893ba14f0692005417c1e0e690a325a4c5d8bb2b3943ee14?s=96&d=mm&r=g","caption":"Cope Alcoy"}}]}},"_links":{"self":[{"href":"https:\/\/www.copealcoy.es\/es\/wp-json\/wp\/v2\/posts\/94971","targetHints":{"allow":["GET"]}}],"collection":[{"href":"https:\/\/www.copealcoy.es\/es\/wp-json\/wp\/v2\/posts"}],"about":[{"href":"https:\/\/www.copealcoy.es\/es\/wp-json\/wp\/v2\/types\/post"}],"author":[{"embeddable":true,"href":"https:\/\/www.copealcoy.es\/es\/wp-json\/wp\/v2\/users\/1"}],"replies":[{"embeddable":true,"href":"https:\/\/www.copealcoy.es\/es\/wp-json\/wp\/v2\/comments?post=94971"}],"version-history":[{"count":0,"href":"https:\/\/www.copealcoy.es\/es\/wp-json\/wp\/v2\/posts\/94971\/revisions"}],"wp:featuredmedia":[{"embeddable":true,"href":"https:\/\/www.copealcoy.es\/es\/wp-json\/wp\/v2\/media\/90182"}],"wp:attachment":[{"href":"https:\/\/www.copealcoy.es\/es\/wp-json\/wp\/v2\/media?parent=94971"}],"wp:term":[{"taxonomy":"category","embeddable":true,"href":"https:\/\/www.copealcoy.es\/es\/wp-json\/wp\/v2\/categories?post=94971"},{"taxonomy":"post_tag","embeddable":true,"href":"https:\/\/www.copealcoy.es\/es\/wp-json\/wp\/v2\/tags?post=94971"}],"curies":[{"name":"wp","href":"https:\/\/api.w.org\/{rel}","templated":true}]}}