{"id":94953,"date":"2022-12-05T13:24:33","date_gmt":"2022-12-05T12:24:33","guid":{"rendered":"https:\/\/www.copealcoy.es\/?p=94953"},"modified":"2022-12-05T13:42:53","modified_gmt":"2022-12-05T12:42:53","slug":"alcoi-podria-tindre-una-area-industrial-nova-de-mes-dun-milio-de-metres-quadrats","status":"publish","type":"post","link":"https:\/\/www.copealcoy.es\/es\/alcoi-podria-tindre-una-area-industrial-nova-de-mes-dun-milio-de-metres-quadrats\/","title":{"rendered":"Alcoi podria tindre una \u00e0rea industrial nova de m\u00e9s d&#8217;un mili\u00f3 de metres quadrats"},"content":{"rendered":"<p>L&#8217;informe de cerca de nou s\u00f2l industrial a Alcoi, encarregat per <strong>l&#8217;Ajuntament<\/strong> i la <strong>Cambra de Comer\u00e7<\/strong>, llan\u00e7a resultats positius per a la ciutat. Parlem d&#8217;una zona d&#8217;<strong>1.200.000 metres quadrats<\/strong> de terreny disponible, lim\u00edtrof amb el municipi d&#8217;Ibi, que podria ser una glopada d&#8217;aire fresc per a la situaci\u00f3 industrial d&#8217;Alcoi.<\/p>\n<p>Aix\u00ed es despr\u00e9n de l&#8217;estudi presentat aquest dilluns en roda de premsa per l&#8217;alcalde de la ciutat, <strong>Antonio Franc\u00e9s<\/strong>; el vicealcalde, <strong>Jordi Mart\u00ednez<\/strong>, i el president de la Cambra de Comer\u00e7, <strong>Pablo de Gracia<\/strong>. Es tracta d&#8217;una zona d&#8217;unes 134 hect\u00e0rees situada en la boga esquerra que separa l&#8217;autovia A-7 entre Alcoi i Ibi, on se situen el Mas de l&#8217;Ombria i el Mas del Fons.<\/p>\n<p>I \u00e9s que aquesta zona \u00e9s l&#8217;\u00fanica que ha superat els requisits t\u00e8cnics, mediambientals i econ\u00f2mics que s&#8217;exigien per a poder comptar amb un s\u00f2l industrial ampli i de qualitat per al desenvolupament empresarial. &#8220;No es tracta d&#8217;una zona exempta de protecci\u00f3, per\u00f2 si que salva les limitacions que marca la legislaci\u00f3 mediambiental&#8221;, ha recordat el president de la Cambra de Comer\u00e7.<\/p>\n<p>No obstant aix\u00f2, no estem davant d&#8217;un pol\u00edgon industrial a l&#8217;\u00fas. La seua finalitat \u00e9s molt m\u00e9s concreta. &#8220;Aquesta \u00e9s una bossa de s\u00f2l per a projectes singulars que puguen desenvolupar-se en ell&#8221;, ha matisat el vicealcalde. Es refereix a empreses d&#8217;una certa envergadura que busquen instal\u00b7lar-se en la Comunitat Valenciana i necessiten un espai ampli i de caracter\u00edstiques concretes per a aix\u00f2. Per posar un exemple recent en un altre punt del territori valenci\u00e0, la instal\u00b7laci\u00f3 de la gigafactoria de Volkswagen a Sagunt.<\/p>\n<p>&#8220;Des de la <strong>Direcci\u00f3 General d&#8217;Urbanisme<\/strong> de la <strong>Generalitat Valenciana<\/strong> ens demanen que, una vegada tinguem una zona d&#8217;aquestes caracter\u00edstiques -sense desenvolupament, ni projecci\u00f3 en el <strong>Pla General d&#8217;Ordenaci\u00f3 Urbana (PGOU)<\/strong>&#8211; es fa\u00e7a saber a la <strong>Conselleria d&#8217;Economia<\/strong> per a poder-la oferir a les empreses que busquen espai en la Comunitat&#8221;, ha matisat Mart\u00ednez.<\/p>\n<p>I en aix\u00f2 s&#8217;enfocaran ara que ja es coneixen els resultats de l&#8217;informe. &#8220;Treballarem en aquest projecte, en estudiar-lo i en tindre tots els informes necessaris per a con\u00e9ixer les caracter\u00edstiques del s\u00f2l, les possibilitats que hi ha i quines empreses tenen cabuda dins d&#8217;aquesta zona&#8221;, ha explicat Franc\u00e9s.<\/p>\n<p><strong>Un projecte fora del PGOU<\/strong><\/p>\n<p>Aquesta condici\u00f3 concreta de la nova zona amb possibilitats industrials \u00e9s el que la porta a quedar fora del Pla General d&#8217;Ordenaci\u00f3 Urbana, del qual s&#8217;estan ultimant els informes de la fase ambiental per a la seua aprovaci\u00f3 . El pla, no obstant aix\u00f2, s\u00ed que contempla el <span style=\"color: #000080;\"><a style=\"color: #000080;\" href=\"https:\/\/www.copealcoy.es\/?s=sol+industrial\" target=\"_blank\" rel=\"noopener\">desenvolupament de zones<\/a><\/span> com el <strong>Cl\u00e9rigo <\/strong>o\u00a0<strong>Pagos<\/strong> i el pol\u00edgon <strong>Santiago Pay\u00e1<\/strong>, que suposaran 700.000 metres quadrats m\u00e9s de s\u00f2l industrial. Aix\u00f2 s\u00ed, en parcel\u00b7les de grand\u00e0ria m\u00e9s redu\u00efda.<\/p>\n","protected":false},"excerpt":{"rendered":"<p>L&#8217;informe de cerca de nou s\u00f2l industrial a Alcoi, encarregat per l&#8217;Ajuntament i la Cambra de Comer\u00e7, llan\u00e7a resultats positius&#8230;<\/p>\n","protected":false},"author":1,"featured_media":94954,"comment_status":"open","ping_status":"open","sticky":false,"template":"","format":"standard","meta":{"footnotes":""},"categories":[6909,97,75,79,125],"tags":[13435,13273,7875,433,275],"class_list":["post-94953","post","type-post","status-publish","format-standard","has-post-thumbnail","hentry","category-actualidad","category-alcoy","category-noticias","category-politicayeconomia","category-portada","tag-ajuntament-dalcoi","tag-cambra-de-comerc","tag-empreses","tag-industria","tag-pgou"],"yoast_head":"<!-- This site is optimized with the Yoast SEO plugin v27.3 - https:\/\/yoast.com\/product\/yoast-seo-wordpress\/ -->\n<title>Alcoi podria tindre una \u00e0rea industrial nova de m\u00e9s d&#039;un mili\u00f3 de metres quadrats - COPE Alcoy<\/title>\n<meta name=\"description\" content=\"L&#039;informe de cerca de nou s\u00f2l industrial a Alcoi, encarregat per l&#039;Ajuntament i la Cambra de Comer\u00e7, llan\u00e7a resultats positius per a la ciutat. Parlem d&#039;una zona d&#039;1.200.000 metres quadrats de terreny disponible, lim\u00edtrof amb el municipi d&#039;Ibi, que podria ser una glopada d&#039;aire fresc per a la situaci\u00f3 industrial d&#039;Alcoi.\" \/>\n<meta name=\"robots\" content=\"index, follow, max-snippet:-1, max-image-preview:large, max-video-preview:-1\" \/>\n<link rel=\"canonical\" href=\"https:\/\/www.copealcoy.es\/es\/alcoi-podria-tindre-una-area-industrial-nova-de-mes-dun-milio-de-metres-quadrats\/\" \/>\n<meta property=\"og:locale\" content=\"es_ES\" \/>\n<meta property=\"og:type\" content=\"article\" \/>\n<meta property=\"og:title\" content=\"Alcoi podria tindre una \u00e0rea industrial nova de m\u00e9s d&#039;un mili\u00f3 de metres quadrats - COPE Alcoy\" \/>\n<meta property=\"og:description\" content=\"L&#039;informe de cerca de nou s\u00f2l industrial a Alcoi, encarregat per l&#039;Ajuntament i la Cambra de Comer\u00e7, llan\u00e7a resultats positius per a la ciutat. Parlem d&#039;una zona d&#039;1.200.000 metres quadrats de terreny disponible, lim\u00edtrof amb el municipi d&#039;Ibi, que podria ser una glopada d&#039;aire fresc per a la situaci\u00f3 industrial d&#039;Alcoi.\" \/>\n<meta property=\"og:url\" content=\"https:\/\/www.copealcoy.es\/es\/alcoi-podria-tindre-una-area-industrial-nova-de-mes-dun-milio-de-metres-quadrats\/\" \/>\n<meta property=\"og:site_name\" content=\"COPE Alcoy\" \/>\n<meta property=\"article:published_time\" content=\"2022-12-05T12:24:33+00:00\" \/>\n<meta property=\"article:modified_time\" content=\"2022-12-05T12:42:53+00:00\" \/>\n<meta property=\"og:image\" content=\"https:\/\/www.copealcoy.es\/wp-content\/uploads\/2022\/12\/WhatsApp-Image-2022-12-05-at-13.23.21.jpeg\" \/>\n\t<meta property=\"og:image:width\" content=\"1024\" \/>\n\t<meta property=\"og:image:height\" content=\"571\" \/>\n\t<meta property=\"og:image:type\" content=\"image\/jpeg\" \/>\n<meta name=\"author\" content=\"Cope Alcoy\" \/>\n<meta name=\"twitter:label1\" content=\"Escrito por\" \/>\n\t<meta name=\"twitter:data1\" content=\"Cope Alcoy\" \/>\n\t<meta name=\"twitter:label2\" content=\"Tiempo de lectura\" \/>\n\t<meta name=\"twitter:data2\" content=\"3 minutos\" \/>\n<script type=\"application\/ld+json\" class=\"yoast-schema-graph\">{\"@context\":\"https:\\\/\\\/schema.org\",\"@graph\":[{\"@type\":\"Article\",\"@id\":\"https:\\\/\\\/www.copealcoy.es\\\/es\\\/alcoi-podria-tindre-una-area-industrial-nova-de-mes-dun-milio-de-metres-quadrats\\\/#article\",\"isPartOf\":{\"@id\":\"https:\\\/\\\/www.copealcoy.es\\\/es\\\/alcoi-podria-tindre-una-area-industrial-nova-de-mes-dun-milio-de-metres-quadrats\\\/\"},\"author\":{\"name\":\"Cope Alcoy\",\"@id\":\"https:\\\/\\\/www.copealcoy.es\\\/es\\\/#\\\/schema\\\/person\\\/e777c87fa024e57d40170af9df39882c\"},\"headline\":\"Alcoi podria tindre una \u00e0rea industrial nova de m\u00e9s d&#8217;un mili\u00f3 de metres quadrats\",\"datePublished\":\"2022-12-05T12:24:33+00:00\",\"dateModified\":\"2022-12-05T12:42:53+00:00\",\"mainEntityOfPage\":{\"@id\":\"https:\\\/\\\/www.copealcoy.es\\\/es\\\/alcoi-podria-tindre-una-area-industrial-nova-de-mes-dun-milio-de-metres-quadrats\\\/\"},\"wordCount\":521,\"commentCount\":0,\"image\":{\"@id\":\"https:\\\/\\\/www.copealcoy.es\\\/es\\\/alcoi-podria-tindre-una-area-industrial-nova-de-mes-dun-milio-de-metres-quadrats\\\/#primaryimage\"},\"thumbnailUrl\":\"https:\\\/\\\/www.copealcoy.es\\\/wp-content\\\/uploads\\\/2022\\\/12\\\/WhatsApp-Image-2022-12-05-at-13.23.21.jpeg\",\"keywords\":[\"Ajuntament d'Alcoi\",\"Cambra de Comer\u00e7\",\"empreses\",\"Industria\",\"PGOU\"],\"articleSection\":[\"Actualidad\",\"Alcoy\",\"Noticias\",\"Pol\u00edtica y Econom\u00eda\",\"Portada\"],\"inLanguage\":\"es\"},{\"@type\":\"WebPage\",\"@id\":\"https:\\\/\\\/www.copealcoy.es\\\/es\\\/alcoi-podria-tindre-una-area-industrial-nova-de-mes-dun-milio-de-metres-quadrats\\\/\",\"url\":\"https:\\\/\\\/www.copealcoy.es\\\/es\\\/alcoi-podria-tindre-una-area-industrial-nova-de-mes-dun-milio-de-metres-quadrats\\\/\",\"name\":\"Alcoi podria tindre una \u00e0rea industrial nova de m\u00e9s d'un mili\u00f3 de metres quadrats - COPE Alcoy\",\"isPartOf\":{\"@id\":\"https:\\\/\\\/www.copealcoy.es\\\/es\\\/#website\"},\"primaryImageOfPage\":{\"@id\":\"https:\\\/\\\/www.copealcoy.es\\\/es\\\/alcoi-podria-tindre-una-area-industrial-nova-de-mes-dun-milio-de-metres-quadrats\\\/#primaryimage\"},\"image\":{\"@id\":\"https:\\\/\\\/www.copealcoy.es\\\/es\\\/alcoi-podria-tindre-una-area-industrial-nova-de-mes-dun-milio-de-metres-quadrats\\\/#primaryimage\"},\"thumbnailUrl\":\"https:\\\/\\\/www.copealcoy.es\\\/wp-content\\\/uploads\\\/2022\\\/12\\\/WhatsApp-Image-2022-12-05-at-13.23.21.jpeg\",\"datePublished\":\"2022-12-05T12:24:33+00:00\",\"dateModified\":\"2022-12-05T12:42:53+00:00\",\"author\":{\"@id\":\"https:\\\/\\\/www.copealcoy.es\\\/es\\\/#\\\/schema\\\/person\\\/e777c87fa024e57d40170af9df39882c\"},\"description\":\"L'informe de cerca de nou s\u00f2l industrial a Alcoi, encarregat per l'Ajuntament i la Cambra de Comer\u00e7, llan\u00e7a resultats positius per a la ciutat. Parlem d'una zona d'1.200.000 metres quadrats de terreny disponible, lim\u00edtrof amb el municipi d'Ibi, que podria ser una glopada d'aire fresc per a la situaci\u00f3 industrial d'Alcoi.\",\"breadcrumb\":{\"@id\":\"https:\\\/\\\/www.copealcoy.es\\\/es\\\/alcoi-podria-tindre-una-area-industrial-nova-de-mes-dun-milio-de-metres-quadrats\\\/#breadcrumb\"},\"inLanguage\":\"es\",\"potentialAction\":[{\"@type\":\"ReadAction\",\"target\":[\"https:\\\/\\\/www.copealcoy.es\\\/es\\\/alcoi-podria-tindre-una-area-industrial-nova-de-mes-dun-milio-de-metres-quadrats\\\/\"]}]},{\"@type\":\"ImageObject\",\"inLanguage\":\"es\",\"@id\":\"https:\\\/\\\/www.copealcoy.es\\\/es\\\/alcoi-podria-tindre-una-area-industrial-nova-de-mes-dun-milio-de-metres-quadrats\\\/#primaryimage\",\"url\":\"https:\\\/\\\/www.copealcoy.es\\\/wp-content\\\/uploads\\\/2022\\\/12\\\/WhatsApp-Image-2022-12-05-at-13.23.21.jpeg\",\"contentUrl\":\"https:\\\/\\\/www.copealcoy.es\\\/wp-content\\\/uploads\\\/2022\\\/12\\\/WhatsApp-Image-2022-12-05-at-13.23.21.jpeg\",\"width\":1024,\"height\":571},{\"@type\":\"BreadcrumbList\",\"@id\":\"https:\\\/\\\/www.copealcoy.es\\\/es\\\/alcoi-podria-tindre-una-area-industrial-nova-de-mes-dun-milio-de-metres-quadrats\\\/#breadcrumb\",\"itemListElement\":[{\"@type\":\"ListItem\",\"position\":1,\"name\":\"Portada\",\"item\":\"https:\\\/\\\/www.copealcoy.es\\\/es\\\/\"},{\"@type\":\"ListItem\",\"position\":2,\"name\":\"Alcoi podria tindre una \u00e0rea industrial nova de m\u00e9s d&#8217;un mili\u00f3 de metres quadrats\"}]},{\"@type\":\"WebSite\",\"@id\":\"https:\\\/\\\/www.copealcoy.es\\\/es\\\/#website\",\"url\":\"https:\\\/\\\/www.copealcoy.es\\\/es\\\/\",\"name\":\"COPE Alcoy\",\"description\":\"Emisora COPE de radio local con emisi\u00f3n online. Pont de Sant Jordi 8-10 03803 Alcoy\",\"potentialAction\":[{\"@type\":\"SearchAction\",\"target\":{\"@type\":\"EntryPoint\",\"urlTemplate\":\"https:\\\/\\\/www.copealcoy.es\\\/es\\\/?s={search_term_string}\"},\"query-input\":{\"@type\":\"PropertyValueSpecification\",\"valueRequired\":true,\"valueName\":\"search_term_string\"}}],\"inLanguage\":\"es\"},{\"@type\":\"Person\",\"@id\":\"https:\\\/\\\/www.copealcoy.es\\\/es\\\/#\\\/schema\\\/person\\\/e777c87fa024e57d40170af9df39882c\",\"name\":\"Cope Alcoy\",\"image\":{\"@type\":\"ImageObject\",\"inLanguage\":\"es\",\"@id\":\"https:\\\/\\\/secure.gravatar.com\\\/avatar\\\/bb65d0283347e303893ba14f0692005417c1e0e690a325a4c5d8bb2b3943ee14?s=96&d=mm&r=g\",\"url\":\"https:\\\/\\\/secure.gravatar.com\\\/avatar\\\/bb65d0283347e303893ba14f0692005417c1e0e690a325a4c5d8bb2b3943ee14?s=96&d=mm&r=g\",\"contentUrl\":\"https:\\\/\\\/secure.gravatar.com\\\/avatar\\\/bb65d0283347e303893ba14f0692005417c1e0e690a325a4c5d8bb2b3943ee14?s=96&d=mm&r=g\",\"caption\":\"Cope Alcoy\"}}]}<\/script>\n<!-- \/ Yoast SEO plugin. -->","yoast_head_json":{"title":"Alcoi podria tindre una \u00e0rea industrial nova de m\u00e9s d'un mili\u00f3 de metres quadrats - COPE Alcoy","description":"L'informe de cerca de nou s\u00f2l industrial a Alcoi, encarregat per l'Ajuntament i la Cambra de Comer\u00e7, llan\u00e7a resultats positius per a la ciutat. Parlem d'una zona d'1.200.000 metres quadrats de terreny disponible, lim\u00edtrof amb el municipi d'Ibi, que podria ser una glopada d'aire fresc per a la situaci\u00f3 industrial d'Alcoi.","robots":{"index":"index","follow":"follow","max-snippet":"max-snippet:-1","max-image-preview":"max-image-preview:large","max-video-preview":"max-video-preview:-1"},"canonical":"https:\/\/www.copealcoy.es\/es\/alcoi-podria-tindre-una-area-industrial-nova-de-mes-dun-milio-de-metres-quadrats\/","og_locale":"es_ES","og_type":"article","og_title":"Alcoi podria tindre una \u00e0rea industrial nova de m\u00e9s d'un mili\u00f3 de metres quadrats - COPE Alcoy","og_description":"L'informe de cerca de nou s\u00f2l industrial a Alcoi, encarregat per l'Ajuntament i la Cambra de Comer\u00e7, llan\u00e7a resultats positius per a la ciutat. Parlem d'una zona d'1.200.000 metres quadrats de terreny disponible, lim\u00edtrof amb el municipi d'Ibi, que podria ser una glopada d'aire fresc per a la situaci\u00f3 industrial d'Alcoi.","og_url":"https:\/\/www.copealcoy.es\/es\/alcoi-podria-tindre-una-area-industrial-nova-de-mes-dun-milio-de-metres-quadrats\/","og_site_name":"COPE Alcoy","article_published_time":"2022-12-05T12:24:33+00:00","article_modified_time":"2022-12-05T12:42:53+00:00","og_image":[{"width":1024,"height":571,"url":"https:\/\/www.copealcoy.es\/wp-content\/uploads\/2022\/12\/WhatsApp-Image-2022-12-05-at-13.23.21.jpeg","type":"image\/jpeg"}],"author":"Cope Alcoy","twitter_misc":{"Escrito por":"Cope Alcoy","Tiempo de lectura":"3 minutos"},"schema":{"@context":"https:\/\/schema.org","@graph":[{"@type":"Article","@id":"https:\/\/www.copealcoy.es\/es\/alcoi-podria-tindre-una-area-industrial-nova-de-mes-dun-milio-de-metres-quadrats\/#article","isPartOf":{"@id":"https:\/\/www.copealcoy.es\/es\/alcoi-podria-tindre-una-area-industrial-nova-de-mes-dun-milio-de-metres-quadrats\/"},"author":{"name":"Cope Alcoy","@id":"https:\/\/www.copealcoy.es\/es\/#\/schema\/person\/e777c87fa024e57d40170af9df39882c"},"headline":"Alcoi podria tindre una \u00e0rea industrial nova de m\u00e9s d&#8217;un mili\u00f3 de metres quadrats","datePublished":"2022-12-05T12:24:33+00:00","dateModified":"2022-12-05T12:42:53+00:00","mainEntityOfPage":{"@id":"https:\/\/www.copealcoy.es\/es\/alcoi-podria-tindre-una-area-industrial-nova-de-mes-dun-milio-de-metres-quadrats\/"},"wordCount":521,"commentCount":0,"image":{"@id":"https:\/\/www.copealcoy.es\/es\/alcoi-podria-tindre-una-area-industrial-nova-de-mes-dun-milio-de-metres-quadrats\/#primaryimage"},"thumbnailUrl":"https:\/\/www.copealcoy.es\/wp-content\/uploads\/2022\/12\/WhatsApp-Image-2022-12-05-at-13.23.21.jpeg","keywords":["Ajuntament d'Alcoi","Cambra de Comer\u00e7","empreses","Industria","PGOU"],"articleSection":["Actualidad","Alcoy","Noticias","Pol\u00edtica y Econom\u00eda","Portada"],"inLanguage":"es"},{"@type":"WebPage","@id":"https:\/\/www.copealcoy.es\/es\/alcoi-podria-tindre-una-area-industrial-nova-de-mes-dun-milio-de-metres-quadrats\/","url":"https:\/\/www.copealcoy.es\/es\/alcoi-podria-tindre-una-area-industrial-nova-de-mes-dun-milio-de-metres-quadrats\/","name":"Alcoi podria tindre una \u00e0rea industrial nova de m\u00e9s d'un mili\u00f3 de metres quadrats - COPE Alcoy","isPartOf":{"@id":"https:\/\/www.copealcoy.es\/es\/#website"},"primaryImageOfPage":{"@id":"https:\/\/www.copealcoy.es\/es\/alcoi-podria-tindre-una-area-industrial-nova-de-mes-dun-milio-de-metres-quadrats\/#primaryimage"},"image":{"@id":"https:\/\/www.copealcoy.es\/es\/alcoi-podria-tindre-una-area-industrial-nova-de-mes-dun-milio-de-metres-quadrats\/#primaryimage"},"thumbnailUrl":"https:\/\/www.copealcoy.es\/wp-content\/uploads\/2022\/12\/WhatsApp-Image-2022-12-05-at-13.23.21.jpeg","datePublished":"2022-12-05T12:24:33+00:00","dateModified":"2022-12-05T12:42:53+00:00","author":{"@id":"https:\/\/www.copealcoy.es\/es\/#\/schema\/person\/e777c87fa024e57d40170af9df39882c"},"description":"L'informe de cerca de nou s\u00f2l industrial a Alcoi, encarregat per l'Ajuntament i la Cambra de Comer\u00e7, llan\u00e7a resultats positius per a la ciutat. Parlem d'una zona d'1.200.000 metres quadrats de terreny disponible, lim\u00edtrof amb el municipi d'Ibi, que podria ser una glopada d'aire fresc per a la situaci\u00f3 industrial d'Alcoi.","breadcrumb":{"@id":"https:\/\/www.copealcoy.es\/es\/alcoi-podria-tindre-una-area-industrial-nova-de-mes-dun-milio-de-metres-quadrats\/#breadcrumb"},"inLanguage":"es","potentialAction":[{"@type":"ReadAction","target":["https:\/\/www.copealcoy.es\/es\/alcoi-podria-tindre-una-area-industrial-nova-de-mes-dun-milio-de-metres-quadrats\/"]}]},{"@type":"ImageObject","inLanguage":"es","@id":"https:\/\/www.copealcoy.es\/es\/alcoi-podria-tindre-una-area-industrial-nova-de-mes-dun-milio-de-metres-quadrats\/#primaryimage","url":"https:\/\/www.copealcoy.es\/wp-content\/uploads\/2022\/12\/WhatsApp-Image-2022-12-05-at-13.23.21.jpeg","contentUrl":"https:\/\/www.copealcoy.es\/wp-content\/uploads\/2022\/12\/WhatsApp-Image-2022-12-05-at-13.23.21.jpeg","width":1024,"height":571},{"@type":"BreadcrumbList","@id":"https:\/\/www.copealcoy.es\/es\/alcoi-podria-tindre-una-area-industrial-nova-de-mes-dun-milio-de-metres-quadrats\/#breadcrumb","itemListElement":[{"@type":"ListItem","position":1,"name":"Portada","item":"https:\/\/www.copealcoy.es\/es\/"},{"@type":"ListItem","position":2,"name":"Alcoi podria tindre una \u00e0rea industrial nova de m\u00e9s d&#8217;un mili\u00f3 de metres quadrats"}]},{"@type":"WebSite","@id":"https:\/\/www.copealcoy.es\/es\/#website","url":"https:\/\/www.copealcoy.es\/es\/","name":"COPE Alcoy","description":"Emisora COPE de radio local con emisi\u00f3n online. Pont de Sant Jordi 8-10 03803 Alcoy","potentialAction":[{"@type":"SearchAction","target":{"@type":"EntryPoint","urlTemplate":"https:\/\/www.copealcoy.es\/es\/?s={search_term_string}"},"query-input":{"@type":"PropertyValueSpecification","valueRequired":true,"valueName":"search_term_string"}}],"inLanguage":"es"},{"@type":"Person","@id":"https:\/\/www.copealcoy.es\/es\/#\/schema\/person\/e777c87fa024e57d40170af9df39882c","name":"Cope Alcoy","image":{"@type":"ImageObject","inLanguage":"es","@id":"https:\/\/secure.gravatar.com\/avatar\/bb65d0283347e303893ba14f0692005417c1e0e690a325a4c5d8bb2b3943ee14?s=96&d=mm&r=g","url":"https:\/\/secure.gravatar.com\/avatar\/bb65d0283347e303893ba14f0692005417c1e0e690a325a4c5d8bb2b3943ee14?s=96&d=mm&r=g","contentUrl":"https:\/\/secure.gravatar.com\/avatar\/bb65d0283347e303893ba14f0692005417c1e0e690a325a4c5d8bb2b3943ee14?s=96&d=mm&r=g","caption":"Cope Alcoy"}}]}},"_links":{"self":[{"href":"https:\/\/www.copealcoy.es\/es\/wp-json\/wp\/v2\/posts\/94953","targetHints":{"allow":["GET"]}}],"collection":[{"href":"https:\/\/www.copealcoy.es\/es\/wp-json\/wp\/v2\/posts"}],"about":[{"href":"https:\/\/www.copealcoy.es\/es\/wp-json\/wp\/v2\/types\/post"}],"author":[{"embeddable":true,"href":"https:\/\/www.copealcoy.es\/es\/wp-json\/wp\/v2\/users\/1"}],"replies":[{"embeddable":true,"href":"https:\/\/www.copealcoy.es\/es\/wp-json\/wp\/v2\/comments?post=94953"}],"version-history":[{"count":0,"href":"https:\/\/www.copealcoy.es\/es\/wp-json\/wp\/v2\/posts\/94953\/revisions"}],"wp:featuredmedia":[{"embeddable":true,"href":"https:\/\/www.copealcoy.es\/es\/wp-json\/wp\/v2\/media\/94954"}],"wp:attachment":[{"href":"https:\/\/www.copealcoy.es\/es\/wp-json\/wp\/v2\/media?parent=94953"}],"wp:term":[{"taxonomy":"category","embeddable":true,"href":"https:\/\/www.copealcoy.es\/es\/wp-json\/wp\/v2\/categories?post=94953"},{"taxonomy":"post_tag","embeddable":true,"href":"https:\/\/www.copealcoy.es\/es\/wp-json\/wp\/v2\/tags?post=94953"}],"curies":[{"name":"wp","href":"https:\/\/api.w.org\/{rel}","templated":true}]}}