{"id":94941,"date":"2022-12-05T10:15:52","date_gmt":"2022-12-05T09:15:52","guid":{"rendered":"https:\/\/www.copealcoy.es\/?p=94941"},"modified":"2022-12-05T10:38:26","modified_gmt":"2022-12-05T09:38:26","slug":"caritas-alcoi-torna-a-llancar-la-campanya-per-a-la-compra-de-bombones-de-buta","status":"publish","type":"post","link":"https:\/\/www.copealcoy.es\/es\/caritas-alcoi-torna-a-llancar-la-campanya-per-a-la-compra-de-bombones-de-buta\/","title":{"rendered":"C\u00e0ritas Alcoi torna a llan\u00e7ar la campanya per a la compra de bombones de but\u00e0"},"content":{"rendered":"<p style=\"text-align: justify;\"><a href=\"https:\/\/www.facebook.com\/CaritasAlcoy\"><strong><span style=\"color: #0000ff;\">C\u00e0ritas Interparroquial d&#8217;Alcoi<\/span><\/strong><\/a> ha tornat a llan\u00e7ar <strong>la campanya solid\u00e0ria &#8216;Que en\u00a0<span class=\"hiddenGreenError\">este<\/span>\u00a0<span class=\"hiddenSpellError\">invierno<\/span>\u00a0<span class=\"hiddenSpellError\">nadie<\/span>\u00a0<span class=\"hiddenSpellError\">pase<\/span>\u00a0<span class=\"hiddenSpellError\">fr\u00edo<\/span>&#8216;<\/strong>, una iniciativa que <strong>ha donat molts bons resultats<\/strong> en els \u00faltims anys. Aquesta proposta <strong>busca recaptar fons que aniran destinats a la compra de bombones de but\u00e0<\/strong>, les quals es donaran despr\u00e9s a les fam\u00edlies m\u00e9s necessitades de la nostra ciutat.<\/p>\n<p style=\"text-align: justify;\">Les aportacions les podem fer <strong>durant els dies que se celebra el &#8216;Mercat de Nadal&#8217; a La Glorieta<\/strong> donat que en aquest punt C\u00e0ritas <strong>t\u00e9 muntat un estand fins al 8 de desembre<\/strong>. A m\u00e9s, una vegada finalitzada la Fireta, <strong>podrem seguir col\u00b7laborant ingressant en el compte corrent o a trav\u00e9s de\u00a0<span class=\"hiddenSpellError\">bizum<\/span>\u00a0posant el n\u00famero 02444<\/strong> amb el concepte But\u00e0. Des de C\u00e0ritas Alcoi animen a participar en aquesta iniciativa i destaquen que<strong> esperen superar els fons aconseguits l&#8217;any passat<\/strong> &#8220;<em>en 2021 foren uns 9.500 euros els que vam recollir i amb aix\u00f2 vam poder estar pagant bombones de but\u00e0 fins a juliol. Enguany hem comen\u00e7at a fer els pagos en desembre i fem una crida perqu\u00e8 tota la ciutat fa\u00e7a la seua contribuci\u00f3 a la causa<\/em>&#8220;, explicava en COPE\u00a0<span class=\"hiddenSpellError\">ALCOi<\/span>\u00a0<strong>Jos\u00e9 Domingo Sempere<\/strong>; delegat\u00a0precisament de C\u00e0ritas Interparroquial.<\/p>\n<p style=\"text-align: justify;\"><strong><span style=\"color: #0000ff;\">Certamen Escolar de Nadaletes de COPE ALCOI tamb\u00e9 a benefici de C\u00e0ritas<\/span><\/strong><\/p>\n<p style=\"text-align: justify;\">El\u00a0<strong>Certamen Escolar de Nadaletes de COPE ALCOI<\/strong>\u00a0torna a tindre\u00a0<strong>una gran acollida en la ciutat<\/strong>\u00a0i avan\u00e7a a molt bon ritme la venda d\u2019entrades. El proc\u00e9s per a adquirir les localitats\u00a0<strong>continua endavant<\/strong>\u00a0i ja pots adquirir la teua entrada en\u00a0<a href=\"https:\/\/home.ticketalcoi.com\/eventos\/xviii-certamen-villancicos-copealcoi\/\"><strong><span class=\"hiddenSpellError\">ticketalcoi<\/span>\u00a0<\/strong><\/a>al preu de cinc euros.<\/p>\n<p style=\"text-align: justify;\">Cal recordar que tota la recaptaci\u00f3 anir\u00e0 destinada, \u00edntegrament, per a C\u00e0ritas Alcoi, instituci\u00f3 que desenvolupa una gran tasca a la nostra ciutat en serveis com el de\u00a0<strong>l\u2019Economato<\/strong>. Aquest ha vist incrementada l\u2019atenci\u00f3 a fam\u00edlies en els \u00faltims mesos arran de la situaci\u00f3 ec\u00f2mica per la qual travessa la nostra societat tal com ha explicat en COPE ALCOI\u00a0<strong>Juanjo Garrido<\/strong>, el seu responsable. Altre dels programes que porta endavant C\u00e1ritas Alcoi es\u00a0<strong>Dona-Mare<\/strong>. Aquesta iniciativa tamb\u00e9 est\u00e0 fent una gran tasca en atenci\u00f3 a les dones com ha remarcat\u00a0<strong>Menchu Bernab\u00e9u<\/strong>, treballadora Social de C\u00e1ritas Santa Maria.<\/p>\n<p style=\"text-align: justify;\">El Certamen Escolar de Nadaletes comptar\u00e0 aquesta vegada\u00a0<strong>amb la participaci\u00f3 de sis centres educatius de la capital de l\u2019Alcoi\u00e0<\/strong>. Han confirmat la seua pres\u00e8ncia\u00a0<strong>els col.legis Jos\u00e9 Arnauda, San Vicente de Pa\u00fal, Salesianos Juan XXIII, Esclaves, Salesianos San Vicente Ferrer i Carmelites<\/strong>. Tots ells<strong>\u00a0interpretaran un repertori de nadaletes de lliure elecci\u00f3 i el guanyador ser\u00e0 escollit per sorteig pel Sant Jordiet de les Festes de Moros i Cristians 2023<\/strong>, Nicol\u00e1s S\u00e1nchez Linares. Una\u00a0<strong>cita multitudin\u00e0ria<\/strong>\u00a0que ens far\u00e0 passar una gran vesprada a les portes del Nadal i que fa possible Milar Electrodom\u00e9sticos. Tamb\u00e9 col\u00b7laboren Nova Veluti, Ponsoda Corredoria de Seguros, el Muboma, Aqualia, Fernando Cano Ropa Hombre, Terra Natura, Vectalia i l\u2019Ajuntament d\u2019Alcoi.<\/p>\n","protected":false},"excerpt":{"rendered":"<p>C\u00e0ritas Interparroquial d&#8217;Alcoi ha tornat a llan\u00e7ar la campanya solid\u00e0ria &#8216;Que en\u00a0este\u00a0invierno\u00a0nadie\u00a0pase\u00a0fr\u00edo&#8216;, una iniciativa que ha donat molts bons resultats&#8230;<\/p>\n","protected":false},"author":1,"featured_media":94919,"comment_status":"open","ping_status":"open","sticky":false,"template":"","format":"standard","meta":{"footnotes":""},"categories":[6909,97,75,79],"tags":[160,13564,9579,460,13565,7750],"class_list":["post-94941","post","type-post","status-publish","format-standard","has-post-thumbnail","hentry","category-actualidad","category-alcoy","category-noticias","category-politicayeconomia","tag-alcoi","tag-bombones-de-buta","tag-campanya","tag-caritas","tag-donatius","tag-recollida"],"yoast_head":"<!-- This site is optimized with the Yoast SEO plugin v27.3 - https:\/\/yoast.com\/product\/yoast-seo-wordpress\/ -->\n<title>C\u00e0ritas Alcoi torna a llan\u00e7ar la campanya per a la compra de bombones de but\u00e0 - COPE Alcoy<\/title>\n<meta name=\"description\" content=\"C\u00e0ritas Interparroquial d&#039;Alcoi ha tornat a llan\u00e7ar la campanya solid\u00e0ria &#039;Que en\u00a0este\u00a0invierno\u00a0nadie\u00a0pase\u00a0fr\u00edo&#039;,\" \/>\n<meta name=\"robots\" content=\"index, follow, max-snippet:-1, max-image-preview:large, max-video-preview:-1\" \/>\n<link rel=\"canonical\" href=\"https:\/\/www.copealcoy.es\/es\/caritas-alcoi-torna-a-llancar-la-campanya-per-a-la-compra-de-bombones-de-buta\/\" \/>\n<meta property=\"og:locale\" content=\"es_ES\" \/>\n<meta property=\"og:type\" content=\"article\" \/>\n<meta property=\"og:title\" content=\"C\u00e0ritas Alcoi torna a llan\u00e7ar la campanya per a la compra de bombones de but\u00e0 - COPE Alcoy\" \/>\n<meta property=\"og:description\" content=\"C\u00e0ritas Interparroquial d&#039;Alcoi ha tornat a llan\u00e7ar la campanya solid\u00e0ria &#039;Que en\u00a0este\u00a0invierno\u00a0nadie\u00a0pase\u00a0fr\u00edo&#039;,\" \/>\n<meta property=\"og:url\" content=\"https:\/\/www.copealcoy.es\/es\/caritas-alcoi-torna-a-llancar-la-campanya-per-a-la-compra-de-bombones-de-buta\/\" \/>\n<meta property=\"og:site_name\" content=\"COPE Alcoy\" \/>\n<meta property=\"article:published_time\" content=\"2022-12-05T09:15:52+00:00\" \/>\n<meta property=\"article:modified_time\" content=\"2022-12-05T09:38:26+00:00\" \/>\n<meta property=\"og:image\" content=\"https:\/\/www.copealcoy.es\/wp-content\/uploads\/2022\/12\/IMG-4080-scaled.jpg\" \/>\n\t<meta property=\"og:image:width\" content=\"1440\" \/>\n\t<meta property=\"og:image:height\" content=\"1080\" \/>\n\t<meta property=\"og:image:type\" content=\"image\/jpeg\" \/>\n<meta name=\"author\" content=\"Cope Alcoy\" \/>\n<meta name=\"twitter:label1\" content=\"Escrito por\" \/>\n\t<meta name=\"twitter:data1\" content=\"Cope Alcoy\" \/>\n\t<meta name=\"twitter:label2\" content=\"Tiempo de lectura\" \/>\n\t<meta name=\"twitter:data2\" content=\"3 minutos\" \/>\n<script type=\"application\/ld+json\" class=\"yoast-schema-graph\">{\"@context\":\"https:\\\/\\\/schema.org\",\"@graph\":[{\"@type\":\"Article\",\"@id\":\"https:\\\/\\\/www.copealcoy.es\\\/es\\\/caritas-alcoi-torna-a-llancar-la-campanya-per-a-la-compra-de-bombones-de-buta\\\/#article\",\"isPartOf\":{\"@id\":\"https:\\\/\\\/www.copealcoy.es\\\/es\\\/caritas-alcoi-torna-a-llancar-la-campanya-per-a-la-compra-de-bombones-de-buta\\\/\"},\"author\":{\"name\":\"Cope Alcoy\",\"@id\":\"https:\\\/\\\/www.copealcoy.es\\\/es\\\/#\\\/schema\\\/person\\\/e777c87fa024e57d40170af9df39882c\"},\"headline\":\"C\u00e0ritas Alcoi torna a llan\u00e7ar la campanya per a la compra de bombones de but\u00e0\",\"datePublished\":\"2022-12-05T09:15:52+00:00\",\"dateModified\":\"2022-12-05T09:38:26+00:00\",\"mainEntityOfPage\":{\"@id\":\"https:\\\/\\\/www.copealcoy.es\\\/es\\\/caritas-alcoi-torna-a-llancar-la-campanya-per-a-la-compra-de-bombones-de-buta\\\/\"},\"wordCount\":526,\"commentCount\":0,\"image\":{\"@id\":\"https:\\\/\\\/www.copealcoy.es\\\/es\\\/caritas-alcoi-torna-a-llancar-la-campanya-per-a-la-compra-de-bombones-de-buta\\\/#primaryimage\"},\"thumbnailUrl\":\"https:\\\/\\\/www.copealcoy.es\\\/wp-content\\\/uploads\\\/2022\\\/12\\\/IMG-4080-scaled.jpg\",\"keywords\":[\"Alcoi\",\"bombones de but\u00e0\",\"campanya\",\"C\u00e1ritas\",\"donatius\",\"Recollida\"],\"articleSection\":[\"Actualidad\",\"Alcoy\",\"Noticias\",\"Pol\u00edtica y Econom\u00eda\"],\"inLanguage\":\"es\"},{\"@type\":\"WebPage\",\"@id\":\"https:\\\/\\\/www.copealcoy.es\\\/es\\\/caritas-alcoi-torna-a-llancar-la-campanya-per-a-la-compra-de-bombones-de-buta\\\/\",\"url\":\"https:\\\/\\\/www.copealcoy.es\\\/es\\\/caritas-alcoi-torna-a-llancar-la-campanya-per-a-la-compra-de-bombones-de-buta\\\/\",\"name\":\"C\u00e0ritas Alcoi torna a llan\u00e7ar la campanya per a la compra de bombones de but\u00e0 - COPE Alcoy\",\"isPartOf\":{\"@id\":\"https:\\\/\\\/www.copealcoy.es\\\/es\\\/#website\"},\"primaryImageOfPage\":{\"@id\":\"https:\\\/\\\/www.copealcoy.es\\\/es\\\/caritas-alcoi-torna-a-llancar-la-campanya-per-a-la-compra-de-bombones-de-buta\\\/#primaryimage\"},\"image\":{\"@id\":\"https:\\\/\\\/www.copealcoy.es\\\/es\\\/caritas-alcoi-torna-a-llancar-la-campanya-per-a-la-compra-de-bombones-de-buta\\\/#primaryimage\"},\"thumbnailUrl\":\"https:\\\/\\\/www.copealcoy.es\\\/wp-content\\\/uploads\\\/2022\\\/12\\\/IMG-4080-scaled.jpg\",\"datePublished\":\"2022-12-05T09:15:52+00:00\",\"dateModified\":\"2022-12-05T09:38:26+00:00\",\"author\":{\"@id\":\"https:\\\/\\\/www.copealcoy.es\\\/es\\\/#\\\/schema\\\/person\\\/e777c87fa024e57d40170af9df39882c\"},\"description\":\"C\u00e0ritas Interparroquial d'Alcoi ha tornat a llan\u00e7ar la campanya solid\u00e0ria 'Que en\u00a0este\u00a0invierno\u00a0nadie\u00a0pase\u00a0fr\u00edo',\",\"breadcrumb\":{\"@id\":\"https:\\\/\\\/www.copealcoy.es\\\/es\\\/caritas-alcoi-torna-a-llancar-la-campanya-per-a-la-compra-de-bombones-de-buta\\\/#breadcrumb\"},\"inLanguage\":\"es\",\"potentialAction\":[{\"@type\":\"ReadAction\",\"target\":[\"https:\\\/\\\/www.copealcoy.es\\\/es\\\/caritas-alcoi-torna-a-llancar-la-campanya-per-a-la-compra-de-bombones-de-buta\\\/\"]}]},{\"@type\":\"ImageObject\",\"inLanguage\":\"es\",\"@id\":\"https:\\\/\\\/www.copealcoy.es\\\/es\\\/caritas-alcoi-torna-a-llancar-la-campanya-per-a-la-compra-de-bombones-de-buta\\\/#primaryimage\",\"url\":\"https:\\\/\\\/www.copealcoy.es\\\/wp-content\\\/uploads\\\/2022\\\/12\\\/IMG-4080-scaled.jpg\",\"contentUrl\":\"https:\\\/\\\/www.copealcoy.es\\\/wp-content\\\/uploads\\\/2022\\\/12\\\/IMG-4080-scaled.jpg\",\"width\":1440,\"height\":1080,\"caption\":\"Mercat de Nadal 2022\"},{\"@type\":\"BreadcrumbList\",\"@id\":\"https:\\\/\\\/www.copealcoy.es\\\/es\\\/caritas-alcoi-torna-a-llancar-la-campanya-per-a-la-compra-de-bombones-de-buta\\\/#breadcrumb\",\"itemListElement\":[{\"@type\":\"ListItem\",\"position\":1,\"name\":\"Portada\",\"item\":\"https:\\\/\\\/www.copealcoy.es\\\/es\\\/\"},{\"@type\":\"ListItem\",\"position\":2,\"name\":\"C\u00e0ritas Alcoi torna a llan\u00e7ar la campanya per a la compra de bombones de but\u00e0\"}]},{\"@type\":\"WebSite\",\"@id\":\"https:\\\/\\\/www.copealcoy.es\\\/es\\\/#website\",\"url\":\"https:\\\/\\\/www.copealcoy.es\\\/es\\\/\",\"name\":\"COPE Alcoy\",\"description\":\"Emisora COPE de radio local con emisi\u00f3n online. Pont de Sant Jordi 8-10 03803 Alcoy\",\"potentialAction\":[{\"@type\":\"SearchAction\",\"target\":{\"@type\":\"EntryPoint\",\"urlTemplate\":\"https:\\\/\\\/www.copealcoy.es\\\/es\\\/?s={search_term_string}\"},\"query-input\":{\"@type\":\"PropertyValueSpecification\",\"valueRequired\":true,\"valueName\":\"search_term_string\"}}],\"inLanguage\":\"es\"},{\"@type\":\"Person\",\"@id\":\"https:\\\/\\\/www.copealcoy.es\\\/es\\\/#\\\/schema\\\/person\\\/e777c87fa024e57d40170af9df39882c\",\"name\":\"Cope Alcoy\",\"image\":{\"@type\":\"ImageObject\",\"inLanguage\":\"es\",\"@id\":\"https:\\\/\\\/secure.gravatar.com\\\/avatar\\\/bb65d0283347e303893ba14f0692005417c1e0e690a325a4c5d8bb2b3943ee14?s=96&d=mm&r=g\",\"url\":\"https:\\\/\\\/secure.gravatar.com\\\/avatar\\\/bb65d0283347e303893ba14f0692005417c1e0e690a325a4c5d8bb2b3943ee14?s=96&d=mm&r=g\",\"contentUrl\":\"https:\\\/\\\/secure.gravatar.com\\\/avatar\\\/bb65d0283347e303893ba14f0692005417c1e0e690a325a4c5d8bb2b3943ee14?s=96&d=mm&r=g\",\"caption\":\"Cope Alcoy\"}}]}<\/script>\n<!-- \/ Yoast SEO plugin. -->","yoast_head_json":{"title":"C\u00e0ritas Alcoi torna a llan\u00e7ar la campanya per a la compra de bombones de but\u00e0 - COPE Alcoy","description":"C\u00e0ritas Interparroquial d'Alcoi ha tornat a llan\u00e7ar la campanya solid\u00e0ria 'Que en\u00a0este\u00a0invierno\u00a0nadie\u00a0pase\u00a0fr\u00edo',","robots":{"index":"index","follow":"follow","max-snippet":"max-snippet:-1","max-image-preview":"max-image-preview:large","max-video-preview":"max-video-preview:-1"},"canonical":"https:\/\/www.copealcoy.es\/es\/caritas-alcoi-torna-a-llancar-la-campanya-per-a-la-compra-de-bombones-de-buta\/","og_locale":"es_ES","og_type":"article","og_title":"C\u00e0ritas Alcoi torna a llan\u00e7ar la campanya per a la compra de bombones de but\u00e0 - COPE Alcoy","og_description":"C\u00e0ritas Interparroquial d'Alcoi ha tornat a llan\u00e7ar la campanya solid\u00e0ria 'Que en\u00a0este\u00a0invierno\u00a0nadie\u00a0pase\u00a0fr\u00edo',","og_url":"https:\/\/www.copealcoy.es\/es\/caritas-alcoi-torna-a-llancar-la-campanya-per-a-la-compra-de-bombones-de-buta\/","og_site_name":"COPE Alcoy","article_published_time":"2022-12-05T09:15:52+00:00","article_modified_time":"2022-12-05T09:38:26+00:00","og_image":[{"width":1440,"height":1080,"url":"https:\/\/www.copealcoy.es\/wp-content\/uploads\/2022\/12\/IMG-4080-scaled.jpg","type":"image\/jpeg"}],"author":"Cope Alcoy","twitter_misc":{"Escrito por":"Cope Alcoy","Tiempo de lectura":"3 minutos"},"schema":{"@context":"https:\/\/schema.org","@graph":[{"@type":"Article","@id":"https:\/\/www.copealcoy.es\/es\/caritas-alcoi-torna-a-llancar-la-campanya-per-a-la-compra-de-bombones-de-buta\/#article","isPartOf":{"@id":"https:\/\/www.copealcoy.es\/es\/caritas-alcoi-torna-a-llancar-la-campanya-per-a-la-compra-de-bombones-de-buta\/"},"author":{"name":"Cope Alcoy","@id":"https:\/\/www.copealcoy.es\/es\/#\/schema\/person\/e777c87fa024e57d40170af9df39882c"},"headline":"C\u00e0ritas Alcoi torna a llan\u00e7ar la campanya per a la compra de bombones de but\u00e0","datePublished":"2022-12-05T09:15:52+00:00","dateModified":"2022-12-05T09:38:26+00:00","mainEntityOfPage":{"@id":"https:\/\/www.copealcoy.es\/es\/caritas-alcoi-torna-a-llancar-la-campanya-per-a-la-compra-de-bombones-de-buta\/"},"wordCount":526,"commentCount":0,"image":{"@id":"https:\/\/www.copealcoy.es\/es\/caritas-alcoi-torna-a-llancar-la-campanya-per-a-la-compra-de-bombones-de-buta\/#primaryimage"},"thumbnailUrl":"https:\/\/www.copealcoy.es\/wp-content\/uploads\/2022\/12\/IMG-4080-scaled.jpg","keywords":["Alcoi","bombones de but\u00e0","campanya","C\u00e1ritas","donatius","Recollida"],"articleSection":["Actualidad","Alcoy","Noticias","Pol\u00edtica y Econom\u00eda"],"inLanguage":"es"},{"@type":"WebPage","@id":"https:\/\/www.copealcoy.es\/es\/caritas-alcoi-torna-a-llancar-la-campanya-per-a-la-compra-de-bombones-de-buta\/","url":"https:\/\/www.copealcoy.es\/es\/caritas-alcoi-torna-a-llancar-la-campanya-per-a-la-compra-de-bombones-de-buta\/","name":"C\u00e0ritas Alcoi torna a llan\u00e7ar la campanya per a la compra de bombones de but\u00e0 - COPE Alcoy","isPartOf":{"@id":"https:\/\/www.copealcoy.es\/es\/#website"},"primaryImageOfPage":{"@id":"https:\/\/www.copealcoy.es\/es\/caritas-alcoi-torna-a-llancar-la-campanya-per-a-la-compra-de-bombones-de-buta\/#primaryimage"},"image":{"@id":"https:\/\/www.copealcoy.es\/es\/caritas-alcoi-torna-a-llancar-la-campanya-per-a-la-compra-de-bombones-de-buta\/#primaryimage"},"thumbnailUrl":"https:\/\/www.copealcoy.es\/wp-content\/uploads\/2022\/12\/IMG-4080-scaled.jpg","datePublished":"2022-12-05T09:15:52+00:00","dateModified":"2022-12-05T09:38:26+00:00","author":{"@id":"https:\/\/www.copealcoy.es\/es\/#\/schema\/person\/e777c87fa024e57d40170af9df39882c"},"description":"C\u00e0ritas Interparroquial d'Alcoi ha tornat a llan\u00e7ar la campanya solid\u00e0ria 'Que en\u00a0este\u00a0invierno\u00a0nadie\u00a0pase\u00a0fr\u00edo',","breadcrumb":{"@id":"https:\/\/www.copealcoy.es\/es\/caritas-alcoi-torna-a-llancar-la-campanya-per-a-la-compra-de-bombones-de-buta\/#breadcrumb"},"inLanguage":"es","potentialAction":[{"@type":"ReadAction","target":["https:\/\/www.copealcoy.es\/es\/caritas-alcoi-torna-a-llancar-la-campanya-per-a-la-compra-de-bombones-de-buta\/"]}]},{"@type":"ImageObject","inLanguage":"es","@id":"https:\/\/www.copealcoy.es\/es\/caritas-alcoi-torna-a-llancar-la-campanya-per-a-la-compra-de-bombones-de-buta\/#primaryimage","url":"https:\/\/www.copealcoy.es\/wp-content\/uploads\/2022\/12\/IMG-4080-scaled.jpg","contentUrl":"https:\/\/www.copealcoy.es\/wp-content\/uploads\/2022\/12\/IMG-4080-scaled.jpg","width":1440,"height":1080,"caption":"Mercat de Nadal 2022"},{"@type":"BreadcrumbList","@id":"https:\/\/www.copealcoy.es\/es\/caritas-alcoi-torna-a-llancar-la-campanya-per-a-la-compra-de-bombones-de-buta\/#breadcrumb","itemListElement":[{"@type":"ListItem","position":1,"name":"Portada","item":"https:\/\/www.copealcoy.es\/es\/"},{"@type":"ListItem","position":2,"name":"C\u00e0ritas Alcoi torna a llan\u00e7ar la campanya per a la compra de bombones de but\u00e0"}]},{"@type":"WebSite","@id":"https:\/\/www.copealcoy.es\/es\/#website","url":"https:\/\/www.copealcoy.es\/es\/","name":"COPE Alcoy","description":"Emisora COPE de radio local con emisi\u00f3n online. Pont de Sant Jordi 8-10 03803 Alcoy","potentialAction":[{"@type":"SearchAction","target":{"@type":"EntryPoint","urlTemplate":"https:\/\/www.copealcoy.es\/es\/?s={search_term_string}"},"query-input":{"@type":"PropertyValueSpecification","valueRequired":true,"valueName":"search_term_string"}}],"inLanguage":"es"},{"@type":"Person","@id":"https:\/\/www.copealcoy.es\/es\/#\/schema\/person\/e777c87fa024e57d40170af9df39882c","name":"Cope Alcoy","image":{"@type":"ImageObject","inLanguage":"es","@id":"https:\/\/secure.gravatar.com\/avatar\/bb65d0283347e303893ba14f0692005417c1e0e690a325a4c5d8bb2b3943ee14?s=96&d=mm&r=g","url":"https:\/\/secure.gravatar.com\/avatar\/bb65d0283347e303893ba14f0692005417c1e0e690a325a4c5d8bb2b3943ee14?s=96&d=mm&r=g","contentUrl":"https:\/\/secure.gravatar.com\/avatar\/bb65d0283347e303893ba14f0692005417c1e0e690a325a4c5d8bb2b3943ee14?s=96&d=mm&r=g","caption":"Cope Alcoy"}}]}},"_links":{"self":[{"href":"https:\/\/www.copealcoy.es\/es\/wp-json\/wp\/v2\/posts\/94941","targetHints":{"allow":["GET"]}}],"collection":[{"href":"https:\/\/www.copealcoy.es\/es\/wp-json\/wp\/v2\/posts"}],"about":[{"href":"https:\/\/www.copealcoy.es\/es\/wp-json\/wp\/v2\/types\/post"}],"author":[{"embeddable":true,"href":"https:\/\/www.copealcoy.es\/es\/wp-json\/wp\/v2\/users\/1"}],"replies":[{"embeddable":true,"href":"https:\/\/www.copealcoy.es\/es\/wp-json\/wp\/v2\/comments?post=94941"}],"version-history":[{"count":0,"href":"https:\/\/www.copealcoy.es\/es\/wp-json\/wp\/v2\/posts\/94941\/revisions"}],"wp:featuredmedia":[{"embeddable":true,"href":"https:\/\/www.copealcoy.es\/es\/wp-json\/wp\/v2\/media\/94919"}],"wp:attachment":[{"href":"https:\/\/www.copealcoy.es\/es\/wp-json\/wp\/v2\/media?parent=94941"}],"wp:term":[{"taxonomy":"category","embeddable":true,"href":"https:\/\/www.copealcoy.es\/es\/wp-json\/wp\/v2\/categories?post=94941"},{"taxonomy":"post_tag","embeddable":true,"href":"https:\/\/www.copealcoy.es\/es\/wp-json\/wp\/v2\/tags?post=94941"}],"curies":[{"name":"wp","href":"https:\/\/api.w.org\/{rel}","templated":true}]}}