{"id":94907,"date":"2022-12-04T09:18:11","date_gmt":"2022-12-04T08:18:11","guid":{"rendered":"https:\/\/www.copealcoy.es\/?p=94907"},"modified":"2022-12-04T22:02:08","modified_gmt":"2022-12-04T21:02:08","slug":"el-cartell-de-beca-jover-ja-anuncia-la-cavalcada-dalcoi","status":"publish","type":"post","link":"https:\/\/www.copealcoy.es\/es\/el-cartell-de-beca-jover-ja-anuncia-la-cavalcada-dalcoi\/","title":{"rendered":"El Cartell de Beca Jover ja anuncia la Cavalcada d&#8217;Alcoi"},"content":{"rendered":"<p style=\"text-align: justify;\">La<strong> pla\u00e7a d&#8217;Espanya d&#8217;Alcoi<\/strong> fou ahir de vesprada el punt des del qual la ciutat <strong>va donar la benvinguda a les esperades festes de Nadal<\/strong>. All\u00ed va tindre lloc passades les 18:<span class=\"hiddenGrammarError\">30h<\/span><strong>\u00a0la descoberta del cartell anunciador de la Cavalcada dels Reis de l&#8217;Orient<\/strong>, una obra que enguany pertany a l&#8217;artista <strong>Beca Jover<\/strong>.<\/p>\n<p style=\"text-align: justify;\">Aquest acte va comen\u00e7ar amb <strong>una s\u00e8rie de balls a c\u00e0rrec dels m\u00e9s xicotets del Grup de Danses Carrascal<\/strong> acompanyats de la m\u00fasica tradicional que interpretaven els membres de la Colla de Dol\u00e7aines i Tabals &#8216;La Cordeta&#8217;. Despr\u00e9s <strong>va arribar l&#8217;esperat moment de descobrir el cartell<\/strong> i la mateixa Beca Jover, acompanyada de l&#8217;alcalde i la regidora de Festes, <strong>van estirar la corda que va permetre al p\u00fablic veure de prop l&#8217;obra<\/strong>. La seua creadora <strong>es mostrava molt il\u00b7lusionada per viure aquest m\u00e0gic instant i destacava la sorpresa que va tindre quan va saber que el jurat l&#8217;havia triat a ella com a guanyadora<\/strong> &#8220;<em>em vaig alegrar molt perqu\u00e8\u00a0<span class=\"hiddenGreenError\">el Nadal<\/span>\u00a0Alcoi\u00e0 representa moltes coses per a tots els qui vivim en aquesta ciutat. He fet un cartell pensat per als xiquets, vertaders protagonistes de la festa dels Reis, i he volgut que ells mateixos juguen a buscar si troben el seu nom entre els paquets que estan representats a l&#8217;obra. Els regals que ens porten els patges, amb el cl\u00e0ssic paper que els envolta, s\u00f3n el fil conductor de tota la pe\u00e7a<\/em>&#8220;, manifestava Beca Jover. Tamb\u00e9 l&#8217;alcalde i la regidora de Festes <strong>donaven l&#8217;enhorabona a la protagonista de l&#8217;acte<\/strong> i apuntaven que amb aquest dia comen\u00e7ava <strong>un mes replet d&#8217;activitats a Alcoi<\/strong> &#8220;<em>enguany per fi podrem fer totes les celebracions sense cap mena de restriccions i estem segurs que ser\u00e0 un Nadal m\u00e9s m\u00e0gic i multitudinari que mai<\/em>&#8220;, van comentar.<\/p>\n<audio class=\"wp-audio-shortcode\" id=\"audio-94907-1\" preload=\"none\" style=\"width: 100%;\" controls=\"controls\"><source type=\"audio\/mpeg\" src=\"https:\/\/www.copealcoy.es\/wp-content\/uploads\/2022\/12\/TALL-BECA-JOVER-AUTORA-CARTELL-CAVALCADA.mp3?_=1\" \/><a href=\"https:\/\/www.copealcoy.es\/wp-content\/uploads\/2022\/12\/TALL-BECA-JOVER-AUTORA-CARTELL-CAVALCADA.mp3\">https:\/\/www.copealcoy.es\/wp-content\/uploads\/2022\/12\/TALL-BECA-JOVER-AUTORA-CARTELL-CAVALCADA.mp3<\/a><\/audio>\n<audio class=\"wp-audio-shortcode\" id=\"audio-94907-2\" preload=\"none\" style=\"width: 100%;\" controls=\"controls\"><source type=\"audio\/mpeg\" src=\"https:\/\/www.copealcoy.es\/wp-content\/uploads\/2022\/12\/TALL-TONI-FRANCE\u0301S-INICI-NADAL-ALCOIA\u0300.mp3?_=2\" \/><a href=\"https:\/\/www.copealcoy.es\/wp-content\/uploads\/2022\/12\/TALL-TONI-FRANCE\u0301S-INICI-NADAL-ALCOIA\u0300.mp3\">https:\/\/www.copealcoy.es\/wp-content\/uploads\/2022\/12\/TALL-TONI-FRANCE\u0301S-INICI-NADAL-ALCOIA\u0300.mp3<\/a><\/audio>\n<audio class=\"wp-audio-shortcode\" id=\"audio-94907-3\" preload=\"none\" style=\"width: 100%;\" controls=\"controls\"><source type=\"audio\/mpeg\" src=\"https:\/\/www.copealcoy.es\/wp-content\/uploads\/2022\/12\/TALL-CAROL-ORTIZ-INICI-NADAL-ALCOIA\u0300.mp3?_=3\" \/><a href=\"https:\/\/www.copealcoy.es\/wp-content\/uploads\/2022\/12\/TALL-CAROL-ORTIZ-INICI-NADAL-ALCOIA\u0300.mp3\">https:\/\/www.copealcoy.es\/wp-content\/uploads\/2022\/12\/TALL-CAROL-ORTIZ-INICI-NADAL-ALCOIA\u0300.mp3<\/a><\/audio>\n<p style=\"text-align: justify;\">La jornada va incloure<strong> l&#8217;encesa de les llums de Nadal<\/strong> que es reparteixen pel Centre i altres barris de la ciutat. Tamb\u00e9 es va inaugurar <strong>la mostra de betlems que <a href=\"https:\/\/www.facebook.com\/BelenSantaRosaAlcoy\"><span style=\"color: #0000ff;\">l&#8217;Associaci\u00f3 Betlemista de Santa Rosa<\/span><\/a><\/strong> ha preparat a la parr\u00f2quia de Santa Maria.<\/p>\n","protected":false},"excerpt":{"rendered":"<p>La pla\u00e7a d&#8217;Espanya d&#8217;Alcoi fou ahir de vesprada el punt des del qual la ciutat va donar la benvinguda a&#8230;<\/p>\n","protected":false},"author":1,"featured_media":94908,"comment_status":"open","ping_status":"open","sticky":false,"template":"","format":"standard","meta":{"footnotes":""},"categories":[6909,97,78,75,125],"tags":[160,13561,9821,10551,13560,1717],"class_list":["post-94907","post","type-post","status-publish","format-standard","has-post-thumbnail","hentry","category-actualidad","category-alcoy","category-fiestaycultura","category-noticias","category-portada","tag-alcoi","tag-beca-jover","tag-cartell","tag-cavalcada","tag-descoberta","tag-nadal-alcoia"],"yoast_head":"<!-- This site is optimized with the Yoast SEO plugin v27.3 - https:\/\/yoast.com\/product\/yoast-seo-wordpress\/ -->\n<title>El Cartell de Beca Jover ja anuncia la Cavalcada d&#039;Alcoi - COPE Alcoy<\/title>\n<meta name=\"description\" content=\"La pla\u00e7a d&#039;Espanya d&#039;Alcoi va acollir ahir la descoberta del cartell anunciador de la Cavalcada obra de l&#039;artista Beca Jover\" \/>\n<meta name=\"robots\" content=\"index, follow, max-snippet:-1, max-image-preview:large, max-video-preview:-1\" \/>\n<link rel=\"canonical\" href=\"https:\/\/www.copealcoy.es\/es\/el-cartell-de-beca-jover-ja-anuncia-la-cavalcada-dalcoi\/\" \/>\n<meta property=\"og:locale\" content=\"es_ES\" \/>\n<meta property=\"og:type\" content=\"article\" \/>\n<meta property=\"og:title\" content=\"El Cartell de Beca Jover ja anuncia la Cavalcada d&#039;Alcoi - COPE Alcoy\" \/>\n<meta property=\"og:description\" content=\"La pla\u00e7a d&#039;Espanya d&#039;Alcoi va acollir ahir la descoberta del cartell anunciador de la Cavalcada obra de l&#039;artista Beca Jover\" \/>\n<meta property=\"og:url\" content=\"https:\/\/www.copealcoy.es\/es\/el-cartell-de-beca-jover-ja-anuncia-la-cavalcada-dalcoi\/\" \/>\n<meta property=\"og:site_name\" content=\"COPE Alcoy\" \/>\n<meta property=\"article:published_time\" content=\"2022-12-04T08:18:11+00:00\" \/>\n<meta property=\"article:modified_time\" content=\"2022-12-04T21:02:08+00:00\" \/>\n<meta property=\"og:image\" content=\"https:\/\/www.copealcoy.es\/wp-content\/uploads\/2022\/12\/unnamed-1-scaled.jpg\" \/>\n\t<meta property=\"og:image:width\" content=\"1808\" \/>\n\t<meta property=\"og:image:height\" content=\"1080\" \/>\n\t<meta property=\"og:image:type\" content=\"image\/jpeg\" \/>\n<meta name=\"author\" content=\"Cope Alcoy\" \/>\n<meta name=\"twitter:label1\" content=\"Escrito por\" \/>\n\t<meta name=\"twitter:data1\" content=\"Cope Alcoy\" \/>\n\t<meta name=\"twitter:label2\" content=\"Tiempo de lectura\" \/>\n\t<meta name=\"twitter:data2\" content=\"2 minutos\" \/>\n<script type=\"application\/ld+json\" class=\"yoast-schema-graph\">{\"@context\":\"https:\\\/\\\/schema.org\",\"@graph\":[{\"@type\":\"Article\",\"@id\":\"https:\\\/\\\/www.copealcoy.es\\\/es\\\/el-cartell-de-beca-jover-ja-anuncia-la-cavalcada-dalcoi\\\/#article\",\"isPartOf\":{\"@id\":\"https:\\\/\\\/www.copealcoy.es\\\/es\\\/el-cartell-de-beca-jover-ja-anuncia-la-cavalcada-dalcoi\\\/\"},\"author\":{\"name\":\"Cope Alcoy\",\"@id\":\"https:\\\/\\\/www.copealcoy.es\\\/es\\\/#\\\/schema\\\/person\\\/e777c87fa024e57d40170af9df39882c\"},\"headline\":\"El Cartell de Beca Jover ja anuncia la Cavalcada d&#8217;Alcoi\",\"datePublished\":\"2022-12-04T08:18:11+00:00\",\"dateModified\":\"2022-12-04T21:02:08+00:00\",\"mainEntityOfPage\":{\"@id\":\"https:\\\/\\\/www.copealcoy.es\\\/es\\\/el-cartell-de-beca-jover-ja-anuncia-la-cavalcada-dalcoi\\\/\"},\"wordCount\":415,\"commentCount\":0,\"image\":{\"@id\":\"https:\\\/\\\/www.copealcoy.es\\\/es\\\/el-cartell-de-beca-jover-ja-anuncia-la-cavalcada-dalcoi\\\/#primaryimage\"},\"thumbnailUrl\":\"https:\\\/\\\/www.copealcoy.es\\\/wp-content\\\/uploads\\\/2022\\\/12\\\/unnamed-1-scaled.jpg\",\"keywords\":[\"Alcoi\",\"Beca Jover\",\"Cartell\",\"Cavalcada\",\"descoberta\",\"Nadal Alcoi\u00e0\"],\"articleSection\":[\"Actualidad\",\"Alcoy\",\"Fiesta y Cultura\",\"Noticias\",\"Portada\"],\"inLanguage\":\"es\"},{\"@type\":\"WebPage\",\"@id\":\"https:\\\/\\\/www.copealcoy.es\\\/es\\\/el-cartell-de-beca-jover-ja-anuncia-la-cavalcada-dalcoi\\\/\",\"url\":\"https:\\\/\\\/www.copealcoy.es\\\/es\\\/el-cartell-de-beca-jover-ja-anuncia-la-cavalcada-dalcoi\\\/\",\"name\":\"El Cartell de Beca Jover ja anuncia la Cavalcada d'Alcoi - COPE Alcoy\",\"isPartOf\":{\"@id\":\"https:\\\/\\\/www.copealcoy.es\\\/es\\\/#website\"},\"primaryImageOfPage\":{\"@id\":\"https:\\\/\\\/www.copealcoy.es\\\/es\\\/el-cartell-de-beca-jover-ja-anuncia-la-cavalcada-dalcoi\\\/#primaryimage\"},\"image\":{\"@id\":\"https:\\\/\\\/www.copealcoy.es\\\/es\\\/el-cartell-de-beca-jover-ja-anuncia-la-cavalcada-dalcoi\\\/#primaryimage\"},\"thumbnailUrl\":\"https:\\\/\\\/www.copealcoy.es\\\/wp-content\\\/uploads\\\/2022\\\/12\\\/unnamed-1-scaled.jpg\",\"datePublished\":\"2022-12-04T08:18:11+00:00\",\"dateModified\":\"2022-12-04T21:02:08+00:00\",\"author\":{\"@id\":\"https:\\\/\\\/www.copealcoy.es\\\/es\\\/#\\\/schema\\\/person\\\/e777c87fa024e57d40170af9df39882c\"},\"description\":\"La pla\u00e7a d'Espanya d'Alcoi va acollir ahir la descoberta del cartell anunciador de la Cavalcada obra de l'artista Beca Jover\",\"breadcrumb\":{\"@id\":\"https:\\\/\\\/www.copealcoy.es\\\/es\\\/el-cartell-de-beca-jover-ja-anuncia-la-cavalcada-dalcoi\\\/#breadcrumb\"},\"inLanguage\":\"es\",\"potentialAction\":[{\"@type\":\"ReadAction\",\"target\":[\"https:\\\/\\\/www.copealcoy.es\\\/es\\\/el-cartell-de-beca-jover-ja-anuncia-la-cavalcada-dalcoi\\\/\"]}]},{\"@type\":\"ImageObject\",\"inLanguage\":\"es\",\"@id\":\"https:\\\/\\\/www.copealcoy.es\\\/es\\\/el-cartell-de-beca-jover-ja-anuncia-la-cavalcada-dalcoi\\\/#primaryimage\",\"url\":\"https:\\\/\\\/www.copealcoy.es\\\/wp-content\\\/uploads\\\/2022\\\/12\\\/unnamed-1-scaled.jpg\",\"contentUrl\":\"https:\\\/\\\/www.copealcoy.es\\\/wp-content\\\/uploads\\\/2022\\\/12\\\/unnamed-1-scaled.jpg\",\"width\":1808,\"height\":1080},{\"@type\":\"BreadcrumbList\",\"@id\":\"https:\\\/\\\/www.copealcoy.es\\\/es\\\/el-cartell-de-beca-jover-ja-anuncia-la-cavalcada-dalcoi\\\/#breadcrumb\",\"itemListElement\":[{\"@type\":\"ListItem\",\"position\":1,\"name\":\"Portada\",\"item\":\"https:\\\/\\\/www.copealcoy.es\\\/es\\\/\"},{\"@type\":\"ListItem\",\"position\":2,\"name\":\"El Cartell de Beca Jover ja anuncia la Cavalcada d&#8217;Alcoi\"}]},{\"@type\":\"WebSite\",\"@id\":\"https:\\\/\\\/www.copealcoy.es\\\/es\\\/#website\",\"url\":\"https:\\\/\\\/www.copealcoy.es\\\/es\\\/\",\"name\":\"COPE Alcoy\",\"description\":\"Emisora COPE de radio local con emisi\u00f3n online. Pont de Sant Jordi 8-10 03803 Alcoy\",\"potentialAction\":[{\"@type\":\"SearchAction\",\"target\":{\"@type\":\"EntryPoint\",\"urlTemplate\":\"https:\\\/\\\/www.copealcoy.es\\\/es\\\/?s={search_term_string}\"},\"query-input\":{\"@type\":\"PropertyValueSpecification\",\"valueRequired\":true,\"valueName\":\"search_term_string\"}}],\"inLanguage\":\"es\"},{\"@type\":\"Person\",\"@id\":\"https:\\\/\\\/www.copealcoy.es\\\/es\\\/#\\\/schema\\\/person\\\/e777c87fa024e57d40170af9df39882c\",\"name\":\"Cope Alcoy\",\"image\":{\"@type\":\"ImageObject\",\"inLanguage\":\"es\",\"@id\":\"https:\\\/\\\/secure.gravatar.com\\\/avatar\\\/bb65d0283347e303893ba14f0692005417c1e0e690a325a4c5d8bb2b3943ee14?s=96&d=mm&r=g\",\"url\":\"https:\\\/\\\/secure.gravatar.com\\\/avatar\\\/bb65d0283347e303893ba14f0692005417c1e0e690a325a4c5d8bb2b3943ee14?s=96&d=mm&r=g\",\"contentUrl\":\"https:\\\/\\\/secure.gravatar.com\\\/avatar\\\/bb65d0283347e303893ba14f0692005417c1e0e690a325a4c5d8bb2b3943ee14?s=96&d=mm&r=g\",\"caption\":\"Cope Alcoy\"}}]}<\/script>\n<!-- \/ Yoast SEO plugin. -->","yoast_head_json":{"title":"El Cartell de Beca Jover ja anuncia la Cavalcada d'Alcoi - COPE Alcoy","description":"La pla\u00e7a d'Espanya d'Alcoi va acollir ahir la descoberta del cartell anunciador de la Cavalcada obra de l'artista Beca Jover","robots":{"index":"index","follow":"follow","max-snippet":"max-snippet:-1","max-image-preview":"max-image-preview:large","max-video-preview":"max-video-preview:-1"},"canonical":"https:\/\/www.copealcoy.es\/es\/el-cartell-de-beca-jover-ja-anuncia-la-cavalcada-dalcoi\/","og_locale":"es_ES","og_type":"article","og_title":"El Cartell de Beca Jover ja anuncia la Cavalcada d'Alcoi - COPE Alcoy","og_description":"La pla\u00e7a d'Espanya d'Alcoi va acollir ahir la descoberta del cartell anunciador de la Cavalcada obra de l'artista Beca Jover","og_url":"https:\/\/www.copealcoy.es\/es\/el-cartell-de-beca-jover-ja-anuncia-la-cavalcada-dalcoi\/","og_site_name":"COPE Alcoy","article_published_time":"2022-12-04T08:18:11+00:00","article_modified_time":"2022-12-04T21:02:08+00:00","og_image":[{"width":1808,"height":1080,"url":"https:\/\/www.copealcoy.es\/wp-content\/uploads\/2022\/12\/unnamed-1-scaled.jpg","type":"image\/jpeg"}],"author":"Cope Alcoy","twitter_misc":{"Escrito por":"Cope Alcoy","Tiempo de lectura":"2 minutos"},"schema":{"@context":"https:\/\/schema.org","@graph":[{"@type":"Article","@id":"https:\/\/www.copealcoy.es\/es\/el-cartell-de-beca-jover-ja-anuncia-la-cavalcada-dalcoi\/#article","isPartOf":{"@id":"https:\/\/www.copealcoy.es\/es\/el-cartell-de-beca-jover-ja-anuncia-la-cavalcada-dalcoi\/"},"author":{"name":"Cope Alcoy","@id":"https:\/\/www.copealcoy.es\/es\/#\/schema\/person\/e777c87fa024e57d40170af9df39882c"},"headline":"El Cartell de Beca Jover ja anuncia la Cavalcada d&#8217;Alcoi","datePublished":"2022-12-04T08:18:11+00:00","dateModified":"2022-12-04T21:02:08+00:00","mainEntityOfPage":{"@id":"https:\/\/www.copealcoy.es\/es\/el-cartell-de-beca-jover-ja-anuncia-la-cavalcada-dalcoi\/"},"wordCount":415,"commentCount":0,"image":{"@id":"https:\/\/www.copealcoy.es\/es\/el-cartell-de-beca-jover-ja-anuncia-la-cavalcada-dalcoi\/#primaryimage"},"thumbnailUrl":"https:\/\/www.copealcoy.es\/wp-content\/uploads\/2022\/12\/unnamed-1-scaled.jpg","keywords":["Alcoi","Beca Jover","Cartell","Cavalcada","descoberta","Nadal Alcoi\u00e0"],"articleSection":["Actualidad","Alcoy","Fiesta y Cultura","Noticias","Portada"],"inLanguage":"es"},{"@type":"WebPage","@id":"https:\/\/www.copealcoy.es\/es\/el-cartell-de-beca-jover-ja-anuncia-la-cavalcada-dalcoi\/","url":"https:\/\/www.copealcoy.es\/es\/el-cartell-de-beca-jover-ja-anuncia-la-cavalcada-dalcoi\/","name":"El Cartell de Beca Jover ja anuncia la Cavalcada d'Alcoi - COPE Alcoy","isPartOf":{"@id":"https:\/\/www.copealcoy.es\/es\/#website"},"primaryImageOfPage":{"@id":"https:\/\/www.copealcoy.es\/es\/el-cartell-de-beca-jover-ja-anuncia-la-cavalcada-dalcoi\/#primaryimage"},"image":{"@id":"https:\/\/www.copealcoy.es\/es\/el-cartell-de-beca-jover-ja-anuncia-la-cavalcada-dalcoi\/#primaryimage"},"thumbnailUrl":"https:\/\/www.copealcoy.es\/wp-content\/uploads\/2022\/12\/unnamed-1-scaled.jpg","datePublished":"2022-12-04T08:18:11+00:00","dateModified":"2022-12-04T21:02:08+00:00","author":{"@id":"https:\/\/www.copealcoy.es\/es\/#\/schema\/person\/e777c87fa024e57d40170af9df39882c"},"description":"La pla\u00e7a d'Espanya d'Alcoi va acollir ahir la descoberta del cartell anunciador de la Cavalcada obra de l'artista Beca Jover","breadcrumb":{"@id":"https:\/\/www.copealcoy.es\/es\/el-cartell-de-beca-jover-ja-anuncia-la-cavalcada-dalcoi\/#breadcrumb"},"inLanguage":"es","potentialAction":[{"@type":"ReadAction","target":["https:\/\/www.copealcoy.es\/es\/el-cartell-de-beca-jover-ja-anuncia-la-cavalcada-dalcoi\/"]}]},{"@type":"ImageObject","inLanguage":"es","@id":"https:\/\/www.copealcoy.es\/es\/el-cartell-de-beca-jover-ja-anuncia-la-cavalcada-dalcoi\/#primaryimage","url":"https:\/\/www.copealcoy.es\/wp-content\/uploads\/2022\/12\/unnamed-1-scaled.jpg","contentUrl":"https:\/\/www.copealcoy.es\/wp-content\/uploads\/2022\/12\/unnamed-1-scaled.jpg","width":1808,"height":1080},{"@type":"BreadcrumbList","@id":"https:\/\/www.copealcoy.es\/es\/el-cartell-de-beca-jover-ja-anuncia-la-cavalcada-dalcoi\/#breadcrumb","itemListElement":[{"@type":"ListItem","position":1,"name":"Portada","item":"https:\/\/www.copealcoy.es\/es\/"},{"@type":"ListItem","position":2,"name":"El Cartell de Beca Jover ja anuncia la Cavalcada d&#8217;Alcoi"}]},{"@type":"WebSite","@id":"https:\/\/www.copealcoy.es\/es\/#website","url":"https:\/\/www.copealcoy.es\/es\/","name":"COPE Alcoy","description":"Emisora COPE de radio local con emisi\u00f3n online. Pont de Sant Jordi 8-10 03803 Alcoy","potentialAction":[{"@type":"SearchAction","target":{"@type":"EntryPoint","urlTemplate":"https:\/\/www.copealcoy.es\/es\/?s={search_term_string}"},"query-input":{"@type":"PropertyValueSpecification","valueRequired":true,"valueName":"search_term_string"}}],"inLanguage":"es"},{"@type":"Person","@id":"https:\/\/www.copealcoy.es\/es\/#\/schema\/person\/e777c87fa024e57d40170af9df39882c","name":"Cope Alcoy","image":{"@type":"ImageObject","inLanguage":"es","@id":"https:\/\/secure.gravatar.com\/avatar\/bb65d0283347e303893ba14f0692005417c1e0e690a325a4c5d8bb2b3943ee14?s=96&d=mm&r=g","url":"https:\/\/secure.gravatar.com\/avatar\/bb65d0283347e303893ba14f0692005417c1e0e690a325a4c5d8bb2b3943ee14?s=96&d=mm&r=g","contentUrl":"https:\/\/secure.gravatar.com\/avatar\/bb65d0283347e303893ba14f0692005417c1e0e690a325a4c5d8bb2b3943ee14?s=96&d=mm&r=g","caption":"Cope Alcoy"}}]}},"_links":{"self":[{"href":"https:\/\/www.copealcoy.es\/es\/wp-json\/wp\/v2\/posts\/94907","targetHints":{"allow":["GET"]}}],"collection":[{"href":"https:\/\/www.copealcoy.es\/es\/wp-json\/wp\/v2\/posts"}],"about":[{"href":"https:\/\/www.copealcoy.es\/es\/wp-json\/wp\/v2\/types\/post"}],"author":[{"embeddable":true,"href":"https:\/\/www.copealcoy.es\/es\/wp-json\/wp\/v2\/users\/1"}],"replies":[{"embeddable":true,"href":"https:\/\/www.copealcoy.es\/es\/wp-json\/wp\/v2\/comments?post=94907"}],"version-history":[{"count":0,"href":"https:\/\/www.copealcoy.es\/es\/wp-json\/wp\/v2\/posts\/94907\/revisions"}],"wp:featuredmedia":[{"embeddable":true,"href":"https:\/\/www.copealcoy.es\/es\/wp-json\/wp\/v2\/media\/94908"}],"wp:attachment":[{"href":"https:\/\/www.copealcoy.es\/es\/wp-json\/wp\/v2\/media?parent=94907"}],"wp:term":[{"taxonomy":"category","embeddable":true,"href":"https:\/\/www.copealcoy.es\/es\/wp-json\/wp\/v2\/categories?post=94907"},{"taxonomy":"post_tag","embeddable":true,"href":"https:\/\/www.copealcoy.es\/es\/wp-json\/wp\/v2\/tags?post=94907"}],"curies":[{"name":"wp","href":"https:\/\/api.w.org\/{rel}","templated":true}]}}