{"id":94899,"date":"2022-12-03T17:25:52","date_gmt":"2022-12-03T16:25:52","guid":{"rendered":"https:\/\/www.copealcoy.es\/?p=94899"},"modified":"2022-12-05T09:35:30","modified_gmt":"2022-12-05T08:35:30","slug":"el-mercat-de-nadal-torna-a-obrir-les-portes-en-la-glorieta-dalcoi","status":"publish","type":"post","link":"https:\/\/www.copealcoy.es\/es\/el-mercat-de-nadal-torna-a-obrir-les-portes-en-la-glorieta-dalcoi\/","title":{"rendered":"El Mercat de Nadal torna a obrir les portes en La Glorieta d&#8217;Alcoi"},"content":{"rendered":"<p style=\"text-align: justify;\">El Parc de La Glorieta d&#8217;Alcoi acull des d&#8217;aquest dissabte l&#8217;edici\u00f3 2022 del <strong>Mercat de Nadal<\/strong>, una tradici\u00f3 plenament consolidada en <a href=\"https:\/\/alcoyturismo.com\/alcoy\/uploaded\/Navidad\/DIPTICO_CASTELLANO_2022_WEB.pdf\"><span style=\"color: #0000ff;\"><strong>el Nadal<\/strong> <\/span><\/a>de la nostra ciutat que <strong>atrau cada any a centenars de visitants<\/strong>. L&#8217;esdeveniment ha obert les portes a migdia, despr\u00e9s de la treva que ha donat l&#8217;oratge, i la pluja ha aparegut cap a primera hora de la vesprada <strong>sense a penes interferir en el bon desenvolupament de la primera jornada<\/strong> d&#8217;aquest esdeveniment.<\/p>\n<p style=\"text-align: justify;\">Al Mercat de Nadal d&#8217;enguany trobem <strong>m\u00e9s de quaranta paradetes<\/strong> amb productes t\u00edpics, decoraci\u00f3 per a aquestes Festes, artesania, gastronomia o marxandatge del &#8216;Nadal Alcoi\u00e0&#8217;. Tampoc falten els dol\u00e7os o peces de roba, com per exemple calcetins, gorres i bufandes, inspirades en personatges t\u00edpics com el patge o el Tirisiti. A banda d&#8217;aix\u00f2 destaquen atraccions per als m\u00e9s menuts de la casa i tampoc falten els passejos en burreta i dromedari. Els balls del <strong>Grup de Danses Carrascal<\/strong> han acompanyat una inauguraci\u00f3 oficial on ha estat present la Corporaci\u00f3 Municipal <strong>encap\u00e7alada per l&#8217;alcalde de la ciuta<\/strong>t &#8220;<em>estem molt contents de veure La Glorieta plena de gom a gom i la veritat \u00e9s que la Fireta de Nadal s&#8217;ha convertit en un atractiu mes del qual gaudir durant aquest llarg pont festiu que tenim per davant. Esperem una gran aflu\u00e8ncia durant cada dia tant de persones d&#8217;Alcoi com d&#8217;altres procedents de municipis ve\u00efns<\/em>&#8220;, manifestava <strong>Toni Franc\u00e9s<\/strong>. Aix\u00ed mateix la regidora de Comer\u00e7, posava l&#8217;accent en les xifres que deixa ja el mercadet &#8220;<em>\u00e9s un dels m\u00e9s multitudinaris dels \u00faltims anys, amb quaranta expositors, per\u00f2 tamb\u00e9 amb sis dies d&#8217;activitat al davant<\/em>&#8220;, deia Vanessa Molt\u00f3.<\/p>\n<audio class=\"wp-audio-shortcode\" id=\"audio-94899-1\" preload=\"none\" style=\"width: 100%;\" controls=\"controls\"><source type=\"audio\/mpeg\" src=\"https:\/\/www.copealcoy.es\/wp-content\/uploads\/2022\/12\/TALL-TONI-FRANCES-MERCAT-DE-NADAL.mp3?_=1\" \/><a href=\"https:\/\/www.copealcoy.es\/wp-content\/uploads\/2022\/12\/TALL-TONI-FRANCES-MERCAT-DE-NADAL.mp3\">https:\/\/www.copealcoy.es\/wp-content\/uploads\/2022\/12\/TALL-TONI-FRANCES-MERCAT-DE-NADAL.mp3<\/a><\/audio>\n<audio class=\"wp-audio-shortcode\" id=\"audio-94899-2\" preload=\"none\" style=\"width: 100%;\" controls=\"controls\"><source type=\"audio\/mpeg\" src=\"https:\/\/www.copealcoy.es\/wp-content\/uploads\/2022\/12\/TALL-VANESSA-MOLTO-MERCAT-DE-NADAL.mp3?_=2\" \/><a href=\"https:\/\/www.copealcoy.es\/wp-content\/uploads\/2022\/12\/TALL-VANESSA-MOLTO-MERCAT-DE-NADAL.mp3\">https:\/\/www.copealcoy.es\/wp-content\/uploads\/2022\/12\/TALL-VANESSA-MOLTO-MERCAT-DE-NADAL.mp3<\/a><\/audio>\n<p>&nbsp;<\/p>\n<p style=\"text-align: justify;\">La Fira de Nadal es completa amb actuacions musicals a La Glorieta. Tamb\u00e9 <a href=\"https:\/\/www.facebook.com\/CaritasAlcoy\"><span style=\"color: #0000ff;\"><strong>C\u00e0ritas Alcoi<\/strong><\/span><\/a> hi ha instal\u00b7lat un estand on porta endavant la campanya &#8216;Que en <span class=\"hiddenGreenError\">este<\/span>\u00a0<span class=\"hiddenSpellError\">invierno<\/span>\u00a0<span class=\"hiddenSpellError\">nadie<\/span>\u00a0<span class=\"hiddenSpellError\">pase<\/span>\u00a0<span class=\"hiddenSpellError\">fr\u00edo<\/span>&#8216; amb la qual es volen recaptar fons que aniran destinats a la compra de bombones de but\u00e0 per a les fam\u00edlies m\u00e9s desfavorides de la ciutat.<\/p>\n<div id='gallery-1' class='gallery galleryid-94899 gallery-columns-2 gallery-size-full'><figure class='gallery-item'>\n\t\t\t<div class='gallery-icon landscape'>\n\t\t\t\t<a href='https:\/\/www.copealcoy.es\/es\/el-mercat-de-nadal-torna-a-obrir-les-portes-en-la-glorieta-dalcoi\/img-4060\/'><img loading=\"lazy\" decoding=\"async\" width=\"1671\" height=\"1080\" src=\"https:\/\/www.copealcoy.es\/wp-content\/uploads\/2022\/12\/IMG-4060-scaled.jpg\" class=\"attachment-full size-full\" alt=\"\" aria-describedby=\"gallery-1-94915\" srcset=\"https:\/\/www.copealcoy.es\/wp-content\/uploads\/2022\/12\/IMG-4060-scaled.jpg 1671w, https:\/\/www.copealcoy.es\/wp-content\/uploads\/2022\/12\/IMG-4060-768x496.jpg 768w, https:\/\/www.copealcoy.es\/wp-content\/uploads\/2022\/12\/IMG-4060-1536x993.jpg 1536w, https:\/\/www.copealcoy.es\/wp-content\/uploads\/2022\/12\/IMG-4060-2048x1323.jpg 2048w\" sizes=\"auto, (max-width: 1671px) 100vw, 1671px\" \/><\/a>\n\t\t\t<\/div>\n\t\t\t\t<figcaption class='wp-caption-text gallery-caption' id='gallery-1-94915'>\n\t\t\t\tMercat de Nadal 2022\n\t\t\t\t<\/figcaption><\/figure><figure class='gallery-item'>\n\t\t\t<div class='gallery-icon landscape'>\n\t\t\t\t<a href='https:\/\/www.copealcoy.es\/es\/el-mercat-de-nadal-torna-a-obrir-les-portes-en-la-glorieta-dalcoi\/img-4075\/'><img loading=\"lazy\" decoding=\"async\" width=\"1440\" height=\"1080\" src=\"https:\/\/www.copealcoy.es\/wp-content\/uploads\/2022\/12\/IMG-4075-scaled.jpg\" class=\"attachment-full size-full\" alt=\"\" aria-describedby=\"gallery-1-94916\" srcset=\"https:\/\/www.copealcoy.es\/wp-content\/uploads\/2022\/12\/IMG-4075-scaled.jpg 1440w, https:\/\/www.copealcoy.es\/wp-content\/uploads\/2022\/12\/IMG-4075-768x576.jpg 768w, https:\/\/www.copealcoy.es\/wp-content\/uploads\/2022\/12\/IMG-4075-1536x1152.jpg 1536w, https:\/\/www.copealcoy.es\/wp-content\/uploads\/2022\/12\/IMG-4075-2048x1536.jpg 2048w\" sizes=\"auto, (max-width: 1440px) 100vw, 1440px\" \/><\/a>\n\t\t\t<\/div>\n\t\t\t\t<figcaption class='wp-caption-text gallery-caption' id='gallery-1-94916'>\n\t\t\t\tMercat de Nadal 2022\n\t\t\t\t<\/figcaption><\/figure><figure class='gallery-item'>\n\t\t\t<div class='gallery-icon landscape'>\n\t\t\t\t<a href='https:\/\/www.copealcoy.es\/es\/el-mercat-de-nadal-torna-a-obrir-les-portes-en-la-glorieta-dalcoi\/img-4064\/'><img loading=\"lazy\" decoding=\"async\" width=\"1440\" height=\"1080\" src=\"https:\/\/www.copealcoy.es\/wp-content\/uploads\/2022\/12\/IMG-4064-scaled.jpg\" class=\"attachment-full size-full\" alt=\"\" aria-describedby=\"gallery-1-94917\" srcset=\"https:\/\/www.copealcoy.es\/wp-content\/uploads\/2022\/12\/IMG-4064-scaled.jpg 1440w, https:\/\/www.copealcoy.es\/wp-content\/uploads\/2022\/12\/IMG-4064-768x576.jpg 768w, https:\/\/www.copealcoy.es\/wp-content\/uploads\/2022\/12\/IMG-4064-1536x1152.jpg 1536w, https:\/\/www.copealcoy.es\/wp-content\/uploads\/2022\/12\/IMG-4064-2048x1536.jpg 2048w\" sizes=\"auto, (max-width: 1440px) 100vw, 1440px\" \/><\/a>\n\t\t\t<\/div>\n\t\t\t\t<figcaption class='wp-caption-text gallery-caption' id='gallery-1-94917'>\n\t\t\t\tMercat de Nadal 2022\n\t\t\t\t<\/figcaption><\/figure><figure class='gallery-item'>\n\t\t\t<div class='gallery-icon landscape'>\n\t\t\t\t<a href='https:\/\/www.copealcoy.es\/es\/el-mercat-de-nadal-torna-a-obrir-les-portes-en-la-glorieta-dalcoi\/img-4071\/'><img loading=\"lazy\" decoding=\"async\" width=\"1440\" height=\"1080\" src=\"https:\/\/www.copealcoy.es\/wp-content\/uploads\/2022\/12\/IMG-4071-scaled.jpg\" class=\"attachment-full size-full\" alt=\"\" aria-describedby=\"gallery-1-94918\" srcset=\"https:\/\/www.copealcoy.es\/wp-content\/uploads\/2022\/12\/IMG-4071-scaled.jpg 1440w, https:\/\/www.copealcoy.es\/wp-content\/uploads\/2022\/12\/IMG-4071-768x576.jpg 768w, https:\/\/www.copealcoy.es\/wp-content\/uploads\/2022\/12\/IMG-4071-1536x1152.jpg 1536w, https:\/\/www.copealcoy.es\/wp-content\/uploads\/2022\/12\/IMG-4071-2048x1536.jpg 2048w\" sizes=\"auto, (max-width: 1440px) 100vw, 1440px\" \/><\/a>\n\t\t\t<\/div>\n\t\t\t\t<figcaption class='wp-caption-text gallery-caption' id='gallery-1-94918'>\n\t\t\t\tMercat de Nadal 2022\n\t\t\t\t<\/figcaption><\/figure><figure class='gallery-item'>\n\t\t\t<div class='gallery-icon landscape'>\n\t\t\t\t<a href='https:\/\/www.copealcoy.es\/es\/el-mercat-de-nadal-torna-a-obrir-les-portes-en-la-glorieta-dalcoi\/img-4080\/'><img loading=\"lazy\" decoding=\"async\" width=\"1440\" height=\"1080\" src=\"https:\/\/www.copealcoy.es\/wp-content\/uploads\/2022\/12\/IMG-4080-scaled.jpg\" class=\"attachment-full size-full\" alt=\"\" aria-describedby=\"gallery-1-94919\" srcset=\"https:\/\/www.copealcoy.es\/wp-content\/uploads\/2022\/12\/IMG-4080-scaled.jpg 1440w, https:\/\/www.copealcoy.es\/wp-content\/uploads\/2022\/12\/IMG-4080-768x576.jpg 768w, https:\/\/www.copealcoy.es\/wp-content\/uploads\/2022\/12\/IMG-4080-1536x1152.jpg 1536w, https:\/\/www.copealcoy.es\/wp-content\/uploads\/2022\/12\/IMG-4080-2048x1536.jpg 2048w\" sizes=\"auto, (max-width: 1440px) 100vw, 1440px\" \/><\/a>\n\t\t\t<\/div>\n\t\t\t\t<figcaption class='wp-caption-text gallery-caption' id='gallery-1-94919'>\n\t\t\t\tMercat de Nadal 2022\n\t\t\t\t<\/figcaption><\/figure><figure class='gallery-item'>\n\t\t\t<div class='gallery-icon landscape'>\n\t\t\t\t<a href='https:\/\/www.copealcoy.es\/es\/el-mercat-de-nadal-torna-a-obrir-les-portes-en-la-glorieta-dalcoi\/unnamed-495\/'><img loading=\"lazy\" decoding=\"async\" width=\"1440\" height=\"1080\" src=\"https:\/\/www.copealcoy.es\/wp-content\/uploads\/2022\/12\/unnamed-2-scaled.jpg\" class=\"attachment-full size-full\" alt=\"\" aria-describedby=\"gallery-1-94920\" srcset=\"https:\/\/www.copealcoy.es\/wp-content\/uploads\/2022\/12\/unnamed-2-scaled.jpg 1440w, https:\/\/www.copealcoy.es\/wp-content\/uploads\/2022\/12\/unnamed-2-768x576.jpg 768w, https:\/\/www.copealcoy.es\/wp-content\/uploads\/2022\/12\/unnamed-2-1536x1152.jpg 1536w, https:\/\/www.copealcoy.es\/wp-content\/uploads\/2022\/12\/unnamed-2-2048x1536.jpg 2048w\" sizes=\"auto, (max-width: 1440px) 100vw, 1440px\" \/><\/a>\n\t\t\t<\/div>\n\t\t\t\t<figcaption class='wp-caption-text gallery-caption' id='gallery-1-94920'>\n\t\t\t\tMercat de Nadal 2022\n\t\t\t\t<\/figcaption><\/figure>\n\t\t<\/div>\n\n","protected":false},"excerpt":{"rendered":"<p>El Parc de La Glorieta d&#8217;Alcoi acull des d&#8217;aquest dissabte l&#8217;edici\u00f3 2022 del Mercat de Nadal, una tradici\u00f3 plenament consolidada&#8230;<\/p>\n","protected":false},"author":1,"featured_media":94900,"comment_status":"open","ping_status":"open","sticky":false,"template":"","format":"standard","meta":{"footnotes":""},"categories":[6909,97,75,125],"tags":[160,2700,1962,11856,4970,13559],"class_list":["post-94899","post","type-post","status-publish","format-standard","has-post-thumbnail","hentry","category-actualidad","category-alcoy","category-noticias","category-portada","tag-alcoi","tag-alcoi-ciutat-del-nadal","tag-glorieta","tag-inauguracio","tag-mercat-de-nadal","tag-paradetes"],"yoast_head":"<!-- This site is optimized with the Yoast SEO plugin v27.3 - https:\/\/yoast.com\/product\/yoast-seo-wordpress\/ -->\n<title>El Mercat de Nadal torna a obrir les portes en La Glorieta d&#039;Alcoi - COPE Alcoy<\/title>\n<meta name=\"robots\" content=\"index, follow, max-snippet:-1, max-image-preview:large, max-video-preview:-1\" \/>\n<link rel=\"canonical\" href=\"https:\/\/www.copealcoy.es\/es\/el-mercat-de-nadal-torna-a-obrir-les-portes-en-la-glorieta-dalcoi\/\" \/>\n<meta property=\"og:locale\" content=\"es_ES\" \/>\n<meta property=\"og:type\" content=\"article\" \/>\n<meta property=\"og:title\" content=\"El Mercat de Nadal torna a obrir les portes en La Glorieta d&#039;Alcoi - COPE Alcoy\" \/>\n<meta property=\"og:description\" content=\"El Parc de La Glorieta d&#8217;Alcoi acull des d&#8217;aquest dissabte l&#8217;edici\u00f3 2022 del Mercat de Nadal, una tradici\u00f3 plenament consolidada...\" \/>\n<meta property=\"og:url\" content=\"https:\/\/www.copealcoy.es\/es\/el-mercat-de-nadal-torna-a-obrir-les-portes-en-la-glorieta-dalcoi\/\" \/>\n<meta property=\"og:site_name\" content=\"COPE Alcoy\" \/>\n<meta property=\"article:published_time\" content=\"2022-12-03T16:25:52+00:00\" \/>\n<meta property=\"article:modified_time\" content=\"2022-12-05T08:35:30+00:00\" \/>\n<meta property=\"og:image\" content=\"https:\/\/www.copealcoy.es\/wp-content\/uploads\/2022\/12\/317856981_511419474351916_3680710979001047568_n-e1670084704868.jpg\" \/>\n\t<meta property=\"og:image:width\" content=\"640\" \/>\n\t<meta property=\"og:image:height\" content=\"481\" \/>\n\t<meta property=\"og:image:type\" content=\"image\/jpeg\" \/>\n<meta name=\"author\" content=\"Cope Alcoy\" \/>\n<meta name=\"twitter:label1\" content=\"Escrito por\" \/>\n\t<meta name=\"twitter:data1\" content=\"Cope Alcoy\" \/>\n\t<meta name=\"twitter:label2\" content=\"Tiempo de lectura\" \/>\n\t<meta name=\"twitter:data2\" content=\"2 minutos\" \/>\n<script type=\"application\/ld+json\" class=\"yoast-schema-graph\">{\"@context\":\"https:\\\/\\\/schema.org\",\"@graph\":[{\"@type\":\"Article\",\"@id\":\"https:\\\/\\\/www.copealcoy.es\\\/es\\\/el-mercat-de-nadal-torna-a-obrir-les-portes-en-la-glorieta-dalcoi\\\/#article\",\"isPartOf\":{\"@id\":\"https:\\\/\\\/www.copealcoy.es\\\/es\\\/el-mercat-de-nadal-torna-a-obrir-les-portes-en-la-glorieta-dalcoi\\\/\"},\"author\":{\"name\":\"Cope Alcoy\",\"@id\":\"https:\\\/\\\/www.copealcoy.es\\\/es\\\/#\\\/schema\\\/person\\\/e777c87fa024e57d40170af9df39882c\"},\"headline\":\"El Mercat de Nadal torna a obrir les portes en La Glorieta d&#8217;Alcoi\",\"datePublished\":\"2022-12-03T16:25:52+00:00\",\"dateModified\":\"2022-12-05T08:35:30+00:00\",\"mainEntityOfPage\":{\"@id\":\"https:\\\/\\\/www.copealcoy.es\\\/es\\\/el-mercat-de-nadal-torna-a-obrir-les-portes-en-la-glorieta-dalcoi\\\/\"},\"wordCount\":398,\"commentCount\":0,\"image\":{\"@id\":\"https:\\\/\\\/www.copealcoy.es\\\/es\\\/el-mercat-de-nadal-torna-a-obrir-les-portes-en-la-glorieta-dalcoi\\\/#primaryimage\"},\"thumbnailUrl\":\"https:\\\/\\\/www.copealcoy.es\\\/wp-content\\\/uploads\\\/2022\\\/12\\\/317856981_511419474351916_3680710979001047568_n-e1670084704868.jpg\",\"keywords\":[\"Alcoi\",\"Alcoi Ciutat del Nadal\",\"Glorieta\",\"inauguraci\u00f3\",\"Mercat de Nadal\",\"paradetes\"],\"articleSection\":[\"Actualidad\",\"Alcoy\",\"Noticias\",\"Portada\"],\"inLanguage\":\"es\"},{\"@type\":\"WebPage\",\"@id\":\"https:\\\/\\\/www.copealcoy.es\\\/es\\\/el-mercat-de-nadal-torna-a-obrir-les-portes-en-la-glorieta-dalcoi\\\/\",\"url\":\"https:\\\/\\\/www.copealcoy.es\\\/es\\\/el-mercat-de-nadal-torna-a-obrir-les-portes-en-la-glorieta-dalcoi\\\/\",\"name\":\"El Mercat de Nadal torna a obrir les portes en La Glorieta d'Alcoi - COPE Alcoy\",\"isPartOf\":{\"@id\":\"https:\\\/\\\/www.copealcoy.es\\\/es\\\/#website\"},\"primaryImageOfPage\":{\"@id\":\"https:\\\/\\\/www.copealcoy.es\\\/es\\\/el-mercat-de-nadal-torna-a-obrir-les-portes-en-la-glorieta-dalcoi\\\/#primaryimage\"},\"image\":{\"@id\":\"https:\\\/\\\/www.copealcoy.es\\\/es\\\/el-mercat-de-nadal-torna-a-obrir-les-portes-en-la-glorieta-dalcoi\\\/#primaryimage\"},\"thumbnailUrl\":\"https:\\\/\\\/www.copealcoy.es\\\/wp-content\\\/uploads\\\/2022\\\/12\\\/317856981_511419474351916_3680710979001047568_n-e1670084704868.jpg\",\"datePublished\":\"2022-12-03T16:25:52+00:00\",\"dateModified\":\"2022-12-05T08:35:30+00:00\",\"author\":{\"@id\":\"https:\\\/\\\/www.copealcoy.es\\\/es\\\/#\\\/schema\\\/person\\\/e777c87fa024e57d40170af9df39882c\"},\"breadcrumb\":{\"@id\":\"https:\\\/\\\/www.copealcoy.es\\\/es\\\/el-mercat-de-nadal-torna-a-obrir-les-portes-en-la-glorieta-dalcoi\\\/#breadcrumb\"},\"inLanguage\":\"es\",\"potentialAction\":[{\"@type\":\"ReadAction\",\"target\":[\"https:\\\/\\\/www.copealcoy.es\\\/es\\\/el-mercat-de-nadal-torna-a-obrir-les-portes-en-la-glorieta-dalcoi\\\/\"]}]},{\"@type\":\"ImageObject\",\"inLanguage\":\"es\",\"@id\":\"https:\\\/\\\/www.copealcoy.es\\\/es\\\/el-mercat-de-nadal-torna-a-obrir-les-portes-en-la-glorieta-dalcoi\\\/#primaryimage\",\"url\":\"https:\\\/\\\/www.copealcoy.es\\\/wp-content\\\/uploads\\\/2022\\\/12\\\/317856981_511419474351916_3680710979001047568_n-e1670084704868.jpg\",\"contentUrl\":\"https:\\\/\\\/www.copealcoy.es\\\/wp-content\\\/uploads\\\/2022\\\/12\\\/317856981_511419474351916_3680710979001047568_n-e1670084704868.jpg\",\"width\":640,\"height\":481},{\"@type\":\"BreadcrumbList\",\"@id\":\"https:\\\/\\\/www.copealcoy.es\\\/es\\\/el-mercat-de-nadal-torna-a-obrir-les-portes-en-la-glorieta-dalcoi\\\/#breadcrumb\",\"itemListElement\":[{\"@type\":\"ListItem\",\"position\":1,\"name\":\"Portada\",\"item\":\"https:\\\/\\\/www.copealcoy.es\\\/es\\\/\"},{\"@type\":\"ListItem\",\"position\":2,\"name\":\"El Mercat de Nadal torna a obrir les portes en La Glorieta d&#8217;Alcoi\"}]},{\"@type\":\"WebSite\",\"@id\":\"https:\\\/\\\/www.copealcoy.es\\\/es\\\/#website\",\"url\":\"https:\\\/\\\/www.copealcoy.es\\\/es\\\/\",\"name\":\"COPE Alcoy\",\"description\":\"Emisora COPE de radio local con emisi\u00f3n online. Pont de Sant Jordi 8-10 03803 Alcoy\",\"potentialAction\":[{\"@type\":\"SearchAction\",\"target\":{\"@type\":\"EntryPoint\",\"urlTemplate\":\"https:\\\/\\\/www.copealcoy.es\\\/es\\\/?s={search_term_string}\"},\"query-input\":{\"@type\":\"PropertyValueSpecification\",\"valueRequired\":true,\"valueName\":\"search_term_string\"}}],\"inLanguage\":\"es\"},{\"@type\":\"Person\",\"@id\":\"https:\\\/\\\/www.copealcoy.es\\\/es\\\/#\\\/schema\\\/person\\\/e777c87fa024e57d40170af9df39882c\",\"name\":\"Cope Alcoy\",\"image\":{\"@type\":\"ImageObject\",\"inLanguage\":\"es\",\"@id\":\"https:\\\/\\\/secure.gravatar.com\\\/avatar\\\/bb65d0283347e303893ba14f0692005417c1e0e690a325a4c5d8bb2b3943ee14?s=96&d=mm&r=g\",\"url\":\"https:\\\/\\\/secure.gravatar.com\\\/avatar\\\/bb65d0283347e303893ba14f0692005417c1e0e690a325a4c5d8bb2b3943ee14?s=96&d=mm&r=g\",\"contentUrl\":\"https:\\\/\\\/secure.gravatar.com\\\/avatar\\\/bb65d0283347e303893ba14f0692005417c1e0e690a325a4c5d8bb2b3943ee14?s=96&d=mm&r=g\",\"caption\":\"Cope Alcoy\"}}]}<\/script>\n<!-- \/ Yoast SEO plugin. -->","yoast_head_json":{"title":"El Mercat de Nadal torna a obrir les portes en La Glorieta d'Alcoi - COPE Alcoy","robots":{"index":"index","follow":"follow","max-snippet":"max-snippet:-1","max-image-preview":"max-image-preview:large","max-video-preview":"max-video-preview:-1"},"canonical":"https:\/\/www.copealcoy.es\/es\/el-mercat-de-nadal-torna-a-obrir-les-portes-en-la-glorieta-dalcoi\/","og_locale":"es_ES","og_type":"article","og_title":"El Mercat de Nadal torna a obrir les portes en La Glorieta d'Alcoi - COPE Alcoy","og_description":"El Parc de La Glorieta d&#8217;Alcoi acull des d&#8217;aquest dissabte l&#8217;edici\u00f3 2022 del Mercat de Nadal, una tradici\u00f3 plenament consolidada...","og_url":"https:\/\/www.copealcoy.es\/es\/el-mercat-de-nadal-torna-a-obrir-les-portes-en-la-glorieta-dalcoi\/","og_site_name":"COPE Alcoy","article_published_time":"2022-12-03T16:25:52+00:00","article_modified_time":"2022-12-05T08:35:30+00:00","og_image":[{"width":640,"height":481,"url":"https:\/\/www.copealcoy.es\/wp-content\/uploads\/2022\/12\/317856981_511419474351916_3680710979001047568_n-e1670084704868.jpg","type":"image\/jpeg"}],"author":"Cope Alcoy","twitter_misc":{"Escrito por":"Cope Alcoy","Tiempo de lectura":"2 minutos"},"schema":{"@context":"https:\/\/schema.org","@graph":[{"@type":"Article","@id":"https:\/\/www.copealcoy.es\/es\/el-mercat-de-nadal-torna-a-obrir-les-portes-en-la-glorieta-dalcoi\/#article","isPartOf":{"@id":"https:\/\/www.copealcoy.es\/es\/el-mercat-de-nadal-torna-a-obrir-les-portes-en-la-glorieta-dalcoi\/"},"author":{"name":"Cope Alcoy","@id":"https:\/\/www.copealcoy.es\/es\/#\/schema\/person\/e777c87fa024e57d40170af9df39882c"},"headline":"El Mercat de Nadal torna a obrir les portes en La Glorieta d&#8217;Alcoi","datePublished":"2022-12-03T16:25:52+00:00","dateModified":"2022-12-05T08:35:30+00:00","mainEntityOfPage":{"@id":"https:\/\/www.copealcoy.es\/es\/el-mercat-de-nadal-torna-a-obrir-les-portes-en-la-glorieta-dalcoi\/"},"wordCount":398,"commentCount":0,"image":{"@id":"https:\/\/www.copealcoy.es\/es\/el-mercat-de-nadal-torna-a-obrir-les-portes-en-la-glorieta-dalcoi\/#primaryimage"},"thumbnailUrl":"https:\/\/www.copealcoy.es\/wp-content\/uploads\/2022\/12\/317856981_511419474351916_3680710979001047568_n-e1670084704868.jpg","keywords":["Alcoi","Alcoi Ciutat del Nadal","Glorieta","inauguraci\u00f3","Mercat de Nadal","paradetes"],"articleSection":["Actualidad","Alcoy","Noticias","Portada"],"inLanguage":"es"},{"@type":"WebPage","@id":"https:\/\/www.copealcoy.es\/es\/el-mercat-de-nadal-torna-a-obrir-les-portes-en-la-glorieta-dalcoi\/","url":"https:\/\/www.copealcoy.es\/es\/el-mercat-de-nadal-torna-a-obrir-les-portes-en-la-glorieta-dalcoi\/","name":"El Mercat de Nadal torna a obrir les portes en La Glorieta d'Alcoi - COPE Alcoy","isPartOf":{"@id":"https:\/\/www.copealcoy.es\/es\/#website"},"primaryImageOfPage":{"@id":"https:\/\/www.copealcoy.es\/es\/el-mercat-de-nadal-torna-a-obrir-les-portes-en-la-glorieta-dalcoi\/#primaryimage"},"image":{"@id":"https:\/\/www.copealcoy.es\/es\/el-mercat-de-nadal-torna-a-obrir-les-portes-en-la-glorieta-dalcoi\/#primaryimage"},"thumbnailUrl":"https:\/\/www.copealcoy.es\/wp-content\/uploads\/2022\/12\/317856981_511419474351916_3680710979001047568_n-e1670084704868.jpg","datePublished":"2022-12-03T16:25:52+00:00","dateModified":"2022-12-05T08:35:30+00:00","author":{"@id":"https:\/\/www.copealcoy.es\/es\/#\/schema\/person\/e777c87fa024e57d40170af9df39882c"},"breadcrumb":{"@id":"https:\/\/www.copealcoy.es\/es\/el-mercat-de-nadal-torna-a-obrir-les-portes-en-la-glorieta-dalcoi\/#breadcrumb"},"inLanguage":"es","potentialAction":[{"@type":"ReadAction","target":["https:\/\/www.copealcoy.es\/es\/el-mercat-de-nadal-torna-a-obrir-les-portes-en-la-glorieta-dalcoi\/"]}]},{"@type":"ImageObject","inLanguage":"es","@id":"https:\/\/www.copealcoy.es\/es\/el-mercat-de-nadal-torna-a-obrir-les-portes-en-la-glorieta-dalcoi\/#primaryimage","url":"https:\/\/www.copealcoy.es\/wp-content\/uploads\/2022\/12\/317856981_511419474351916_3680710979001047568_n-e1670084704868.jpg","contentUrl":"https:\/\/www.copealcoy.es\/wp-content\/uploads\/2022\/12\/317856981_511419474351916_3680710979001047568_n-e1670084704868.jpg","width":640,"height":481},{"@type":"BreadcrumbList","@id":"https:\/\/www.copealcoy.es\/es\/el-mercat-de-nadal-torna-a-obrir-les-portes-en-la-glorieta-dalcoi\/#breadcrumb","itemListElement":[{"@type":"ListItem","position":1,"name":"Portada","item":"https:\/\/www.copealcoy.es\/es\/"},{"@type":"ListItem","position":2,"name":"El Mercat de Nadal torna a obrir les portes en La Glorieta d&#8217;Alcoi"}]},{"@type":"WebSite","@id":"https:\/\/www.copealcoy.es\/es\/#website","url":"https:\/\/www.copealcoy.es\/es\/","name":"COPE Alcoy","description":"Emisora COPE de radio local con emisi\u00f3n online. Pont de Sant Jordi 8-10 03803 Alcoy","potentialAction":[{"@type":"SearchAction","target":{"@type":"EntryPoint","urlTemplate":"https:\/\/www.copealcoy.es\/es\/?s={search_term_string}"},"query-input":{"@type":"PropertyValueSpecification","valueRequired":true,"valueName":"search_term_string"}}],"inLanguage":"es"},{"@type":"Person","@id":"https:\/\/www.copealcoy.es\/es\/#\/schema\/person\/e777c87fa024e57d40170af9df39882c","name":"Cope Alcoy","image":{"@type":"ImageObject","inLanguage":"es","@id":"https:\/\/secure.gravatar.com\/avatar\/bb65d0283347e303893ba14f0692005417c1e0e690a325a4c5d8bb2b3943ee14?s=96&d=mm&r=g","url":"https:\/\/secure.gravatar.com\/avatar\/bb65d0283347e303893ba14f0692005417c1e0e690a325a4c5d8bb2b3943ee14?s=96&d=mm&r=g","contentUrl":"https:\/\/secure.gravatar.com\/avatar\/bb65d0283347e303893ba14f0692005417c1e0e690a325a4c5d8bb2b3943ee14?s=96&d=mm&r=g","caption":"Cope Alcoy"}}]}},"_links":{"self":[{"href":"https:\/\/www.copealcoy.es\/es\/wp-json\/wp\/v2\/posts\/94899","targetHints":{"allow":["GET"]}}],"collection":[{"href":"https:\/\/www.copealcoy.es\/es\/wp-json\/wp\/v2\/posts"}],"about":[{"href":"https:\/\/www.copealcoy.es\/es\/wp-json\/wp\/v2\/types\/post"}],"author":[{"embeddable":true,"href":"https:\/\/www.copealcoy.es\/es\/wp-json\/wp\/v2\/users\/1"}],"replies":[{"embeddable":true,"href":"https:\/\/www.copealcoy.es\/es\/wp-json\/wp\/v2\/comments?post=94899"}],"version-history":[{"count":0,"href":"https:\/\/www.copealcoy.es\/es\/wp-json\/wp\/v2\/posts\/94899\/revisions"}],"wp:featuredmedia":[{"embeddable":true,"href":"https:\/\/www.copealcoy.es\/es\/wp-json\/wp\/v2\/media\/94900"}],"wp:attachment":[{"href":"https:\/\/www.copealcoy.es\/es\/wp-json\/wp\/v2\/media?parent=94899"}],"wp:term":[{"taxonomy":"category","embeddable":true,"href":"https:\/\/www.copealcoy.es\/es\/wp-json\/wp\/v2\/categories?post=94899"},{"taxonomy":"post_tag","embeddable":true,"href":"https:\/\/www.copealcoy.es\/es\/wp-json\/wp\/v2\/tags?post=94899"}],"curies":[{"name":"wp","href":"https:\/\/api.w.org\/{rel}","templated":true}]}}