{"id":94893,"date":"2022-12-03T09:12:07","date_gmt":"2022-12-03T08:12:07","guid":{"rendered":"https:\/\/www.copealcoy.es\/?p=94893"},"modified":"2022-12-05T09:23:55","modified_gmt":"2022-12-05T08:23:55","slug":"record-cap-a-sant-maure-amb-motiu-de-la-festa-del-patro-dalcoi","status":"publish","type":"post","link":"https:\/\/www.copealcoy.es\/es\/record-cap-a-sant-maure-amb-motiu-de-la-festa-del-patro-dalcoi\/","title":{"rendered":"Record cap a Sant Maure amb motiu de la festa del patr\u00f3 d&#8217;Alcoi"},"content":{"rendered":"<p style=\"text-align: justify;\">Alcoi celebra aquest cap de setmana <strong>la festivitat de Sant Mauro<\/strong>, patr\u00f3 de la ciutat que fou escollit el 3 de desembre de 1620 davant els greus terratr\u00e9mols que patia la poblaci\u00f3. Amb la seua elecci\u00f3 van cessar els moviments s\u00edsmics i des d&#8217;aleshores <strong>els alcoians el veneren amb diferents actes religiosos<\/strong> que tenen lloc cada any en el seu honor quan arriben aquestes dates.<\/p>\n<p style=\"text-align: justify;\">L&#8217;<a href=\"https:\/\/www.facebook.com\/AsociacionDeSanMauroMartir\"><strong><span style=\"color: #0000ff;\">Associaci\u00f3 de Sant Maure M\u00e0rtir,<\/span><\/strong><\/a> que s&#8217;encarrega de promoure la seua devoci\u00f3, ha estat durant tot el mes de novembre <strong>realitzant un programa d&#8217;actes que va comen\u00e7ar a principis de novembre<\/strong> amb el <strong>descobriment del cartell anunciador de les festes a la fa\u00e7ana de l&#8217;esgl\u00e9sia del patr\u00f3<\/strong>, una obra creada per Jorge P\u00e9rez. Tamb\u00e9 han tingut lloc <strong>representacions teatrals o visites dels m\u00e9s menuts al Sant<\/strong> per tal de con\u00e9ixer la hist\u00f2ria que propici\u00e0 la seua elecci\u00f3 com a patr\u00f3 i fer tamb\u00e9 donatius per a C\u00e0ritas Alcoi.<\/p>\n<p style=\"text-align: justify;\">Des de dijous t\u00e9 lloc <strong>el tridu<\/strong> i aquesta vesprada conclour\u00e0 el mateix amb <strong>la process\u00f3 claustral del Sant\u00edssim Sagrament<\/strong> per dins de l&#8217;esgl\u00e9sia de Sant Maure i Sant Francesc seguit de <strong>la col\u00b7locaci\u00f3 del cop\u00f3 amb les Sagrades Formes<\/strong> al tronc d&#8217;olivera que s&#8217;ha muntat un any m\u00e9s davant de l&#8217;altar. D&#8217;aquesta forma recordarem <strong>el que feren els nostres avantpassats tal dia com avui de fa <span class=\"hiddenGreenError\">402<\/span>\u00a0anys<\/strong> &#8220;<em>davant els terratr\u00e9mols van traure al Sant\u00edssim de l&#8217;esgl\u00e9sia, per si s&#8217;enfonsava aquesta, i el van traslladar a uns bancals situats en aquells moments als afores de la ciutat i on avui est\u00e0 la parr\u00f2quia. El Nostre Senyor fou col\u00b7locat en un tronc d&#8217;olivera i davant d&#8217;aquesta van pregar per la fi dels moviments s\u00edsmics<\/em>&#8220;, recordava en COPE ALCOI aquesta setmana <strong>Don Jos\u00e9\u00a0<span class=\"hiddenSpellError\">Lu\u00eds<\/span>\u00a0Llopis<\/strong>, titular de les parr\u00f2quies del Centre de la ciutat.<\/p>\n<p style=\"text-align: justify;\">Dem\u00e0 diumenge ser\u00e0 el dia gran de la festa amb<strong> la missa solemne<\/strong> a partir de les 12:<span class=\"hiddenGrammarError\">30h<\/span>\u00a0del migdia. Durant l&#8217;eucaristia <strong>es llegir\u00e0 l&#8217;acta original<\/strong> on queda plasmat el nomenament de Sant Maure com a patr\u00f3 d&#8217;Alcoi i tamb\u00e9<strong> la Confraria del Cristo\u00a0<span class=\"hiddenSpellError\">Jacent i la Verge dels Dolors<\/span> ser\u00e0 distinguida amb el t\u00edtol d&#8217;Associat d&#8217;Honor<\/strong> de l&#8217;esmentada Associaci\u00f3 de Sant Maure. Ja dilluns <strong>acabar\u00e0 la programaci\u00f3 amb una eucaristia d&#8217;acci\u00f3 de gr\u00e0cies<\/strong> a partir de les 19:<span class=\"hiddenGrammarError\">00h<\/span>.<\/p>\n","protected":false},"excerpt":{"rendered":"<p>Alcoi celebra aquest cap de setmana la festivitat de Sant Mauro, patr\u00f3 de la ciutat que fou escollit el 3&#8230;<\/p>\n","protected":false},"author":1,"featured_media":94894,"comment_status":"open","ping_status":"open","sticky":false,"template":"","format":"standard","meta":{"footnotes":""},"categories":[6909,97,78,75],"tags":[9804,160,13558,9657],"class_list":["post-94893","post","type-post","status-publish","format-standard","has-post-thumbnail","hentry","category-actualidad","category-alcoy","category-fiestaycultura","category-noticias","tag-actes-religiosos","tag-alcoi","tag-associacio-de-sant-maure","tag-sant-maure"],"yoast_head":"<!-- This site is optimized with the Yoast SEO plugin v27.3 - https:\/\/yoast.com\/product\/yoast-seo-wordpress\/ -->\n<title>Record cap a Sant Maure amb motiu de la festa del patr\u00f3 d&#039;Alcoi - COPE Alcoy<\/title>\n<meta name=\"robots\" content=\"index, follow, max-snippet:-1, max-image-preview:large, max-video-preview:-1\" \/>\n<link rel=\"canonical\" href=\"https:\/\/www.copealcoy.es\/es\/record-cap-a-sant-maure-amb-motiu-de-la-festa-del-patro-dalcoi\/\" \/>\n<meta property=\"og:locale\" content=\"es_ES\" \/>\n<meta property=\"og:type\" content=\"article\" \/>\n<meta property=\"og:title\" content=\"Record cap a Sant Maure amb motiu de la festa del patr\u00f3 d&#039;Alcoi - COPE Alcoy\" \/>\n<meta property=\"og:description\" content=\"Alcoi celebra aquest cap de setmana la festivitat de Sant Mauro, patr\u00f3 de la ciutat que fou escollit el 3...\" \/>\n<meta property=\"og:url\" content=\"https:\/\/www.copealcoy.es\/es\/record-cap-a-sant-maure-amb-motiu-de-la-festa-del-patro-dalcoi\/\" \/>\n<meta property=\"og:site_name\" content=\"COPE Alcoy\" \/>\n<meta property=\"article:published_time\" content=\"2022-12-03T08:12:07+00:00\" \/>\n<meta property=\"article:modified_time\" content=\"2022-12-05T08:23:55+00:00\" \/>\n<meta property=\"og:image\" content=\"https:\/\/www.copealcoy.es\/wp-content\/uploads\/2022\/12\/318107652_446612201009827_2687705178144919762_n.jpg\" \/>\n\t<meta property=\"og:image:width\" content=\"1076\" \/>\n\t<meta property=\"og:image:height\" content=\"598\" \/>\n\t<meta property=\"og:image:type\" content=\"image\/jpeg\" \/>\n<meta name=\"author\" content=\"Cope Alcoy\" \/>\n<meta name=\"twitter:label1\" content=\"Escrito por\" \/>\n\t<meta name=\"twitter:data1\" content=\"Cope Alcoy\" \/>\n\t<meta name=\"twitter:label2\" content=\"Tiempo de lectura\" \/>\n\t<meta name=\"twitter:data2\" content=\"2 minutos\" \/>\n<script type=\"application\/ld+json\" class=\"yoast-schema-graph\">{\"@context\":\"https:\\\/\\\/schema.org\",\"@graph\":[{\"@type\":\"Article\",\"@id\":\"https:\\\/\\\/www.copealcoy.es\\\/es\\\/record-cap-a-sant-maure-amb-motiu-de-la-festa-del-patro-dalcoi\\\/#article\",\"isPartOf\":{\"@id\":\"https:\\\/\\\/www.copealcoy.es\\\/es\\\/record-cap-a-sant-maure-amb-motiu-de-la-festa-del-patro-dalcoi\\\/\"},\"author\":{\"name\":\"Cope Alcoy\",\"@id\":\"https:\\\/\\\/www.copealcoy.es\\\/es\\\/#\\\/schema\\\/person\\\/e777c87fa024e57d40170af9df39882c\"},\"headline\":\"Record cap a Sant Maure amb motiu de la festa del patr\u00f3 d&#8217;Alcoi\",\"datePublished\":\"2022-12-03T08:12:07+00:00\",\"dateModified\":\"2022-12-05T08:23:55+00:00\",\"mainEntityOfPage\":{\"@id\":\"https:\\\/\\\/www.copealcoy.es\\\/es\\\/record-cap-a-sant-maure-amb-motiu-de-la-festa-del-patro-dalcoi\\\/\"},\"wordCount\":432,\"commentCount\":0,\"image\":{\"@id\":\"https:\\\/\\\/www.copealcoy.es\\\/es\\\/record-cap-a-sant-maure-amb-motiu-de-la-festa-del-patro-dalcoi\\\/#primaryimage\"},\"thumbnailUrl\":\"https:\\\/\\\/www.copealcoy.es\\\/wp-content\\\/uploads\\\/2022\\\/12\\\/318107652_446612201009827_2687705178144919762_n.jpg\",\"keywords\":[\"actes religiosos\",\"Alcoi\",\"Associaci\u00f3 de Sant Maure\",\"Sant Maure\"],\"articleSection\":[\"Actualidad\",\"Alcoy\",\"Fiesta y Cultura\",\"Noticias\"],\"inLanguage\":\"es\"},{\"@type\":\"WebPage\",\"@id\":\"https:\\\/\\\/www.copealcoy.es\\\/es\\\/record-cap-a-sant-maure-amb-motiu-de-la-festa-del-patro-dalcoi\\\/\",\"url\":\"https:\\\/\\\/www.copealcoy.es\\\/es\\\/record-cap-a-sant-maure-amb-motiu-de-la-festa-del-patro-dalcoi\\\/\",\"name\":\"Record cap a Sant Maure amb motiu de la festa del patr\u00f3 d'Alcoi - COPE Alcoy\",\"isPartOf\":{\"@id\":\"https:\\\/\\\/www.copealcoy.es\\\/es\\\/#website\"},\"primaryImageOfPage\":{\"@id\":\"https:\\\/\\\/www.copealcoy.es\\\/es\\\/record-cap-a-sant-maure-amb-motiu-de-la-festa-del-patro-dalcoi\\\/#primaryimage\"},\"image\":{\"@id\":\"https:\\\/\\\/www.copealcoy.es\\\/es\\\/record-cap-a-sant-maure-amb-motiu-de-la-festa-del-patro-dalcoi\\\/#primaryimage\"},\"thumbnailUrl\":\"https:\\\/\\\/www.copealcoy.es\\\/wp-content\\\/uploads\\\/2022\\\/12\\\/318107652_446612201009827_2687705178144919762_n.jpg\",\"datePublished\":\"2022-12-03T08:12:07+00:00\",\"dateModified\":\"2022-12-05T08:23:55+00:00\",\"author\":{\"@id\":\"https:\\\/\\\/www.copealcoy.es\\\/es\\\/#\\\/schema\\\/person\\\/e777c87fa024e57d40170af9df39882c\"},\"breadcrumb\":{\"@id\":\"https:\\\/\\\/www.copealcoy.es\\\/es\\\/record-cap-a-sant-maure-amb-motiu-de-la-festa-del-patro-dalcoi\\\/#breadcrumb\"},\"inLanguage\":\"es\",\"potentialAction\":[{\"@type\":\"ReadAction\",\"target\":[\"https:\\\/\\\/www.copealcoy.es\\\/es\\\/record-cap-a-sant-maure-amb-motiu-de-la-festa-del-patro-dalcoi\\\/\"]}]},{\"@type\":\"ImageObject\",\"inLanguage\":\"es\",\"@id\":\"https:\\\/\\\/www.copealcoy.es\\\/es\\\/record-cap-a-sant-maure-amb-motiu-de-la-festa-del-patro-dalcoi\\\/#primaryimage\",\"url\":\"https:\\\/\\\/www.copealcoy.es\\\/wp-content\\\/uploads\\\/2022\\\/12\\\/318107652_446612201009827_2687705178144919762_n.jpg\",\"contentUrl\":\"https:\\\/\\\/www.copealcoy.es\\\/wp-content\\\/uploads\\\/2022\\\/12\\\/318107652_446612201009827_2687705178144919762_n.jpg\",\"width\":1076,\"height\":598},{\"@type\":\"BreadcrumbList\",\"@id\":\"https:\\\/\\\/www.copealcoy.es\\\/es\\\/record-cap-a-sant-maure-amb-motiu-de-la-festa-del-patro-dalcoi\\\/#breadcrumb\",\"itemListElement\":[{\"@type\":\"ListItem\",\"position\":1,\"name\":\"Portada\",\"item\":\"https:\\\/\\\/www.copealcoy.es\\\/es\\\/\"},{\"@type\":\"ListItem\",\"position\":2,\"name\":\"Record cap a Sant Maure amb motiu de la festa del patr\u00f3 d&#8217;Alcoi\"}]},{\"@type\":\"WebSite\",\"@id\":\"https:\\\/\\\/www.copealcoy.es\\\/es\\\/#website\",\"url\":\"https:\\\/\\\/www.copealcoy.es\\\/es\\\/\",\"name\":\"COPE Alcoy\",\"description\":\"Emisora COPE de radio local con emisi\u00f3n online. Pont de Sant Jordi 8-10 03803 Alcoy\",\"potentialAction\":[{\"@type\":\"SearchAction\",\"target\":{\"@type\":\"EntryPoint\",\"urlTemplate\":\"https:\\\/\\\/www.copealcoy.es\\\/es\\\/?s={search_term_string}\"},\"query-input\":{\"@type\":\"PropertyValueSpecification\",\"valueRequired\":true,\"valueName\":\"search_term_string\"}}],\"inLanguage\":\"es\"},{\"@type\":\"Person\",\"@id\":\"https:\\\/\\\/www.copealcoy.es\\\/es\\\/#\\\/schema\\\/person\\\/e777c87fa024e57d40170af9df39882c\",\"name\":\"Cope Alcoy\",\"image\":{\"@type\":\"ImageObject\",\"inLanguage\":\"es\",\"@id\":\"https:\\\/\\\/secure.gravatar.com\\\/avatar\\\/bb65d0283347e303893ba14f0692005417c1e0e690a325a4c5d8bb2b3943ee14?s=96&d=mm&r=g\",\"url\":\"https:\\\/\\\/secure.gravatar.com\\\/avatar\\\/bb65d0283347e303893ba14f0692005417c1e0e690a325a4c5d8bb2b3943ee14?s=96&d=mm&r=g\",\"contentUrl\":\"https:\\\/\\\/secure.gravatar.com\\\/avatar\\\/bb65d0283347e303893ba14f0692005417c1e0e690a325a4c5d8bb2b3943ee14?s=96&d=mm&r=g\",\"caption\":\"Cope Alcoy\"}}]}<\/script>\n<!-- \/ Yoast SEO plugin. -->","yoast_head_json":{"title":"Record cap a Sant Maure amb motiu de la festa del patr\u00f3 d'Alcoi - COPE Alcoy","robots":{"index":"index","follow":"follow","max-snippet":"max-snippet:-1","max-image-preview":"max-image-preview:large","max-video-preview":"max-video-preview:-1"},"canonical":"https:\/\/www.copealcoy.es\/es\/record-cap-a-sant-maure-amb-motiu-de-la-festa-del-patro-dalcoi\/","og_locale":"es_ES","og_type":"article","og_title":"Record cap a Sant Maure amb motiu de la festa del patr\u00f3 d'Alcoi - COPE Alcoy","og_description":"Alcoi celebra aquest cap de setmana la festivitat de Sant Mauro, patr\u00f3 de la ciutat que fou escollit el 3...","og_url":"https:\/\/www.copealcoy.es\/es\/record-cap-a-sant-maure-amb-motiu-de-la-festa-del-patro-dalcoi\/","og_site_name":"COPE Alcoy","article_published_time":"2022-12-03T08:12:07+00:00","article_modified_time":"2022-12-05T08:23:55+00:00","og_image":[{"width":1076,"height":598,"url":"https:\/\/www.copealcoy.es\/wp-content\/uploads\/2022\/12\/318107652_446612201009827_2687705178144919762_n.jpg","type":"image\/jpeg"}],"author":"Cope Alcoy","twitter_misc":{"Escrito por":"Cope Alcoy","Tiempo de lectura":"2 minutos"},"schema":{"@context":"https:\/\/schema.org","@graph":[{"@type":"Article","@id":"https:\/\/www.copealcoy.es\/es\/record-cap-a-sant-maure-amb-motiu-de-la-festa-del-patro-dalcoi\/#article","isPartOf":{"@id":"https:\/\/www.copealcoy.es\/es\/record-cap-a-sant-maure-amb-motiu-de-la-festa-del-patro-dalcoi\/"},"author":{"name":"Cope Alcoy","@id":"https:\/\/www.copealcoy.es\/es\/#\/schema\/person\/e777c87fa024e57d40170af9df39882c"},"headline":"Record cap a Sant Maure amb motiu de la festa del patr\u00f3 d&#8217;Alcoi","datePublished":"2022-12-03T08:12:07+00:00","dateModified":"2022-12-05T08:23:55+00:00","mainEntityOfPage":{"@id":"https:\/\/www.copealcoy.es\/es\/record-cap-a-sant-maure-amb-motiu-de-la-festa-del-patro-dalcoi\/"},"wordCount":432,"commentCount":0,"image":{"@id":"https:\/\/www.copealcoy.es\/es\/record-cap-a-sant-maure-amb-motiu-de-la-festa-del-patro-dalcoi\/#primaryimage"},"thumbnailUrl":"https:\/\/www.copealcoy.es\/wp-content\/uploads\/2022\/12\/318107652_446612201009827_2687705178144919762_n.jpg","keywords":["actes religiosos","Alcoi","Associaci\u00f3 de Sant Maure","Sant Maure"],"articleSection":["Actualidad","Alcoy","Fiesta y Cultura","Noticias"],"inLanguage":"es"},{"@type":"WebPage","@id":"https:\/\/www.copealcoy.es\/es\/record-cap-a-sant-maure-amb-motiu-de-la-festa-del-patro-dalcoi\/","url":"https:\/\/www.copealcoy.es\/es\/record-cap-a-sant-maure-amb-motiu-de-la-festa-del-patro-dalcoi\/","name":"Record cap a Sant Maure amb motiu de la festa del patr\u00f3 d'Alcoi - COPE Alcoy","isPartOf":{"@id":"https:\/\/www.copealcoy.es\/es\/#website"},"primaryImageOfPage":{"@id":"https:\/\/www.copealcoy.es\/es\/record-cap-a-sant-maure-amb-motiu-de-la-festa-del-patro-dalcoi\/#primaryimage"},"image":{"@id":"https:\/\/www.copealcoy.es\/es\/record-cap-a-sant-maure-amb-motiu-de-la-festa-del-patro-dalcoi\/#primaryimage"},"thumbnailUrl":"https:\/\/www.copealcoy.es\/wp-content\/uploads\/2022\/12\/318107652_446612201009827_2687705178144919762_n.jpg","datePublished":"2022-12-03T08:12:07+00:00","dateModified":"2022-12-05T08:23:55+00:00","author":{"@id":"https:\/\/www.copealcoy.es\/es\/#\/schema\/person\/e777c87fa024e57d40170af9df39882c"},"breadcrumb":{"@id":"https:\/\/www.copealcoy.es\/es\/record-cap-a-sant-maure-amb-motiu-de-la-festa-del-patro-dalcoi\/#breadcrumb"},"inLanguage":"es","potentialAction":[{"@type":"ReadAction","target":["https:\/\/www.copealcoy.es\/es\/record-cap-a-sant-maure-amb-motiu-de-la-festa-del-patro-dalcoi\/"]}]},{"@type":"ImageObject","inLanguage":"es","@id":"https:\/\/www.copealcoy.es\/es\/record-cap-a-sant-maure-amb-motiu-de-la-festa-del-patro-dalcoi\/#primaryimage","url":"https:\/\/www.copealcoy.es\/wp-content\/uploads\/2022\/12\/318107652_446612201009827_2687705178144919762_n.jpg","contentUrl":"https:\/\/www.copealcoy.es\/wp-content\/uploads\/2022\/12\/318107652_446612201009827_2687705178144919762_n.jpg","width":1076,"height":598},{"@type":"BreadcrumbList","@id":"https:\/\/www.copealcoy.es\/es\/record-cap-a-sant-maure-amb-motiu-de-la-festa-del-patro-dalcoi\/#breadcrumb","itemListElement":[{"@type":"ListItem","position":1,"name":"Portada","item":"https:\/\/www.copealcoy.es\/es\/"},{"@type":"ListItem","position":2,"name":"Record cap a Sant Maure amb motiu de la festa del patr\u00f3 d&#8217;Alcoi"}]},{"@type":"WebSite","@id":"https:\/\/www.copealcoy.es\/es\/#website","url":"https:\/\/www.copealcoy.es\/es\/","name":"COPE Alcoy","description":"Emisora COPE de radio local con emisi\u00f3n online. Pont de Sant Jordi 8-10 03803 Alcoy","potentialAction":[{"@type":"SearchAction","target":{"@type":"EntryPoint","urlTemplate":"https:\/\/www.copealcoy.es\/es\/?s={search_term_string}"},"query-input":{"@type":"PropertyValueSpecification","valueRequired":true,"valueName":"search_term_string"}}],"inLanguage":"es"},{"@type":"Person","@id":"https:\/\/www.copealcoy.es\/es\/#\/schema\/person\/e777c87fa024e57d40170af9df39882c","name":"Cope Alcoy","image":{"@type":"ImageObject","inLanguage":"es","@id":"https:\/\/secure.gravatar.com\/avatar\/bb65d0283347e303893ba14f0692005417c1e0e690a325a4c5d8bb2b3943ee14?s=96&d=mm&r=g","url":"https:\/\/secure.gravatar.com\/avatar\/bb65d0283347e303893ba14f0692005417c1e0e690a325a4c5d8bb2b3943ee14?s=96&d=mm&r=g","contentUrl":"https:\/\/secure.gravatar.com\/avatar\/bb65d0283347e303893ba14f0692005417c1e0e690a325a4c5d8bb2b3943ee14?s=96&d=mm&r=g","caption":"Cope Alcoy"}}]}},"_links":{"self":[{"href":"https:\/\/www.copealcoy.es\/es\/wp-json\/wp\/v2\/posts\/94893","targetHints":{"allow":["GET"]}}],"collection":[{"href":"https:\/\/www.copealcoy.es\/es\/wp-json\/wp\/v2\/posts"}],"about":[{"href":"https:\/\/www.copealcoy.es\/es\/wp-json\/wp\/v2\/types\/post"}],"author":[{"embeddable":true,"href":"https:\/\/www.copealcoy.es\/es\/wp-json\/wp\/v2\/users\/1"}],"replies":[{"embeddable":true,"href":"https:\/\/www.copealcoy.es\/es\/wp-json\/wp\/v2\/comments?post=94893"}],"version-history":[{"count":0,"href":"https:\/\/www.copealcoy.es\/es\/wp-json\/wp\/v2\/posts\/94893\/revisions"}],"wp:featuredmedia":[{"embeddable":true,"href":"https:\/\/www.copealcoy.es\/es\/wp-json\/wp\/v2\/media\/94894"}],"wp:attachment":[{"href":"https:\/\/www.copealcoy.es\/es\/wp-json\/wp\/v2\/media?parent=94893"}],"wp:term":[{"taxonomy":"category","embeddable":true,"href":"https:\/\/www.copealcoy.es\/es\/wp-json\/wp\/v2\/categories?post=94893"},{"taxonomy":"post_tag","embeddable":true,"href":"https:\/\/www.copealcoy.es\/es\/wp-json\/wp\/v2\/tags?post=94893"}],"curies":[{"name":"wp","href":"https:\/\/api.w.org\/{rel}","templated":true}]}}