{"id":94819,"date":"2022-12-01T16:15:17","date_gmt":"2022-12-01T15:15:17","guid":{"rendered":"https:\/\/www.copealcoy.es\/?p=94819"},"modified":"2022-12-01T16:49:04","modified_gmt":"2022-12-01T15:49:04","slug":"cope-lidera-el-creixement-de-la-radio-en-espanya","status":"publish","type":"post","link":"https:\/\/www.copealcoy.es\/es\/cope-lidera-el-creixement-de-la-radio-en-espanya\/","title":{"rendered":"COPE lidera el creixement de la r\u00e0dio en Espanya"},"content":{"rendered":"<p style=\"text-align: justify;\"><strong><a href=\"https:\/\/www.cope.es\/\"><span style=\"color: #0000ff;\">COPE<\/span> <\/a>\u00e9s l&#8217;emissora generalista que m\u00e9s creix en l&#8217;\u00faltim any<\/strong>. Aix\u00ed ho reflecteixen les dades de <strong>la tercera ona de 2022 de l&#8217;Estudi General de Mitjans (EGM)<\/strong>. La cadena <strong>guanya m\u00e9s de 300.000 oients en els \u00faltims dotze mesos<\/strong>, <strong>continua liderant el creixement de la r\u00e0dio espanyola<\/strong> i ja <strong>s\u00f3n 3.720.000 persones<\/strong> que cada dia es connecten a la seua antena per a informar-se i entretindre&#8217;s.<\/p>\n<p style=\"text-align: justify;\"><strong>Carlos Herrera<\/strong> tanca l&#8217;any mantenint el lideratge del \u2018prime time\u2019 radiof\u00f2nic. Ho fa hora a hora de 6.00 a 10.00 del mat\u00ed gr\u00e0cies a la fidelitat que mant\u00e9 la seua audi\u00e8ncia. <strong>\u2018Herrera en COPE\u2019<\/strong> creix en l&#8217;\u00faltim any en quasi 100.000 oients i ja s\u00f3n 2.720.000 persones les que, di\u00e0riament, trien al comunicador m\u00e9s influent de la r\u00e0dio en un context informatiu marcat per la incertesa econ\u00f2mica. El EGM ratifica l&#8217;aposta de l&#8217;audi\u00e8ncia per un estil \u00fanic que combina rigor, proximitat i la capacitat d&#8217;aportar les claus necess\u00e0ries per a entendre el que succeeix.<\/p>\n<p style=\"text-align: justify;\"><strong>\u2018Tiempo de Juego\u2019<\/strong> i <strong>\u2018El Partidazo de COPE\u2019<\/strong>, tanquen l&#8217;any com els n\u00fameros u de la r\u00e0dio esportiva espanyola. Els aficionats a l&#8217;esport continuen tenint a COPE, una vegada m\u00e9s, com la r\u00e0dio referent. \u2018Tiempo de Juego\u2019 continua sent el programa n\u00famero u, segons el EGM, i els caps de setmana ja s\u00f3n 1.664.000 de persones les que vibren al costat de <strong>Paco Gonz\u00e1lez, Manolo Lama i Pepe Domingo Casta\u00f1o<\/strong> en grans esdeveniments com el Mundial de futbol que actualment s&#8217;est\u00e0 disputant a Qatar, i amb el qual COPE s&#8217;ha bolcat amb una cobertura especial amb 30 enviats especials i m\u00e9s de 200 hores en directe. I al lideratge de \u2018Tiempo de Juego\u2019 se suma el del &#8216;Partidazo de COPE&#8217; amb <strong>Juanma Casta\u00f1o<\/strong>, de dilluns a divendres de 23.30 a 1.30h i 845.000 oients.<\/p>\n<p style=\"text-align: justify;\">Als bons resultats collits per Carlos Herrera i els n\u00fameros u d&#8217;esport radiof\u00f2nic, se sumen els d&#8217;<strong>\u00c1ngel Exp\u00f3sito<\/strong> en <strong>\u2018La Linterna de COPE\u2019<\/strong>. L&#8217;equip del programa que ha continuat estant sobre el terreny, a Pol\u00f2nia o Let\u00f2nia amb motiu de la guerra d&#8217;Ucra\u00efna o recorrent Espanya per a con\u00e9ixer les preocupacions dels espanyols en un moment d&#8217;incertesa, bat el seu r\u00e8cord d&#8217;audi\u00e8ncia i ja \u00e9s escoltat per 1.051.000 persones.<\/p>\n<p style=\"text-align: justify;\"><strong>Pilar Garc\u00eda Mu\u00f1iz<\/strong> creix en l&#8217;\u00faltim any m\u00e9s de 100.000 o\u00efdors en <strong>\u2018Mediod\u00eda COPE\u2019<\/strong> i ja suma 706.000, als quals enganxa per la seua manera de fer r\u00e0dio i un format en el qual es mira a l&#8217;actualitat aportant context i explicacions a l&#8217;o\u00efdor sobre el que succeeix al seu voltant amb rigor i hist\u00f2ries humanes. Per part seua, <strong>Pilar Cisneros i Fernando de Haro<\/strong> tamb\u00e9 creixen. En l&#8217;\u00faltim any guanyen 100.000 o\u00efdors nous i aconsegueix els 466.000 seguidors en <strong>\u2018La Tarde\u2019<\/strong> de COPE.<\/p>\n<p style=\"text-align: justify;\">Per part seua, <strong>\u2018Fin de Semana\u2019<\/strong>, amb <strong>Cristina L\u00f3pez Schlichting<\/strong>, arriba a 671.000 seguidors. Ho fa just despr\u00e9s de <strong>\u2018La Ma\u00f1ana\u2019<\/strong> d&#8217;<strong>Antonio Herraiz<\/strong>, que anota 731.000. A m\u00e9s, <strong>C\u00e9sar Lumbreras<\/strong> reuneix 903.000 persones els dissabtes, de 8.30 a 10.00 hores, en <strong>\u2018Agropopular\u2019<\/strong>.<\/p>\n<p style=\"text-align: justify;\">En les nits, <strong>COPE tamb\u00e9 \u00e9s referent<\/strong>. <strong>&#8216;La Noche&#8217; d&#8217;Adolfo Arjona<\/strong>, els dilluns d&#8217;1.30 a 4.00h, ja \u00e9s seguit per 59.000 persones. De dimarts a dijous i en el mateix horari, <strong>Beatriz P\u00e9rez Ot\u00edn<\/strong> amb 172.000 i els divendres, <strong>Rosa Rosado<\/strong> 107.000. <strong>Carlos Moreno, El Pulpo<\/strong>, segueix de dilluns a dissabte de 4 a 6 <strong>\u2018Poniendo las calles\u2019<\/strong> amb 74.000 \u2018ponedores\u2019.<\/p>\n<p style=\"text-align: justify;\">L&#8217;audi\u00e8ncia recolza tamb\u00e9 <strong>la programaci\u00f3 sociorreligiosa de COPE<\/strong>. La <strong>\u2018Santa Misa\u2019<\/strong> \u00e9s seguida els diumenges per 573.000 persones i, aqueix mateix dia, <strong>\u2018Iglesia Noticia\u2019<\/strong> suma 654.000. Per part seua, <strong>\u2018La Linterna de la Iglesia\u2019<\/strong>, els divendres, congrega a 396.000 o\u00efdors.<\/p>\n<p style=\"text-align: justify;\">Durant el per\u00edode analitzat, <strong>COPE ha posat en marxa diferents cobertures especials per a respondre a les preocupacions dels ciutadans<\/strong>, com la pujada dels preus de la compra, la sequera o l&#8217;ocupaci\u00f3. A m\u00e9s, <strong>ha apostat per nous formats digitals<\/strong> que donen resposta a les necessitats i que ofereixen noves experi\u00e8ncies als oients i <strong>usuaris de COPE i cope.es<\/strong> amb continguts exclusius i<strong> \u2018On Demand\u2019<\/strong>. Una estrat\u00e8gia que, segons les dades del EGM, s&#8217;ha vist recolzada per la audiencia.<\/p>\n","protected":false},"excerpt":{"rendered":"<p>COPE \u00e9s l&#8217;emissora generalista que m\u00e9s creix en l&#8217;\u00faltim any. Aix\u00ed ho reflecteixen les dades de la tercera ona de&#8230;<\/p>\n","protected":false},"author":1,"featured_media":94820,"comment_status":"open","ping_status":"open","sticky":false,"template":"","format":"standard","meta":{"footnotes":""},"categories":[6909,1577,75],"tags":[2967,178,13549,9748],"class_list":["post-94819","post","type-post","status-publish","format-standard","has-post-thumbnail","hentry","category-actualidad","category-cope-alcoy","category-noticias","tag-carlos-herrera","tag-cope","tag-estudi-general-de-mitjans","tag-lideratge"],"yoast_head":"<!-- This site is optimized with the Yoast SEO plugin v27.3 - https:\/\/yoast.com\/product\/yoast-seo-wordpress\/ -->\n<title>COPE lidera el creixement de la r\u00e0dio en Espanya - COPE Alcoy<\/title>\n<meta name=\"description\" content=\"COPE \u00e9s l&#039;emissora generalista que m\u00e9s creix en l&#039;\u00faltim any. Aix\u00ed ho reflecteixen les dades de la tercera ona de 2022 de l&#039;EGM\" \/>\n<meta name=\"robots\" content=\"index, follow, max-snippet:-1, max-image-preview:large, max-video-preview:-1\" \/>\n<link rel=\"canonical\" href=\"https:\/\/www.copealcoy.es\/es\/cope-lidera-el-creixement-de-la-radio-en-espanya\/\" \/>\n<meta property=\"og:locale\" content=\"es_ES\" \/>\n<meta property=\"og:type\" content=\"article\" \/>\n<meta property=\"og:title\" content=\"COPE lidera el creixement de la r\u00e0dio en Espanya - COPE Alcoy\" \/>\n<meta property=\"og:description\" content=\"COPE \u00e9s l&#039;emissora generalista que m\u00e9s creix en l&#039;\u00faltim any. Aix\u00ed ho reflecteixen les dades de la tercera ona de 2022 de l&#039;EGM\" \/>\n<meta property=\"og:url\" content=\"https:\/\/www.copealcoy.es\/es\/cope-lidera-el-creixement-de-la-radio-en-espanya\/\" \/>\n<meta property=\"og:site_name\" content=\"COPE Alcoy\" \/>\n<meta property=\"article:published_time\" content=\"2022-12-01T15:15:17+00:00\" \/>\n<meta property=\"article:modified_time\" content=\"2022-12-01T15:49:04+00:00\" \/>\n<meta property=\"og:image\" content=\"https:\/\/www.copealcoy.es\/wp-content\/uploads\/2022\/12\/403760705142502507.jpg\" \/>\n\t<meta property=\"og:image:width\" content=\"500\" \/>\n\t<meta property=\"og:image:height\" content=\"261\" \/>\n\t<meta property=\"og:image:type\" content=\"image\/jpeg\" \/>\n<meta name=\"author\" content=\"Cope Alcoy\" \/>\n<meta name=\"twitter:label1\" content=\"Escrito por\" \/>\n\t<meta name=\"twitter:data1\" content=\"Cope Alcoy\" \/>\n\t<meta name=\"twitter:label2\" content=\"Tiempo de lectura\" \/>\n\t<meta name=\"twitter:data2\" content=\"4 minutos\" \/>\n<script type=\"application\/ld+json\" class=\"yoast-schema-graph\">{\"@context\":\"https:\\\/\\\/schema.org\",\"@graph\":[{\"@type\":\"Article\",\"@id\":\"https:\\\/\\\/www.copealcoy.es\\\/es\\\/cope-lidera-el-creixement-de-la-radio-en-espanya\\\/#article\",\"isPartOf\":{\"@id\":\"https:\\\/\\\/www.copealcoy.es\\\/es\\\/cope-lidera-el-creixement-de-la-radio-en-espanya\\\/\"},\"author\":{\"name\":\"Cope Alcoy\",\"@id\":\"https:\\\/\\\/www.copealcoy.es\\\/es\\\/#\\\/schema\\\/person\\\/e777c87fa024e57d40170af9df39882c\"},\"headline\":\"COPE lidera el creixement de la r\u00e0dio en Espanya\",\"datePublished\":\"2022-12-01T15:15:17+00:00\",\"dateModified\":\"2022-12-01T15:49:04+00:00\",\"mainEntityOfPage\":{\"@id\":\"https:\\\/\\\/www.copealcoy.es\\\/es\\\/cope-lidera-el-creixement-de-la-radio-en-espanya\\\/\"},\"wordCount\":732,\"commentCount\":0,\"image\":{\"@id\":\"https:\\\/\\\/www.copealcoy.es\\\/es\\\/cope-lidera-el-creixement-de-la-radio-en-espanya\\\/#primaryimage\"},\"thumbnailUrl\":\"https:\\\/\\\/www.copealcoy.es\\\/wp-content\\\/uploads\\\/2022\\\/12\\\/403760705142502507.jpg\",\"keywords\":[\"Carlos Herrera\",\"Cope\",\"Estudi General de Mitjans\",\"lideratge\"],\"articleSection\":[\"Actualidad\",\"Cope Alcoy\",\"Noticias\"],\"inLanguage\":\"es\"},{\"@type\":\"WebPage\",\"@id\":\"https:\\\/\\\/www.copealcoy.es\\\/es\\\/cope-lidera-el-creixement-de-la-radio-en-espanya\\\/\",\"url\":\"https:\\\/\\\/www.copealcoy.es\\\/es\\\/cope-lidera-el-creixement-de-la-radio-en-espanya\\\/\",\"name\":\"COPE lidera el creixement de la r\u00e0dio en Espanya - COPE Alcoy\",\"isPartOf\":{\"@id\":\"https:\\\/\\\/www.copealcoy.es\\\/es\\\/#website\"},\"primaryImageOfPage\":{\"@id\":\"https:\\\/\\\/www.copealcoy.es\\\/es\\\/cope-lidera-el-creixement-de-la-radio-en-espanya\\\/#primaryimage\"},\"image\":{\"@id\":\"https:\\\/\\\/www.copealcoy.es\\\/es\\\/cope-lidera-el-creixement-de-la-radio-en-espanya\\\/#primaryimage\"},\"thumbnailUrl\":\"https:\\\/\\\/www.copealcoy.es\\\/wp-content\\\/uploads\\\/2022\\\/12\\\/403760705142502507.jpg\",\"datePublished\":\"2022-12-01T15:15:17+00:00\",\"dateModified\":\"2022-12-01T15:49:04+00:00\",\"author\":{\"@id\":\"https:\\\/\\\/www.copealcoy.es\\\/es\\\/#\\\/schema\\\/person\\\/e777c87fa024e57d40170af9df39882c\"},\"description\":\"COPE \u00e9s l'emissora generalista que m\u00e9s creix en l'\u00faltim any. Aix\u00ed ho reflecteixen les dades de la tercera ona de 2022 de l'EGM\",\"breadcrumb\":{\"@id\":\"https:\\\/\\\/www.copealcoy.es\\\/es\\\/cope-lidera-el-creixement-de-la-radio-en-espanya\\\/#breadcrumb\"},\"inLanguage\":\"es\",\"potentialAction\":[{\"@type\":\"ReadAction\",\"target\":[\"https:\\\/\\\/www.copealcoy.es\\\/es\\\/cope-lidera-el-creixement-de-la-radio-en-espanya\\\/\"]}]},{\"@type\":\"ImageObject\",\"inLanguage\":\"es\",\"@id\":\"https:\\\/\\\/www.copealcoy.es\\\/es\\\/cope-lidera-el-creixement-de-la-radio-en-espanya\\\/#primaryimage\",\"url\":\"https:\\\/\\\/www.copealcoy.es\\\/wp-content\\\/uploads\\\/2022\\\/12\\\/403760705142502507.jpg\",\"contentUrl\":\"https:\\\/\\\/www.copealcoy.es\\\/wp-content\\\/uploads\\\/2022\\\/12\\\/403760705142502507.jpg\",\"width\":500,\"height\":261},{\"@type\":\"BreadcrumbList\",\"@id\":\"https:\\\/\\\/www.copealcoy.es\\\/es\\\/cope-lidera-el-creixement-de-la-radio-en-espanya\\\/#breadcrumb\",\"itemListElement\":[{\"@type\":\"ListItem\",\"position\":1,\"name\":\"Portada\",\"item\":\"https:\\\/\\\/www.copealcoy.es\\\/es\\\/\"},{\"@type\":\"ListItem\",\"position\":2,\"name\":\"COPE lidera el creixement de la r\u00e0dio en Espanya\"}]},{\"@type\":\"WebSite\",\"@id\":\"https:\\\/\\\/www.copealcoy.es\\\/es\\\/#website\",\"url\":\"https:\\\/\\\/www.copealcoy.es\\\/es\\\/\",\"name\":\"COPE Alcoy\",\"description\":\"Emisora COPE de radio local con emisi\u00f3n online. Pont de Sant Jordi 8-10 03803 Alcoy\",\"potentialAction\":[{\"@type\":\"SearchAction\",\"target\":{\"@type\":\"EntryPoint\",\"urlTemplate\":\"https:\\\/\\\/www.copealcoy.es\\\/es\\\/?s={search_term_string}\"},\"query-input\":{\"@type\":\"PropertyValueSpecification\",\"valueRequired\":true,\"valueName\":\"search_term_string\"}}],\"inLanguage\":\"es\"},{\"@type\":\"Person\",\"@id\":\"https:\\\/\\\/www.copealcoy.es\\\/es\\\/#\\\/schema\\\/person\\\/e777c87fa024e57d40170af9df39882c\",\"name\":\"Cope Alcoy\",\"image\":{\"@type\":\"ImageObject\",\"inLanguage\":\"es\",\"@id\":\"https:\\\/\\\/secure.gravatar.com\\\/avatar\\\/bb65d0283347e303893ba14f0692005417c1e0e690a325a4c5d8bb2b3943ee14?s=96&d=mm&r=g\",\"url\":\"https:\\\/\\\/secure.gravatar.com\\\/avatar\\\/bb65d0283347e303893ba14f0692005417c1e0e690a325a4c5d8bb2b3943ee14?s=96&d=mm&r=g\",\"contentUrl\":\"https:\\\/\\\/secure.gravatar.com\\\/avatar\\\/bb65d0283347e303893ba14f0692005417c1e0e690a325a4c5d8bb2b3943ee14?s=96&d=mm&r=g\",\"caption\":\"Cope Alcoy\"}}]}<\/script>\n<!-- \/ Yoast SEO plugin. -->","yoast_head_json":{"title":"COPE lidera el creixement de la r\u00e0dio en Espanya - COPE Alcoy","description":"COPE \u00e9s l'emissora generalista que m\u00e9s creix en l'\u00faltim any. Aix\u00ed ho reflecteixen les dades de la tercera ona de 2022 de l'EGM","robots":{"index":"index","follow":"follow","max-snippet":"max-snippet:-1","max-image-preview":"max-image-preview:large","max-video-preview":"max-video-preview:-1"},"canonical":"https:\/\/www.copealcoy.es\/es\/cope-lidera-el-creixement-de-la-radio-en-espanya\/","og_locale":"es_ES","og_type":"article","og_title":"COPE lidera el creixement de la r\u00e0dio en Espanya - COPE Alcoy","og_description":"COPE \u00e9s l'emissora generalista que m\u00e9s creix en l'\u00faltim any. Aix\u00ed ho reflecteixen les dades de la tercera ona de 2022 de l'EGM","og_url":"https:\/\/www.copealcoy.es\/es\/cope-lidera-el-creixement-de-la-radio-en-espanya\/","og_site_name":"COPE Alcoy","article_published_time":"2022-12-01T15:15:17+00:00","article_modified_time":"2022-12-01T15:49:04+00:00","og_image":[{"width":500,"height":261,"url":"https:\/\/www.copealcoy.es\/wp-content\/uploads\/2022\/12\/403760705142502507.jpg","type":"image\/jpeg"}],"author":"Cope Alcoy","twitter_misc":{"Escrito por":"Cope Alcoy","Tiempo de lectura":"4 minutos"},"schema":{"@context":"https:\/\/schema.org","@graph":[{"@type":"Article","@id":"https:\/\/www.copealcoy.es\/es\/cope-lidera-el-creixement-de-la-radio-en-espanya\/#article","isPartOf":{"@id":"https:\/\/www.copealcoy.es\/es\/cope-lidera-el-creixement-de-la-radio-en-espanya\/"},"author":{"name":"Cope Alcoy","@id":"https:\/\/www.copealcoy.es\/es\/#\/schema\/person\/e777c87fa024e57d40170af9df39882c"},"headline":"COPE lidera el creixement de la r\u00e0dio en Espanya","datePublished":"2022-12-01T15:15:17+00:00","dateModified":"2022-12-01T15:49:04+00:00","mainEntityOfPage":{"@id":"https:\/\/www.copealcoy.es\/es\/cope-lidera-el-creixement-de-la-radio-en-espanya\/"},"wordCount":732,"commentCount":0,"image":{"@id":"https:\/\/www.copealcoy.es\/es\/cope-lidera-el-creixement-de-la-radio-en-espanya\/#primaryimage"},"thumbnailUrl":"https:\/\/www.copealcoy.es\/wp-content\/uploads\/2022\/12\/403760705142502507.jpg","keywords":["Carlos Herrera","Cope","Estudi General de Mitjans","lideratge"],"articleSection":["Actualidad","Cope Alcoy","Noticias"],"inLanguage":"es"},{"@type":"WebPage","@id":"https:\/\/www.copealcoy.es\/es\/cope-lidera-el-creixement-de-la-radio-en-espanya\/","url":"https:\/\/www.copealcoy.es\/es\/cope-lidera-el-creixement-de-la-radio-en-espanya\/","name":"COPE lidera el creixement de la r\u00e0dio en Espanya - COPE Alcoy","isPartOf":{"@id":"https:\/\/www.copealcoy.es\/es\/#website"},"primaryImageOfPage":{"@id":"https:\/\/www.copealcoy.es\/es\/cope-lidera-el-creixement-de-la-radio-en-espanya\/#primaryimage"},"image":{"@id":"https:\/\/www.copealcoy.es\/es\/cope-lidera-el-creixement-de-la-radio-en-espanya\/#primaryimage"},"thumbnailUrl":"https:\/\/www.copealcoy.es\/wp-content\/uploads\/2022\/12\/403760705142502507.jpg","datePublished":"2022-12-01T15:15:17+00:00","dateModified":"2022-12-01T15:49:04+00:00","author":{"@id":"https:\/\/www.copealcoy.es\/es\/#\/schema\/person\/e777c87fa024e57d40170af9df39882c"},"description":"COPE \u00e9s l'emissora generalista que m\u00e9s creix en l'\u00faltim any. Aix\u00ed ho reflecteixen les dades de la tercera ona de 2022 de l'EGM","breadcrumb":{"@id":"https:\/\/www.copealcoy.es\/es\/cope-lidera-el-creixement-de-la-radio-en-espanya\/#breadcrumb"},"inLanguage":"es","potentialAction":[{"@type":"ReadAction","target":["https:\/\/www.copealcoy.es\/es\/cope-lidera-el-creixement-de-la-radio-en-espanya\/"]}]},{"@type":"ImageObject","inLanguage":"es","@id":"https:\/\/www.copealcoy.es\/es\/cope-lidera-el-creixement-de-la-radio-en-espanya\/#primaryimage","url":"https:\/\/www.copealcoy.es\/wp-content\/uploads\/2022\/12\/403760705142502507.jpg","contentUrl":"https:\/\/www.copealcoy.es\/wp-content\/uploads\/2022\/12\/403760705142502507.jpg","width":500,"height":261},{"@type":"BreadcrumbList","@id":"https:\/\/www.copealcoy.es\/es\/cope-lidera-el-creixement-de-la-radio-en-espanya\/#breadcrumb","itemListElement":[{"@type":"ListItem","position":1,"name":"Portada","item":"https:\/\/www.copealcoy.es\/es\/"},{"@type":"ListItem","position":2,"name":"COPE lidera el creixement de la r\u00e0dio en Espanya"}]},{"@type":"WebSite","@id":"https:\/\/www.copealcoy.es\/es\/#website","url":"https:\/\/www.copealcoy.es\/es\/","name":"COPE Alcoy","description":"Emisora COPE de radio local con emisi\u00f3n online. Pont de Sant Jordi 8-10 03803 Alcoy","potentialAction":[{"@type":"SearchAction","target":{"@type":"EntryPoint","urlTemplate":"https:\/\/www.copealcoy.es\/es\/?s={search_term_string}"},"query-input":{"@type":"PropertyValueSpecification","valueRequired":true,"valueName":"search_term_string"}}],"inLanguage":"es"},{"@type":"Person","@id":"https:\/\/www.copealcoy.es\/es\/#\/schema\/person\/e777c87fa024e57d40170af9df39882c","name":"Cope Alcoy","image":{"@type":"ImageObject","inLanguage":"es","@id":"https:\/\/secure.gravatar.com\/avatar\/bb65d0283347e303893ba14f0692005417c1e0e690a325a4c5d8bb2b3943ee14?s=96&d=mm&r=g","url":"https:\/\/secure.gravatar.com\/avatar\/bb65d0283347e303893ba14f0692005417c1e0e690a325a4c5d8bb2b3943ee14?s=96&d=mm&r=g","contentUrl":"https:\/\/secure.gravatar.com\/avatar\/bb65d0283347e303893ba14f0692005417c1e0e690a325a4c5d8bb2b3943ee14?s=96&d=mm&r=g","caption":"Cope Alcoy"}}]}},"_links":{"self":[{"href":"https:\/\/www.copealcoy.es\/es\/wp-json\/wp\/v2\/posts\/94819","targetHints":{"allow":["GET"]}}],"collection":[{"href":"https:\/\/www.copealcoy.es\/es\/wp-json\/wp\/v2\/posts"}],"about":[{"href":"https:\/\/www.copealcoy.es\/es\/wp-json\/wp\/v2\/types\/post"}],"author":[{"embeddable":true,"href":"https:\/\/www.copealcoy.es\/es\/wp-json\/wp\/v2\/users\/1"}],"replies":[{"embeddable":true,"href":"https:\/\/www.copealcoy.es\/es\/wp-json\/wp\/v2\/comments?post=94819"}],"version-history":[{"count":0,"href":"https:\/\/www.copealcoy.es\/es\/wp-json\/wp\/v2\/posts\/94819\/revisions"}],"wp:featuredmedia":[{"embeddable":true,"href":"https:\/\/www.copealcoy.es\/es\/wp-json\/wp\/v2\/media\/94820"}],"wp:attachment":[{"href":"https:\/\/www.copealcoy.es\/es\/wp-json\/wp\/v2\/media?parent=94819"}],"wp:term":[{"taxonomy":"category","embeddable":true,"href":"https:\/\/www.copealcoy.es\/es\/wp-json\/wp\/v2\/categories?post=94819"},{"taxonomy":"post_tag","embeddable":true,"href":"https:\/\/www.copealcoy.es\/es\/wp-json\/wp\/v2\/tags?post=94819"}],"curies":[{"name":"wp","href":"https:\/\/api.w.org\/{rel}","templated":true}]}}