{"id":94790,"date":"2022-11-30T17:00:12","date_gmt":"2022-11-30T16:00:12","guid":{"rendered":"https:\/\/www.copealcoy.es\/?p=94790"},"modified":"2022-11-30T18:22:36","modified_gmt":"2022-11-30T17:22:36","slug":"arriba-lhora-del-tren-alcoi-xativa","status":"publish","type":"post","link":"https:\/\/www.copealcoy.es\/es\/arriba-lhora-del-tren-alcoi-xativa\/","title":{"rendered":"Arriba l\u2019hora del tren Alcoi-X\u00e0tiva"},"content":{"rendered":"<p>Sembla que el <strong>tren Alcoi-X\u00e0tiva<\/strong> comen\u00e7a a veure la llum al final del t\u00fanel. La millora de la l\u00ednia era una prioritat i, per fi, comen\u00e7a a haver-hi avan\u00e7os.<\/p>\n<p>Les obres per a la millora integral comen\u00e7aran en <strong>2024<\/strong> i s&#8217;estendran durant 64 setmanes. Aix\u00ed ho recull el <strong>Butllet\u00ed Oficial de l&#8217;Estat<\/strong> publicat aquest dimarts 29 de novembre. Els treballs, com s&#8217;explica en el text, consistiran a modernitzar les vies, millorar els t\u00fanels i passos a nivell i suprimir les restriccions de velocitat per a disminuir el temps del viatge.<\/p>\n<p>I \u00e9s que, hui dia, el trajecte supera les dues hores entre la nostra ciutat i la capital de la Costanera. <strong>Toni Franc\u00e9s<\/strong>, alcalde d&#8217;Alcoi, ha celebrat en declaracions a Cope Alcoi que aquest projecte vaja a \u2018ser una realitat\u2019.<\/p>\n<p>El projecte compta de dos trams -Alcoi-Ontinyent i Ontinyent-X\u00e0tiva- que es licitaran de manera conjunta. \u201cAix\u00ed ho vam acordar en l&#8217;\u00faltima reuni\u00f3, per a garantir que s&#8217;acurten els terminis i que puguem tindre el m\u00e9s prompte possible aquesta l\u00ednia amb un servei de qualitat, digne i vertebrador de les nostres comarques\u201d, ha explicat Franc\u00e9s.<\/p>\n<p>Des de la plataforma <strong>Salvem El Tren de l\u2019Alcoi\u00e0-Comtat<\/strong> han valorat positivament que s&#8217;estiguen fent passos en aquest sentit, per\u00f2 demanen m\u00e9s implicaci\u00f3 per part dels Govern locals. \u201cCreiem que \u00e9s una cosa que tots els Ajuntaments de la l\u00ednia haurien d&#8217;impulsar i estan menys implicats del que es deuria\u201d, a explicat <strong>Jordi Arques<\/strong>, membre de la plataforma.<\/p>\n<p>No obstant aix\u00f2, es mantenen una mica esc\u00e8ptics. \u201cS\u00f3n molts anys fent promeses d&#8217;inversions i la majoria no s&#8217;han dut a terme o s&#8217;han executat molt despr\u00e9s del que es preveu inicialment\u201d, sost\u00e9 Arques.<\/p>\n<p><strong>M\u00e9s reivindicacions<\/strong><\/p>\n<p>Per\u00f2 no \u00e9s aquesta l&#8217;\u00fanica cr\u00edtica que ha fet la plataforma al servei ferroviari entre Alcoi. \u201cEl nostre objectiu \u00e9s que no s&#8217;obliden de la resta de reivindicacions de millora\u201d.<\/p>\n<p>Una de les reclamacions \u00e9s la poca flexibilitat d&#8217;horaris. \u201cSeguim amb els horaris que es van posar per la pand\u00e8mia. Ja no hi ha justificaci\u00f3 perqu\u00e8 es continue aix\u00ed. Canviar aix\u00f2, creiem, \u00e9s de m\u00ednims\u201d, explica Arques.<\/p>\n<p>Precisament, a causa de la falta d&#8217;horaris i la massificaci\u00f3 que es produeix als trens principalment els caps de setmana, aquest passat divendres dos membres de la plataforma van acudir al tren, com a protesta, disfressats de sardines. \u201cLa l\u00ednia es massifica, fins al punt que la gent ha d&#8217;anar tot el trajecte dempeus. Estaria b\u00e9 que es refor\u00e7ara aqueixa situaci\u00f3\u201d, argumenta el membre de la plataforma.<\/p>\n","protected":false},"excerpt":{"rendered":"<p>Sembla que el tren Alcoi-X\u00e0tiva comen\u00e7a a veure la llum al final del t\u00fanel. La millora de la l\u00ednia era&#8230;<\/p>\n","protected":false},"author":1,"featured_media":26609,"comment_status":"open","ping_status":"open","sticky":false,"template":"","format":"standard","meta":{"footnotes":""},"categories":[6909,97,75],"tags":[594,13546,577],"class_list":["post-94790","post","type-post","status-publish","format-standard","has-post-thumbnail","hentry","category-actualidad","category-alcoy","category-noticias","tag-alcoi-xativa","tag-salvem-el-tren","tag-tren"],"yoast_head":"<!-- This site is optimized with the Yoast SEO plugin v27.3 - https:\/\/yoast.com\/product\/yoast-seo-wordpress\/ -->\n<title>Arriba l\u2019hora del tren Alcoi-X\u00e0tiva - COPE Alcoy<\/title>\n<meta name=\"description\" content=\"Sembla que el tren Alcoi-X\u00e0tiva comen\u00e7a a veure la llum al final del t\u00fanel. La millora de la l\u00ednia era una prioritat i, per fi, comen\u00e7a a haver-hi avan\u00e7os. Les obres per a la millora integral comen\u00e7aran en 2024 i s&#039;estendran durant 64 setmanes. Aix\u00ed ho recull el Butllet\u00ed Oficial de l&#039;Estat publicat aquest dimarts 29 de novembre. Els treballs, com s&#039;explica en el text, consistiran a modernitzar les vies, millorar els t\u00fanels i passos a nivell i suprimir les restriccions de velocitat per a disminuir el temps del viatge.\" \/>\n<meta name=\"robots\" content=\"index, follow, max-snippet:-1, max-image-preview:large, max-video-preview:-1\" \/>\n<link rel=\"canonical\" href=\"https:\/\/www.copealcoy.es\/es\/arriba-lhora-del-tren-alcoi-xativa\/\" \/>\n<meta property=\"og:locale\" content=\"es_ES\" \/>\n<meta property=\"og:type\" content=\"article\" \/>\n<meta property=\"og:title\" content=\"Arriba l\u2019hora del tren Alcoi-X\u00e0tiva - COPE Alcoy\" \/>\n<meta property=\"og:description\" content=\"Sembla que el tren Alcoi-X\u00e0tiva comen\u00e7a a veure la llum al final del t\u00fanel. La millora de la l\u00ednia era una prioritat i, per fi, comen\u00e7a a haver-hi avan\u00e7os. Les obres per a la millora integral comen\u00e7aran en 2024 i s&#039;estendran durant 64 setmanes. Aix\u00ed ho recull el Butllet\u00ed Oficial de l&#039;Estat publicat aquest dimarts 29 de novembre. Els treballs, com s&#039;explica en el text, consistiran a modernitzar les vies, millorar els t\u00fanels i passos a nivell i suprimir les restriccions de velocitat per a disminuir el temps del viatge.\" \/>\n<meta property=\"og:url\" content=\"https:\/\/www.copealcoy.es\/es\/arriba-lhora-del-tren-alcoi-xativa\/\" \/>\n<meta property=\"og:site_name\" content=\"COPE Alcoy\" \/>\n<meta property=\"article:published_time\" content=\"2022-11-30T16:00:12+00:00\" \/>\n<meta property=\"article:modified_time\" content=\"2022-11-30T17:22:36+00:00\" \/>\n<meta property=\"og:image\" content=\"https:\/\/www.copealcoy.es\/wp-content\/uploads\/2016\/11\/maxresdefault-1.jpg\" \/>\n\t<meta property=\"og:image:width\" content=\"1280\" \/>\n\t<meta property=\"og:image:height\" content=\"720\" \/>\n\t<meta property=\"og:image:type\" content=\"image\/jpeg\" \/>\n<meta name=\"author\" content=\"Cope Alcoy\" \/>\n<meta name=\"twitter:label1\" content=\"Escrito por\" \/>\n\t<meta name=\"twitter:data1\" content=\"Cope Alcoy\" \/>\n\t<meta name=\"twitter:label2\" content=\"Tiempo de lectura\" \/>\n\t<meta name=\"twitter:data2\" content=\"2 minutos\" \/>\n<script type=\"application\/ld+json\" class=\"yoast-schema-graph\">{\"@context\":\"https:\\\/\\\/schema.org\",\"@graph\":[{\"@type\":\"Article\",\"@id\":\"https:\\\/\\\/www.copealcoy.es\\\/es\\\/arriba-lhora-del-tren-alcoi-xativa\\\/#article\",\"isPartOf\":{\"@id\":\"https:\\\/\\\/www.copealcoy.es\\\/es\\\/arriba-lhora-del-tren-alcoi-xativa\\\/\"},\"author\":{\"name\":\"Cope Alcoy\",\"@id\":\"https:\\\/\\\/www.copealcoy.es\\\/es\\\/#\\\/schema\\\/person\\\/e777c87fa024e57d40170af9df39882c\"},\"headline\":\"Arriba l\u2019hora del tren Alcoi-X\u00e0tiva\",\"datePublished\":\"2022-11-30T16:00:12+00:00\",\"dateModified\":\"2022-11-30T17:22:36+00:00\",\"mainEntityOfPage\":{\"@id\":\"https:\\\/\\\/www.copealcoy.es\\\/es\\\/arriba-lhora-del-tren-alcoi-xativa\\\/\"},\"wordCount\":458,\"commentCount\":0,\"image\":{\"@id\":\"https:\\\/\\\/www.copealcoy.es\\\/es\\\/arriba-lhora-del-tren-alcoi-xativa\\\/#primaryimage\"},\"thumbnailUrl\":\"https:\\\/\\\/www.copealcoy.es\\\/wp-content\\\/uploads\\\/2016\\\/11\\\/maxresdefault-1.jpg\",\"keywords\":[\"Alcoi - X\u00e0tiva\",\"Salvem el Tren\",\"Tren\"],\"articleSection\":[\"Actualidad\",\"Alcoy\",\"Noticias\"],\"inLanguage\":\"es\"},{\"@type\":\"WebPage\",\"@id\":\"https:\\\/\\\/www.copealcoy.es\\\/es\\\/arriba-lhora-del-tren-alcoi-xativa\\\/\",\"url\":\"https:\\\/\\\/www.copealcoy.es\\\/es\\\/arriba-lhora-del-tren-alcoi-xativa\\\/\",\"name\":\"Arriba l\u2019hora del tren Alcoi-X\u00e0tiva - COPE Alcoy\",\"isPartOf\":{\"@id\":\"https:\\\/\\\/www.copealcoy.es\\\/es\\\/#website\"},\"primaryImageOfPage\":{\"@id\":\"https:\\\/\\\/www.copealcoy.es\\\/es\\\/arriba-lhora-del-tren-alcoi-xativa\\\/#primaryimage\"},\"image\":{\"@id\":\"https:\\\/\\\/www.copealcoy.es\\\/es\\\/arriba-lhora-del-tren-alcoi-xativa\\\/#primaryimage\"},\"thumbnailUrl\":\"https:\\\/\\\/www.copealcoy.es\\\/wp-content\\\/uploads\\\/2016\\\/11\\\/maxresdefault-1.jpg\",\"datePublished\":\"2022-11-30T16:00:12+00:00\",\"dateModified\":\"2022-11-30T17:22:36+00:00\",\"author\":{\"@id\":\"https:\\\/\\\/www.copealcoy.es\\\/es\\\/#\\\/schema\\\/person\\\/e777c87fa024e57d40170af9df39882c\"},\"description\":\"Sembla que el tren Alcoi-X\u00e0tiva comen\u00e7a a veure la llum al final del t\u00fanel. La millora de la l\u00ednia era una prioritat i, per fi, comen\u00e7a a haver-hi avan\u00e7os. Les obres per a la millora integral comen\u00e7aran en 2024 i s'estendran durant 64 setmanes. Aix\u00ed ho recull el Butllet\u00ed Oficial de l'Estat publicat aquest dimarts 29 de novembre. Els treballs, com s'explica en el text, consistiran a modernitzar les vies, millorar els t\u00fanels i passos a nivell i suprimir les restriccions de velocitat per a disminuir el temps del viatge.\",\"breadcrumb\":{\"@id\":\"https:\\\/\\\/www.copealcoy.es\\\/es\\\/arriba-lhora-del-tren-alcoi-xativa\\\/#breadcrumb\"},\"inLanguage\":\"es\",\"potentialAction\":[{\"@type\":\"ReadAction\",\"target\":[\"https:\\\/\\\/www.copealcoy.es\\\/es\\\/arriba-lhora-del-tren-alcoi-xativa\\\/\"]}]},{\"@type\":\"ImageObject\",\"inLanguage\":\"es\",\"@id\":\"https:\\\/\\\/www.copealcoy.es\\\/es\\\/arriba-lhora-del-tren-alcoi-xativa\\\/#primaryimage\",\"url\":\"https:\\\/\\\/www.copealcoy.es\\\/wp-content\\\/uploads\\\/2016\\\/11\\\/maxresdefault-1.jpg\",\"contentUrl\":\"https:\\\/\\\/www.copealcoy.es\\\/wp-content\\\/uploads\\\/2016\\\/11\\\/maxresdefault-1.jpg\",\"width\":1280,\"height\":720},{\"@type\":\"BreadcrumbList\",\"@id\":\"https:\\\/\\\/www.copealcoy.es\\\/es\\\/arriba-lhora-del-tren-alcoi-xativa\\\/#breadcrumb\",\"itemListElement\":[{\"@type\":\"ListItem\",\"position\":1,\"name\":\"Portada\",\"item\":\"https:\\\/\\\/www.copealcoy.es\\\/es\\\/\"},{\"@type\":\"ListItem\",\"position\":2,\"name\":\"Arriba l\u2019hora del tren Alcoi-X\u00e0tiva\"}]},{\"@type\":\"WebSite\",\"@id\":\"https:\\\/\\\/www.copealcoy.es\\\/es\\\/#website\",\"url\":\"https:\\\/\\\/www.copealcoy.es\\\/es\\\/\",\"name\":\"COPE Alcoy\",\"description\":\"Emisora COPE de radio local con emisi\u00f3n online. Pont de Sant Jordi 8-10 03803 Alcoy\",\"potentialAction\":[{\"@type\":\"SearchAction\",\"target\":{\"@type\":\"EntryPoint\",\"urlTemplate\":\"https:\\\/\\\/www.copealcoy.es\\\/es\\\/?s={search_term_string}\"},\"query-input\":{\"@type\":\"PropertyValueSpecification\",\"valueRequired\":true,\"valueName\":\"search_term_string\"}}],\"inLanguage\":\"es\"},{\"@type\":\"Person\",\"@id\":\"https:\\\/\\\/www.copealcoy.es\\\/es\\\/#\\\/schema\\\/person\\\/e777c87fa024e57d40170af9df39882c\",\"name\":\"Cope Alcoy\",\"image\":{\"@type\":\"ImageObject\",\"inLanguage\":\"es\",\"@id\":\"https:\\\/\\\/secure.gravatar.com\\\/avatar\\\/bb65d0283347e303893ba14f0692005417c1e0e690a325a4c5d8bb2b3943ee14?s=96&d=mm&r=g\",\"url\":\"https:\\\/\\\/secure.gravatar.com\\\/avatar\\\/bb65d0283347e303893ba14f0692005417c1e0e690a325a4c5d8bb2b3943ee14?s=96&d=mm&r=g\",\"contentUrl\":\"https:\\\/\\\/secure.gravatar.com\\\/avatar\\\/bb65d0283347e303893ba14f0692005417c1e0e690a325a4c5d8bb2b3943ee14?s=96&d=mm&r=g\",\"caption\":\"Cope Alcoy\"}}]}<\/script>\n<!-- \/ Yoast SEO plugin. -->","yoast_head_json":{"title":"Arriba l\u2019hora del tren Alcoi-X\u00e0tiva - COPE Alcoy","description":"Sembla que el tren Alcoi-X\u00e0tiva comen\u00e7a a veure la llum al final del t\u00fanel. La millora de la l\u00ednia era una prioritat i, per fi, comen\u00e7a a haver-hi avan\u00e7os. Les obres per a la millora integral comen\u00e7aran en 2024 i s'estendran durant 64 setmanes. Aix\u00ed ho recull el Butllet\u00ed Oficial de l'Estat publicat aquest dimarts 29 de novembre. Els treballs, com s'explica en el text, consistiran a modernitzar les vies, millorar els t\u00fanels i passos a nivell i suprimir les restriccions de velocitat per a disminuir el temps del viatge.","robots":{"index":"index","follow":"follow","max-snippet":"max-snippet:-1","max-image-preview":"max-image-preview:large","max-video-preview":"max-video-preview:-1"},"canonical":"https:\/\/www.copealcoy.es\/es\/arriba-lhora-del-tren-alcoi-xativa\/","og_locale":"es_ES","og_type":"article","og_title":"Arriba l\u2019hora del tren Alcoi-X\u00e0tiva - COPE Alcoy","og_description":"Sembla que el tren Alcoi-X\u00e0tiva comen\u00e7a a veure la llum al final del t\u00fanel. La millora de la l\u00ednia era una prioritat i, per fi, comen\u00e7a a haver-hi avan\u00e7os. Les obres per a la millora integral comen\u00e7aran en 2024 i s'estendran durant 64 setmanes. Aix\u00ed ho recull el Butllet\u00ed Oficial de l'Estat publicat aquest dimarts 29 de novembre. Els treballs, com s'explica en el text, consistiran a modernitzar les vies, millorar els t\u00fanels i passos a nivell i suprimir les restriccions de velocitat per a disminuir el temps del viatge.","og_url":"https:\/\/www.copealcoy.es\/es\/arriba-lhora-del-tren-alcoi-xativa\/","og_site_name":"COPE Alcoy","article_published_time":"2022-11-30T16:00:12+00:00","article_modified_time":"2022-11-30T17:22:36+00:00","og_image":[{"width":1280,"height":720,"url":"https:\/\/www.copealcoy.es\/wp-content\/uploads\/2016\/11\/maxresdefault-1.jpg","type":"image\/jpeg"}],"author":"Cope Alcoy","twitter_misc":{"Escrito por":"Cope Alcoy","Tiempo de lectura":"2 minutos"},"schema":{"@context":"https:\/\/schema.org","@graph":[{"@type":"Article","@id":"https:\/\/www.copealcoy.es\/es\/arriba-lhora-del-tren-alcoi-xativa\/#article","isPartOf":{"@id":"https:\/\/www.copealcoy.es\/es\/arriba-lhora-del-tren-alcoi-xativa\/"},"author":{"name":"Cope Alcoy","@id":"https:\/\/www.copealcoy.es\/es\/#\/schema\/person\/e777c87fa024e57d40170af9df39882c"},"headline":"Arriba l\u2019hora del tren Alcoi-X\u00e0tiva","datePublished":"2022-11-30T16:00:12+00:00","dateModified":"2022-11-30T17:22:36+00:00","mainEntityOfPage":{"@id":"https:\/\/www.copealcoy.es\/es\/arriba-lhora-del-tren-alcoi-xativa\/"},"wordCount":458,"commentCount":0,"image":{"@id":"https:\/\/www.copealcoy.es\/es\/arriba-lhora-del-tren-alcoi-xativa\/#primaryimage"},"thumbnailUrl":"https:\/\/www.copealcoy.es\/wp-content\/uploads\/2016\/11\/maxresdefault-1.jpg","keywords":["Alcoi - X\u00e0tiva","Salvem el Tren","Tren"],"articleSection":["Actualidad","Alcoy","Noticias"],"inLanguage":"es"},{"@type":"WebPage","@id":"https:\/\/www.copealcoy.es\/es\/arriba-lhora-del-tren-alcoi-xativa\/","url":"https:\/\/www.copealcoy.es\/es\/arriba-lhora-del-tren-alcoi-xativa\/","name":"Arriba l\u2019hora del tren Alcoi-X\u00e0tiva - COPE Alcoy","isPartOf":{"@id":"https:\/\/www.copealcoy.es\/es\/#website"},"primaryImageOfPage":{"@id":"https:\/\/www.copealcoy.es\/es\/arriba-lhora-del-tren-alcoi-xativa\/#primaryimage"},"image":{"@id":"https:\/\/www.copealcoy.es\/es\/arriba-lhora-del-tren-alcoi-xativa\/#primaryimage"},"thumbnailUrl":"https:\/\/www.copealcoy.es\/wp-content\/uploads\/2016\/11\/maxresdefault-1.jpg","datePublished":"2022-11-30T16:00:12+00:00","dateModified":"2022-11-30T17:22:36+00:00","author":{"@id":"https:\/\/www.copealcoy.es\/es\/#\/schema\/person\/e777c87fa024e57d40170af9df39882c"},"description":"Sembla que el tren Alcoi-X\u00e0tiva comen\u00e7a a veure la llum al final del t\u00fanel. La millora de la l\u00ednia era una prioritat i, per fi, comen\u00e7a a haver-hi avan\u00e7os. Les obres per a la millora integral comen\u00e7aran en 2024 i s'estendran durant 64 setmanes. Aix\u00ed ho recull el Butllet\u00ed Oficial de l'Estat publicat aquest dimarts 29 de novembre. Els treballs, com s'explica en el text, consistiran a modernitzar les vies, millorar els t\u00fanels i passos a nivell i suprimir les restriccions de velocitat per a disminuir el temps del viatge.","breadcrumb":{"@id":"https:\/\/www.copealcoy.es\/es\/arriba-lhora-del-tren-alcoi-xativa\/#breadcrumb"},"inLanguage":"es","potentialAction":[{"@type":"ReadAction","target":["https:\/\/www.copealcoy.es\/es\/arriba-lhora-del-tren-alcoi-xativa\/"]}]},{"@type":"ImageObject","inLanguage":"es","@id":"https:\/\/www.copealcoy.es\/es\/arriba-lhora-del-tren-alcoi-xativa\/#primaryimage","url":"https:\/\/www.copealcoy.es\/wp-content\/uploads\/2016\/11\/maxresdefault-1.jpg","contentUrl":"https:\/\/www.copealcoy.es\/wp-content\/uploads\/2016\/11\/maxresdefault-1.jpg","width":1280,"height":720},{"@type":"BreadcrumbList","@id":"https:\/\/www.copealcoy.es\/es\/arriba-lhora-del-tren-alcoi-xativa\/#breadcrumb","itemListElement":[{"@type":"ListItem","position":1,"name":"Portada","item":"https:\/\/www.copealcoy.es\/es\/"},{"@type":"ListItem","position":2,"name":"Arriba l\u2019hora del tren Alcoi-X\u00e0tiva"}]},{"@type":"WebSite","@id":"https:\/\/www.copealcoy.es\/es\/#website","url":"https:\/\/www.copealcoy.es\/es\/","name":"COPE Alcoy","description":"Emisora COPE de radio local con emisi\u00f3n online. Pont de Sant Jordi 8-10 03803 Alcoy","potentialAction":[{"@type":"SearchAction","target":{"@type":"EntryPoint","urlTemplate":"https:\/\/www.copealcoy.es\/es\/?s={search_term_string}"},"query-input":{"@type":"PropertyValueSpecification","valueRequired":true,"valueName":"search_term_string"}}],"inLanguage":"es"},{"@type":"Person","@id":"https:\/\/www.copealcoy.es\/es\/#\/schema\/person\/e777c87fa024e57d40170af9df39882c","name":"Cope Alcoy","image":{"@type":"ImageObject","inLanguage":"es","@id":"https:\/\/secure.gravatar.com\/avatar\/bb65d0283347e303893ba14f0692005417c1e0e690a325a4c5d8bb2b3943ee14?s=96&d=mm&r=g","url":"https:\/\/secure.gravatar.com\/avatar\/bb65d0283347e303893ba14f0692005417c1e0e690a325a4c5d8bb2b3943ee14?s=96&d=mm&r=g","contentUrl":"https:\/\/secure.gravatar.com\/avatar\/bb65d0283347e303893ba14f0692005417c1e0e690a325a4c5d8bb2b3943ee14?s=96&d=mm&r=g","caption":"Cope Alcoy"}}]}},"_links":{"self":[{"href":"https:\/\/www.copealcoy.es\/es\/wp-json\/wp\/v2\/posts\/94790","targetHints":{"allow":["GET"]}}],"collection":[{"href":"https:\/\/www.copealcoy.es\/es\/wp-json\/wp\/v2\/posts"}],"about":[{"href":"https:\/\/www.copealcoy.es\/es\/wp-json\/wp\/v2\/types\/post"}],"author":[{"embeddable":true,"href":"https:\/\/www.copealcoy.es\/es\/wp-json\/wp\/v2\/users\/1"}],"replies":[{"embeddable":true,"href":"https:\/\/www.copealcoy.es\/es\/wp-json\/wp\/v2\/comments?post=94790"}],"version-history":[{"count":0,"href":"https:\/\/www.copealcoy.es\/es\/wp-json\/wp\/v2\/posts\/94790\/revisions"}],"wp:featuredmedia":[{"embeddable":true,"href":"https:\/\/www.copealcoy.es\/es\/wp-json\/wp\/v2\/media\/26609"}],"wp:attachment":[{"href":"https:\/\/www.copealcoy.es\/es\/wp-json\/wp\/v2\/media?parent=94790"}],"wp:term":[{"taxonomy":"category","embeddable":true,"href":"https:\/\/www.copealcoy.es\/es\/wp-json\/wp\/v2\/categories?post=94790"},{"taxonomy":"post_tag","embeddable":true,"href":"https:\/\/www.copealcoy.es\/es\/wp-json\/wp\/v2\/tags?post=94790"}],"curies":[{"name":"wp","href":"https:\/\/api.w.org\/{rel}","templated":true}]}}