{"id":94785,"date":"2022-11-30T18:05:45","date_gmt":"2022-11-30T17:05:45","guid":{"rendered":"https:\/\/www.copealcoy.es\/?p=94785"},"modified":"2022-11-30T18:05:45","modified_gmt":"2022-11-30T17:05:45","slug":"ni-a-25-kilometres-a-la-redona-dalcoi-hem-trobat-un-espai-que-sadapte-a-lempresa","status":"publish","type":"post","link":"https:\/\/www.copealcoy.es\/es\/ni-a-25-kilometres-a-la-redona-dalcoi-hem-trobat-un-espai-que-sadapte-a-lempresa\/","title":{"rendered":"&#8220;Ni a 25 kil\u00f2metres a la redona d&#8217;Alcoi hem trobat un espai que s&#8217;adapte a l&#8217;empresa&#8221;"},"content":{"rendered":"<p>&#8220;Ni a 25 kil\u00f2metres a la redona d&#8217;Alcoi hem trobat un espai que s&#8217;adapte a les necessitats de l&#8217;empresa&#8221;, ha assegurat <strong>David Mas<\/strong>, director general de <strong>Termoformas<\/strong>, en declaracions a <strong>Cope Alcoi<\/strong>.<\/p>\n<p>Termoformas marxa. \u00c9s una de les empreses que\u00a0traslladar\u00e0 les seues instal\u00b7lacions fora de la ciutat a causa de la falta de s\u00f2l disponible.<\/p>\n<p>Aix\u00ed ho ha confirmat Mas, qui assegura que no era el pla inicial de l&#8217;empresa, per\u00f2 que s&#8217;ha vist obligada a aix\u00f2. \u201cLa idea sempre ha sigut quedar-se\u201d, sost\u00e9 Mas.<\/p>\n<p>I \u00e9s que Termoformas necessita una ampliaci\u00f3. I, per aix\u00f2, va mantindre reunions amb l&#8217;<strong>Ajuntament d&#8217;Alcoi<\/strong>, per a buscar una parcel\u00b7la en la qual reubicar l&#8217;empresa. No obstant, no va haver-hi \u00e8xit. \u201cSom una empresa que va n\u00e0ixer fa d\u00edhuit anys. Hem anat fabricant al lloc en el que estem, per\u00f2 amb el creixement necessit\u00e0vem un terreny d&#8217;unes caracter\u00edstiques i grand\u00e0ria espec\u00edfica&#8221;, detalla Mas.<\/p>\n<p>Les propostes de l&#8217;Ajuntament no s&#8217;adaptaven a les seues pretensions. \u201cElls ens van donar bastant informaci\u00f3 sobre iniciatives que hi havia en projecte, perqu\u00e8 pogu\u00e9rem comptar amb elles. Per\u00f2 parl\u00e0vem de projectes que podrien ser realitat en uns cinc o, fins i tot, huit anys. No pod\u00edem esperar tant\u201d, afig el director general de Termoformas.<\/p>\n<p>A l&#8217;espera de con\u00e9ixer els resultats de l&#8217;informe que busca nou s\u00f2l industrial a la ciutat, el qual ha sigut sol\u00b7licitat per l&#8217;Ajuntament i la <strong>Cambra de Comer\u00e7 d&#8217;Alcoi<\/strong>, les opcions de parcel\u00b7les disponibles s\u00f3n limitades. Aquesta situaci\u00f3 ha obligat a Termoformas a traslladar-se a <strong>Castalla<\/strong>, on l&#8217;empresa ha comen\u00e7at ja les obres en la nova parcel\u00b7la. \u201cHa sigut una cerca de m\u00e9s de dos anys\u201d, explica el responsable de l&#8217;empresa.<\/p>\n<p><strong>Cerca d&#8217;alternatives<\/strong><\/p>\n<p>No obstant aix\u00f2, s\u00f3n diverses les l\u00ednies en les quals treballa l&#8217;Administraci\u00f3 local per a <span style=\"color: #000080;\"><a style=\"color: #000080;\" href=\"https:\/\/www.copealcoy.es\/la-falta-doferta-motiva-la-cerca-de-nou-sol-industrial-a-alcoi\/\" target=\"_blank\" rel=\"noopener\">buscar solucions<\/a><\/span> a aquesta problem\u00e0tica. Per exemple, la creaci\u00f3 d&#8217;un <strong>pol\u00edgon mancomunat<\/strong>, que situaria a la comarca i comptaria amb m\u00e9s d&#8217;un mili\u00f3 de metres.<\/p>\n<p>Tamb\u00e9 est\u00e0 pendent l&#8217;aprovaci\u00f3 definitiva del <strong>Pla General d&#8217;Ordenaci\u00f3 Urbana (PGOU)<\/strong>, que porta temps en tramitaci\u00f3 i s&#8217;ha enfrontat a diferents contratemps.<\/p>\n<p>I des de l&#8217;Ajuntament treballen tamb\u00e9 en altres zones industrials de la ciutat, com a <strong>Pagos<\/strong> o <strong>Cl\u00e9rigo<\/strong>, que compten amb parcel\u00b7les de xicotetes dimensions.<\/p>\n","protected":false},"excerpt":{"rendered":"<p>&#8220;Ni a 25 kil\u00f2metres a la redona d&#8217;Alcoi hem trobat un espai que s&#8217;adapte a les necessitats de l&#8217;empresa&#8221;, ha&#8230;<\/p>\n","protected":false},"author":1,"featured_media":89197,"comment_status":"open","ping_status":"open","sticky":false,"template":"","format":"standard","meta":{"footnotes":""},"categories":[6909,97,75,79],"tags":[160,7875,13545,13544],"class_list":["post-94785","post","type-post","status-publish","format-standard","has-post-thumbnail","hentry","category-actualidad","category-alcoy","category-noticias","category-politicayeconomia","tag-alcoi","tag-empreses","tag-industries","tag-sol-industrial"],"yoast_head":"<!-- This site is optimized with the Yoast SEO plugin v27.3 - https:\/\/yoast.com\/product\/yoast-seo-wordpress\/ -->\n<title>&quot;Ni a 25 kil\u00f2metres a la redona d&#039;Alcoi hem trobat un espai que s&#039;adapte a l&#039;empresa&quot; - COPE Alcoy<\/title>\n<meta name=\"description\" content=\"Termoformas marxa. \u00c9s una de les dues empreses del sector dels transports que, com inform\u00e0vem aquest dimarts en Cope Alcoi, traslladar\u00e0 les seues instal\u00b7lacions fora de la ciutat a causa de la falta de s\u00f2l disponible. Aix\u00ed ho ha confirmat David Mas, director general de l&#039;entitat, en declaracions a Cope Alcoi, qui assegura que no era el pla inicial de l&#039;empresa, per\u00f2 que s&#039;ha vist obligada a aix\u00f2. \u201cLa idea sempre ha sigut quedar-se\u201d, sost\u00e9 Mas.\" \/>\n<meta name=\"robots\" content=\"index, follow, max-snippet:-1, max-image-preview:large, max-video-preview:-1\" \/>\n<link rel=\"canonical\" href=\"https:\/\/www.copealcoy.es\/es\/ni-a-25-kilometres-a-la-redona-dalcoi-hem-trobat-un-espai-que-sadapte-a-lempresa\/\" \/>\n<meta property=\"og:locale\" content=\"es_ES\" \/>\n<meta property=\"og:type\" content=\"article\" \/>\n<meta property=\"og:title\" content=\"&quot;Ni a 25 kil\u00f2metres a la redona d&#039;Alcoi hem trobat un espai que s&#039;adapte a l&#039;empresa&quot; - COPE Alcoy\" \/>\n<meta property=\"og:description\" content=\"Termoformas marxa. \u00c9s una de les dues empreses del sector dels transports que, com inform\u00e0vem aquest dimarts en Cope Alcoi, traslladar\u00e0 les seues instal\u00b7lacions fora de la ciutat a causa de la falta de s\u00f2l disponible. Aix\u00ed ho ha confirmat David Mas, director general de l&#039;entitat, en declaracions a Cope Alcoi, qui assegura que no era el pla inicial de l&#039;empresa, per\u00f2 que s&#039;ha vist obligada a aix\u00f2. \u201cLa idea sempre ha sigut quedar-se\u201d, sost\u00e9 Mas.\" \/>\n<meta property=\"og:url\" content=\"https:\/\/www.copealcoy.es\/es\/ni-a-25-kilometres-a-la-redona-dalcoi-hem-trobat-un-espai-que-sadapte-a-lempresa\/\" \/>\n<meta property=\"og:site_name\" content=\"COPE Alcoy\" \/>\n<meta property=\"article:published_time\" content=\"2022-11-30T17:05:45+00:00\" \/>\n<meta property=\"og:image\" content=\"https:\/\/www.copealcoy.es\/wp-content\/uploads\/2022\/06\/20220623_imagen_zona-industrial_Beniata-scaled-e1656408908653.jpg\" \/>\n\t<meta property=\"og:image:width\" content=\"640\" \/>\n\t<meta property=\"og:image:height\" content=\"480\" \/>\n\t<meta property=\"og:image:type\" content=\"image\/jpeg\" \/>\n<meta name=\"author\" content=\"Cope Alcoy\" \/>\n<meta name=\"twitter:label1\" content=\"Escrito por\" \/>\n\t<meta name=\"twitter:data1\" content=\"Cope Alcoy\" \/>\n\t<meta name=\"twitter:label2\" content=\"Tiempo de lectura\" \/>\n\t<meta name=\"twitter:data2\" content=\"2 minutos\" \/>\n<script type=\"application\/ld+json\" class=\"yoast-schema-graph\">{\"@context\":\"https:\\\/\\\/schema.org\",\"@graph\":[{\"@type\":\"Article\",\"@id\":\"https:\\\/\\\/www.copealcoy.es\\\/es\\\/ni-a-25-kilometres-a-la-redona-dalcoi-hem-trobat-un-espai-que-sadapte-a-lempresa\\\/#article\",\"isPartOf\":{\"@id\":\"https:\\\/\\\/www.copealcoy.es\\\/es\\\/ni-a-25-kilometres-a-la-redona-dalcoi-hem-trobat-un-espai-que-sadapte-a-lempresa\\\/\"},\"author\":{\"name\":\"Cope Alcoy\",\"@id\":\"https:\\\/\\\/www.copealcoy.es\\\/es\\\/#\\\/schema\\\/person\\\/e777c87fa024e57d40170af9df39882c\"},\"headline\":\"&#8220;Ni a 25 kil\u00f2metres a la redona d&#8217;Alcoi hem trobat un espai que s&#8217;adapte a l&#8217;empresa&#8221;\",\"datePublished\":\"2022-11-30T17:05:45+00:00\",\"mainEntityOfPage\":{\"@id\":\"https:\\\/\\\/www.copealcoy.es\\\/es\\\/ni-a-25-kilometres-a-la-redona-dalcoi-hem-trobat-un-espai-que-sadapte-a-lempresa\\\/\"},\"wordCount\":436,\"commentCount\":0,\"image\":{\"@id\":\"https:\\\/\\\/www.copealcoy.es\\\/es\\\/ni-a-25-kilometres-a-la-redona-dalcoi-hem-trobat-un-espai-que-sadapte-a-lempresa\\\/#primaryimage\"},\"thumbnailUrl\":\"https:\\\/\\\/www.copealcoy.es\\\/wp-content\\\/uploads\\\/2022\\\/06\\\/20220623_imagen_zona-industrial_Beniata-scaled-e1656408908653.jpg\",\"keywords\":[\"Alcoi\",\"empreses\",\"ind\u00fastries\",\"s\u00f2l industrial\"],\"articleSection\":[\"Actualidad\",\"Alcoy\",\"Noticias\",\"Pol\u00edtica y Econom\u00eda\"],\"inLanguage\":\"es\"},{\"@type\":\"WebPage\",\"@id\":\"https:\\\/\\\/www.copealcoy.es\\\/es\\\/ni-a-25-kilometres-a-la-redona-dalcoi-hem-trobat-un-espai-que-sadapte-a-lempresa\\\/\",\"url\":\"https:\\\/\\\/www.copealcoy.es\\\/es\\\/ni-a-25-kilometres-a-la-redona-dalcoi-hem-trobat-un-espai-que-sadapte-a-lempresa\\\/\",\"name\":\"\\\"Ni a 25 kil\u00f2metres a la redona d'Alcoi hem trobat un espai que s'adapte a l'empresa\\\" - COPE Alcoy\",\"isPartOf\":{\"@id\":\"https:\\\/\\\/www.copealcoy.es\\\/es\\\/#website\"},\"primaryImageOfPage\":{\"@id\":\"https:\\\/\\\/www.copealcoy.es\\\/es\\\/ni-a-25-kilometres-a-la-redona-dalcoi-hem-trobat-un-espai-que-sadapte-a-lempresa\\\/#primaryimage\"},\"image\":{\"@id\":\"https:\\\/\\\/www.copealcoy.es\\\/es\\\/ni-a-25-kilometres-a-la-redona-dalcoi-hem-trobat-un-espai-que-sadapte-a-lempresa\\\/#primaryimage\"},\"thumbnailUrl\":\"https:\\\/\\\/www.copealcoy.es\\\/wp-content\\\/uploads\\\/2022\\\/06\\\/20220623_imagen_zona-industrial_Beniata-scaled-e1656408908653.jpg\",\"datePublished\":\"2022-11-30T17:05:45+00:00\",\"author\":{\"@id\":\"https:\\\/\\\/www.copealcoy.es\\\/es\\\/#\\\/schema\\\/person\\\/e777c87fa024e57d40170af9df39882c\"},\"description\":\"Termoformas marxa. \u00c9s una de les dues empreses del sector dels transports que, com inform\u00e0vem aquest dimarts en Cope Alcoi, traslladar\u00e0 les seues instal\u00b7lacions fora de la ciutat a causa de la falta de s\u00f2l disponible. Aix\u00ed ho ha confirmat David Mas, director general de l'entitat, en declaracions a Cope Alcoi, qui assegura que no era el pla inicial de l'empresa, per\u00f2 que s'ha vist obligada a aix\u00f2. \u201cLa idea sempre ha sigut quedar-se\u201d, sost\u00e9 Mas.\",\"breadcrumb\":{\"@id\":\"https:\\\/\\\/www.copealcoy.es\\\/es\\\/ni-a-25-kilometres-a-la-redona-dalcoi-hem-trobat-un-espai-que-sadapte-a-lempresa\\\/#breadcrumb\"},\"inLanguage\":\"es\",\"potentialAction\":[{\"@type\":\"ReadAction\",\"target\":[\"https:\\\/\\\/www.copealcoy.es\\\/es\\\/ni-a-25-kilometres-a-la-redona-dalcoi-hem-trobat-un-espai-que-sadapte-a-lempresa\\\/\"]}]},{\"@type\":\"ImageObject\",\"inLanguage\":\"es\",\"@id\":\"https:\\\/\\\/www.copealcoy.es\\\/es\\\/ni-a-25-kilometres-a-la-redona-dalcoi-hem-trobat-un-espai-que-sadapte-a-lempresa\\\/#primaryimage\",\"url\":\"https:\\\/\\\/www.copealcoy.es\\\/wp-content\\\/uploads\\\/2022\\\/06\\\/20220623_imagen_zona-industrial_Beniata-scaled-e1656408908653.jpg\",\"contentUrl\":\"https:\\\/\\\/www.copealcoy.es\\\/wp-content\\\/uploads\\\/2022\\\/06\\\/20220623_imagen_zona-industrial_Beniata-scaled-e1656408908653.jpg\",\"width\":640,\"height\":480},{\"@type\":\"BreadcrumbList\",\"@id\":\"https:\\\/\\\/www.copealcoy.es\\\/es\\\/ni-a-25-kilometres-a-la-redona-dalcoi-hem-trobat-un-espai-que-sadapte-a-lempresa\\\/#breadcrumb\",\"itemListElement\":[{\"@type\":\"ListItem\",\"position\":1,\"name\":\"Portada\",\"item\":\"https:\\\/\\\/www.copealcoy.es\\\/es\\\/\"},{\"@type\":\"ListItem\",\"position\":2,\"name\":\"\u00abNi a 25 kil\u00f2metres a la redona d&#8217;Alcoi hem trobat un espai que s&#8217;adapte a l&#8217;empresa\u00bb\"}]},{\"@type\":\"WebSite\",\"@id\":\"https:\\\/\\\/www.copealcoy.es\\\/es\\\/#website\",\"url\":\"https:\\\/\\\/www.copealcoy.es\\\/es\\\/\",\"name\":\"COPE Alcoy\",\"description\":\"Emisora COPE de radio local con emisi\u00f3n online. Pont de Sant Jordi 8-10 03803 Alcoy\",\"potentialAction\":[{\"@type\":\"SearchAction\",\"target\":{\"@type\":\"EntryPoint\",\"urlTemplate\":\"https:\\\/\\\/www.copealcoy.es\\\/es\\\/?s={search_term_string}\"},\"query-input\":{\"@type\":\"PropertyValueSpecification\",\"valueRequired\":true,\"valueName\":\"search_term_string\"}}],\"inLanguage\":\"es\"},{\"@type\":\"Person\",\"@id\":\"https:\\\/\\\/www.copealcoy.es\\\/es\\\/#\\\/schema\\\/person\\\/e777c87fa024e57d40170af9df39882c\",\"name\":\"Cope Alcoy\",\"image\":{\"@type\":\"ImageObject\",\"inLanguage\":\"es\",\"@id\":\"https:\\\/\\\/secure.gravatar.com\\\/avatar\\\/bb65d0283347e303893ba14f0692005417c1e0e690a325a4c5d8bb2b3943ee14?s=96&d=mm&r=g\",\"url\":\"https:\\\/\\\/secure.gravatar.com\\\/avatar\\\/bb65d0283347e303893ba14f0692005417c1e0e690a325a4c5d8bb2b3943ee14?s=96&d=mm&r=g\",\"contentUrl\":\"https:\\\/\\\/secure.gravatar.com\\\/avatar\\\/bb65d0283347e303893ba14f0692005417c1e0e690a325a4c5d8bb2b3943ee14?s=96&d=mm&r=g\",\"caption\":\"Cope Alcoy\"}}]}<\/script>\n<!-- \/ Yoast SEO plugin. -->","yoast_head_json":{"title":"\"Ni a 25 kil\u00f2metres a la redona d'Alcoi hem trobat un espai que s'adapte a l'empresa\" - COPE Alcoy","description":"Termoformas marxa. \u00c9s una de les dues empreses del sector dels transports que, com inform\u00e0vem aquest dimarts en Cope Alcoi, traslladar\u00e0 les seues instal\u00b7lacions fora de la ciutat a causa de la falta de s\u00f2l disponible. Aix\u00ed ho ha confirmat David Mas, director general de l'entitat, en declaracions a Cope Alcoi, qui assegura que no era el pla inicial de l'empresa, per\u00f2 que s'ha vist obligada a aix\u00f2. \u201cLa idea sempre ha sigut quedar-se\u201d, sost\u00e9 Mas.","robots":{"index":"index","follow":"follow","max-snippet":"max-snippet:-1","max-image-preview":"max-image-preview:large","max-video-preview":"max-video-preview:-1"},"canonical":"https:\/\/www.copealcoy.es\/es\/ni-a-25-kilometres-a-la-redona-dalcoi-hem-trobat-un-espai-que-sadapte-a-lempresa\/","og_locale":"es_ES","og_type":"article","og_title":"\"Ni a 25 kil\u00f2metres a la redona d'Alcoi hem trobat un espai que s'adapte a l'empresa\" - COPE Alcoy","og_description":"Termoformas marxa. \u00c9s una de les dues empreses del sector dels transports que, com inform\u00e0vem aquest dimarts en Cope Alcoi, traslladar\u00e0 les seues instal\u00b7lacions fora de la ciutat a causa de la falta de s\u00f2l disponible. Aix\u00ed ho ha confirmat David Mas, director general de l'entitat, en declaracions a Cope Alcoi, qui assegura que no era el pla inicial de l'empresa, per\u00f2 que s'ha vist obligada a aix\u00f2. \u201cLa idea sempre ha sigut quedar-se\u201d, sost\u00e9 Mas.","og_url":"https:\/\/www.copealcoy.es\/es\/ni-a-25-kilometres-a-la-redona-dalcoi-hem-trobat-un-espai-que-sadapte-a-lempresa\/","og_site_name":"COPE Alcoy","article_published_time":"2022-11-30T17:05:45+00:00","og_image":[{"width":640,"height":480,"url":"https:\/\/www.copealcoy.es\/wp-content\/uploads\/2022\/06\/20220623_imagen_zona-industrial_Beniata-scaled-e1656408908653.jpg","type":"image\/jpeg"}],"author":"Cope Alcoy","twitter_misc":{"Escrito por":"Cope Alcoy","Tiempo de lectura":"2 minutos"},"schema":{"@context":"https:\/\/schema.org","@graph":[{"@type":"Article","@id":"https:\/\/www.copealcoy.es\/es\/ni-a-25-kilometres-a-la-redona-dalcoi-hem-trobat-un-espai-que-sadapte-a-lempresa\/#article","isPartOf":{"@id":"https:\/\/www.copealcoy.es\/es\/ni-a-25-kilometres-a-la-redona-dalcoi-hem-trobat-un-espai-que-sadapte-a-lempresa\/"},"author":{"name":"Cope Alcoy","@id":"https:\/\/www.copealcoy.es\/es\/#\/schema\/person\/e777c87fa024e57d40170af9df39882c"},"headline":"&#8220;Ni a 25 kil\u00f2metres a la redona d&#8217;Alcoi hem trobat un espai que s&#8217;adapte a l&#8217;empresa&#8221;","datePublished":"2022-11-30T17:05:45+00:00","mainEntityOfPage":{"@id":"https:\/\/www.copealcoy.es\/es\/ni-a-25-kilometres-a-la-redona-dalcoi-hem-trobat-un-espai-que-sadapte-a-lempresa\/"},"wordCount":436,"commentCount":0,"image":{"@id":"https:\/\/www.copealcoy.es\/es\/ni-a-25-kilometres-a-la-redona-dalcoi-hem-trobat-un-espai-que-sadapte-a-lempresa\/#primaryimage"},"thumbnailUrl":"https:\/\/www.copealcoy.es\/wp-content\/uploads\/2022\/06\/20220623_imagen_zona-industrial_Beniata-scaled-e1656408908653.jpg","keywords":["Alcoi","empreses","ind\u00fastries","s\u00f2l industrial"],"articleSection":["Actualidad","Alcoy","Noticias","Pol\u00edtica y Econom\u00eda"],"inLanguage":"es"},{"@type":"WebPage","@id":"https:\/\/www.copealcoy.es\/es\/ni-a-25-kilometres-a-la-redona-dalcoi-hem-trobat-un-espai-que-sadapte-a-lempresa\/","url":"https:\/\/www.copealcoy.es\/es\/ni-a-25-kilometres-a-la-redona-dalcoi-hem-trobat-un-espai-que-sadapte-a-lempresa\/","name":"\"Ni a 25 kil\u00f2metres a la redona d'Alcoi hem trobat un espai que s'adapte a l'empresa\" - COPE Alcoy","isPartOf":{"@id":"https:\/\/www.copealcoy.es\/es\/#website"},"primaryImageOfPage":{"@id":"https:\/\/www.copealcoy.es\/es\/ni-a-25-kilometres-a-la-redona-dalcoi-hem-trobat-un-espai-que-sadapte-a-lempresa\/#primaryimage"},"image":{"@id":"https:\/\/www.copealcoy.es\/es\/ni-a-25-kilometres-a-la-redona-dalcoi-hem-trobat-un-espai-que-sadapte-a-lempresa\/#primaryimage"},"thumbnailUrl":"https:\/\/www.copealcoy.es\/wp-content\/uploads\/2022\/06\/20220623_imagen_zona-industrial_Beniata-scaled-e1656408908653.jpg","datePublished":"2022-11-30T17:05:45+00:00","author":{"@id":"https:\/\/www.copealcoy.es\/es\/#\/schema\/person\/e777c87fa024e57d40170af9df39882c"},"description":"Termoformas marxa. \u00c9s una de les dues empreses del sector dels transports que, com inform\u00e0vem aquest dimarts en Cope Alcoi, traslladar\u00e0 les seues instal\u00b7lacions fora de la ciutat a causa de la falta de s\u00f2l disponible. Aix\u00ed ho ha confirmat David Mas, director general de l'entitat, en declaracions a Cope Alcoi, qui assegura que no era el pla inicial de l'empresa, per\u00f2 que s'ha vist obligada a aix\u00f2. \u201cLa idea sempre ha sigut quedar-se\u201d, sost\u00e9 Mas.","breadcrumb":{"@id":"https:\/\/www.copealcoy.es\/es\/ni-a-25-kilometres-a-la-redona-dalcoi-hem-trobat-un-espai-que-sadapte-a-lempresa\/#breadcrumb"},"inLanguage":"es","potentialAction":[{"@type":"ReadAction","target":["https:\/\/www.copealcoy.es\/es\/ni-a-25-kilometres-a-la-redona-dalcoi-hem-trobat-un-espai-que-sadapte-a-lempresa\/"]}]},{"@type":"ImageObject","inLanguage":"es","@id":"https:\/\/www.copealcoy.es\/es\/ni-a-25-kilometres-a-la-redona-dalcoi-hem-trobat-un-espai-que-sadapte-a-lempresa\/#primaryimage","url":"https:\/\/www.copealcoy.es\/wp-content\/uploads\/2022\/06\/20220623_imagen_zona-industrial_Beniata-scaled-e1656408908653.jpg","contentUrl":"https:\/\/www.copealcoy.es\/wp-content\/uploads\/2022\/06\/20220623_imagen_zona-industrial_Beniata-scaled-e1656408908653.jpg","width":640,"height":480},{"@type":"BreadcrumbList","@id":"https:\/\/www.copealcoy.es\/es\/ni-a-25-kilometres-a-la-redona-dalcoi-hem-trobat-un-espai-que-sadapte-a-lempresa\/#breadcrumb","itemListElement":[{"@type":"ListItem","position":1,"name":"Portada","item":"https:\/\/www.copealcoy.es\/es\/"},{"@type":"ListItem","position":2,"name":"\u00abNi a 25 kil\u00f2metres a la redona d&#8217;Alcoi hem trobat un espai que s&#8217;adapte a l&#8217;empresa\u00bb"}]},{"@type":"WebSite","@id":"https:\/\/www.copealcoy.es\/es\/#website","url":"https:\/\/www.copealcoy.es\/es\/","name":"COPE Alcoy","description":"Emisora COPE de radio local con emisi\u00f3n online. Pont de Sant Jordi 8-10 03803 Alcoy","potentialAction":[{"@type":"SearchAction","target":{"@type":"EntryPoint","urlTemplate":"https:\/\/www.copealcoy.es\/es\/?s={search_term_string}"},"query-input":{"@type":"PropertyValueSpecification","valueRequired":true,"valueName":"search_term_string"}}],"inLanguage":"es"},{"@type":"Person","@id":"https:\/\/www.copealcoy.es\/es\/#\/schema\/person\/e777c87fa024e57d40170af9df39882c","name":"Cope Alcoy","image":{"@type":"ImageObject","inLanguage":"es","@id":"https:\/\/secure.gravatar.com\/avatar\/bb65d0283347e303893ba14f0692005417c1e0e690a325a4c5d8bb2b3943ee14?s=96&d=mm&r=g","url":"https:\/\/secure.gravatar.com\/avatar\/bb65d0283347e303893ba14f0692005417c1e0e690a325a4c5d8bb2b3943ee14?s=96&d=mm&r=g","contentUrl":"https:\/\/secure.gravatar.com\/avatar\/bb65d0283347e303893ba14f0692005417c1e0e690a325a4c5d8bb2b3943ee14?s=96&d=mm&r=g","caption":"Cope Alcoy"}}]}},"_links":{"self":[{"href":"https:\/\/www.copealcoy.es\/es\/wp-json\/wp\/v2\/posts\/94785","targetHints":{"allow":["GET"]}}],"collection":[{"href":"https:\/\/www.copealcoy.es\/es\/wp-json\/wp\/v2\/posts"}],"about":[{"href":"https:\/\/www.copealcoy.es\/es\/wp-json\/wp\/v2\/types\/post"}],"author":[{"embeddable":true,"href":"https:\/\/www.copealcoy.es\/es\/wp-json\/wp\/v2\/users\/1"}],"replies":[{"embeddable":true,"href":"https:\/\/www.copealcoy.es\/es\/wp-json\/wp\/v2\/comments?post=94785"}],"version-history":[{"count":0,"href":"https:\/\/www.copealcoy.es\/es\/wp-json\/wp\/v2\/posts\/94785\/revisions"}],"wp:featuredmedia":[{"embeddable":true,"href":"https:\/\/www.copealcoy.es\/es\/wp-json\/wp\/v2\/media\/89197"}],"wp:attachment":[{"href":"https:\/\/www.copealcoy.es\/es\/wp-json\/wp\/v2\/media?parent=94785"}],"wp:term":[{"taxonomy":"category","embeddable":true,"href":"https:\/\/www.copealcoy.es\/es\/wp-json\/wp\/v2\/categories?post=94785"},{"taxonomy":"post_tag","embeddable":true,"href":"https:\/\/www.copealcoy.es\/es\/wp-json\/wp\/v2\/tags?post=94785"}],"curies":[{"name":"wp","href":"https:\/\/api.w.org\/{rel}","templated":true}]}}